{"id":30311,"date":"2023-03-02T12:44:51","date_gmt":"2023-03-02T12:44:51","guid":{"rendered":"https:\/\/larevistadigital.com.ar\/blog\/?p=30311"},"modified":"2023-03-02T12:44:51","modified_gmt":"2023-03-02T12:44:51","slug":"esto-paso-un-dia-como-hoy-2-de-marzo","status":"publish","type":"post","link":"https:\/\/larevistadigital.com.ar\/blog\/esto-paso-un-dia-como-hoy-2-de-marzo\/","title":{"rendered":"ESTO PAS\u00d3 UN D\u00cdA COMO HOY, 2 DE MARZO"},"content":{"rendered":"<p class=\"paragraph\"><b>El 2 de marzo<\/b>\u00a0ha sido fecha de innumerables hechos que marcaron a la humanidad a tal grado que son apuntados en los calendarios y mundialmente llamados\u00a0<b>efem\u00e9rides<\/b>.<\/p>\n<p class=\"paragraph\">Estos acontecimientos incluyen desde eventos\u00a0<b>legendarios, lastimosas tragedias y avances cient\u00edficos<\/b>, hasta\u00a0<b>nacimientos y muertes<\/b>\u00a0de personajes relevantes como\u00a0<b>l\u00edderes sociales, cient\u00edficos y artistas<\/b>, es lo que nos traen las efem\u00e9rides de este martes.<\/p>\n<p>&nbsp;<\/p>\n<p class=\"paragraph\"><b>986<\/b>: En la actual Francia, Luis\u00a0V se convierte en rey de los francos.<\/p>\n<p class=\"paragraph\"><b>1332<\/b>: En la actual Espa\u00f1a, \u00c1lava es incorporada a Castilla.<\/p>\n<p class=\"paragraph\"><b>1498<\/b>: En \u00c1frica, Vasco da Gama llega a Mozambique.<\/p>\n<p class=\"paragraph\"><b>1561<\/b>: En las postrimer\u00edas de la cordillera de los Andes (Argentina), Pedro del Castillo funda la aldea Mendoza del Nuevo Valle de La Rioja (actual ciudad de Mendoza).<\/p>\n<p class=\"paragraph\"><b>1616<\/b>: En la actual Colombia, Francisco de Herrera Campuzano funda la aldea de San Lorenzo de Aburr\u00e1, que a\u00f1os m\u00e1s tarde se convertir\u00e1 en la ciudad de Medell\u00edn.<\/p>\n<p class=\"paragraph\"><b>1657<\/b>: En la actual ciudad de Tokio (Jap\u00f3n) sucede el Gran incendio de Meireki.<\/p>\n<p class=\"paragraph\"><b>1807<\/b>: En los Estados Unidos, el Congreso aprueba un acta que \u00abproh\u00edbe la importaci\u00f3n de esclavos por cualquier puerto o lugar dentro de la jurisdicci\u00f3n de los Estados Unidos\u00bb.<\/p>\n<p class=\"paragraph\"><b>1811<\/b>: En Venezuela se constituye el Primer Congreso, un a\u00f1o despu\u00e9s del movimiento revolucionario de 1810.<\/p>\n<p class=\"paragraph\"><b>1811<\/b>: En aguas del r\u00edo Paran\u00e1, frente a la aldea de San Nicol\u00e1s de los Arroyos, a 230\u00a0km al norte de Buenos Aires, una flota espa\u00f1ola vence a la argentina \u2015liderada por el abogado Manuel Belgrano y el capit\u00e1n Juan Bautista Azopardo\u2015 en el combate de San Nicol\u00e1s.<\/p>\n<p class=\"paragraph\"><b>1815<\/b>: Se inicia en Francia el per\u00edodo conocido como Imperio de los Cien D\u00edas, en que Napole\u00f3n, liberado de la isla de Elba, retoma el poder.<\/p>\n<p class=\"paragraph\"><b>1821<\/b>: En Alicante (Espa\u00f1a), m\u00e1s de mil obreros en paro armados atacan las f\u00e1bricas textiles de Alcoy y destruyen sus m\u00e1quinas.<\/p>\n<p class=\"paragraph\"><b>1821<\/b>: En M\u00e9xico, el ej\u00e9rcito realista comandado por Agust\u00edn de Iturbide, jura el Plan de Iguala.<\/p>\n<p class=\"paragraph\"><b>1822<\/b>: En Uruguay, la capitulaci\u00f3n del caudillo Fructuoso Rivera acaba de consolidar la dominaci\u00f3n portuguesa sobre el territorio uruguayo. Ya el 31 de julio de 1821 un congreso reunido por el general portugu\u00e9s Lecor hab\u00eda votado la incorporaci\u00f3n de la \u00abBanda Oriental\u00bb a Portugal (con el nombre de Reino Cisplatino).<\/p>\n<p class=\"paragraph\"><b>1836<\/b>: El estado de Texas declara su independencia de M\u00e9xico.<\/p>\n<p class=\"paragraph\"><b>1855<\/b>: En Rusia, Alejandro II se convierte en zar.<\/p>\n<p class=\"paragraph\"><b>1861<\/b>: Estados Unidos crea Nevada y Dakota.<\/p>\n<p class=\"paragraph\"><b>1865<\/b>: En Par\u00eds (Francia) se establece el sistema de comunicaci\u00f3n telegr\u00e1fica y sus tarifas.<\/p>\n<p class=\"paragraph\"><b>1867<\/b>: Estados Unidos aprueba la Ley de Reconstrucci\u00f3n para que voten los negros libres y el sur quede controlado por un r\u00e9gimen militar.<\/p>\n<p class=\"paragraph\"><b>1884<\/b>: En la ciudad de La Plata (Argentina) se funda el diario El D\u00eda.<\/p>\n<p class=\"paragraph\"><b>1891<\/b>: Espa\u00f1a celebra las primeras elecciones por sufragio de varones (reci\u00e9n en 1931 tendr\u00e1n sufragio universal).<\/p>\n<p class=\"paragraph\"><b>1903<\/b>: En Barcelona se estrena La barraca, de Vicente Blasco Ib\u00e1\u00f1ez.<\/p>\n<p class=\"paragraph\"><b>1906<\/b>: En La Coru\u00f1a (Espa\u00f1a) se funda el Real Club Deportivo de La Coru\u00f1a.<\/p>\n<p class=\"paragraph\"><b>1906<\/b>: El rey Alfonso XIII de Espa\u00f1a inaugura las obras del canal de Arag\u00f3n y Catalu\u00f1a.<\/p>\n<p class=\"paragraph\"><b>1907<\/b>: En B\u00e9lgica, la C\u00e1mara se pronuncia por la \u00abanexi\u00f3n\u00bb del Congo.<\/p>\n<p class=\"paragraph\"><b>1907<\/b>: En Budapest se estrena la \u00f3pera Monna Vanna, de Emil \u00c1br\u00e1nyi.<\/p>\n<p class=\"paragraph\"><b>1908<\/b>: En Londres se desarrolla una conferencia internacional sobre la reducci\u00f3n de armamentos.<\/p>\n<p class=\"paragraph\"><b>1908<\/b>: En Par\u00eds, Gabriel Lippmann presenta ante la Academia de Ciencias su nuevo procedimiento de fotograf\u00eda en relieve.<\/p>\n<p class=\"paragraph\"><b>1909<\/b>: El embajador ruso y los representantes de Gran Breta\u00f1a, Francia, Italia y Alemania aconsejan a Serbia renunciar a sus reivindicaciones territoriales.<\/p>\n<p class=\"paragraph\"><b>1911<\/b>: En Washington (Estados Unidos), el Senado aprueba un cr\u00e9dito para afrontar los gastos de fortificaci\u00f3n del Canal de Panam\u00e1.<\/p>\n<p class=\"paragraph\"><b>1912<\/b>: En Espa\u00f1a se declara obligatoria la lectura de El Quijote en las escuelas p\u00fablicas.<\/p>\n<p class=\"paragraph\"><b>1913<\/b>: En Madrid, muchos cat\u00f3licos realizan un mitin de protesta contra el proyecto del Gobierno de declarar no obligatoria en las escuelas la ense\u00f1anza de la religi\u00f3n cat\u00f3lica.<\/p>\n<p class=\"paragraph\"><b>1915<\/b>: En Uruguay, Feliciano Viera es elegido presidente.<\/p>\n<p class=\"paragraph\"><b>1916<\/b>: En Nueva York, el poeta espa\u00f1ol Juan Ram\u00f3n Jim\u00e9nez se casa con Zenobia Camprub\u00ed Aymar.<\/p>\n<p class=\"paragraph\"><b>1917<\/b>: En Washington, el Congreso reforma el Acta Org\u00e1nica (ley Jones) para que la invadida isla de Puerto Rico pueda ser territorio de la Uni\u00f3n.<\/p>\n<p class=\"paragraph\"><b>1917<\/b>: Se proclama la ley espa\u00f1ola llamada de Protecci\u00f3n a las Industrias, por la que se crea el Banco de Cr\u00e9dito Industrial.<\/p>\n<p class=\"paragraph\"><b>1917<\/b>: En Rusia, en el marco del inicio de la Revoluci\u00f3n de Octubre, el zar Nicol\u00e1s\u00a0II abandona su reinado despu\u00e9s de m\u00e1s de veinte a\u00f1os.<\/p>\n<p class=\"paragraph\"><b>1919<\/b>: En Mosc\u00fa (Uni\u00f3n Sovi\u00e9tica) se inaugura el primer Congreso de la Internacional Comunista.<\/p>\n<p class=\"paragraph\"><b>1923<\/b>: En Viena se estrena la opereta Madame de Pompadour, del compositor Leo Fall.<\/p>\n<p class=\"paragraph\"><b>1925<\/b>: Introducci\u00f3n de la nueva moneda austriaca, el shilling (chel\u00edn).<\/p>\n<p class=\"paragraph\"><b>1925<\/b>: En San Blas (Panam\u00e1) los abor\u00edgenes se sublevan y destituyen a las autoridades en 6\u00a0ciudades.<\/p>\n<p class=\"paragraph\"><b>1925<\/b>: En Barcelona (Espa\u00f1a), el compositor austriaco Richard Strauss empieza a dirigir la Banda Municipal de Barcelona.<\/p>\n<p class=\"paragraph\"><b>1926<\/b>: En Managua (Nicaragua), Gabry Rivas funda el diario La Prensa, que circula el mismo d\u00eda con el titular Aspectos de la gira presidencial.<\/p>\n<p class=\"paragraph\"><b>1928<\/b>: En Espa\u00f1a, el rey Alfonso\u00a0XIII destituye a Miguel de Unamuno de su c\u00e1tedra en la Universidad de Salamanca.<\/p>\n<p class=\"paragraph\"><b>1930<\/b>: En su art\u00edculo \u00abEl v\u00e9rtigo del \u00e9xito\u00bb, Stalin ordena poner freno a la colectivizaci\u00f3n de las tierras.<\/p>\n<p class=\"paragraph\"><b>1930<\/b>: En Francia, Andr\u00e9 Tardieu, jefe de la oposici\u00f3n (republicano de izquierdas), forma nuevo Gobierno.<\/p>\n<p class=\"paragraph\"><b>1933<\/b>: Presentaci\u00f3n del programa de Renovaci\u00f3n Espa\u00f1ola, primer partido mon\u00e1rquico que se constituy\u00f3 en la Segunda Rep\u00fablica.<\/p>\n<p class=\"paragraph\"><b>1936<\/b>: Se inicia en Caspe la redacci\u00f3n de un anteproyecto de estatuto auton\u00f3mico para Arag\u00f3n.<\/p>\n<p class=\"paragraph\"><b>1936<\/b>: Se estrena en Barcelona la pel\u00edcula El gato mont\u00e9s, dirigida por Rosario Pi.<\/p>\n<p class=\"paragraph\"><b>1937<\/b>: El Consejo Fascista italiano insta a realizar un esfuerzo en el rearme del pa\u00eds.<\/p>\n<p class=\"paragraph\"><b>1937<\/b>: En Barcelona, la m\u00e1xima raci\u00f3n de pan es de 250\u00a0g por persona.<\/p>\n<p class=\"paragraph\"><b>1938<\/b>: Tercer proceso de Mosc\u00fa, llamado \u00abproceso al bloque de derechistas y trotskistas\u00bb, contra 21\u00a0acusados, entre los que figuran eminentes veteranos del movimiento revolucionario como Bujarin y Rakovski.<\/p>\n<p class=\"paragraph\"><b>1939<\/b>: En la Ciudad del Vaticano, P\u00edo XII es elegido papa.<\/p>\n<p class=\"paragraph\"><b>1940<\/b>: En Espa\u00f1a, el R\u00e9gimen de Franco dicta la Ley de Represi\u00f3n, que persigue a la masoner\u00eda y al comunismo.<\/p>\n<p class=\"paragraph\"><b>1940<\/b>: En Inglaterra se celebra la tradicional regata Oxford-Cambridge. Este \u00faltimo equipo se alza con la victoria.<\/p>\n<p class=\"paragraph\"><b>1941<\/b>: Desde Rumania, tropas alemanas entran en Bulgaria.<\/p>\n<p class=\"paragraph\"><b>1943<\/b>: En Espa\u00f1a, el R\u00e9gimen de Franco se promulga la Ley de Rebeli\u00f3n Militar, por la que todos los delitos pol\u00edticos ser\u00e1n juzgados en Consejo de guerra.<\/p>\n<p class=\"paragraph\"><b>1944<\/b>: En la Espa\u00f1a de Franco se crea el Documento Nacional de Identidad.<\/p>\n<p class=\"paragraph\"><b>1944<\/b>: Gran Breta\u00f1a suspende el env\u00edo de bienes militares a Turqu\u00eda.<\/p>\n<p class=\"paragraph\"><b>1945<\/b>: Creaci\u00f3n de la Liga \u00c1rabe.<\/p>\n<p class=\"paragraph\"><b>1946<\/b>: En Vietnam del Norte, H\u1ed3 Ch\u00ed Minh es elegido presidente.<\/p>\n<p class=\"paragraph\"><b>1949<\/b>: En Fort Worth (Estados Unidos) despega un avi\u00f3n B-50 que realizar\u00e1 el primer vuelo sin escalas de un bombardero alrededor del mundo.<\/p>\n<p class=\"paragraph\"><b>1950<\/b>: Se inaugura oficialmente el tren Talgo con una traves\u00eda desde Madrid a Valladolid.<\/p>\n<p class=\"paragraph\"><b>1951<\/b>: En Ja\u00e9n se plantan 224\u00a0000\u00a0pinos en la primera etapa de la repoblaci\u00f3n forestal de Espa\u00f1a.<\/p>\n<p class=\"paragraph\"><b>1952<\/b>: En Santander (Espa\u00f1a), el teatro Mar\u00eda Lisarda queda totalmente destruido por un incendio.<\/p>\n<p class=\"paragraph\"><b>1955<\/b>: En Australia, grandes inundaciones causan 200 muertos y dejan a 44\u00a0000\u00a0personas sin hogar. En Nueva Gales del Sur, 300\u00a0000\u00a0ovejas perecen ahogadas.<\/p>\n<p class=\"paragraph\"><b>1956<\/b>: Marruecos se independiza de Francia.<\/p>\n<p class=\"paragraph\"><b>1956<\/b>: \u00daltimo viaje del tren que une Gerona y Palam\u00f3s.<\/p>\n<p class=\"paragraph\"><b>1957<\/b>: Ghana y Costa de Oro se independizan del imperio brit\u00e1nico.<\/p>\n<p class=\"paragraph\"><b>1958<\/b>: En los Estados Unidos, el cient\u00edfico alem\u00e1n Wernher von Braun declara que, en el campo espacial, Estados Unidos lleva un retraso de varios a\u00f1os respecto a la Uni\u00f3n Sovi\u00e9tica.<\/p>\n<p class=\"paragraph\"><b>1959<\/b>: En un estudio de grabaci\u00f3n en Manhattan (Nueva York), el trompetista de jazz Miles Davis (1926-1991) graba Kind of blue con el pianista Bill Evans (1929-1980) y el saxofonista John Train Coltrane (1926-1967).<\/p>\n<p class=\"paragraph\"><b>1959<\/b>: En Bolivia se realizan violentas manifestaciones antiestadounidenses.<\/p>\n<p class=\"paragraph\"><b>1959<\/b>: En Cuba, quien fuera parte de la revoluci\u00f3n en ese pa\u00eds, Fidel Castro, hace entrega de los t\u00edtulos de propiedad sobre la tierra a 340 vegueros de Las Villas.<\/p>\n<p class=\"paragraph\"><b>1960<\/b>: Primera emisi\u00f3n, de ensayo, desde Espa\u00f1a a trav\u00e9s de Eurovisi\u00f3n.<\/p>\n<p class=\"paragraph\"><b>1961<\/b>: En Washington, el presidente John F. Kennedy anuncia el bloqueo comercial contra Cuba.<\/p>\n<p class=\"paragraph\"><b>1961<\/b>: En Ecuador, el presidente Jos\u00e9 M. Velazco denuncia que el presidente estadounidense John F. Kennedy condiciona un pr\u00e9stamo para su pa\u00eds a cambio de que rompa relaciones con Cuba.<\/p>\n<p class=\"paragraph\"><b>1962<\/b>: En los Estados Unidos, en un partido de la NBA, Wilt Chamberlain marca 100\u00a0puntos (m\u00e1xima anotaci\u00f3n en la historia).<\/p>\n<p class=\"paragraph\"><b>1963<\/b>: China anuncia la retirada de todas sus tropas de las discutidas zonas fronterizas con la India.<\/p>\n<p class=\"paragraph\"><b>1963<\/b>: En Sevilla (Espa\u00f1a) se derrumba el techo de un colegio. Mueren 29 ni\u00f1os sepultados.<\/p>\n<p class=\"paragraph\"><b>1965<\/b>: Se inician en Barcelona, Bilbao, Madrid y otras ciudades espa\u00f1olas manifestaciones universitarias a favor de la libertad sindical y la supresi\u00f3n del SEU.<\/p>\n<p class=\"paragraph\"><b>1966<\/b>: En los Estados Unidos, el presidente Lyndon Johnson pide al FBI que redoble la vigilancia ante el alarmante crecimiento de la toxicoman\u00eda entre los j\u00f3venes.<\/p>\n<p class=\"paragraph\"><b>1969<\/b>: Sobre la ciudad de Toulouse (Francia), el avi\u00f3n supers\u00f3nico Concorde realiza su primera prueba de vuelo.<\/p>\n<p class=\"paragraph\"><b>1969<\/b>: En Chile, los democristianos de Eduardo Frei Montalva, a pesar de vencer las elecciones parlamentarias, pierden la mayor\u00eda absoluta.<\/p>\n<p class=\"paragraph\"><b>1970<\/b>: Rodesia se declara como rep\u00fablica, rompiendo sus \u00faltimos v\u00ednculos con el Imperio brit\u00e1nico.<\/p>\n<p class=\"paragraph\"><b>1971<\/b>: Banglad\u00e9s (Pakist\u00e1n Oriental) se independiza de India.<\/p>\n<p class=\"paragraph\"><b>1972<\/b>: Estados Unidos lanza la sonda Pioneer 10 con un mensaje para la hipot\u00e9tica vida inteligente extraterrestre.<\/p>\n<p class=\"paragraph\"><b>1973<\/b>: En Sud\u00e1n, un comando palestino ejecuta a tres diplom\u00e1ticos \u00e1rabes, secuestrados la v\u00edspera.<\/p>\n<p class=\"paragraph\"><b>1983<\/b>: Aprobaci\u00f3n del Estatuto de Autonom\u00eda de Castilla y Le\u00f3n.<\/p>\n<p class=\"paragraph\"><b>1983<\/b>: En Espa\u00f1a, el Congreso de los Diputados \u2015de mayor\u00eda socialista\u2015 aprueba la expropiaci\u00f3n de Rumasa decretada por el Gobierno.<\/p>\n<p class=\"paragraph\"><b>1985<\/b>: En Pakist\u00e1n, el presidente Mohamed Zia Ulk Haq anuncia el restablecimiento de la Constituci\u00f3n, derogada tras un golpe de Estado.<\/p>\n<p class=\"paragraph\"><b>1987<\/b>: En los Estados Unidos, la empresa Chrysler Corporation compra American Motors.<\/p>\n<p class=\"paragraph\"><b>1989<\/b>: Doce naciones de la Comunidad Europea acuerdan la prohibici\u00f3n de la producci\u00f3n de todos los clorofluorocarburos (CFC) antes de la finalizaci\u00f3n del siglo\u00a0XX.<\/p>\n<p class=\"paragraph\"><b>1990<\/b>: El canciller alem\u00e1n Helmut Kohl acepta que no se modifique la frontera alemana con Polonia.<\/p>\n<p class=\"paragraph\"><b>1991<\/b>: En Colombia entregan sus armas m\u00e1s de dos mil guerrilleros del Ej\u00e9rcito Popular de Liberaci\u00f3n.<\/p>\n<p class=\"paragraph\"><b>1991<\/b>: 450 albaneses huyen a Italia en un buque mercante. En las semanas siguientes, miles m\u00e1s siguen su ejemplo.<\/p>\n<p class=\"paragraph\"><b>1992<\/b>: Moldavia ingresa en la Organizaci\u00f3n de las Naciones Unidas.<\/p>\n<p class=\"paragraph\"><b>1994<\/b>: La reina de Espa\u00f1a recibe el premio Wiesenthal de Derechos Humanos por su compromiso continuo en favor de la tolerancia y de la lucha contra el antisemitismo y el racismo.<\/p>\n<p class=\"paragraph\"><b>1995<\/b>: Se crea la compa\u00f1\u00eda Yahoo.<\/p>\n<p class=\"paragraph\"><b>1998<\/b>: La sonda espacial Galileo env\u00eda informaci\u00f3n acerca de que Europa (luna de J\u00fapiter) tiene un oc\u00e9ano l\u00edquido bajo una gruesa capa de hielo.<\/p>\n<p class=\"paragraph\"><b>1999<\/b>: El Comit\u00e9 Ol\u00edmpico de Estados Unidos recomienda a Juan Antonio Samaranch que se acaben los sobornos del Comit\u00e9 Ol\u00edmpico Internacional.<\/p>\n<p class=\"paragraph\"><b>2000<\/b>: En Londres (Reino Unido), el exdictador chileno Augusto Pinochet es liberado despu\u00e9s de 503\u00a0d\u00edas de detenci\u00f3n.<\/p>\n<p class=\"paragraph\"><b>2001<\/b>: El gobierno espa\u00f1ol aprueba por decreto-ley una reforma laboral que es rechazada por los partidos de oposici\u00f3n y las centrales sindicales.<\/p>\n<p class=\"paragraph\"><b>2003<\/b>: Jacques Chirac se convierte en el primer jefe de Estado franc\u00e9s que visita Argelia desde la independencia de ese pa\u00eds.<\/p>\n<p class=\"paragraph\"><b>2003<\/b>: En Italia, terroristas de la reconstituida banda Brigadas Rojas asesinan a un polic\u00eda.<\/p>\n<p class=\"paragraph\"><b>2003<\/b>: En el rally de Turqu\u00eda, Carlos Sainz logra la victoria parcial n\u00famero\u00a025 de su carrera en el mundial.<\/p>\n<p class=\"paragraph\"><b>2003<\/b>: El Alinghi suizo arrebata al Nueva Zelanda la prestigiosa Copa del Am\u00e9rica de vela.<\/p>\n<p class=\"paragraph\"><b>2004<\/b>: En M\u00e9xico, el noticiero Monitor sale del aire de las frecuencias de Grupo Radio Centro, debido al fallo de la Corte Internacional de Par\u00eds a favor de Infored y del periodista Jos\u00e9 Guti\u00e9rrez Viv\u00f3, por incumplimiento de contrato de la radioemisora al periodista.<\/p>\n<p class=\"paragraph\"><b>2004<\/b>: El cohete Ariane 5 libera la sonda europea Rosetta para que inicie su viaje de 10\u00a0a\u00f1os hacia el cometa Churyumov-Gerasimenko.<\/p>\n<p class=\"paragraph\"><b>2005<\/b>: En Bagdad muere asesinado un miembro del tribunal encargado de juzgar a Sadam Husein.<\/p>\n<p class=\"paragraph\"><b>2005<\/b>: En Saqqara (Egipto) un equipo de arque\u00f3logos australianos descubre una momia del 600\u00a0a.\u00a0C. en un sorprendente estado de conservaci\u00f3n.<\/p>\n<p class=\"paragraph\"><b>2006<\/b>: En Argelia, el Gobierno de Abdelaziz Buteflika anuncia la liberaci\u00f3n de 2000\u00a0islamistas para promover la reconciliaci\u00f3n nacional.<\/p>\n<p class=\"paragraph\"><b>2006<\/b>: Un estudio realizado por la Agencia Nacional del Oc\u00e9ano y de la Atm\u00f3sfera (NOAA) revela que cada a\u00f1o la Ant\u00e1rtida pierde, aproximadamente, un volumen de 152\u00a0km\u00b3 (como un cubo de 5336\u00a0m de lado) de hielo desde 2002.<\/p>\n<p class=\"paragraph\"><b>2006<\/b>: En los alrededores de la bah\u00eda Prudhoe (Alaska), a unos 1000\u00a0km de Anchorage, un oleoducto derrama m\u00e1s de un mill\u00f3n de litros de petr\u00f3leo en un \u00e1rea cubierta por la tundra.<\/p>\n<p class=\"paragraph\"><b>2016<\/b>: Se estrena el videojuego Clash Royale<\/p>\n<p class=\"paragraph\"><b>2022<\/b>: El Ministerio de Sanidad anuncia que Espa\u00f1a supera los 100.000 muertos por COVID-19.<\/p>\n<h2 class=\"header\"><span style=\"color: #ff0000\">Cumplea\u00f1os<\/span><\/h2>\n<p class=\"paragraph\"><b>1316<\/b>: Roberto\u00a0II, rey escoc\u00e9s (f. 1390).<\/p>\n<p class=\"paragraph\"><b>1459<\/b>: Adriano VI, papa italiano (f. 1523).<\/p>\n<p class=\"paragraph\"><b>1585<\/b>: Juan Mac\u00edas, religioso y santo dominico espa\u00f1ol, radicado en el Per\u00fa (f. 1645).<\/p>\n<p class=\"paragraph\"><b>1707<\/b>: Louis-Michel van Loo, pintor franc\u00e9s (f. 1771).<\/p>\n<p class=\"paragraph\"><b>1760<\/b>: Camille Desmoulins, pol\u00edtico y revolucionario franc\u00e9s (f. 1794).<\/p>\n<p class=\"paragraph\"><b>1769<\/b>: DeWitt Clinton, pol\u00edtico y naturista estadounidense (f. 1828).<\/p>\n<p class=\"paragraph\"><b>1770<\/b>: Louis Gabriel Suchet, mariscal franc\u00e9s (f. 1826).<\/p>\n<p class=\"paragraph\"><b>1779<\/b>: Joel Roberts Poinsett, f\u00edsico, bot\u00e1nico y estadista estadounidense (f. 1851).<\/p>\n<p class=\"paragraph\"><b>1780<\/b>: Custodio Garc\u00eda Rovira, fue un militar y patriota colombiano. (f. 1816)<\/p>\n<p class=\"paragraph\"><b>1793<\/b>: Sam Houston, pol\u00edtico y militar estadounidense (f. 1863).<\/p>\n<p class=\"paragraph\"><b>1800<\/b>: Evgeny Baratynsky, poeta ruso (f. 1844).<\/p>\n<p class=\"paragraph\"><b>1810<\/b>: Le\u00f3n XIII, papa italiano (f. 1903).<\/p>\n<p class=\"paragraph\"><b>1817<\/b>: J\u00e1nos Arany, periodista h\u00fangaro (f. 1882).<\/p>\n<p class=\"paragraph\"><b>1820<\/b>: Multatuli, escritor neerland\u00e9s (f. 1887).<\/p>\n<p class=\"paragraph\"><b>1824<\/b>: Bedrich Smetana, compositor checo (f. 1884).<\/p>\n<p class=\"paragraph\"><b>1842<\/b>: Enrique Gaspar y Rimbau, escritor espa\u00f1ol (f. 1902).<\/p>\n<p class=\"paragraph\"><b>1843<\/b>: Mar\u00eda Clotilde de Saboya, princesa francesa (f. 1911).<\/p>\n<p class=\"paragraph\"><b>1859<\/b>: Sholem Aleijem, escritor ruso (f. 1916).<\/p>\n<p class=\"paragraph\"><b>1860<\/b>: Susanna M. Salter, pol\u00edtica y activista estadounidense (f. 1961).<\/p>\n<p class=\"paragraph\"><b>1865<\/b>: Elise Richter, fil\u00f3loga y catedr\u00e1tica austriaca (f. 1943).<\/p>\n<p class=\"paragraph\"><b>1876<\/b>: P\u00edo XII, papa italiano (f. 1958).<\/p>\n<p class=\"paragraph\"><b>1883<\/b>: Manuel Gamio, arque\u00f3logo mexicano (f. 1960).<\/p>\n<p class=\"paragraph\"><b>1885<\/b>: Victor Houteff, l\u00edder adventista b\u00falgaro (f. 1955).<\/p>\n<p class=\"paragraph\"><b>1895<\/b>: Emilio Azc\u00e1rraga Vidaurreta, empresario mexicano (f. 1972).<\/p>\n<p class=\"paragraph\"><b>1895<\/b>: Eduardo Cansino, bailar\u00edn y actor espa\u00f1ol (f. 1968).<\/p>\n<p class=\"paragraph\"><b>1897<\/b>: Lola Cueto, artista pl\u00e1stica mexicana (f. 1978).<\/p>\n<p class=\"paragraph\"><b>1900<\/b>: Kurt Weill, compositor alem\u00e1n (f. 1950).<\/p>\n<p class=\"paragraph\"><b>1900<\/b>: Matilde Mu\u00f1oz Sampedro, actriz espa\u00f1ola (f. 1969).<\/p>\n<p class=\"paragraph\"><b>1901<\/b>: Grete Hermann, matem\u00e1tica y fil\u00f3sofa alemana (f. 1984).<\/p>\n<p class=\"paragraph\"><b>1902<\/b>: Moe Berg, beisbolista y esp\u00eda estadounidense (f. 1972).<\/p>\n<p class=\"paragraph\"><b>1902<\/b>: Edward Condon, f\u00edsico nuclear estadounidense (f. 1974).<\/p>\n<p class=\"paragraph\"><b>1904<\/b>: Dr. Seuss, escritor brit\u00e1nico de cuentos infantiles (f. 1991).<\/p>\n<p class=\"paragraph\"><b>1905<\/b>: Marc Blitzstein, compositor estadounidense (f. 1964).<\/p>\n<p class=\"paragraph\"><b>1908<\/b>: Walter Bruch, ingeniero electr\u00f3nico alem\u00e1n (f. 1990).<\/p>\n<p class=\"paragraph\"><b>1908<\/b>: Quinche J. F\u00e9lix, pol\u00edtico y comerciante ecuatoriano (f. 1972).<\/p>\n<p class=\"paragraph\"><b>1908<\/b>: Fi\u00f3dor Ojl\u00f3pkov, militar sovi\u00e9tico (f. 1968).<\/p>\n<p class=\"paragraph\"><b>1909<\/b>: Mel Ott, beisbolista estadounidense (f. 1985).<\/p>\n<p class=\"paragraph\"><b>1913<\/b>: Celedonio Romero, guitarrista espa\u00f1ol (f. 1996).<\/p>\n<p class=\"paragraph\"><b>1913<\/b>: Pepita Serrador, actriz de teatro argentina (f. 1964).<\/p>\n<p class=\"paragraph\"><b>1914<\/b>: Martin Ritt, cineasta estadounidense (f. 1990).<\/p>\n<p class=\"paragraph\"><b>1915<\/b>: Lona Andre, actriz estadounidense (f. 1992).<\/p>\n<p class=\"paragraph\"><b>1917<\/b>: Desi Arnaz, actor y m\u00fasico cubano (f. 1986).<\/p>\n<p class=\"paragraph\"><b>1919<\/b>: Jennifer Jones, actriz estadounidense (f. 2009).<\/p>\n<p class=\"paragraph\"><b>1919<\/b>: Tamara Toumanova, bailarina y actriz rusa (f. 1996).<\/p>\n<p class=\"paragraph\"><b>1921<\/b>: Jean-B\u00e9del Bokassa, pol\u00edtico y presidente centroafricano (f. 1996).<\/p>\n<p class=\"paragraph\"><b>1921<\/b>: Ernst Haas, artista y fot\u00f3grafo austr\u00edaco (f. 1986).<\/p>\n<p class=\"paragraph\"><b>1921<\/b>: Mariano Yela, psic\u00f3logo y fil\u00f3sofo espa\u00f1ol (f. 1994).<\/p>\n<p class=\"paragraph\"><b>1922<\/b>: Eddie Lockjaw Davis, saxofonista estadounidense de jazz (f. 1986).<\/p>\n<p class=\"paragraph\"><b>1922<\/b>: Frances Bilas Spence, programadora de ordenadores estadounidense (f. 2012).<\/p>\n<p class=\"paragraph\"><b>1923<\/b>: Basil Hume, arzobispo brit\u00e1nico (f. 1999).<\/p>\n<p class=\"paragraph\"><b>1926<\/b>: Murray Rothbard, economista y fil\u00f3sofo estadounidense (f. 1995).<\/p>\n<p class=\"paragraph\"><b>1927<\/b>: Roger Walkowiak, ciclista franc\u00e9s (f. 2017).<\/p>\n<p class=\"paragraph\"><b>1928<\/b>: Ra\u00fal Ren\u00e1n, poeta mexicano (f. 2017).<\/p>\n<p class=\"paragraph\"><b>1930<\/b>: Ismail Shammout, pintor palestino (f. 2006).<\/p>\n<p class=\"paragraph\"><b>1930<\/b>: Fernando Qui\u00f1ones, escritor y poeta espa\u00f1ol (f. 1998).<\/p>\n<p class=\"paragraph\"><b>1931<\/b>: Mija\u00edl Gorbachov, pol\u00edtico sovi\u00e9tico, L\u00edder de la Uni\u00f3n Sovi\u00e9tica entre 1985 y 1991 y Premio Nobel de la Paz 1990 (f. 2022).<\/p>\n<p class=\"paragraph\"><b>1931<\/b>: Emma Penella, actriz espa\u00f1ola (f. 2007).<\/p>\n<p class=\"paragraph\"><b>1931<\/b>: Tom Wolfe, escritor estadounidense (f. 2018).<\/p>\n<p class=\"paragraph\"><b>1933<\/b>: Jos\u00e9 Luis Pellicena, actor espa\u00f1ol (f. 2018).<\/p>\n<p class=\"paragraph\"><b>1933<\/b>: Meki Megara, pintor marroqu\u00ed (f. 2009).<\/p>\n<p class=\"paragraph\"><b>1934<\/b>: Antonio Gamero, actor espa\u00f1ol (f. 2010).<\/p>\n<p class=\"paragraph\"><b>1935<\/b>: Fabio Camero, actor de cine, teatro y televisi\u00f3n colombiano (f. 2019).<\/p>\n<p class=\"paragraph\"><b>1937<\/b>: Abdelaziz Bouteflika, militar y pol\u00edtico argelino, presidente de Argelia entre 1999 y 2019 (f. 2021).<\/p>\n<p class=\"paragraph\"><b>1937<\/b>: H\u00e9ctor Bidonde, actor, director y pol\u00edtico argentino.<\/p>\n<p class=\"paragraph\"><b>1938<\/b>: Ricardo Lagos Escobar, pol\u00edtico chileno, presidente de Chile entre 2000 y 2006.<\/p>\n<p class=\"paragraph\"><b>1938<\/b>: Simon Estes, bajo-bar\u00edtono estadounidense.<\/p>\n<p class=\"paragraph\"><b>1940<\/b>: Juan Luis Galiardo, actor espa\u00f1ol (f. 2012).<\/p>\n<p class=\"paragraph\"><b>1942<\/b>: John Irving, escritor estadounidense.<\/p>\n<p class=\"paragraph\"><b>1942<\/b>: Lou Reed, cantante estadounidense, de la banda Velvet Underground (f. 2013).<\/p>\n<p class=\"paragraph\"><b>1942<\/b>: Mir-Hosein Musav\u00ed, pol\u00edtico iran\u00ed, primer ministro de su pa\u00eds.<\/p>\n<p class=\"paragraph\"><b>1943<\/b>: Peter Straub, escritor estadounidense.<\/p>\n<p class=\"paragraph\"><b>1946<\/b>: Blanca S\u00e1nchez, actriz mexicana (f. 2010).<\/p>\n<p class=\"paragraph\"><b>1946<\/b>: Rolando Hanglin, conductor de radio argentino.<\/p>\n<p class=\"paragraph\"><b>1947<\/b>: Harry Redknapp, entrenador de f\u00fatbol brit\u00e1nico.<\/p>\n<p class=\"paragraph\"><b>1947<\/b>: Nelson Ned, bolerista brasile\u00f1o (f. 2014).<\/p>\n<p class=\"paragraph\"><b>1948<\/b>: Rory Gallagher, m\u00fasico irland\u00e9s, de la banda Taste (f. 1995).<\/p>\n<p class=\"paragraph\"><b>1949<\/b>: Alain Chamfort, cantante y compositor franc\u00e9s.<\/p>\n<p class=\"paragraph\"><b>1949<\/b>: Antonio Vodanovic, animador de televisi\u00f3n chileno.<\/p>\n<p class=\"paragraph\"><b>1949<\/b>: Javier Rojo, pol\u00edtico espa\u00f1ol.<\/p>\n<p class=\"paragraph\"><b>1950<\/b>: Karen Carpenter, cantante y baterista estadounidense, del d\u00fao The\u00a0Carpenters (f. 1983).<\/p>\n<p class=\"paragraph\"><b>1951<\/b>: Roberto Da\u00f1ino Zapata, empresario y abogado peruano, primer ministro de 2001 a 2002.<\/p>\n<p class=\"paragraph\"><b>1952<\/b>: Mark Evanier, escritor estadounidense.<\/p>\n<p class=\"paragraph\"><b>1953<\/b>: Russ Feingold, pol\u00edtico estadounidense.<\/p>\n<p class=\"paragraph\"><b>1954<\/b>: Josema Yuste, humorista y actor espa\u00f1ol.<\/p>\n<p class=\"paragraph\"><b>1955<\/b>: Sh\u014dk\u014d Asahara, l\u00edder espiritual y terrorista japon\u00e9s (f. 2018).<\/p>\n<p class=\"paragraph\"><b>1955<\/b>: Ken Salazar, pol\u00edtico estadounidense.<\/p>\n<p class=\"paragraph\"><b>1956<\/b>: Mark Evans, m\u00fasico australiano de rock, de la banda AC\/DC.<\/p>\n<p class=\"paragraph\"><b>1958<\/b>: Ian Woosnam, golfista gal\u00e9s.<\/p>\n<p class=\"paragraph\"><b>1958<\/b>: Kevin Curren, tenista sudafricano.<\/p>\n<p class=\"paragraph\"><b>1958<\/b>: Pedro Uralde, futbolista espa\u00f1ol.<\/p>\n<p class=\"paragraph\"><b>1960<\/b>: Juan Sim\u00f3n, futbolista argentino.<\/p>\n<p class=\"paragraph\"><b>1961<\/b>: Emma Ozores, actriz espa\u00f1ola.<\/p>\n<p class=\"paragraph\"><b>1961<\/b>: Julia Calvo, actriz argentina.<\/p>\n<p class=\"paragraph\"><b>1962<\/b>: Gabriele Tarquini, piloto de automovilismo italiano.<\/p>\n<p class=\"paragraph\"><b>1962<\/b>: Jon Bon Jovi, m\u00fasico y actor estadounidense.<\/p>\n<p class=\"paragraph\"><b>1966<\/b>: Sergio Gendler, periodista deportivo argentino (f. 2019).<\/p>\n<p class=\"paragraph\"><b>1968<\/b>: Daniel Craig, actor brit\u00e1nico.<\/p>\n<p class=\"paragraph\"><b>1969<\/b>: V\u00edctor Hugo Pereira, abogado, catedr\u00e1tico universitario y pol\u00edtico paraguayo.<\/p>\n<p class=\"paragraph\"><b>1970<\/b>: Wibi Soerjadi, pianista neerland\u00e9s.<\/p>\n<p class=\"paragraph\"><b>1970<\/b>: Alexander Armstrong, comediante, actor y presentador brit\u00e1nico.<\/p>\n<p class=\"paragraph\"><b>1971<\/b>: Amber Smith, actriz y modelo estadounidense.<\/p>\n<p class=\"paragraph\"><b>1971<\/b>: Method Man, rapero y actor estadounidense, de la banda Wu-Tang Clan.<\/p>\n<p class=\"paragraph\"><b>1972<\/b>: Mauricio Pochettino, entrenador argentino.<\/p>\n<p class=\"paragraph\"><b>1972<\/b>: Xavier O&#8217;Callaghan, jugador de balonmano espa\u00f1ol.<\/p>\n<p class=\"paragraph\"><b>1973<\/b>: Dejan Bodiroga, baloncestista serbio.<\/p>\n<p class=\"paragraph\"><b>1973<\/b>: Trevor Sinclair, futbolista brit\u00e1nico.<\/p>\n<p class=\"paragraph\"><b>1974<\/b>: Ante Razov, futbolista estadounidense.<\/p>\n<p class=\"paragraph\"><b>1975<\/b>: Noriyuki Haga, piloto de motociclismo japon\u00e9s.<\/p>\n<p class=\"paragraph\"><b>1976<\/b>: Jes\u00fas Carballo, gimnasta espa\u00f1ol.<\/p>\n<p class=\"paragraph\"><b>1976<\/b>: Melina Petriella, actriz argentina.<\/p>\n<p class=\"paragraph\"><b>1977<\/b>: Chris Martin, m\u00fasico brit\u00e1nico, l\u00edder de la banda Coldplay.<\/p>\n<p class=\"paragraph\"><b>1978<\/b>: Claudio S\u00e1nchez, m\u00fasico estadounidense, de la banda Coheed and Cambria.<\/p>\n<p class=\"paragraph\"><b>1978<\/b>: Giannis Skopelitis, futbolista griego.<\/p>\n<p class=\"paragraph\"><b>1979<\/b>: Damien Duff, futbolista irland\u00e9s.<\/p>\n<p class=\"paragraph\"><b>1979<\/b>: Francesco Tavano, futbolista italiano.<\/p>\n<p class=\"paragraph\"><b>1979<\/b>: Carlos Eduardo Soares, futbolista brasile\u00f1o.<\/p>\n<p class=\"paragraph\"><b>1980<\/b>: \u00c9dson Nobre, futbolista angole\u00f1o.<\/p>\n<p class=\"paragraph\"><b>1980<\/b>: Lance Cade, luchador profesional estadounidense (f. 2010).<\/p>\n<p class=\"paragraph\"><b>1980<\/b>: Rebel Wilson, actriz estadounidense.<\/p>\n<p class=\"paragraph\"><b>1980<\/b>: Sunny Lane, actriz porno estadounidense.<\/p>\n<p class=\"paragraph\"><b>1981<\/b>: Bryce Dallas Howard, actriz estadounidense.<\/p>\n<p class=\"paragraph\"><b>1982<\/b>: Kevin Kur\u00e1nyi, futbolista alem\u00e1n.<\/p>\n<p class=\"paragraph\"><b>1983<\/b>: Igor Ant\u00f3n, ciclista espa\u00f1ol.<\/p>\n<p class=\"paragraph\"><b>1983<\/b>: Lisandro L\u00f3pez, futbolista argentino.<\/p>\n<p class=\"paragraph\"><b>1985<\/b>: Luke Pritchard, cantante brit\u00e1nico, de la banda The Kooks.<\/p>\n<p class=\"paragraph\"><b>1985<\/b>: Bea Ranero, actriz guatemalteca.<\/p>\n<p class=\"paragraph\"><b>1985<\/b>: Reggie Bush, jugador estadounidense de f\u00fatbol americano.<\/p>\n<p class=\"paragraph\"><b>1988<\/b>: Edgar Andrade, futbolista mexicano.<\/p>\n<p class=\"paragraph\"><b>1988<\/b>: James Arthur, m\u00fasico brit\u00e1nico.<\/p>\n<p class=\"paragraph\"><b>1989<\/b>: Andr\u00e9 Bernardes Santos, futbolista portugu\u00e9s<\/p>\n<p class=\"paragraph\"><b>1989<\/b>: Franco Vivian, piloto de automovilismo argentino.<\/p>\n<p class=\"paragraph\"><b>1990<\/b>: Luis Adv\u00edncula, futbolista peruano.<\/p>\n<p class=\"paragraph\"><b>1992<\/b>: Armando Izzo, futbolista italiano.<\/p>\n<p class=\"paragraph\"><b>1994<\/b>: Andrea Conti, futbolista italiano.<\/p>\n<p class=\"paragraph\"><b>1995<\/b>: Veronica Dunne, actriz estadounidense.<\/p>\n<p class=\"paragraph\"><b>1997<\/b>: Arike Ogunbowale, baloncestista estadounidense.<\/p>\n<p class=\"paragraph\"><b>1997<\/b>: Becky G, cantante estadounidense.<\/p>\n<p class=\"paragraph\"><b>1997<\/b>: Luis Malag\u00f3n, futbolista mexicano.<\/p>\n<p class=\"paragraph\"><b>1998<\/b>: Tua Tagovailoa, jugador estadounidense de f\u00fatbol Americano.<\/p>\n<p class=\"paragraph\"><b>2000<\/b>: Nona Sobo, actriz catalana.<\/p>\n<p class=\"paragraph\"><b>2016<\/b>: \u00d3scar de Suecia, arist\u00f3crata sueco.<\/p>\n<h2 class=\"header\"><span style=\"color: #ff0000\">Decesos<\/span><\/h2>\n<p class=\"paragraph\"><b>986<\/b>: Lotario, rey franc\u00e9s (n. 941).<\/p>\n<p class=\"paragraph\"><b>1009<\/b>: Mokjong, s\u00e9ptimo gobernante de la dinast\u00eda Goryeo de Corea (n. 980).<\/p>\n<p class=\"paragraph\"><b>1282<\/b>: Bienvenido Scot\u00edvoli, obispo italiano canonizado por la Iglesia cat\u00f3lica (n. 1188).<\/p>\n<p class=\"paragraph\"><b>1572<\/b>: Mem de S\u00e1, gobernador portugu\u00e9s de Brasil (n. 1500).<\/p>\n<p class=\"paragraph\"><b>1589<\/b>: Alejandro Farnesio, cardenal italiano (n. 1520).<\/p>\n<p class=\"paragraph\"><b>1619<\/b>: Ana de Dinamarca, arist\u00f3crata danesa, esposa del rey Jacobo\u00a0VI de Escocia (n. 1574).<\/p>\n<p class=\"paragraph\"><b>1724<\/b>: Joaqu\u00edn Churriguera, arquitecto espa\u00f1ol, maestro mayor de la Catedral Nueva de Salamanca (n. 1674).<\/p>\n<p class=\"paragraph\"><b>1725<\/b>: Jos\u00e9 Benito de Churriguera, arquitecto espa\u00f1ol (n. 1665).<\/p>\n<p class=\"paragraph\"><b>1755<\/b>: Louis de Rouvroy, escritor franc\u00e9s (n. 1675).<\/p>\n<p class=\"paragraph\"><b>1783<\/b>: Francisco Salzillo, escultor barroco espa\u00f1ol (n. 1707).<\/p>\n<p class=\"paragraph\"><b>1791<\/b>: John Wesley, pastor anglicano y te\u00f3logo cristiano brit\u00e1nico (n. 1703).<\/p>\n<p class=\"paragraph\"><b>1793<\/b>: Carl Gustaf Pilo, pintor y artista sueco (n. 1711).<\/p>\n<p class=\"paragraph\"><b>1797<\/b>: Horace Walpole, arist\u00f3crata y pol\u00edtico brit\u00e1nico (n. 1717).<\/p>\n<p class=\"paragraph\"><b>1829<\/b>: Josefa Ortiz de Dom\u00ednguez, hero\u00edna de la independencia de M\u00e9xico (n. 1768).<\/p>\n<p class=\"paragraph\"><b>1834<\/b>: Jos\u00e9 Cecilio del Valle, pol\u00edtico hondure\u00f1o (n. 1777).<\/p>\n<p class=\"paragraph\"><b>1835<\/b>: Francisco\u00a0I, emperador austriaco (n. 1768).<\/p>\n<p class=\"paragraph\"><b>1840<\/b>: Heinrich Olbers, m\u00e9dico y astr\u00f3nomo alem\u00e1n (n. 1758).<\/p>\n<p class=\"paragraph\"><b>1855<\/b>: Nicol\u00e1s\u00a0I, zar ruso (n. 1796).<\/p>\n<p class=\"paragraph\"><b>1871<\/b>: Victor de Bonald, escritor, abogado y periodista franc\u00e9s (n. 1780).<\/p>\n<p class=\"paragraph\"><b>1895<\/b>: Berthe Morisot, pintora francesa (n. 1841).<\/p>\n<p class=\"paragraph\"><b>1895<\/b>: Ismail Pach\u00e1, virrey egipcio (n. 1830).<\/p>\n<p class=\"paragraph\"><b>1897<\/b>: Guillermo Prieto, escritor mexicano (n. 1818).<\/p>\n<p class=\"paragraph\"><b>1916<\/b>: Isabel de Wied, reina rumana (n. 1843).<\/p>\n<p class=\"paragraph\"><b>1919<\/b>: Melchora Aquino, revolucionaria filipina (n. 1812).<\/p>\n<p class=\"paragraph\"><b>1922<\/b>: Henry Bataille, poeta franc\u00e9s (n. 1972).<\/p>\n<p class=\"paragraph\"><b>1923<\/b>: Rui Barbosa, pol\u00edtico brasile\u00f1o, autor de la Constituci\u00f3n (n. 1849).<\/p>\n<p class=\"paragraph\"><b>1927<\/b>: La Mara (Marie Lipsius), historiadora de la m\u00fasica y escritora alemana (n. 1837).<\/p>\n<p class=\"paragraph\"><b>1928<\/b>: Jorge Holgu\u00edn, presidente colombiano (n. 1848).<\/p>\n<p class=\"paragraph\"><b>1930<\/b>: D. H. Lawrence, novelista brit\u00e1nico (n. 1885).<\/p>\n<p class=\"paragraph\"><b>1932<\/b>: \u00c1ngela de la Cruz, religiosa espa\u00f1ola canonizada por la Iglesia cat\u00f3lica (n. 1846).<\/p>\n<p class=\"paragraph\"><b>1939<\/b>: Howard Carter, egipt\u00f3logo brit\u00e1nico, descubridor de la tumba de Tutankam\u00f3n (n. 1874).<\/p>\n<p class=\"paragraph\"><b>1940<\/b>: Ricardo Mir\u00f3, poeta paname\u00f1o (n. 1883).<\/p>\n<p class=\"paragraph\"><b>1942<\/b>: Charlie Christian, guitarrista estadounidense de jazz (n. 1916).<\/p>\n<p class=\"paragraph\"><b>1945<\/b>: Emily Carr, escritora canadiense (n. 1871).<\/p>\n<p class=\"paragraph\"><b>1950<\/b>: Alberto Gerchunoff, escritor y periodista argentino (n. 1883).<\/p>\n<p class=\"paragraph\"><b>1953<\/b>: Jim Lightbody, atleta estadounidense (n. 1882).<\/p>\n<p class=\"paragraph\"><b>1962<\/b>: Charles-Jean de la Vall\u00e9e Poussin, matem\u00e1tico belga (n. 1866).<\/p>\n<p class=\"paragraph\"><b>1967<\/b>: Azor\u00edn (Jos\u00e9 Mart\u00ednez Ruiz), escritor espa\u00f1ol (n. 1873).<\/p>\n<p class=\"paragraph\"><b>1973<\/b>: Jos\u00e9 Rojas Moreno, diplom\u00e1tico espa\u00f1ol (n. 1893).<\/p>\n<p class=\"paragraph\"><b>1974<\/b>: Salvador Puig Antich, anarquista espa\u00f1ol, ejecutado a garrote vil en la c\u00e1rcel Modelo de Barcelona (n. 1948).<\/p>\n<p class=\"paragraph\"><b>1975<\/b>: Milagros Leal, actriz espa\u00f1ola (n. 1902).<\/p>\n<p class=\"paragraph\"><b>1975<\/b>: Salvador Mestres, historietista e ilustrador espa\u00f1ol (n. 1910).<\/p>\n<p class=\"paragraph\"><b>1981<\/b>: Enrique P\u00e9rez Comendador, escultor espa\u00f1ol (n. 1900).<\/p>\n<p class=\"paragraph\"><b>1982<\/b>: Philip K. Dick, escritor estadounidense de ciencia ficci\u00f3n (n. 1928).<\/p>\n<p class=\"paragraph\"><b>1987<\/b>: Randolph Scott, actor estadounidense (n. 1898).<\/p>\n<p class=\"paragraph\"><b>1991<\/b>: Serge Gainsbourg, cantante y compositor franc\u00e9s (n. 1928).<\/p>\n<p class=\"paragraph\"><b>1991<\/b>: Mary Edgar Mussi (alias Mary Howard y Josephine Edgar), escritora brit\u00e1nica (n. 1907).<\/p>\n<p class=\"paragraph\"><b>1992<\/b>: Sandy Dennis, actriz estadounidense (n. 1937).<\/p>\n<p class=\"paragraph\"><b>1997<\/b>: Bloodshed, rapero estadounidense (n. 1975).<\/p>\n<p class=\"paragraph\"><b>1997<\/b>: Vicente Parra, actor espa\u00f1ol (n. 1931).<\/p>\n<p class=\"paragraph\"><b>1999<\/b>: Dusty Springfield, cantante brit\u00e1nica (n. 1939).<\/p>\n<p class=\"paragraph\"><b>2002<\/b>: H\u00e9ctor Anglada, actor argentino (n. 1976).<\/p>\n<p class=\"paragraph\"><b>2002<\/b>: Juan Carlos Lectoure, empresario y promotor de boxeo argentino (n. 1936).<\/p>\n<p class=\"paragraph\"><b>2003<\/b>: Hank Ballard, cantante y compositor estadounidense de blues (n. 1927).<\/p>\n<p class=\"paragraph\"><b>2004<\/b>: Alberto Miralles, director de teatro y escritor espa\u00f1ol (n. 1940).<\/p>\n<p class=\"paragraph\"><b>2004<\/b>: Mercedes McCambridge, actriz estadounidense (n. 1918).<\/p>\n<p class=\"paragraph\"><b>2005<\/b>: Martin Denny, compositor y cantante estadounidense (n. 1911).<\/p>\n<p class=\"paragraph\"><b>2007<\/b>: Henr\u00ed Troyat, escritor franc\u00e9s (n. 1911).<\/p>\n<p class=\"paragraph\"><b>2008<\/b>: Jeff Healey, m\u00fasico canadiense (n. 1966).<\/p>\n<p class=\"paragraph\"><b>2009<\/b>: Jo\u00e3o Bernardo Vieira, pol\u00edtica bisauguineano, Presidente de Guinea-Bissau entre 1980 y 1999 y entre 2005 y 2009 (n. 1939).<\/p>\n<p class=\"paragraph\"><b>2010<\/b>: Jes\u00fas Antonio Sam L\u00f3pez, pol\u00edtico y abogado mexicano (n. 1935).<\/p>\n<p class=\"paragraph\"><b>2011<\/b>: Enrique Curiel, pol\u00edtico y polit\u00f3logo espa\u00f1ol (n. 1947).<\/p>\n<p class=\"paragraph\"><b>2011<\/b>: Jos\u00e9 Rogelio \u00c1lvarez, escritor, editor, historiador y acad\u00e9mico mexicano (n. 1922).<\/p>\n<p class=\"paragraph\"><b>2012<\/b>: Rafael Quir\u00f3s, ingeniero civil y futbolista peruano (n. 1910).<\/p>\n<p class=\"paragraph\"><b>2014<\/b>: Ryhor Baradulin, escritor y artista bielorruso (n. 1935).<\/p>\n<p class=\"paragraph\"><b>2017<\/b>: Andr\u00e9s Oca\u00f1a, pol\u00edtico espa\u00f1ol, Alcalde de C\u00f3rdoba entre 2009 y 2011 (n. 1954).<\/p>\n<p class=\"paragraph\"><b>2018<\/b>: Gillo Dorfles, cr\u00edtico de arte, pintor y fil\u00f3sofo italiano (n. 1910).<\/p>\n<p class=\"paragraph\"><b>2019<\/b>: Franco Macri, empresario y ejecutivo italiano (n. 1930).<\/p>\n<p class=\"paragraph\"><b>2020<\/b>: Ulay, fot\u00f3grafo y artista alem\u00e1n (n. 1943).<\/p>\n<p class=\"paragraph\"><b>2021<\/b>: Bunny Wailer, cantante y compositor jamaiquino (n. 1947).<\/p>\n<p class=\"paragraph\"><b>2021<\/b>: \u00c0lex Casademunt, cantante, actor y presentador espa\u00f1ol (n. 1981).<\/p>\n<p class=\"paragraph\"><b>2022<\/b>: Johnny Brown, actor estadounidense (n. 1937).<\/p>\n","protected":false},"excerpt":{"rendered":"<div class=\"mh-excerpt\"><p>El 2 de marzo\u00a0ha sido fecha de innumerables hechos que marcaron a la humanidad a tal grado que son apuntados en los calendarios y mundialmente llamados\u00a0efem\u00e9rides. Estos acontecimientos incluyen desde eventos\u00a0legendarios, lastimosas tragedias y avances <a class=\"mh-excerpt-more\" href=\"https:\/\/larevistadigital.com.ar\/blog\/esto-paso-un-dia-como-hoy-2-de-marzo\/\" title=\"ESTO PAS\u00d3 UN D\u00cdA COMO HOY, 2 DE MARZO\">[Leer M\u00e1s]<\/a><\/p>\n<\/div>","protected":false},"author":3,"featured_media":16747,"comment_status":"open","ping_status":"open","sticky":false,"template":"","format":"standard","meta":{"_jetpack_memberships_contains_paid_content":false,"footnotes":"","jetpack_publicize_message":"","jetpack_publicize_feature_enabled":true,"jetpack_social_post_already_shared":true,"jetpack_social_options":{"image_generator_settings":{"template":"highway","default_image_id":0,"font":"","enabled":false},"version":2}},"categories":[15],"tags":[],"class_list":{"0":"post-30311","1":"post","2":"type-post","3":"status-publish","4":"format-standard","5":"has-post-thumbnail","7":"category-cultura"},"jetpack_publicize_connections":[],"jetpack_featured_media_url":"https:\/\/i0.wp.com\/larevistadigital.com.ar\/blog\/wp-content\/uploads\/LOGO-EFEMERIDES.jpg?fit=1268%2C664&ssl=1","jetpack_sharing_enabled":true,"jetpack_shortlink":"https:\/\/wp.me\/p8qtrQ-7ST","jetpack-related-posts":[{"id":28805,"url":"https:\/\/larevistadigital.com.ar\/blog\/atencion-se-buscan-cientificos\/","url_meta":{"origin":30311,"position":0},"title":"\u00a1ATENCI\u00d3N! SE BUSCAN CIENT\u00cdFICOS","author":"Alejandro Sosa Ruda","date":"7 noviembre, 2022","format":false,"excerpt":"El CONICET, adem\u00e1s de convocar durante toda su actual gesti\u00f3n a 800 cargos cada a\u00f1o para incorporarse a la Carrera del Investigador Cient\u00edfico y Tecnol\u00f3gico, est\u00e1 realizando las convocatorias para sumar anualmente 300 ingresos a la Carrera del Personal de Apoyo a la Investigaci\u00f3n. 7 de noviembre de 2022 El\u2026","rel":"","context":"En \u00abINTERES GENERAL\u00bb","block_context":{"text":"INTERES GENERAL","link":"https:\/\/larevistadigital.com.ar\/blog\/category\/interes-general\/"},"img":{"alt_text":"","src":"https:\/\/i0.wp.com\/larevistadigital.com.ar\/blog\/wp-content\/uploads\/20221107083621_becas-conicet.jpg?fit=880%2C512&ssl=1&resize=350%2C200","width":350,"height":200,"srcset":"https:\/\/i0.wp.com\/larevistadigital.com.ar\/blog\/wp-content\/uploads\/20221107083621_becas-conicet.jpg?fit=880%2C512&ssl=1&resize=350%2C200 1x, https:\/\/i0.wp.com\/larevistadigital.com.ar\/blog\/wp-content\/uploads\/20221107083621_becas-conicet.jpg?fit=880%2C512&ssl=1&resize=525%2C300 1.5x, https:\/\/i0.wp.com\/larevistadigital.com.ar\/blog\/wp-content\/uploads\/20221107083621_becas-conicet.jpg?fit=880%2C512&ssl=1&resize=700%2C400 2x"},"classes":[]},{"id":40913,"url":"https:\/\/larevistadigital.com.ar\/blog\/efemerides-del-14-de-agosto-que-paso-un-dia-como-hoy\/","url_meta":{"origin":30311,"position":1},"title":"Efem\u00e9rides del 14 de agosto: qu\u00e9 pas\u00f3 un d\u00eda como hoy","author":"Alejandro Sosa Ruda","date":"14 agosto, 2025","format":false,"excerpt":"Este 14 de agosto las efem\u00e9rides cuentan el\u00a0D\u00eda del Cerealista, una celebraci\u00f3n argentina que\u00a0saluda a este sector en un nuevo aniversario del primer embarque de trigo al extranjero, que sucedi\u00f3\u00a0un d\u00eda como este en 1926. La fecha tambi\u00e9n es el cumplea\u00f1os de numerosas figuras como\u00a0la leyenda de la NBA \u201cMagic\u201d\u2026","rel":"","context":"En \u00abCULTURA\u00bb","block_context":{"text":"CULTURA","link":"https:\/\/larevistadigital.com.ar\/blog\/category\/cultura\/"},"img":{"alt_text":"","src":"https:\/\/i0.wp.com\/larevistadigital.com.ar\/blog\/wp-content\/uploads\/LOGO-EFEMERIDES.jpg?fit=1200%2C628&ssl=1&resize=350%2C200","width":350,"height":200,"srcset":"https:\/\/i0.wp.com\/larevistadigital.com.ar\/blog\/wp-content\/uploads\/LOGO-EFEMERIDES.jpg?fit=1200%2C628&ssl=1&resize=350%2C200 1x, https:\/\/i0.wp.com\/larevistadigital.com.ar\/blog\/wp-content\/uploads\/LOGO-EFEMERIDES.jpg?fit=1200%2C628&ssl=1&resize=525%2C300 1.5x, https:\/\/i0.wp.com\/larevistadigital.com.ar\/blog\/wp-content\/uploads\/LOGO-EFEMERIDES.jpg?fit=1200%2C628&ssl=1&resize=700%2C400 2x, https:\/\/i0.wp.com\/larevistadigital.com.ar\/blog\/wp-content\/uploads\/LOGO-EFEMERIDES.jpg?fit=1200%2C628&ssl=1&resize=1050%2C600 3x"},"classes":[]},{"id":38933,"url":"https:\/\/larevistadigital.com.ar\/blog\/advertencia-de-cientificos-sobre-la-seguridad-en-la-investigacion-de-virus\/","url_meta":{"origin":30311,"position":2},"title":"Advertencia de Cient\u00edficos sobre la Seguridad en la Investigaci\u00f3n de Virus","author":"Alejandro Sosa Ruda","date":"5 marzo, 2025","format":false,"excerpt":"Dos epidemi\u00f3logos estadounidenses alertan sobre los experimentos realizados con el pat\u00f3geno HKU5-CoV-2, similar al que gener\u00f3 la pandemia de COVID. En una columna en The New York Times, advierten que deben realizarse en centros con la m\u00e1xima certificaci\u00f3n internacional 05 de Marzo de 2025 Los cient\u00edficos W. Ian Lipkin y\u2026","rel":"","context":"En \u00abINTERES GENERAL\u00bb","block_context":{"text":"INTERES GENERAL","link":"https:\/\/larevistadigital.com.ar\/blog\/category\/interes-general\/"},"img":{"alt_text":"","src":"https:\/\/i0.wp.com\/larevistadigital.com.ar\/blog\/wp-content\/uploads\/Captura-de-pantalla-2025-03-05-151514.jpg?fit=640%2C383&ssl=1&resize=350%2C200","width":350,"height":200,"srcset":"https:\/\/i0.wp.com\/larevistadigital.com.ar\/blog\/wp-content\/uploads\/Captura-de-pantalla-2025-03-05-151514.jpg?fit=640%2C383&ssl=1&resize=350%2C200 1x, https:\/\/i0.wp.com\/larevistadigital.com.ar\/blog\/wp-content\/uploads\/Captura-de-pantalla-2025-03-05-151514.jpg?fit=640%2C383&ssl=1&resize=525%2C300 1.5x"},"classes":[]},{"id":40698,"url":"https:\/\/larevistadigital.com.ar\/blog\/efemerides-que-sucedio-un-dia-como-hoy-1-de-agosto\/","url_meta":{"origin":30311,"position":3},"title":"Efem\u00e9rides: Qu\u00e9 sucedi\u00f3 un d\u00eda como hoy, 1\u00b0 de agosto&#8230;","author":"Alejandro Sosa Ruda","date":"1 agosto, 2025","format":false,"excerpt":"Este viernes 1\u00b0 de agosto es el D\u00eda de la Pachamama o de la Madre Tierra, entre otros eventos y aniversarios asociados a la fecha. 01 de Agosto de 2025 La fecha, que proviene de los pueblos originarios de varias naciones de\u00a0Am\u00e9rica Latina, consiste en una ofrenda a la\u00a0naturaleza\u00a0personificada como\u2026","rel":"","context":"En \u00abCULTURA\u00bb","block_context":{"text":"CULTURA","link":"https:\/\/larevistadigital.com.ar\/blog\/category\/cultura\/"},"img":{"alt_text":"","src":"https:\/\/i0.wp.com\/larevistadigital.com.ar\/blog\/wp-content\/uploads\/LOGO-EFEMERIDES.jpg?fit=1200%2C628&ssl=1&resize=350%2C200","width":350,"height":200,"srcset":"https:\/\/i0.wp.com\/larevistadigital.com.ar\/blog\/wp-content\/uploads\/LOGO-EFEMERIDES.jpg?fit=1200%2C628&ssl=1&resize=350%2C200 1x, https:\/\/i0.wp.com\/larevistadigital.com.ar\/blog\/wp-content\/uploads\/LOGO-EFEMERIDES.jpg?fit=1200%2C628&ssl=1&resize=525%2C300 1.5x, https:\/\/i0.wp.com\/larevistadigital.com.ar\/blog\/wp-content\/uploads\/LOGO-EFEMERIDES.jpg?fit=1200%2C628&ssl=1&resize=700%2C400 2x, https:\/\/i0.wp.com\/larevistadigital.com.ar\/blog\/wp-content\/uploads\/LOGO-EFEMERIDES.jpg?fit=1200%2C628&ssl=1&resize=1050%2C600 3x"},"classes":[]},{"id":13784,"url":"https:\/\/larevistadigital.com.ar\/blog\/quilmes-estallo-la-guerra-entre-el-pj-y-la-campora-por-los-espacios-de-poder\/","url_meta":{"origin":30311,"position":4},"title":"QUILMES: ESTALL\u00d3 LA GUERRA ENTRE EL PJ Y LA CAMPORA POR LOS ESPACIOS DE PODER","author":"Alejandro Sosa Ruda","date":"22 diciembre, 2019","format":false,"excerpt":"A una semana de la llegada de\u00a0Mayra Mendoza\u00a0al gobierno municipal de Quilmes, comenzaron los tironeos entre algunos de los referentes del Partido Justicialista de dicha ciudad que participaron en la campa\u00f1a y pretenden ocupar algunos espacios de gobierno e integrantes de la agrupaci\u00f3n \u201cLa C\u00e1mpora\u201d, sector con el cual se\u2026","rel":"","context":"En \u00abPOLITICA\u00bb","block_context":{"text":"POLITICA","link":"https:\/\/larevistadigital.com.ar\/blog\/category\/politica\/"},"img":{"alt_text":"","src":"https:\/\/i0.wp.com\/larevistadigital.com.ar\/blog\/wp-content\/uploads\/bbx_441800380_MAYRAOLY.jpg?fit=1200%2C545&ssl=1&resize=350%2C200","width":350,"height":200,"srcset":"https:\/\/i0.wp.com\/larevistadigital.com.ar\/blog\/wp-content\/uploads\/bbx_441800380_MAYRAOLY.jpg?fit=1200%2C545&ssl=1&resize=350%2C200 1x, https:\/\/i0.wp.com\/larevistadigital.com.ar\/blog\/wp-content\/uploads\/bbx_441800380_MAYRAOLY.jpg?fit=1200%2C545&ssl=1&resize=525%2C300 1.5x, https:\/\/i0.wp.com\/larevistadigital.com.ar\/blog\/wp-content\/uploads\/bbx_441800380_MAYRAOLY.jpg?fit=1200%2C545&ssl=1&resize=700%2C400 2x, https:\/\/i0.wp.com\/larevistadigital.com.ar\/blog\/wp-content\/uploads\/bbx_441800380_MAYRAOLY.jpg?fit=1200%2C545&ssl=1&resize=1050%2C600 3x"},"classes":[]},{"id":16777,"url":"https:\/\/larevistadigital.com.ar\/blog\/las-efemerides-de-un-dia-como-hoy-6-10\/","url_meta":{"origin":30311,"position":5},"title":"LAS EFEM\u00c9RIDES DE UN D\u00cdA COMO HOY&#8230;6\/10","author":"Alejandro Sosa Ruda","date":"6 octubre, 2020","format":false,"excerpt":"El D\u00eda del Circo 1858 -\u00a0Se celebra en esta fecha el D\u00eda del Circo,\u00a0debido al natalicio del uruguayo\u00a0Jos\u00e9 Juan\u00a0\"Pepe\"\u00a0Podest\u00e1, quien naci\u00f3 en la ciudad de Montevideo y supo desarrollar aqu\u00ed en nuestro pa\u00eds una inmensa tarea dentro de la actividad circense. A\u00f1os m\u00e1s tarde entra\u00f1ar\u00eda al payaso Pepino el 88,\u2026","rel":"","context":"En \u00abSOCIEDAD\u00bb","block_context":{"text":"SOCIEDAD","link":"https:\/\/larevistadigital.com.ar\/blog\/category\/sociedad\/"},"img":{"alt_text":"","src":"https:\/\/i0.wp.com\/larevistadigital.com.ar\/blog\/wp-content\/uploads\/LOGO-EFEMERIDES.jpg?fit=1200%2C628&ssl=1&resize=350%2C200","width":350,"height":200,"srcset":"https:\/\/i0.wp.com\/larevistadigital.com.ar\/blog\/wp-content\/uploads\/LOGO-EFEMERIDES.jpg?fit=1200%2C628&ssl=1&resize=350%2C200 1x, https:\/\/i0.wp.com\/larevistadigital.com.ar\/blog\/wp-content\/uploads\/LOGO-EFEMERIDES.jpg?fit=1200%2C628&ssl=1&resize=525%2C300 1.5x, https:\/\/i0.wp.com\/larevistadigital.com.ar\/blog\/wp-content\/uploads\/LOGO-EFEMERIDES.jpg?fit=1200%2C628&ssl=1&resize=700%2C400 2x, https:\/\/i0.wp.com\/larevistadigital.com.ar\/blog\/wp-content\/uploads\/LOGO-EFEMERIDES.jpg?fit=1200%2C628&ssl=1&resize=1050%2C600 3x"},"classes":[]}],"_links":{"self":[{"href":"https:\/\/larevistadigital.com.ar\/blog\/wp-json\/wp\/v2\/posts\/30311","targetHints":{"allow":["GET"]}}],"collection":[{"href":"https:\/\/larevistadigital.com.ar\/blog\/wp-json\/wp\/v2\/posts"}],"about":[{"href":"https:\/\/larevistadigital.com.ar\/blog\/wp-json\/wp\/v2\/types\/post"}],"author":[{"embeddable":true,"href":"https:\/\/larevistadigital.com.ar\/blog\/wp-json\/wp\/v2\/users\/3"}],"replies":[{"embeddable":true,"href":"https:\/\/larevistadigital.com.ar\/blog\/wp-json\/wp\/v2\/comments?post=30311"}],"version-history":[{"count":1,"href":"https:\/\/larevistadigital.com.ar\/blog\/wp-json\/wp\/v2\/posts\/30311\/revisions"}],"predecessor-version":[{"id":30312,"href":"https:\/\/larevistadigital.com.ar\/blog\/wp-json\/wp\/v2\/posts\/30311\/revisions\/30312"}],"wp:featuredmedia":[{"embeddable":true,"href":"https:\/\/larevistadigital.com.ar\/blog\/wp-json\/wp\/v2\/media\/16747"}],"wp:attachment":[{"href":"https:\/\/larevistadigital.com.ar\/blog\/wp-json\/wp\/v2\/media?parent=30311"}],"wp:term":[{"taxonomy":"category","embeddable":true,"href":"https:\/\/larevistadigital.com.ar\/blog\/wp-json\/wp\/v2\/categories?post=30311"},{"taxonomy":"post_tag","embeddable":true,"href":"https:\/\/larevistadigital.com.ar\/blog\/wp-json\/wp\/v2\/tags?post=30311"}],"curies":[{"name":"wp","href":"https:\/\/api.w.org\/{rel}","templated":true}]}}