{"id":30315,"date":"2023-03-02T14:58:59","date_gmt":"2023-03-02T14:58:59","guid":{"rendered":"https:\/\/larevistadigital.com.ar\/blog\/?p=30315"},"modified":"2023-03-02T21:39:01","modified_gmt":"2023-03-02T21:39:01","slug":"fallece-vecino-de-chascomus-en-un-accidente-vial-en-san-andres-de-giles","status":"publish","type":"post","link":"https:\/\/larevistadigital.com.ar\/blog\/fallece-vecino-de-chascomus-en-un-accidente-vial-en-san-andres-de-giles\/","title":{"rendered":"FALLECE VECINO DE CHASCOM\u00daS EN UN ACCIDENTE VIAL EN SAN ANDR\u00c9S DE GILES"},"content":{"rendered":"<h2>Sucedi\u00f3 en la ruta N\u00b07 a la altura de San Andr\u00e9s de Giles. Choc\u00f3 contra un cami\u00f3n con acoplado.<\/h2>\n<p>2 de marzo de 2023<\/p>\n<p><strong>SAN ANDRES DE GILES &#8211;\u00a0 <\/strong>Se conoci\u00f3 a trav\u00e9s de una publicaci\u00f3n en el portal \u00abInfocielo\u00bb, del lamentable accidente sufrido por un vecino de Chascom\u00fas, identificado como <strong>Roberto Cambas<\/strong>.<\/p>\n<blockquote>\n<h3>Roberto, se dedicaba al negocio agropecuario, y ten\u00eda 66 a\u00f1os de edad. Falleci\u00f3 como consecuencia de un accidente vial, donde impact\u00f3 \u00abpor alcance\u00bb (es decir por detr\u00e1s) contra un cami\u00f3n con acoplado.<\/h3>\n<\/blockquote>\n<p>Esto sucedi\u00f3 en la ruta N\u00b0 7, a la altura de San Andr\u00e9s de Giles, m\u00e1s espec\u00edficamente en el kil\u00f3metro 117 \u00a0cuando por razones que se investigan el conductor de la camioneta Volkswagen Amarok blanca no pudo frenar y embisti\u00f3 desde atr\u00e1s a un cami\u00f3n Mercedes Benz modelo BM 386 Verston 1633.<\/p>\n<p>fuente e imagen: Infocielo<\/p>\n","protected":false},"excerpt":{"rendered":"<div class=\"mh-excerpt\"><p>Sucedi\u00f3 en la ruta N\u00b07 a la altura de San Andr\u00e9s de Giles. Choc\u00f3 contra un cami\u00f3n con acoplado. 2 de marzo de 2023 SAN ANDRES DE GILES &#8211;\u00a0 Se conoci\u00f3 a trav\u00e9s de una <a class=\"mh-excerpt-more\" href=\"https:\/\/larevistadigital.com.ar\/blog\/fallece-vecino-de-chascomus-en-un-accidente-vial-en-san-andres-de-giles\/\" title=\"FALLECE VECINO DE CHASCOM\u00daS EN UN ACCIDENTE VIAL EN SAN ANDR\u00c9S DE GILES\">[Leer M\u00e1s]<\/a><\/p>\n<\/div>","protected":false},"author":3,"featured_media":30317,"comment_status":"open","ping_status":"open","sticky":false,"template":"","format":"standard","meta":{"_jetpack_memberships_contains_paid_content":false,"footnotes":"","jetpack_publicize_message":"","jetpack_publicize_feature_enabled":true,"jetpack_social_post_already_shared":true,"jetpack_social_options":{"image_generator_settings":{"template":"highway","default_image_id":0,"font":"","enabled":false},"version":2}},"categories":[41,44],"tags":[],"class_list":{"0":"post-30315","1":"post","2":"type-post","3":"status-publish","4":"format-standard","5":"has-post-thumbnail","7":"category-destacadas","8":"category-policiales"},"jetpack_publicize_connections":[],"jetpack_featured_media_url":"https:\/\/i0.wp.com\/larevistadigital.com.ar\/blog\/wp-content\/uploads\/d.png?fit=900%2C451&ssl=1","jetpack_sharing_enabled":true,"jetpack_shortlink":"https:\/\/wp.me\/p8qtrQ-7SX","jetpack-related-posts":[{"id":9032,"url":"https:\/\/larevistadigital.com.ar\/blog\/san-vicente-accidente-fatal-en-ruta-6\/","url_meta":{"origin":30315,"position":0},"title":"SAN VICENTE: ACCIDENTE FATAL EN RUTA 6","author":"Alejandro Sosa Ruda","date":"12 marzo, 2019","format":false,"excerpt":"En las \u00faltimas horas se produjo un\u00a0grave accidente\u00a0en\u00a0ruta 6\u00a0a la altura del\u00a0peaje en construcci\u00f3n\u00a0de\u00a0San Vicente, donde lamentablemente\u00a0falleci\u00f3 el conductor de un cami\u00f3n, tras impactar con otro cami\u00f3n. La v\u00edctima fatal es un hombre de 28 a\u00f1os de edad. Fuentes policiales indicaron a\u00a0DLN\u00a0que en la ruta 6, un cami\u00f3n Mercedes Benz\u00a0colision\u00f3\u2026","rel":"","context":"En \u00abPOLICIALES\u00bb","block_context":{"text":"POLICIALES","link":"https:\/\/larevistadigital.com.ar\/blog\/category\/policiales\/"},"img":{"alt_text":"","src":"https:\/\/i0.wp.com\/larevistadigital.com.ar\/blog\/wp-content\/uploads\/2019\/03\/WhatsApp-Image-2019-03-12-at-09.41.18.jpeg?fit=1024%2C575&ssl=1&resize=350%2C200","width":350,"height":200,"srcset":"https:\/\/i0.wp.com\/larevistadigital.com.ar\/blog\/wp-content\/uploads\/2019\/03\/WhatsApp-Image-2019-03-12-at-09.41.18.jpeg?fit=1024%2C575&ssl=1&resize=350%2C200 1x, https:\/\/i0.wp.com\/larevistadigital.com.ar\/blog\/wp-content\/uploads\/2019\/03\/WhatsApp-Image-2019-03-12-at-09.41.18.jpeg?fit=1024%2C575&ssl=1&resize=525%2C300 1.5x, https:\/\/i0.wp.com\/larevistadigital.com.ar\/blog\/wp-content\/uploads\/2019\/03\/WhatsApp-Image-2019-03-12-at-09.41.18.jpeg?fit=1024%2C575&ssl=1&resize=700%2C400 2x"},"classes":[]},{"id":43660,"url":"https:\/\/larevistadigital.com.ar\/blog\/grave-accidente-en-la-ruta-2-un-auto-choco-contra-un-camion-y-tres-personas-resultaron-heridas\/","url_meta":{"origin":30315,"position":1},"title":"Grave accidente en la Ruta 2: un auto choc\u00f3 contra un cami\u00f3n y tres personas resultaron heridas","author":"Alejandro Sosa Ruda","date":"30 enero, 2026","format":false,"excerpt":"Un grave accidente de tr\u00e1nsito se registr\u00f3 este martes por la noche en el kil\u00f3metro 181 de la Ruta 2, en jurisdicci\u00f3n del partido de Castelli, cuando un autom\u00f3vil Volkswagen Vento impact\u00f3 por alcance contra un cami\u00f3n y termin\u00f3 incrustado debajo del acoplado. 30 de enero de 2026 CASTELLI -\u00a0\u2026","rel":"","context":"En \u00abCASTELLI\u00bb","block_context":{"text":"CASTELLI","link":"https:\/\/larevistadigital.com.ar\/blog\/category\/castelli\/"},"img":{"alt_text":"","src":"https:\/\/i0.wp.com\/larevistadigital.com.ar\/blog\/wp-content\/uploads\/02ae428c877f7f90053ead54fd4f8778518fdb70.jpg?fit=1140%2C641&ssl=1&resize=350%2C200","width":350,"height":200,"srcset":"https:\/\/i0.wp.com\/larevistadigital.com.ar\/blog\/wp-content\/uploads\/02ae428c877f7f90053ead54fd4f8778518fdb70.jpg?fit=1140%2C641&ssl=1&resize=350%2C200 1x, https:\/\/i0.wp.com\/larevistadigital.com.ar\/blog\/wp-content\/uploads\/02ae428c877f7f90053ead54fd4f8778518fdb70.jpg?fit=1140%2C641&ssl=1&resize=525%2C300 1.5x, https:\/\/i0.wp.com\/larevistadigital.com.ar\/blog\/wp-content\/uploads\/02ae428c877f7f90053ead54fd4f8778518fdb70.jpg?fit=1140%2C641&ssl=1&resize=700%2C400 2x, https:\/\/i0.wp.com\/larevistadigital.com.ar\/blog\/wp-content\/uploads\/02ae428c877f7f90053ead54fd4f8778518fdb70.jpg?fit=1140%2C641&ssl=1&resize=1050%2C600 3x"},"classes":[]},{"id":19757,"url":"https:\/\/larevistadigital.com.ar\/blog\/la-plata-muere-empleado-municipal-en-un-choque-de-camiones\/","url_meta":{"origin":30315,"position":2},"title":"LA PLATA: MUERE EMPLEADO MUNICIPAL EN UN CHOQUE DE CAMIONES","author":"Alejandro Sosa Ruda","date":"20 abril, 2021","format":false,"excerpt":"El siniestro vial sucedi\u00f3 esta ma\u00f1ana en la Ruta 2 a la altura del kilometro 46 LA PLATA - Este lunes, un cami\u00f3n con acoplado que circulaba por la ruta 2 desde San Pedro hasta La Plata\u00a0choc\u00f3 contra otro rodado de gran porte a la altura del kil\u00f3metro 46, en\u2026","rel":"","context":"En \u00abPOLICIALES\u00bb","block_context":{"text":"POLICIALES","link":"https:\/\/larevistadigital.com.ar\/blog\/category\/policiales\/"},"img":{"alt_text":"","src":"https:\/\/i0.wp.com\/larevistadigital.com.ar\/blog\/wp-content\/uploads\/camion.jpg?fit=1040%2C780&ssl=1&resize=350%2C200","width":350,"height":200,"srcset":"https:\/\/i0.wp.com\/larevistadigital.com.ar\/blog\/wp-content\/uploads\/camion.jpg?fit=1040%2C780&ssl=1&resize=350%2C200 1x, https:\/\/i0.wp.com\/larevistadigital.com.ar\/blog\/wp-content\/uploads\/camion.jpg?fit=1040%2C780&ssl=1&resize=525%2C300 1.5x, https:\/\/i0.wp.com\/larevistadigital.com.ar\/blog\/wp-content\/uploads\/camion.jpg?fit=1040%2C780&ssl=1&resize=700%2C400 2x"},"classes":[]},{"id":30604,"url":"https:\/\/larevistadigital.com.ar\/blog\/accidente-fatal-en-la-ruta-88-murio-una-mujer-en-accidente-entre-camion-y-auto\/","url_meta":{"origin":30315,"position":3},"title":"ACCIDENTE FATAL EN LA RUTA 88: MURI\u00d3 UNA MUJER EN ACCIDENTE ENTRE CAMI\u00d3N Y AUTO","author":"Alejandro Sosa Ruda","date":"15 marzo, 2023","format":false,"excerpt":"La mujer ten\u00eda 69 a\u00f1os, y el camionero sali\u00f3 ileso. Sucedi\u00f3 en el km. 106 de la ruta que une Mar del Plata con Necochea. 15 de marzo de 2023 QUEQUEN -\u00a0 Ayer por la tarde, sucedi\u00f3 un grave accidente entre un autom\u00f3vil y un cami\u00f3n Dimex con acoplado y\u2026","rel":"","context":"En \u00abPOLICIALES\u00bb","block_context":{"text":"POLICIALES","link":"https:\/\/larevistadigital.com.ar\/blog\/category\/policiales\/"},"img":{"alt_text":"","src":"https:\/\/i0.wp.com\/larevistadigital.com.ar\/blog\/wp-content\/uploads\/0bea1e187568c0af4b2b76bab0b7884af95d3bd7.jpg?fit=1140%2C605&ssl=1&resize=350%2C200","width":350,"height":200,"srcset":"https:\/\/i0.wp.com\/larevistadigital.com.ar\/blog\/wp-content\/uploads\/0bea1e187568c0af4b2b76bab0b7884af95d3bd7.jpg?fit=1140%2C605&ssl=1&resize=350%2C200 1x, https:\/\/i0.wp.com\/larevistadigital.com.ar\/blog\/wp-content\/uploads\/0bea1e187568c0af4b2b76bab0b7884af95d3bd7.jpg?fit=1140%2C605&ssl=1&resize=525%2C300 1.5x, https:\/\/i0.wp.com\/larevistadigital.com.ar\/blog\/wp-content\/uploads\/0bea1e187568c0af4b2b76bab0b7884af95d3bd7.jpg?fit=1140%2C605&ssl=1&resize=700%2C400 2x, https:\/\/i0.wp.com\/larevistadigital.com.ar\/blog\/wp-content\/uploads\/0bea1e187568c0af4b2b76bab0b7884af95d3bd7.jpg?fit=1140%2C605&ssl=1&resize=1050%2C600 3x"},"classes":[]},{"id":12924,"url":"https:\/\/larevistadigital.com.ar\/blog\/monte-choque-entre-un-camion-y-un-auto-en-la-ruta-3\/","url_meta":{"origin":30315,"position":4},"title":"MONTE: CHOQUE ENTRE UN CAMI\u00d3N Y UN AUTO EN LA RUTA 3","author":"Alejandro Sosa Ruda","date":"29 octubre, 2019","format":false,"excerpt":"Un fuerte accidente automovil\u00edstico se produjo esta madrugada a la altura del kil\u00f3metro 107 en la Ruta Nacional 3. El siniestro fue protagonizado por un cami\u00f3n Mercedes Benz 114 y un autom\u00f3vil Fiat Palio Weekend familiar; todav\u00eda no se lograron determinar las causas del impacto. Por su parte, el ocupante\u2026","rel":"","context":"En \u00abPOLICIALES\u00bb","block_context":{"text":"POLICIALES","link":"https:\/\/larevistadigital.com.ar\/blog\/category\/policiales\/"},"img":{"alt_text":"","src":"https:\/\/i0.wp.com\/larevistadigital.com.ar\/blog\/wp-content\/uploads\/76747339_1380789092084848_3087447887953526784_n.jpg?fit=960%2C629&ssl=1&resize=350%2C200","width":350,"height":200,"srcset":"https:\/\/i0.wp.com\/larevistadigital.com.ar\/blog\/wp-content\/uploads\/76747339_1380789092084848_3087447887953526784_n.jpg?fit=960%2C629&ssl=1&resize=350%2C200 1x, https:\/\/i0.wp.com\/larevistadigital.com.ar\/blog\/wp-content\/uploads\/76747339_1380789092084848_3087447887953526784_n.jpg?fit=960%2C629&ssl=1&resize=525%2C300 1.5x, https:\/\/i0.wp.com\/larevistadigital.com.ar\/blog\/wp-content\/uploads\/76747339_1380789092084848_3087447887953526784_n.jpg?fit=960%2C629&ssl=1&resize=700%2C400 2x"},"classes":[]},{"id":23797,"url":"https:\/\/larevistadigital.com.ar\/blog\/por-la-madrugada-vuelco-de-un-camion-en-el-kilometro-97-de-la-ruta-2\/","url_meta":{"origin":30315,"position":5},"title":"POR LA MADRUGADA: VUELCO DE UN CAMI\u00d3N EN EL KIL\u00d3METRO 97 DE LA RUTA 2","author":"Alejandro Sosa Ruda","date":"3 febrero, 2022","format":false,"excerpt":"CHASCOM\u00daS -\u00a0 Anoche, exactamente a las 04:39 hs., nos lleg\u00f3 por whatsapp el aviso de los Bomberos Voluntarios de una intervenci\u00f3n por un accidente en la ruta 2 a la altura del kil\u00f3metro 97. Al llegar al lugar, se encontraron con un cami\u00f3n que volc\u00f3, luego de que su conductor\u2026","rel":"","context":"En \u00abINTERES GENERAL\u00bb","block_context":{"text":"INTERES GENERAL","link":"https:\/\/larevistadigital.com.ar\/blog\/category\/interes-general\/"},"img":{"alt_text":"","src":"https:\/\/i0.wp.com\/larevistadigital.com.ar\/blog\/wp-content\/uploads\/Captura-de-pantalla-2022-02-03-110751.jpg?fit=1117%2C573&ssl=1&resize=350%2C200","width":350,"height":200,"srcset":"https:\/\/i0.wp.com\/larevistadigital.com.ar\/blog\/wp-content\/uploads\/Captura-de-pantalla-2022-02-03-110751.jpg?fit=1117%2C573&ssl=1&resize=350%2C200 1x, https:\/\/i0.wp.com\/larevistadigital.com.ar\/blog\/wp-content\/uploads\/Captura-de-pantalla-2022-02-03-110751.jpg?fit=1117%2C573&ssl=1&resize=525%2C300 1.5x, https:\/\/i0.wp.com\/larevistadigital.com.ar\/blog\/wp-content\/uploads\/Captura-de-pantalla-2022-02-03-110751.jpg?fit=1117%2C573&ssl=1&resize=700%2C400 2x, https:\/\/i0.wp.com\/larevistadigital.com.ar\/blog\/wp-content\/uploads\/Captura-de-pantalla-2022-02-03-110751.jpg?fit=1117%2C573&ssl=1&resize=1050%2C600 3x"},"classes":[]}],"_links":{"self":[{"href":"https:\/\/larevistadigital.com.ar\/blog\/wp-json\/wp\/v2\/posts\/30315","targetHints":{"allow":["GET"]}}],"collection":[{"href":"https:\/\/larevistadigital.com.ar\/blog\/wp-json\/wp\/v2\/posts"}],"about":[{"href":"https:\/\/larevistadigital.com.ar\/blog\/wp-json\/wp\/v2\/types\/post"}],"author":[{"embeddable":true,"href":"https:\/\/larevistadigital.com.ar\/blog\/wp-json\/wp\/v2\/users\/3"}],"replies":[{"embeddable":true,"href":"https:\/\/larevistadigital.com.ar\/blog\/wp-json\/wp\/v2\/comments?post=30315"}],"version-history":[{"count":1,"href":"https:\/\/larevistadigital.com.ar\/blog\/wp-json\/wp\/v2\/posts\/30315\/revisions"}],"predecessor-version":[{"id":30318,"href":"https:\/\/larevistadigital.com.ar\/blog\/wp-json\/wp\/v2\/posts\/30315\/revisions\/30318"}],"wp:featuredmedia":[{"embeddable":true,"href":"https:\/\/larevistadigital.com.ar\/blog\/wp-json\/wp\/v2\/media\/30317"}],"wp:attachment":[{"href":"https:\/\/larevistadigital.com.ar\/blog\/wp-json\/wp\/v2\/media?parent=30315"}],"wp:term":[{"taxonomy":"category","embeddable":true,"href":"https:\/\/larevistadigital.com.ar\/blog\/wp-json\/wp\/v2\/categories?post=30315"},{"taxonomy":"post_tag","embeddable":true,"href":"https:\/\/larevistadigital.com.ar\/blog\/wp-json\/wp\/v2\/tags?post=30315"}],"curies":[{"name":"wp","href":"https:\/\/api.w.org\/{rel}","templated":true}]}}