{"id":30320,"date":"2023-03-02T15:27:42","date_gmt":"2023-03-02T15:27:42","guid":{"rendered":"https:\/\/larevistadigital.com.ar\/blog\/?p=30320"},"modified":"2023-03-02T15:27:42","modified_gmt":"2023-03-02T15:27:42","slug":"miramar-habrian-abusado-de-una-adolescente-en-un-cumpleanos-de-15","status":"publish","type":"post","link":"https:\/\/larevistadigital.com.ar\/blog\/miramar-habrian-abusado-de-una-adolescente-en-un-cumpleanos-de-15\/","title":{"rendered":"MIRAMAR: HABR\u00cdAN ABUSADO DE UNA ADOLESCENTE EN UN CUMPLEA\u00d1OS DE 15"},"content":{"rendered":"<h2>El hecho habr\u00eda ocurrido la madrugada del domingo. Por el momento hay un detenido. Hasta el momento la chica no pudo declarar y se espera que este mi\u00e9rcoles lo haga en C\u00e1mara Gesell por tratarse de una menor de edad.<\/h2>\n<p>2 de marzo de 2023<\/p>\n<p><strong>MIRAMAR &#8211;\u00a0 <\/strong>Una adolescente de 16 a\u00f1os que la noche del s\u00e1bado concurri\u00f3 a una fiesta de cumplea\u00f1os denunci\u00f3 que fue abusada por dos chicos que se encontraban en el lugar.<\/p>\n<blockquote>\n<h3 class=\"selectionShareable\">Fuentes judiciales indicaron que el lamentable hecho habr\u00eda ocurrido fuera de las instalaciones y, luego del mismo, la v\u00edctima fue abandonada en la puerta del establecimiento.<\/h3>\n<\/blockquote>\n<p class=\"selectionShareable\">La investigaci\u00f3n que lleva adelante el <strong>Dr. Walter Mart\u00ednez Soto<\/strong>, Fiscal del Fuero de Responsabilidad Penal Juvenil, se inici\u00f3 con la denuncia de la mam\u00e1 de la v\u00edctima.<\/p>\n<blockquote>\n<h3 class=\"selectionShareable\">Seg\u00fan voceros policiales, alrededor de las 4 del s\u00e1bado, la mujer recibi\u00f3 un llamado telef\u00f3nico de quien era un ex novio de la hija. En la comunicaci\u00f3n el muchacho le pidi\u00f3 que de manera urgente se acerque al club donde se festejaba el cumplea\u00f1os.<\/h3>\n<\/blockquote>\n<p class=\"selectionShareable\">Al rato, la madre lleg\u00f3 al lugar y encontr\u00f3 a la chica en estado de letargo, impropio en su hija. De inmediato la traslad\u00f3 al Hospital Municipal Dr. Marino Cassano de Miramar y, mientras atend\u00edan a la joven, la mujer se comunic\u00f3 con la polic\u00eda, relat\u00f3 lo que estaba ocurriendo y solicit\u00f3 que se presenten en el club.<\/p>\n<blockquote>\n<h3 class=\"selectionShareable\">Pocos minutos despu\u00e9s los uniformados llegaron a la fiesta donde encontraron a varios muchachos intentando linchar a otros dos j\u00f3venes. El personal intervino para acabar con la escena de violencia y, luego de escuchar diferentes testimonios, trasladaron a los dos j\u00f3venes a la comisar\u00eda, sospechados de haber cometido el abuso.<\/h3>\n<\/blockquote>\n<p class=\"selectionShareable\">De inmediato los efectivos dieron aviso a la Dra. Ana Caro, a cargo de la Fiscal\u00eda de Miramar, que se excus\u00f3 por la edad de los sospechosos aprehendidos, dos menores de 16 y 17 a\u00f1os, y dio intervenci\u00f3n al Fuero de Responsabilidad Penal Juvenil de Gral. Alvarado.<\/p>\n<blockquote>\n<h3 class=\"selectionShareable\">Al mismo tiempo, en el nosocomio donde fue trasladada la presunta v\u00edctima, el personal de salud corrobor\u00f3 que la joven estaba intoxicada con alguna sustancia. Adem\u00e1s, sin dar detalles, los investigadores dejaron trascender que los ex\u00e1menes m\u00e9dicos corroboraron lesiones compatibles con un abuso sexual.<\/h3>\n<\/blockquote>\n<p class=\"selectionShareable\">Fuentes de la investigaci\u00f3n confirmaron que por estas horas intentan establecer si la joven consumi\u00f3 alg\u00fan estupefaciente por decisi\u00f3n propia, s\u00ed fue obligada o se la proporcionaron mediante enga\u00f1os. Hasta el momento la chica no pudo declarar y se espera que este mi\u00e9rcoles lo haga en C\u00e1mara Gesell por tratarse de una menor de edad.<\/p>\n<h3 class=\"selectionShareable\"><em>\u00abEste mi\u00e9rcoles la chica podr\u00e1 dar su versi\u00f3n de lo que ocurri\u00f3, por el momento solo se conoce por intermedio de su madre. La menor le relat\u00f3 lo que le hab\u00edan hecho y se\u00f1al\u00f3 al autor con nombre y apellido\u00bb<\/em>, indicaron desde la justicia.<\/h3>\n<p class=\"selectionShareable\">Hasta el momento el fiscal Mart\u00ednez Soto orden\u00f3 la detenci\u00f3n del adolescente de 17 a\u00f1os, que es oriundo de Mar del Plata y asisti\u00f3 a la fiesta por ser compa\u00f1ero de estudios del resto, en una instituci\u00f3n de Miramar. El otro chico, que lleg\u00f3 al cumplea\u00f1os invitado por el detenido, se encuentra imputado aunque en libertad por falta de pruebas.<\/p>\n<p class=\"selectionShareable\"><em><strong>\u00abLos dos aprehendidos prestaron declaraci\u00f3n y dieron una versi\u00f3n en la que aseguran no haber cometido alg\u00fan delito. Horas despu\u00e9s solicitaron ampliar la declaraci\u00f3n y dar m\u00e1s detalles de lo que ocurri\u00f3 la madrugada del domingo\u00bb,<\/strong><\/em> confirmaron fuentes cercanas al expediente. (<b>InfoGEI<\/b>) Mg<\/p>\n","protected":false},"excerpt":{"rendered":"<div class=\"mh-excerpt\"><p>El hecho habr\u00eda ocurrido la madrugada del domingo. Por el momento hay un detenido. Hasta el momento la chica no pudo declarar y se espera que este mi\u00e9rcoles lo haga en C\u00e1mara Gesell por tratarse <a class=\"mh-excerpt-more\" href=\"https:\/\/larevistadigital.com.ar\/blog\/miramar-habrian-abusado-de-una-adolescente-en-un-cumpleanos-de-15\/\" title=\"MIRAMAR: HABR\u00cdAN ABUSADO DE UNA ADOLESCENTE EN UN CUMPLEA\u00d1OS DE 15\">[Leer M\u00e1s]<\/a><\/p>\n<\/div>","protected":false},"author":3,"featured_media":30321,"comment_status":"open","ping_status":"open","sticky":false,"template":"","format":"standard","meta":{"_jetpack_memberships_contains_paid_content":false,"footnotes":"","jetpack_publicize_message":"","jetpack_publicize_feature_enabled":true,"jetpack_social_post_already_shared":true,"jetpack_social_options":{"image_generator_settings":{"template":"highway","default_image_id":0,"font":"","enabled":false},"version":2}},"categories":[44,51],"tags":[],"class_list":{"0":"post-30320","1":"post","2":"type-post","3":"status-publish","4":"format-standard","5":"has-post-thumbnail","7":"category-policiales","8":"category-regionales"},"jetpack_publicize_connections":[],"jetpack_featured_media_url":"https:\/\/i0.wp.com\/larevistadigital.com.ar\/blog\/wp-content\/uploads\/20230301183142_patrullero2.jpg?fit=880%2C512&ssl=1","jetpack_sharing_enabled":true,"jetpack_shortlink":"https:\/\/wp.me\/p8qtrQ-7T2","jetpack-related-posts":[{"id":43672,"url":"https:\/\/larevistadigital.com.ar\/blog\/horror-en-miramar-abusaron-de-una-chica-de-15-anos-frente-a-su-novio\/","url_meta":{"origin":30320,"position":0},"title":"Horror en Miramar: Abusaron de una chica de 15 a\u00f1os frente a su novio","author":"Alejandro Sosa Ruda","date":"31 enero, 2026","format":false,"excerpt":"Ocurri\u00f3 el jueves a la madrugada, cerca del muelle. El hombre los amenaz\u00f3 con un arma blanca y los at\u00f3 a ambos, antes de abusar de la adolescente. La Polic\u00eda busca al agresor sexual y piden testigos y\/o c\u00e1maras que permitan atraparlo. 31 de enero de 2026 MIRAMAR -\u00a0 \u00a0La\u2026","rel":"","context":"En \u00abPOLICIALES\u00bb","block_context":{"text":"POLICIALES","link":"https:\/\/larevistadigital.com.ar\/blog\/category\/policiales\/"},"img":{"alt_text":"","src":"https:\/\/i0.wp.com\/larevistadigital.com.ar\/blog\/wp-content\/uploads\/31c6031b7adba63f9a63ad83ebe0d63a2e82c9e5.jpg?fit=1140%2C725&ssl=1&resize=350%2C200","width":350,"height":200,"srcset":"https:\/\/i0.wp.com\/larevistadigital.com.ar\/blog\/wp-content\/uploads\/31c6031b7adba63f9a63ad83ebe0d63a2e82c9e5.jpg?fit=1140%2C725&ssl=1&resize=350%2C200 1x, https:\/\/i0.wp.com\/larevistadigital.com.ar\/blog\/wp-content\/uploads\/31c6031b7adba63f9a63ad83ebe0d63a2e82c9e5.jpg?fit=1140%2C725&ssl=1&resize=525%2C300 1.5x, https:\/\/i0.wp.com\/larevistadigital.com.ar\/blog\/wp-content\/uploads\/31c6031b7adba63f9a63ad83ebe0d63a2e82c9e5.jpg?fit=1140%2C725&ssl=1&resize=700%2C400 2x, https:\/\/i0.wp.com\/larevistadigital.com.ar\/blog\/wp-content\/uploads\/31c6031b7adba63f9a63ad83ebe0d63a2e82c9e5.jpg?fit=1140%2C725&ssl=1&resize=1050%2C600 3x"},"classes":[]},{"id":7519,"url":"https:\/\/larevistadigital.com.ar\/blog\/detienen-a-cinco-jovenes-acusados-de-violar-a-una-menor-en-un-camping\/","url_meta":{"origin":30320,"position":1},"title":"DETIENEN A CINCO J\u00d3VENES ACUSADOS DE VIOLAR A UNA MENOR EN UN CAMPING","author":"Alejandro Sosa Ruda","date":"2 enero, 2019","format":false,"excerpt":"La v\u00edctima de 14 a\u00f1os y los atacantes son oriundos de Mar del Plata. Las primeras pericias confirmaron signos de abuso. Los imputados ser\u00e1n trasladados este mi\u00e9rcoles a Tribunales. Cinco j\u00f3venes de entre 21 y 23 a\u00f1os\u00a0acusados de abusar sexualmente de una adolescente de 14\u00a0\u00a0fueron detenidos este martes luego de\u2026","rel":"","context":"En \u00abPOLICIALES\u00bb","block_context":{"text":"POLICIALES","link":"https:\/\/larevistadigital.com.ar\/blog\/category\/policiales\/"},"img":{"alt_text":"","src":"https:\/\/i0.wp.com\/larevistadigital.com.ar\/blog\/wp-content\/uploads\/2019\/01\/Wussy-Tent_02.jpg?fit=1200%2C675&ssl=1&resize=350%2C200","width":350,"height":200,"srcset":"https:\/\/i0.wp.com\/larevistadigital.com.ar\/blog\/wp-content\/uploads\/2019\/01\/Wussy-Tent_02.jpg?fit=1200%2C675&ssl=1&resize=350%2C200 1x, https:\/\/i0.wp.com\/larevistadigital.com.ar\/blog\/wp-content\/uploads\/2019\/01\/Wussy-Tent_02.jpg?fit=1200%2C675&ssl=1&resize=525%2C300 1.5x, https:\/\/i0.wp.com\/larevistadigital.com.ar\/blog\/wp-content\/uploads\/2019\/01\/Wussy-Tent_02.jpg?fit=1200%2C675&ssl=1&resize=700%2C400 2x, https:\/\/i0.wp.com\/larevistadigital.com.ar\/blog\/wp-content\/uploads\/2019\/01\/Wussy-Tent_02.jpg?fit=1200%2C675&ssl=1&resize=1050%2C600 3x"},"classes":[]},{"id":15609,"url":"https:\/\/larevistadigital.com.ar\/blog\/balean-a-adolescente-en-asalto-a-una-casa-esta-grave\/","url_meta":{"origin":30320,"position":2},"title":"BALEAN A ADOLESCENTE EN ASALTO A UNA CASA. EST\u00c1 GRAVE","author":"Alejandro Sosa Ruda","date":"11 junio, 2020","format":false,"excerpt":"El hecho ocurri\u00f3 este jueves a la madrugada, cuando tres delincuentes ingresaron a una vivienda del barrio Peralta Ramos Oeste y le dispararon a un joven de 17 a\u00f1os. Los detuvieron a pocas cuadras y la v\u00edctima fue internada. Un\u00a0adolescente de 17 a\u00f1os fue baleado este jueves a la madrugada\u2026","rel":"","context":"En \u00abPOLICIALES\u00bb","block_context":{"text":"POLICIALES","link":"https:\/\/larevistadigital.com.ar\/blog\/category\/policiales\/"},"img":{"alt_text":"","src":"https:\/\/i0.wp.com\/larevistadigital.com.ar\/blog\/wp-content\/uploads\/Screenshot_2-96.jpg?fit=931%2C819&ssl=1&resize=350%2C200","width":350,"height":200,"srcset":"https:\/\/i0.wp.com\/larevistadigital.com.ar\/blog\/wp-content\/uploads\/Screenshot_2-96.jpg?fit=931%2C819&ssl=1&resize=350%2C200 1x, https:\/\/i0.wp.com\/larevistadigital.com.ar\/blog\/wp-content\/uploads\/Screenshot_2-96.jpg?fit=931%2C819&ssl=1&resize=525%2C300 1.5x, https:\/\/i0.wp.com\/larevistadigital.com.ar\/blog\/wp-content\/uploads\/Screenshot_2-96.jpg?fit=931%2C819&ssl=1&resize=700%2C400 2x"},"classes":[]},{"id":17913,"url":"https:\/\/larevistadigital.com.ar\/blog\/17913-2\/","url_meta":{"origin":30320,"position":3},"title":"EN UNA PELEA LE FRACTURAN EL CR\u00c1NEO A UN JOVEN DE UN PALAZO","author":"Alejandro Sosa Ruda","date":"1 diciembre, 2020","format":false,"excerpt":"La Estaci\u00f3n de Polic\u00eda Comunal, brind\u00f3 detalles de un hecho ocurrido el d\u00eda domingo, por la madrugada en el que un joven que como consecuencia de una pelea habr\u00eda sufrido un palazo que le ocasion\u00f3 una fractura de cr\u00e1neo. El agresor, de unos 25 a\u00f1os de edad, no fue a\u00fan\u2026","rel":"","context":"En \u00abINTERES GENERAL\u00bb","block_context":{"text":"INTERES GENERAL","link":"https:\/\/larevistadigital.com.ar\/blog\/category\/interes-general\/"},"img":{"alt_text":"","src":"https:\/\/i0.wp.com\/larevistadigital.com.ar\/blog\/wp-content\/uploads\/2019\/01\/bbx_755050019_comisaria_chasco_01.jpg?fit=800%2C579&ssl=1&resize=350%2C200","width":350,"height":200,"srcset":"https:\/\/i0.wp.com\/larevistadigital.com.ar\/blog\/wp-content\/uploads\/2019\/01\/bbx_755050019_comisaria_chasco_01.jpg?fit=800%2C579&ssl=1&resize=350%2C200 1x, https:\/\/i0.wp.com\/larevistadigital.com.ar\/blog\/wp-content\/uploads\/2019\/01\/bbx_755050019_comisaria_chasco_01.jpg?fit=800%2C579&ssl=1&resize=525%2C300 1.5x, https:\/\/i0.wp.com\/larevistadigital.com.ar\/blog\/wp-content\/uploads\/2019\/01\/bbx_755050019_comisaria_chasco_01.jpg?fit=800%2C579&ssl=1&resize=700%2C400 2x"},"classes":[]},{"id":22881,"url":"https:\/\/larevistadigital.com.ar\/blog\/sangriento-la-plata-balearon-a-chico-de-15-anos-en-un-confuso-episodio\/","url_meta":{"origin":30320,"position":4},"title":"SANGRIENTO LA PLATA: BALEARON A CHICO DE 15 A\u00d1OS EN UN CONFUSO EPISODIO","author":"Alejandro Sosa Ruda","date":"8 diciembre, 2021","format":false,"excerpt":"Las autoridades sospechan que el hecho se origin\u00f3 luego de que le robaron la moto a un amigo de la v\u00edctima. Afortunadamente, se encuentra fuera de peligro. LA PLATA -\u00a0 En las \u00faltimas horas, un chico de 15 a\u00f1os result\u00f3 baleado en medio de un confuso episodio ocurrido en 411\u2026","rel":"","context":"En \u00abSin categor\u00eda\u00bb","block_context":{"text":"Sin categor\u00eda","link":"https:\/\/larevistadigital.com.ar\/blog\/category\/sin-categoria\/"},"img":{"alt_text":"","src":"https:\/\/i0.wp.com\/larevistadigital.com.ar\/blog\/wp-content\/uploads\/Polic%C3%ADa-Bonaerense-Patrulleros-3.jpg?fit=772%2C434&ssl=1&resize=350%2C200","width":350,"height":200,"srcset":"https:\/\/i0.wp.com\/larevistadigital.com.ar\/blog\/wp-content\/uploads\/Polic%C3%ADa-Bonaerense-Patrulleros-3.jpg?fit=772%2C434&ssl=1&resize=350%2C200 1x, https:\/\/i0.wp.com\/larevistadigital.com.ar\/blog\/wp-content\/uploads\/Polic%C3%ADa-Bonaerense-Patrulleros-3.jpg?fit=772%2C434&ssl=1&resize=525%2C300 1.5x, https:\/\/i0.wp.com\/larevistadigital.com.ar\/blog\/wp-content\/uploads\/Polic%C3%ADa-Bonaerense-Patrulleros-3.jpg?fit=772%2C434&ssl=1&resize=700%2C400 2x"},"classes":[]},{"id":7538,"url":"https:\/\/larevistadigital.com.ar\/blog\/violacion-en-el-camping-desplazaron-al-sub-comisario-de-miramar\/","url_meta":{"origin":30320,"position":5},"title":"VIOLACI\u00d3N EN EL CAMPING: DESPLAZARON AL SUB COMISARIO DE MIRAMAR","author":"Alejandro Sosa Ruda","date":"2 enero, 2019","format":false,"excerpt":"Andres Caballero no preserv\u00f3 la escena de la violaci\u00f3n ni traslad\u00f3 de inmediato a los acusados para las pericias m\u00e9dicas. Asuntos Internos de la Polic\u00eda Bonaerense inici\u00f3 una investigaci\u00f3n contra varios efectivos de la polic\u00eda de Miramar El titular de la polic\u00eda comunal de Miramar,\u00a0el subcomisario\u00a0Andres Caballero, fue desafectado del\u2026","rel":"","context":"En \u00abPOLICIALES\u00bb","block_context":{"text":"POLICIALES","link":"https:\/\/larevistadigital.com.ar\/blog\/category\/policiales\/"},"img":{"alt_text":"","src":"https:\/\/i0.wp.com\/larevistadigital.com.ar\/blog\/wp-content\/uploads\/2019\/01\/carpa.png?fit=729%2C618&ssl=1&resize=350%2C200","width":350,"height":200,"srcset":"https:\/\/i0.wp.com\/larevistadigital.com.ar\/blog\/wp-content\/uploads\/2019\/01\/carpa.png?fit=729%2C618&ssl=1&resize=350%2C200 1x, https:\/\/i0.wp.com\/larevistadigital.com.ar\/blog\/wp-content\/uploads\/2019\/01\/carpa.png?fit=729%2C618&ssl=1&resize=525%2C300 1.5x, https:\/\/i0.wp.com\/larevistadigital.com.ar\/blog\/wp-content\/uploads\/2019\/01\/carpa.png?fit=729%2C618&ssl=1&resize=700%2C400 2x"},"classes":[]}],"_links":{"self":[{"href":"https:\/\/larevistadigital.com.ar\/blog\/wp-json\/wp\/v2\/posts\/30320","targetHints":{"allow":["GET"]}}],"collection":[{"href":"https:\/\/larevistadigital.com.ar\/blog\/wp-json\/wp\/v2\/posts"}],"about":[{"href":"https:\/\/larevistadigital.com.ar\/blog\/wp-json\/wp\/v2\/types\/post"}],"author":[{"embeddable":true,"href":"https:\/\/larevistadigital.com.ar\/blog\/wp-json\/wp\/v2\/users\/3"}],"replies":[{"embeddable":true,"href":"https:\/\/larevistadigital.com.ar\/blog\/wp-json\/wp\/v2\/comments?post=30320"}],"version-history":[{"count":1,"href":"https:\/\/larevistadigital.com.ar\/blog\/wp-json\/wp\/v2\/posts\/30320\/revisions"}],"predecessor-version":[{"id":30322,"href":"https:\/\/larevistadigital.com.ar\/blog\/wp-json\/wp\/v2\/posts\/30320\/revisions\/30322"}],"wp:featuredmedia":[{"embeddable":true,"href":"https:\/\/larevistadigital.com.ar\/blog\/wp-json\/wp\/v2\/media\/30321"}],"wp:attachment":[{"href":"https:\/\/larevistadigital.com.ar\/blog\/wp-json\/wp\/v2\/media?parent=30320"}],"wp:term":[{"taxonomy":"category","embeddable":true,"href":"https:\/\/larevistadigital.com.ar\/blog\/wp-json\/wp\/v2\/categories?post=30320"},{"taxonomy":"post_tag","embeddable":true,"href":"https:\/\/larevistadigital.com.ar\/blog\/wp-json\/wp\/v2\/tags?post=30320"}],"curies":[{"name":"wp","href":"https:\/\/api.w.org\/{rel}","templated":true}]}}