{"id":30323,"date":"2023-03-02T15:33:33","date_gmt":"2023-03-02T15:33:33","guid":{"rendered":"https:\/\/larevistadigital.com.ar\/blog\/?p=30323"},"modified":"2023-03-02T15:33:33","modified_gmt":"2023-03-02T15:33:33","slug":"estudiantes-bonaerenses-se-abrio-la-inscripcion-para-el-viaje-de-egresados-gratuito","status":"publish","type":"post","link":"https:\/\/larevistadigital.com.ar\/blog\/estudiantes-bonaerenses-se-abrio-la-inscripcion-para-el-viaje-de-egresados-gratuito\/","title":{"rendered":"ESTUDIANTES BONAERENSES: SE ABRI\u00d3 LA INSCRIPCI\u00d3N PARA EL VIAJE DE EGRESADOS GRATUITO"},"content":{"rendered":"<h2 class=\"fparrafo ctext fz18 lh25\">Hasta el 31 de marzo los egresados de escuelas p\u00fablicas y privadas de la Provincia podr\u00e1n anotarse para viajar cuatro d\u00edas de forma gratuita. Los viajes se realizar\u00e1n entre agosto y octubre y los estudiantes tendr\u00e1n la posibilidad de concurrir a destinos de playa, sierras, r\u00edos o lagunas, durante 4 d\u00edas y 3 noches con alojamiento, comidas, transporte y excursiones incluidos.<\/h2>\n<p>2 de marzo de 2023<\/p>\n<p class=\"selectionShareable\"><strong>BUENOS AIRES &#8211;<\/strong>\u00a0 A partir de este mi\u00e9rcoles y hasta el 31 de marzo se encuentra abierta la inscripci\u00f3n para los viajes de egresados gratuitos dirigidos a los estudiantes que terminan la secundaria en 2023, tanto de escuelas de gesti\u00f3n p\u00fablica como privada de todo el territorio bonaerense.<\/p>\n<p class=\"selectionShareable\">La tercera edici\u00f3n de \u201cViajes de Fin de Curso\u201d es un programa que impulsa el gobierno de Axel Kicillof desde 2021 para que los estudiantes egresados puedan visitar distintos destinos bonaerenses. Se calcula que son m\u00e1s de 220.000 los alumnos que podr\u00e1n viajar a destinos tur\u00edsticos de distintos municipios sin pagar nada, \u201cfinanciados por el Estado provincial, como parte de una pol\u00edtica para igualar oportunidades e incentivar la actividad tur\u00edstica\u201d, explic\u00f3 el Gobierno bonaerense.<\/p>\n<blockquote>\n<h3 class=\"selectionShareable\">Los viajes se realizar\u00e1n entre agosto y octubre y los estudiantes tendr\u00e1n la posibilidad de concurrir a destinos de playa, sierras, r\u00edos o lagunas, durante 4 d\u00edas y 3 noches con alojamiento, comidas, transporte y excursiones incluidos.<\/h3>\n<\/blockquote>\n<p class=\"selectionShareable\">Unos 120.000 j\u00f3venes bonaerenses viajaron el a\u00f1o pasado y la actividad benefici\u00f3 a un total de 208 empresas de 12 destinos tur\u00edsticos provinciales.<\/p>\n<blockquote>\n<h3 class=\"selectionShareable\">El ministro de Producci\u00f3n, Ciencia e Innovaci\u00f3n Tecnol\u00f3gica bonaerense, Augusto Costa, se\u00f1al\u00f3 que <em>\u201csin este programa, ocho de cada diez estudiantes que ya viajaron, no hubieran tenido su viaje de fin de curso\u201d.<\/em><\/h3>\n<\/blockquote>\n<p class=\"selectionShareable\">Para inscribirse en los Viajes de Fin de Curso en la, cada estudiante deber\u00e1 completar de forma individual el formulario de inscripci\u00f3n en el siguiente enlace: viajefindecurso.gba.gob.ar, con fecha l\u00edmite para el 31 de marzo. Los interesados pueden obtener m\u00e1s informaci\u00f3n en el TikTok @viajefindecursoPBA. (<b>InfoGEI<\/b>) Mg<\/p>\n","protected":false},"excerpt":{"rendered":"<div class=\"mh-excerpt\"><p>Hasta el 31 de marzo los egresados de escuelas p\u00fablicas y privadas de la Provincia podr\u00e1n anotarse para viajar cuatro d\u00edas de forma gratuita. Los viajes se realizar\u00e1n entre agosto y octubre y los estudiantes <a class=\"mh-excerpt-more\" href=\"https:\/\/larevistadigital.com.ar\/blog\/estudiantes-bonaerenses-se-abrio-la-inscripcion-para-el-viaje-de-egresados-gratuito\/\" title=\"ESTUDIANTES BONAERENSES: SE ABRI\u00d3 LA INSCRIPCI\u00d3N PARA EL VIAJE DE EGRESADOS GRATUITO\">[Leer M\u00e1s]<\/a><\/p>\n<\/div>","protected":false},"author":3,"featured_media":30324,"comment_status":"open","ping_status":"open","sticky":false,"template":"","format":"standard","meta":{"_jetpack_memberships_contains_paid_content":false,"footnotes":"","jetpack_publicize_message":"","jetpack_publicize_feature_enabled":true,"jetpack_social_post_already_shared":true,"jetpack_social_options":{"image_generator_settings":{"template":"highway","default_image_id":0,"font":"","enabled":false},"version":2}},"categories":[50],"tags":[],"class_list":{"0":"post-30323","1":"post","2":"type-post","3":"status-publish","4":"format-standard","5":"has-post-thumbnail","7":"category-interes-general"},"jetpack_publicize_connections":[],"jetpack_featured_media_url":"https:\/\/i0.wp.com\/larevistadigital.com.ar\/blog\/wp-content\/uploads\/20230301155713_viajes-fin-de-curso-28-02-23-scaled-1.jpg?fit=880%2C512&ssl=1","jetpack_sharing_enabled":true,"jetpack_shortlink":"https:\/\/wp.me\/p8qtrQ-7T5","jetpack-related-posts":[{"id":37220,"url":"https:\/\/larevistadigital.com.ar\/blog\/javier-gaston-continuaremos-acompanando-los-viajes-de-egresados-para-todas-las-escuelas-primarias\/","url_meta":{"origin":30323,"position":0},"title":"Javier Gast\u00f3n: \u201cContinuaremos acompa\u00f1ando los viajes de egresados para todas las escuelas primarias\u201d","author":"Alejandro Sosa Ruda","date":"13 septiembre, 2024","format":false,"excerpt":"El intendente hizo el anuncio durante el acto por el D\u00eda del Maestro, destacando la importancia de esta experiencia para los estudiantes chascomunenses. 13 de Septiembre de 2024 CHASCOM\u00daS -\u00a0 En el marco de la celebraci\u00f3n, que tuvo lugar este jueves en la plaza Domingo Faustino Sarmiento, el intendente Javier\u2026","rel":"","context":"En \u00abINTERES GENERAL\u00bb","block_context":{"text":"INTERES GENERAL","link":"https:\/\/larevistadigital.com.ar\/blog\/category\/interes-general\/"},"img":{"alt_text":"","src":"https:\/\/i0.wp.com\/larevistadigital.com.ar\/blog\/wp-content\/uploads\/66e321a750a5b.png?fit=668%2C445&ssl=1&resize=350%2C200","width":350,"height":200,"srcset":"https:\/\/i0.wp.com\/larevistadigital.com.ar\/blog\/wp-content\/uploads\/66e321a750a5b.png?fit=668%2C445&ssl=1&resize=350%2C200 1x, https:\/\/i0.wp.com\/larevistadigital.com.ar\/blog\/wp-content\/uploads\/66e321a750a5b.png?fit=668%2C445&ssl=1&resize=525%2C300 1.5x"},"classes":[]},{"id":38123,"url":"https:\/\/larevistadigital.com.ar\/blog\/partio-un-nuevo-contingente-de-egresados-con-destino-a-la-costa\/","url_meta":{"origin":30323,"position":1},"title":"Parti\u00f3 un nuevo contingente de egresados con destino a La Costa","author":"Alejandro Sosa Ruda","date":"5 diciembre, 2024","format":false,"excerpt":"El viaje totalmente financiado por la Municipalidad de Chascom\u00fas, cierra una etapa en la vida de alumnos de 6to a\u00f1o del nivel primario de distintos establecimientos educativos 05 de Diciembre de 2024 CHASCOM\u00daS -\u00a0 Se trata del tercer contingente de egresados, que cierran la etapa escolar primaria, en el marco\u2026","rel":"","context":"En \u00abCHASCOM\u00daS\u00bb","block_context":{"text":"CHASCOM\u00daS","link":"https:\/\/larevistadigital.com.ar\/blog\/category\/chascomus\/"},"img":{"alt_text":"","src":"https:\/\/i0.wp.com\/larevistadigital.com.ar\/blog\/wp-content\/uploads\/6751e9d4a3480.png?fit=668%2C445&ssl=1&resize=350%2C200","width":350,"height":200,"srcset":"https:\/\/i0.wp.com\/larevistadigital.com.ar\/blog\/wp-content\/uploads\/6751e9d4a3480.png?fit=668%2C445&ssl=1&resize=350%2C200 1x, https:\/\/i0.wp.com\/larevistadigital.com.ar\/blog\/wp-content\/uploads\/6751e9d4a3480.png?fit=668%2C445&ssl=1&resize=525%2C300 1.5x"},"classes":[]},{"id":26063,"url":"https:\/\/larevistadigital.com.ar\/blog\/nueva-edicion-de-los-viajes-de-egresados-gratuitos-para-alumnos-bonaerenses\/","url_meta":{"origin":30323,"position":2},"title":"NUEVA EDICI\u00d3N DE LOS VIAJES DE EGRESADOS GRATUITOS PARA ALUMNOS BONAERENSES","author":"Alejandro Sosa Ruda","date":"24 junio, 2022","format":false,"excerpt":"Los viajes de fin de curso duran 4 d\u00edas y 3 noches, cuentan con dos excursiones diarias y una noctura, tienen todos los gastos incluidos -traslados, hoteler\u00eda, gastronom\u00eda y seguros. Visitan localidades de la provincia. Alumnas y alumnos del \u00faltimo a\u00f1o de colegios secundarios p\u00fablicos y privados de la provincia\u2026","rel":"","context":"En \u00abINTERES GENERAL\u00bb","block_context":{"text":"INTERES GENERAL","link":"https:\/\/larevistadigital.com.ar\/blog\/category\/interes-general\/"},"img":{"alt_text":"","src":"https:\/\/i0.wp.com\/larevistadigital.com.ar\/blog\/wp-content\/uploads\/VIAJES-EGRESADOS.png?fit=784%2C431&ssl=1&resize=350%2C200","width":350,"height":200,"srcset":"https:\/\/i0.wp.com\/larevistadigital.com.ar\/blog\/wp-content\/uploads\/VIAJES-EGRESADOS.png?fit=784%2C431&ssl=1&resize=350%2C200 1x, https:\/\/i0.wp.com\/larevistadigital.com.ar\/blog\/wp-content\/uploads\/VIAJES-EGRESADOS.png?fit=784%2C431&ssl=1&resize=525%2C300 1.5x, https:\/\/i0.wp.com\/larevistadigital.com.ar\/blog\/wp-content\/uploads\/VIAJES-EGRESADOS.png?fit=784%2C431&ssl=1&resize=700%2C400 2x"},"classes":[]},{"id":38209,"url":"https:\/\/larevistadigital.com.ar\/blog\/egresados-esta-manana-partio-el-ultimo-contingente-del-ano-hacia-la-costa\/","url_meta":{"origin":30323,"position":3},"title":"Egresados: esta ma\u00f1ana parti\u00f3 el \u00faltimo contingente del a\u00f1o hacia La Costa","author":"Alejandro Sosa Ruda","date":"11 diciembre, 2024","format":false,"excerpt":"170 chicos egresados de diferentes escuelas primarias disfrutan ya de su viaje educativo y recreativo, totalmente financiado por la Municipalidad de Chascom\u00fas. 11 de Diciembre de 2024 CHASCOM\u00daS\u00a0 -\u00a0 \u00a0En el marco del programa municipal que promueve la integraci\u00f3n de los estudiantes a trav\u00e9s de un viaje educativo y recreativo,\u2026","rel":"","context":"En \u00abINTERES GENERAL\u00bb","block_context":{"text":"INTERES GENERAL","link":"https:\/\/larevistadigital.com.ar\/blog\/category\/interes-general\/"},"img":{"alt_text":"","src":"https:\/\/i0.wp.com\/larevistadigital.com.ar\/blog\/wp-content\/uploads\/6759e5f889b74.png?fit=668%2C445&ssl=1&resize=350%2C200","width":350,"height":200,"srcset":"https:\/\/i0.wp.com\/larevistadigital.com.ar\/blog\/wp-content\/uploads\/6759e5f889b74.png?fit=668%2C445&ssl=1&resize=350%2C200 1x, https:\/\/i0.wp.com\/larevistadigital.com.ar\/blog\/wp-content\/uploads\/6759e5f889b74.png?fit=668%2C445&ssl=1&resize=525%2C300 1.5x"},"classes":[]},{"id":32728,"url":"https:\/\/larevistadigital.com.ar\/blog\/185-000-estudiantes-viajaran-por-la-provincia-gratis-en-los-viajes-de-fin-de-curso\/","url_meta":{"origin":30323,"position":4},"title":"185.000 ESTUDIANTES VIAJAR\u00c1N POR LA PROVINCIA GRATIS EN LOS \u00abVIAJES DE FIN DE CURSO\u00bb","author":"Alejandro Sosa Ruda","date":"3 agosto, 2023","format":false,"excerpt":"Este martes 1\u00ba de agosto salieron los primeros contingentes de estudiantes que viajar\u00e1n gratis a distintos destinos bonaerenses, como parte del programa provincial para igualar oportunidades y respaldar el turismo en temporada baja. 2 de agosto de 2023 BUENOS AIRES -\u00a0 El Ministerio de Producci\u00f3n, Ciencia e Innovaci\u00f3n Tecnol\u00f3gica de\u2026","rel":"","context":"En \u00abINTERES GENERAL\u00bb","block_context":{"text":"INTERES GENERAL","link":"https:\/\/larevistadigital.com.ar\/blog\/category\/interes-general\/"},"img":{"alt_text":"","src":"https:\/\/i0.wp.com\/larevistadigital.com.ar\/blog\/wp-content\/uploads\/20230802163051_viaje1.jpg?fit=880%2C512&ssl=1&resize=350%2C200","width":350,"height":200,"srcset":"https:\/\/i0.wp.com\/larevistadigital.com.ar\/blog\/wp-content\/uploads\/20230802163051_viaje1.jpg?fit=880%2C512&ssl=1&resize=350%2C200 1x, https:\/\/i0.wp.com\/larevistadigital.com.ar\/blog\/wp-content\/uploads\/20230802163051_viaje1.jpg?fit=880%2C512&ssl=1&resize=525%2C300 1.5x, https:\/\/i0.wp.com\/larevistadigital.com.ar\/blog\/wp-content\/uploads\/20230802163051_viaje1.jpg?fit=880%2C512&ssl=1&resize=700%2C400 2x"},"classes":[]},{"id":37872,"url":"https:\/\/larevistadigital.com.ar\/blog\/reunion-con-egresados-para-definir-el-cronograma-de-las-vueltas-olimpicas\/","url_meta":{"origin":30323,"position":5},"title":"Reuni\u00f3n con egresados para definir el cronograma de las \u00abvueltas ol\u00edmpicas\u00bb","author":"Alejandro Sosa Ruda","date":"13 noviembre, 2024","format":false,"excerpt":"Autoridades, familias y estudiantes acordaron pautas para garantizar tener festejos responsables por la finalizaci\u00f3n de la educaci\u00f3n secundaria. 13 de Noviembre de 2024 CHASCOM\u00daS\u00a0 -\u00a0 En el Palacio Municipal se desarroll\u00f3 el martes una reuni\u00f3n entre estudiantes que finalizan su ciclo secundario, padres, representantes de sus instituciones educativas y autoridades\u2026","rel":"","context":"En \u00abCHASCOM\u00daS\u00bb","block_context":{"text":"CHASCOM\u00daS","link":"https:\/\/larevistadigital.com.ar\/blog\/category\/chascomus\/"},"img":{"alt_text":"","src":"https:\/\/i0.wp.com\/larevistadigital.com.ar\/blog\/wp-content\/uploads\/6734f49df357a.png?fit=668%2C445&ssl=1&resize=350%2C200","width":350,"height":200,"srcset":"https:\/\/i0.wp.com\/larevistadigital.com.ar\/blog\/wp-content\/uploads\/6734f49df357a.png?fit=668%2C445&ssl=1&resize=350%2C200 1x, https:\/\/i0.wp.com\/larevistadigital.com.ar\/blog\/wp-content\/uploads\/6734f49df357a.png?fit=668%2C445&ssl=1&resize=525%2C300 1.5x"},"classes":[]}],"_links":{"self":[{"href":"https:\/\/larevistadigital.com.ar\/blog\/wp-json\/wp\/v2\/posts\/30323","targetHints":{"allow":["GET"]}}],"collection":[{"href":"https:\/\/larevistadigital.com.ar\/blog\/wp-json\/wp\/v2\/posts"}],"about":[{"href":"https:\/\/larevistadigital.com.ar\/blog\/wp-json\/wp\/v2\/types\/post"}],"author":[{"embeddable":true,"href":"https:\/\/larevistadigital.com.ar\/blog\/wp-json\/wp\/v2\/users\/3"}],"replies":[{"embeddable":true,"href":"https:\/\/larevistadigital.com.ar\/blog\/wp-json\/wp\/v2\/comments?post=30323"}],"version-history":[{"count":1,"href":"https:\/\/larevistadigital.com.ar\/blog\/wp-json\/wp\/v2\/posts\/30323\/revisions"}],"predecessor-version":[{"id":30325,"href":"https:\/\/larevistadigital.com.ar\/blog\/wp-json\/wp\/v2\/posts\/30323\/revisions\/30325"}],"wp:featuredmedia":[{"embeddable":true,"href":"https:\/\/larevistadigital.com.ar\/blog\/wp-json\/wp\/v2\/media\/30324"}],"wp:attachment":[{"href":"https:\/\/larevistadigital.com.ar\/blog\/wp-json\/wp\/v2\/media?parent=30323"}],"wp:term":[{"taxonomy":"category","embeddable":true,"href":"https:\/\/larevistadigital.com.ar\/blog\/wp-json\/wp\/v2\/categories?post=30323"},{"taxonomy":"post_tag","embeddable":true,"href":"https:\/\/larevistadigital.com.ar\/blog\/wp-json\/wp\/v2\/tags?post=30323"}],"curies":[{"name":"wp","href":"https:\/\/api.w.org\/{rel}","templated":true}]}}