{"id":30326,"date":"2023-03-02T15:54:52","date_gmt":"2023-03-02T15:54:52","guid":{"rendered":"https:\/\/larevistadigital.com.ar\/blog\/?p=30326"},"modified":"2023-03-02T15:54:52","modified_gmt":"2023-03-02T15:54:52","slug":"lanzaron-una-canasta-de-frutas-y-verduras-a-precios-justos-hasta-el-31-de-marzo","status":"publish","type":"post","link":"https:\/\/larevistadigital.com.ar\/blog\/lanzaron-una-canasta-de-frutas-y-verduras-a-precios-justos-hasta-el-31-de-marzo\/","title":{"rendered":"LANZARON UNA CANASTA DE FRUTAS Y VERDURAS A \u00abPRECIOS JUSTOS\u00bb HASTA EL 31 DE MARZO"},"content":{"rendered":"<h2 class=\"fparrafo ctext fz18 lh25\">Mantendr\u00e1 sus precios fijos por un mes con el objetivo de llevarle alivio a los bolsillos de los argentinos y argentinas y brindar orden, previsibilidad y disponibilidad de abastecimiento del sector. Concluida la vigencia, se renegociar\u00e1n nuevas pautas de precios y productos, teniendo en cuenta la estacionalidad que caracteriza al sector.<\/h2>\n<p>2 DE MARZO DE 2023<\/p>\n<p class=\"selectionShareable\">El secretario de Comercio, <strong>Mat\u00edas Tombolini<\/strong>, junto a proveedores del Mercado Central y representantes de la Asociaci\u00f3n de Supermercados Unidos (Asu) acordaron en el marco del programa Precios Justos el lanzamiento de una canasta de frutas y verduras de estaci\u00f3n con los productos que m\u00e1s consumen los argentinos.<\/p>\n<blockquote>\n<h3 class=\"selectionShareable\">La canasta, que tendr\u00e1 vigencia desde el 1 hasta el 31 de marzo, est\u00e1 compuesta por 6 productos relevantes para el consumidor promedio y a precios convenientes: papa, tomate, lechuga, manzana, cebolla y banana ecuatoriana y banana subtropical.<\/h3>\n<\/blockquote>\n<p class=\"selectionShareable\">Mantendr\u00e1 sus precios fijos por un mes con el objetivo de llevarle alivio a los bolsillos de los argentinos y argentinas y brindar orden, previsibilidad y disponibilidad de abastecimiento del sector. Concluida la vigencia, se renegociar\u00e1n nuevas pautas de precios y productos, teniendo en cuenta la estacionalidad que caracteriza al sector. Estos productos y precios estar\u00e1n disponibles en las grandes cadenas de supermercados del AMBA.<\/p>\n<blockquote>\n<h3 class=\"selectionShareable\">Los precios acordados (por kilo) ser\u00e1n los siguientes: papa negra $189, tomate redondo $299, lechuga $569, manzana royal gala $399, cebolla $189, banana ecuatoriana $470, banana subtropical $360. (<b>InfoGEI<\/b>) Mg<\/h3>\n<\/blockquote>\n<p>&nbsp;<\/p>\n","protected":false},"excerpt":{"rendered":"<div class=\"mh-excerpt\"><p>Mantendr\u00e1 sus precios fijos por un mes con el objetivo de llevarle alivio a los bolsillos de los argentinos y argentinas y brindar orden, previsibilidad y disponibilidad de abastecimiento del sector. Concluida la vigencia, se <a class=\"mh-excerpt-more\" href=\"https:\/\/larevistadigital.com.ar\/blog\/lanzaron-una-canasta-de-frutas-y-verduras-a-precios-justos-hasta-el-31-de-marzo\/\" title=\"LANZARON UNA CANASTA DE FRUTAS Y VERDURAS A \u00abPRECIOS JUSTOS\u00bb HASTA EL 31 DE MARZO\">[Leer M\u00e1s]<\/a><\/p>\n<\/div>","protected":false},"author":3,"featured_media":30327,"comment_status":"open","ping_status":"open","sticky":false,"template":"","format":"standard","meta":{"_jetpack_memberships_contains_paid_content":false,"footnotes":"","jetpack_publicize_message":"","jetpack_publicize_feature_enabled":true,"jetpack_social_post_already_shared":true,"jetpack_social_options":{"image_generator_settings":{"template":"highway","default_image_id":0,"font":"","enabled":false},"version":2}},"categories":[50],"tags":[],"class_list":{"0":"post-30326","1":"post","2":"type-post","3":"status-publish","4":"format-standard","5":"has-post-thumbnail","7":"category-interes-general"},"jetpack_publicize_connections":[],"jetpack_featured_media_url":"https:\/\/i0.wp.com\/larevistadigital.com.ar\/blog\/wp-content\/uploads\/20230301173100_frutas-verduras-inflacion-inflacion-supermercado-ipc-precios-canasta-basica-alimentos-min.jpg?fit=880%2C512&ssl=1","jetpack_sharing_enabled":true,"jetpack_shortlink":"https:\/\/wp.me\/p8qtrQ-7T8","jetpack-related-posts":[{"id":32192,"url":"https:\/\/larevistadigital.com.ar\/blog\/prorrogan-el-plan-ahora-12-hasta-el-31-1-2024-para-empresas-suscriptas-a-precios-justos\/","url_meta":{"origin":30326,"position":0},"title":"PRORROGAN EL PLAN AHORA 12 HASTA EL 31-1-2024 PARA EMPRESAS SUSCRIPTAS A \u00abPRECIOS JUSTOS\u00bb","author":"Alejandro Sosa Ruda","date":"30 junio, 2023","format":false,"excerpt":"Se abarcan 35 categor\u00edas de productos, entre los que se destacan los de l\u00ednea blanca, indumentaria, calzado y marroquiner\u00eda; materiales y herramientas para la construcci\u00f3n, muebles, bicicletas y motos cuyo precio final no supere los $ 730.000. 30 de junio de 2023 La Secretar\u00eda de Comercio prorrog\u00f3 la vigencia del\u2026","rel":"","context":"En \u00abINTERES GENERAL\u00bb","block_context":{"text":"INTERES GENERAL","link":"https:\/\/larevistadigital.com.ar\/blog\/category\/interes-general\/"},"img":{"alt_text":"","src":"https:\/\/i0.wp.com\/larevistadigital.com.ar\/blog\/wp-content\/uploads\/20230630164339_ahora12.jpg?fit=880%2C512&ssl=1&resize=350%2C200","width":350,"height":200,"srcset":"https:\/\/i0.wp.com\/larevistadigital.com.ar\/blog\/wp-content\/uploads\/20230630164339_ahora12.jpg?fit=880%2C512&ssl=1&resize=350%2C200 1x, https:\/\/i0.wp.com\/larevistadigital.com.ar\/blog\/wp-content\/uploads\/20230630164339_ahora12.jpg?fit=880%2C512&ssl=1&resize=525%2C300 1.5x, https:\/\/i0.wp.com\/larevistadigital.com.ar\/blog\/wp-content\/uploads\/20230630164339_ahora12.jpg?fit=880%2C512&ssl=1&resize=700%2C400 2x"},"classes":[]},{"id":2304,"url":"https:\/\/larevistadigital.com.ar\/blog\/mientras-en-chascomus-estudian-aumentar-las-tazas-en-general-las-heras-reducen-las-tasas-de-seguridad-e-higiene-para-bajar-los-precios\/","url_meta":{"origin":30326,"position":1},"title":"Mientras en Chascom\u00fas estudian aumentar las tazas en  General Las Heras reducen las tasas de seguridad e higiene para bajar los precios","author":"editor","date":"13 mayo, 2017","format":false,"excerpt":"Desde el municipio de Chascom\u00fas cuyo intendente tambi\u00e9n forma parte del FRENTE RENOVADOR, \u00a0que lidera Sergio Massa ahora con la compan\u00eda de Margarita Stolbizer, \u00a0buscan que le aprueben el aumento de las tazas existentes y la creaci\u00f3n de unas nuevas. Esto ir\u00eda en contramano de la ultima presentaci\u00f3n de los\u2026","rel":"","context":"En \u00abCHASCOM\u00daS\u00bb","block_context":{"text":"CHASCOM\u00daS","link":"https:\/\/larevistadigital.com.ar\/blog\/category\/chascomus\/"},"img":{"alt_text":"","src":"https:\/\/i0.wp.com\/larevistadigital.com.ar\/blog\/wp-content\/uploads\/2017\/05\/9eeb518b-3a36-43bd-86bb-183d6c7aaa25.jpg?fit=786%2C1200&ssl=1&resize=350%2C200","width":350,"height":200,"srcset":"https:\/\/i0.wp.com\/larevistadigital.com.ar\/blog\/wp-content\/uploads\/2017\/05\/9eeb518b-3a36-43bd-86bb-183d6c7aaa25.jpg?fit=786%2C1200&ssl=1&resize=350%2C200 1x, https:\/\/i0.wp.com\/larevistadigital.com.ar\/blog\/wp-content\/uploads\/2017\/05\/9eeb518b-3a36-43bd-86bb-183d6c7aaa25.jpg?fit=786%2C1200&ssl=1&resize=525%2C300 1.5x, https:\/\/i0.wp.com\/larevistadigital.com.ar\/blog\/wp-content\/uploads\/2017\/05\/9eeb518b-3a36-43bd-86bb-183d6c7aaa25.jpg?fit=786%2C1200&ssl=1&resize=700%2C400 2x"},"classes":[]},{"id":20556,"url":"https:\/\/larevistadigital.com.ar\/blog\/precios-cuidados-desde-junio-se-suman-32-productos-lacteos\/","url_meta":{"origin":30326,"position":2},"title":"PRECIOS CUIDADOS:  DESDE JUNIO SE SUMAN 32 PRODUCTOS L\u00c1CTEOS","author":"Alejandro Sosa Ruda","date":"31 mayo, 2021","format":false,"excerpt":"Se podr\u00e1n encontrar desde el pr\u00f3ximo mes en las g\u00f3ndolas de los supermercados. El total del rubro a precios accesibles es de 97 productos. El Gobierno firm\u00f3 un acuerdo con las principales c\u00e1maras l\u00e1cteas del pa\u00eds para garantizar el abastecimiento en el mercado interno a precios accesibles, que se canalizar\u00e1\u2026","rel":"","context":"En \u00abINTERES GENERAL\u00bb","block_context":{"text":"INTERES GENERAL","link":"https:\/\/larevistadigital.com.ar\/blog\/category\/interes-general\/"},"img":{"alt_text":"","src":"https:\/\/i0.wp.com\/larevistadigital.com.ar\/blog\/wp-content\/uploads\/5d78cca013b0e_1004x565.jpg?fit=1004%2C565&ssl=1&resize=350%2C200","width":350,"height":200,"srcset":"https:\/\/i0.wp.com\/larevistadigital.com.ar\/blog\/wp-content\/uploads\/5d78cca013b0e_1004x565.jpg?fit=1004%2C565&ssl=1&resize=350%2C200 1x, https:\/\/i0.wp.com\/larevistadigital.com.ar\/blog\/wp-content\/uploads\/5d78cca013b0e_1004x565.jpg?fit=1004%2C565&ssl=1&resize=525%2C300 1.5x, https:\/\/i0.wp.com\/larevistadigital.com.ar\/blog\/wp-content\/uploads\/5d78cca013b0e_1004x565.jpg?fit=1004%2C565&ssl=1&resize=700%2C400 2x"},"classes":[]},{"id":2203,"url":"https:\/\/larevistadigital.com.ar\/blog\/intendentes-de-massa-colaboraran-con-el-plan-bajemos-los-precios-reduciendo-las-tasas\/","url_meta":{"origin":30326,"position":3},"title":"INTENDENTES DE MASSA \u201cCOLABORARAN\u201d CON EL PLAN BAJEMOS LOS PRECIOS, REDUCIENDO LAS TASAS","author":"Alejandro Sosa Ruda","date":"4 mayo, 2017","format":false,"excerpt":"Los intendentes encolumnados en el Frente Renovador, adherir\u00e1n al plan \u201cBajemos los Precios\u201d, y uno de esos es el jefe comunal de Chascom\u00fas, Javier \u201cEl Chapa\u201d Gast\u00f3n (aunque parad\u00f3jicamente en Chascom\u00fas reclama la aprobaci\u00f3n de la ordenanza fiscal impositiva con aumento de tasas y la creaci\u00f3n de cinco nuevas) Los\u2026","rel":"","context":"En \u00abCHASCOM\u00daS\u00bb","block_context":{"text":"CHASCOM\u00daS","link":"https:\/\/larevistadigital.com.ar\/blog\/category\/chascomus\/"},"img":{"alt_text":"","src":"https:\/\/i0.wp.com\/larevistadigital.com.ar\/blog\/wp-content\/uploads\/2017\/05\/chapa-.jpg?fit=792%2C704&ssl=1&resize=350%2C200","width":350,"height":200,"srcset":"https:\/\/i0.wp.com\/larevistadigital.com.ar\/blog\/wp-content\/uploads\/2017\/05\/chapa-.jpg?fit=792%2C704&ssl=1&resize=350%2C200 1x, https:\/\/i0.wp.com\/larevistadigital.com.ar\/blog\/wp-content\/uploads\/2017\/05\/chapa-.jpg?fit=792%2C704&ssl=1&resize=525%2C300 1.5x, https:\/\/i0.wp.com\/larevistadigital.com.ar\/blog\/wp-content\/uploads\/2017\/05\/chapa-.jpg?fit=792%2C704&ssl=1&resize=700%2C400 2x"},"classes":[]},{"id":27238,"url":"https:\/\/larevistadigital.com.ar\/blog\/libres-del-sur-busca-juntar-un-millon-de-firmas-por-el-congelamiento-de-precios\/","url_meta":{"origin":30326,"position":4},"title":"LIBRES DEL SUR BUSCA JUNTAR UN MILL\u00d3N DE FIRMAS POR EL CONGELAMIENTO DE PRECIOS","author":"Alejandro Sosa Ruda","date":"23 agosto, 2022","format":false,"excerpt":"El objetivo es paralizar el valor de los productos de la Canasta B\u00e1sica de Alimentos y de las tarifas de luz y gas. 23 de agosto de 2022 Libres del Sur busca juntar un mill\u00f3n de firmas para congelar por un a\u00f1o el precio de los alimentos de la canasta\u2026","rel":"","context":"En \u00abDESTACADAS\u00bb","block_context":{"text":"DESTACADAS","link":"https:\/\/larevistadigital.com.ar\/blog\/category\/destacadas\/"},"img":{"alt_text":"","src":"https:\/\/i0.wp.com\/larevistadigital.com.ar\/blog\/wp-content\/uploads\/CAMPANA-FIRMAS-CONGELAMIENTO-CANASTA-BASICA.jpg?fit=1200%2C859&ssl=1&resize=350%2C200","width":350,"height":200,"srcset":"https:\/\/i0.wp.com\/larevistadigital.com.ar\/blog\/wp-content\/uploads\/CAMPANA-FIRMAS-CONGELAMIENTO-CANASTA-BASICA.jpg?fit=1200%2C859&ssl=1&resize=350%2C200 1x, https:\/\/i0.wp.com\/larevistadigital.com.ar\/blog\/wp-content\/uploads\/CAMPANA-FIRMAS-CONGELAMIENTO-CANASTA-BASICA.jpg?fit=1200%2C859&ssl=1&resize=525%2C300 1.5x, https:\/\/i0.wp.com\/larevistadigital.com.ar\/blog\/wp-content\/uploads\/CAMPANA-FIRMAS-CONGELAMIENTO-CANASTA-BASICA.jpg?fit=1200%2C859&ssl=1&resize=700%2C400 2x, https:\/\/i0.wp.com\/larevistadigital.com.ar\/blog\/wp-content\/uploads\/CAMPANA-FIRMAS-CONGELAMIENTO-CANASTA-BASICA.jpg?fit=1200%2C859&ssl=1&resize=1050%2C600 3x"},"classes":[]},{"id":43772,"url":"https:\/\/larevistadigital.com.ar\/blog\/vuelta-a-clases-la-canasta-escolar-subio-hasta-15\/","url_meta":{"origin":30326,"position":5},"title":"Vuelta a clases: la canasta escolar subi\u00f3 hasta 15%","author":"Alejandro Sosa Ruda","date":"4 febrero, 2026","format":false,"excerpt":"La canasta escolar subi\u00f3 hasta 15% y el secundario puede costar m\u00e1s de $1.100.000. Familias ajustan compras y buscan cuotas. 04 de febrero de 2026 El inicio del ciclo lectivo llega este a\u00f1o con un nuevo impacto sobre los presupuestos familiares. En un contexto de consumo cauteloso y precios que\u2026","rel":"","context":"En \u00abINTERES GENERAL\u00bb","block_context":{"text":"INTERES GENERAL","link":"https:\/\/larevistadigital.com.ar\/blog\/category\/interes-general\/"},"img":{"alt_text":"","src":"https:\/\/i0.wp.com\/larevistadigital.com.ar\/blog\/wp-content\/uploads\/Captura-de-pantalla-2026-02-04-214428.jpg?fit=797%2C473&ssl=1&resize=350%2C200","width":350,"height":200,"srcset":"https:\/\/i0.wp.com\/larevistadigital.com.ar\/blog\/wp-content\/uploads\/Captura-de-pantalla-2026-02-04-214428.jpg?fit=797%2C473&ssl=1&resize=350%2C200 1x, https:\/\/i0.wp.com\/larevistadigital.com.ar\/blog\/wp-content\/uploads\/Captura-de-pantalla-2026-02-04-214428.jpg?fit=797%2C473&ssl=1&resize=525%2C300 1.5x, https:\/\/i0.wp.com\/larevistadigital.com.ar\/blog\/wp-content\/uploads\/Captura-de-pantalla-2026-02-04-214428.jpg?fit=797%2C473&ssl=1&resize=700%2C400 2x"},"classes":[]}],"_links":{"self":[{"href":"https:\/\/larevistadigital.com.ar\/blog\/wp-json\/wp\/v2\/posts\/30326","targetHints":{"allow":["GET"]}}],"collection":[{"href":"https:\/\/larevistadigital.com.ar\/blog\/wp-json\/wp\/v2\/posts"}],"about":[{"href":"https:\/\/larevistadigital.com.ar\/blog\/wp-json\/wp\/v2\/types\/post"}],"author":[{"embeddable":true,"href":"https:\/\/larevistadigital.com.ar\/blog\/wp-json\/wp\/v2\/users\/3"}],"replies":[{"embeddable":true,"href":"https:\/\/larevistadigital.com.ar\/blog\/wp-json\/wp\/v2\/comments?post=30326"}],"version-history":[{"count":1,"href":"https:\/\/larevistadigital.com.ar\/blog\/wp-json\/wp\/v2\/posts\/30326\/revisions"}],"predecessor-version":[{"id":30328,"href":"https:\/\/larevistadigital.com.ar\/blog\/wp-json\/wp\/v2\/posts\/30326\/revisions\/30328"}],"wp:featuredmedia":[{"embeddable":true,"href":"https:\/\/larevistadigital.com.ar\/blog\/wp-json\/wp\/v2\/media\/30327"}],"wp:attachment":[{"href":"https:\/\/larevistadigital.com.ar\/blog\/wp-json\/wp\/v2\/media?parent=30326"}],"wp:term":[{"taxonomy":"category","embeddable":true,"href":"https:\/\/larevistadigital.com.ar\/blog\/wp-json\/wp\/v2\/categories?post=30326"},{"taxonomy":"post_tag","embeddable":true,"href":"https:\/\/larevistadigital.com.ar\/blog\/wp-json\/wp\/v2\/tags?post=30326"}],"curies":[{"name":"wp","href":"https:\/\/api.w.org\/{rel}","templated":true}]}}