{"id":30333,"date":"2023-03-02T22:30:56","date_gmt":"2023-03-02T22:30:56","guid":{"rendered":"https:\/\/larevistadigital.com.ar\/blog\/?p=30333"},"modified":"2023-03-02T22:30:56","modified_gmt":"2023-03-02T22:30:56","slug":"general-conesa-tres-policias-se-accidentaron-en-la-ruta-11-una-agente-esta-grave","status":"publish","type":"post","link":"https:\/\/larevistadigital.com.ar\/blog\/general-conesa-tres-policias-se-accidentaron-en-la-ruta-11-una-agente-esta-grave\/","title":{"rendered":"GENERAL CONESA: TRES POLIC\u00cdAS SE ACCIDENTARON EN LA RUTA 11. UNA AGENTE EST\u00c1 GRAVE&#8230;"},"content":{"rendered":"<h2 class=\"nota__hero__summary\">El accidente ocurri\u00f3 a la altura del kil\u00f3metro\u00a0231 de la Ruta 11, en jurisdicci\u00f3n de General Conesa. Regresaban de cumplir funciones en el Partido de La Costa en el marco del operativo de Sol a Sol.<\/h2>\n<p>2 de marzo de 2023<\/p>\n<p><strong>GENERAL CONESA &#8211;\u00a0<\/strong> Tres efectivos de la<strong>\u00a0Polic\u00eda Bonaerense\u00a0<\/strong>(dos hombres y una mujer) sufrieron un grave accidente al despistarse y volcar la Ford EcoSport en la que circulaban a la altura del\u00a0<strong>kil\u00f3metro 231 de la Ruta 11<\/strong>, en jurisdicci\u00f3n de\u00a0<strong>General Conesa<\/strong>, partido de Tordillo.<\/p>\n<blockquote>\n<h3>De inmediato, los tres integrantes de la UTOI (Unidad T\u00e1ctica de Operaciones Inmediatas) fueron trasladados al\u00a0<strong>Hospital \u201cSan Roque\u201d de Dolores<\/strong>. Dos de ellos, identificados como\u00a0<strong>Brian Nahuel Vallejos<\/strong>\u00a0y<strong>\u00a0Hern\u00e1n Gabriel Montero<\/strong>, s\u00f3lo sufrieron golpes leves.<\/h3>\n<\/blockquote>\n<p>En cambio, la mujer \u2013cuyo nombre es\u00a0<strong>Laura Andrea Yba\u00f1ez<\/strong>\u00a0y viajaba en la parte trasera del veh\u00edculo\u2013\u00a0\u00a0<strong>sufri\u00f3 heridas graves<\/strong>\u00a0en el accidente, por lo que fue derivada a un centro de mayor complejidad en la Ciudad de Buenos Aires.<\/p>\n<blockquote>\n<h3>Para el traslado se implement\u00f3 un cord\u00f3n sanitario con \u00ab<strong>c\u00f3digo rojo<\/strong>\u00bb debido a la emergencia y al grave cuadro que presentaba la agente policial herida. El dispositivo estuvo planificado y encabezado por la\u00a0<strong>Divisi\u00f3n Motorizada Zona Sur,<\/strong>\u00a0con coordinaci\u00f3n en cada jurisdicci\u00f3n para abrir paso y agilizar la circulaci\u00f3n de la ambulancia.<\/h3>\n<\/blockquote>\n<p>Cabe agregar que los efectivos, oriundos de\u00a0<strong>La Matanza\u00a0<\/strong>y<strong>\u00a0Florencio Varela<\/strong>, regresaban de cumplir funciones en el\u00a0<strong>Partido de La Costa\u00a0<\/strong>en el marco del \u201cOperativo de Sol a Sol\u201d.<\/p>\n<p>publicada en \u00abentrel\u00edneas\u00bb<\/p>\n","protected":false},"excerpt":{"rendered":"<div class=\"mh-excerpt\"><p>El accidente ocurri\u00f3 a la altura del kil\u00f3metro\u00a0231 de la Ruta 11, en jurisdicci\u00f3n de General Conesa. Regresaban de cumplir funciones en el Partido de La Costa en el marco del operativo de Sol a <a class=\"mh-excerpt-more\" href=\"https:\/\/larevistadigital.com.ar\/blog\/general-conesa-tres-policias-se-accidentaron-en-la-ruta-11-una-agente-esta-grave\/\" title=\"GENERAL CONESA: TRES POLIC\u00cdAS SE ACCIDENTARON EN LA RUTA 11. UNA AGENTE EST\u00c1 GRAVE&#8230;\">[Leer M\u00e1s]<\/a><\/p>\n<\/div>","protected":false},"author":3,"featured_media":30334,"comment_status":"open","ping_status":"open","sticky":false,"template":"","format":"standard","meta":{"_jetpack_memberships_contains_paid_content":false,"footnotes":"","jetpack_publicize_message":"","jetpack_publicize_feature_enabled":true,"jetpack_social_post_already_shared":true,"jetpack_social_options":{"image_generator_settings":{"template":"highway","default_image_id":0,"font":"","enabled":false},"version":2}},"categories":[44,51],"tags":[],"class_list":{"0":"post-30333","1":"post","2":"type-post","3":"status-publish","4":"format-standard","5":"has-post-thumbnail","7":"category-policiales","8":"category-regionales"},"jetpack_publicize_connections":[],"jetpack_featured_media_url":"https:\/\/i0.wp.com\/larevistadigital.com.ar\/blog\/wp-content\/uploads\/19a66484aa15667e4345fbf09d097b0f5e9bed14.jpeg?fit=1140%2C686&ssl=1","jetpack_sharing_enabled":true,"jetpack_shortlink":"https:\/\/wp.me\/p8qtrQ-7Tf","jetpack-related-posts":[{"id":29788,"url":"https:\/\/larevistadigital.com.ar\/blog\/ruta-11-accidente-fatal-murio-una-mujer-y-hay-varios-heridos-graves\/","url_meta":{"origin":30333,"position":0},"title":"RUTA 11: ACCIDENTE FATAL. MURI\u00d3 UNA MUJER Y HAY VARIOS HERIDOS GRAVES","author":"Alejandro Sosa Ruda","date":"16 enero, 2023","format":false,"excerpt":"Fue un choque, a la altura de General Conesa. Los veh\u00edculos involucrados circulaban en el mismo sentido. 16 de enero de 2023 CONESA -\u00a0 En pleno recambio de quincena se produjo un\u00a0fatal accidente en la ruta 11, a la altura de General Conesa, donde colisionaron dos veh\u00edculos que circulaban en\u2026","rel":"","context":"En \u00abINTERES GENERAL\u00bb","block_context":{"text":"INTERES GENERAL","link":"https:\/\/larevistadigital.com.ar\/blog\/category\/interes-general\/"},"img":{"alt_text":"","src":"https:\/\/i0.wp.com\/larevistadigital.com.ar\/blog\/wp-content\/uploads\/36befbf924f55720e65aa3b3987517c254b83b16.jpg?fit=1140%2C712&ssl=1&resize=350%2C200","width":350,"height":200,"srcset":"https:\/\/i0.wp.com\/larevistadigital.com.ar\/blog\/wp-content\/uploads\/36befbf924f55720e65aa3b3987517c254b83b16.jpg?fit=1140%2C712&ssl=1&resize=350%2C200 1x, https:\/\/i0.wp.com\/larevistadigital.com.ar\/blog\/wp-content\/uploads\/36befbf924f55720e65aa3b3987517c254b83b16.jpg?fit=1140%2C712&ssl=1&resize=525%2C300 1.5x, https:\/\/i0.wp.com\/larevistadigital.com.ar\/blog\/wp-content\/uploads\/36befbf924f55720e65aa3b3987517c254b83b16.jpg?fit=1140%2C712&ssl=1&resize=700%2C400 2x, https:\/\/i0.wp.com\/larevistadigital.com.ar\/blog\/wp-content\/uploads\/36befbf924f55720e65aa3b3987517c254b83b16.jpg?fit=1140%2C712&ssl=1&resize=1050%2C600 3x"},"classes":[]},{"id":44293,"url":"https:\/\/larevistadigital.com.ar\/blog\/volcaron-en-la-ruta-y-sobrevivieron-de-milagro\/","url_meta":{"origin":30333,"position":1},"title":"Volcaron en la Ruta y sobrevivieron de milagro","author":"Alejandro Sosa Ruda","date":"4 marzo, 2026","format":false,"excerpt":"Una pareja de jubilados marplatenses sufri\u00f3 un violento accidente a la altura de General Conesa cuando el auto mordi\u00f3 la banquina y dio varios tumbos. Ambos fueron trasladados al hospital de General Madariaga. 04 de marzo de 2026 Una pareja que viajaba desde la costa atl\u00e1ntica hacia La Plata protagoniz\u00f3\u2026","rel":"","context":"En \u00abINTERES GENERAL\u00bb","block_context":{"text":"INTERES GENERAL","link":"https:\/\/larevistadigital.com.ar\/blog\/category\/interes-general\/"},"img":{"alt_text":"","src":"https:\/\/i0.wp.com\/larevistadigital.com.ar\/blog\/wp-content\/uploads\/Captura-de-pantalla-2026-03-04-113738.jpg?fit=886%2C395&ssl=1&resize=350%2C200","width":350,"height":200,"srcset":"https:\/\/i0.wp.com\/larevistadigital.com.ar\/blog\/wp-content\/uploads\/Captura-de-pantalla-2026-03-04-113738.jpg?fit=886%2C395&ssl=1&resize=350%2C200 1x, https:\/\/i0.wp.com\/larevistadigital.com.ar\/blog\/wp-content\/uploads\/Captura-de-pantalla-2026-03-04-113738.jpg?fit=886%2C395&ssl=1&resize=525%2C300 1.5x, https:\/\/i0.wp.com\/larevistadigital.com.ar\/blog\/wp-content\/uploads\/Captura-de-pantalla-2026-03-04-113738.jpg?fit=886%2C395&ssl=1&resize=700%2C400 2x"},"classes":[]},{"id":30916,"url":"https:\/\/larevistadigital.com.ar\/blog\/ruta-11-accidente-y-vuelco-de-una-familia-en-castelli\/","url_meta":{"origin":30333,"position":2},"title":"RUTA 11: ACCIDENTE Y VUELCO DE UNA FAMILIA EN CASTELLI","author":"Alejandro Sosa Ruda","date":"6 abril, 2023","format":false,"excerpt":"El accidente se produjo en el kil\u00f3metro 209 de la Ruta 11, a la altura de la localidad de Cerro de la Gloria. Los 4 integrantes, que llevaban cintur\u00f3n de seguridad, resultaron ilesos. 6 de abril de 2023 CASTELLI -\u00a0 Una familia de\u00a0Santa Teresita\u00a0sufri\u00f3 ayer martes por la noche un\u2026","rel":"","context":"En \u00abCASTELLI\u00bb","block_context":{"text":"CASTELLI","link":"https:\/\/larevistadigital.com.ar\/blog\/category\/castelli\/"},"img":{"alt_text":"","src":"https:\/\/i0.wp.com\/larevistadigital.com.ar\/blog\/wp-content\/uploads\/efde9f77fdbe0169a3111ada47dea04fa0f25642.jpeg?fit=1140%2C698&ssl=1&resize=350%2C200","width":350,"height":200,"srcset":"https:\/\/i0.wp.com\/larevistadigital.com.ar\/blog\/wp-content\/uploads\/efde9f77fdbe0169a3111ada47dea04fa0f25642.jpeg?fit=1140%2C698&ssl=1&resize=350%2C200 1x, https:\/\/i0.wp.com\/larevistadigital.com.ar\/blog\/wp-content\/uploads\/efde9f77fdbe0169a3111ada47dea04fa0f25642.jpeg?fit=1140%2C698&ssl=1&resize=525%2C300 1.5x, https:\/\/i0.wp.com\/larevistadigital.com.ar\/blog\/wp-content\/uploads\/efde9f77fdbe0169a3111ada47dea04fa0f25642.jpeg?fit=1140%2C698&ssl=1&resize=700%2C400 2x, https:\/\/i0.wp.com\/larevistadigital.com.ar\/blog\/wp-content\/uploads\/efde9f77fdbe0169a3111ada47dea04fa0f25642.jpeg?fit=1140%2C698&ssl=1&resize=1050%2C600 3x"},"classes":[]},{"id":19141,"url":"https:\/\/larevistadigital.com.ar\/blog\/ruta-2-accidente-a-la-altura-de-castelli-con-cinco-heridos\/","url_meta":{"origin":30333,"position":3},"title":"RUTA 2: ACCIDENTE A LA ALTURA DE CASTELLI CON CINCO HERIDOS","author":"Alejandro Sosa Ruda","date":"2 marzo, 2021","format":false,"excerpt":"El choque fue protagonizado por un cami\u00f3n y una camioneta. Los servicios de emergencia debieron asistir a los ocupantes de los veh\u00edculos. Un total de cinco personas resultaron heridas como consecuencia de un accidente de tr\u00e1nsito ocurrido en el kil\u00f3metro 193 de la Ruta 2, en jurisdicci\u00f3n del partido de\u2026","rel":"","context":"En \u00abINTERES GENERAL\u00bb","block_context":{"text":"INTERES GENERAL","link":"https:\/\/larevistadigital.com.ar\/blog\/category\/interes-general\/"},"img":{"alt_text":"","src":"https:\/\/i0.wp.com\/larevistadigital.com.ar\/blog\/wp-content\/uploads\/baddb3d915a1a844eab9dab86c67cb371d190bb7.jpg?fit=1140%2C699&ssl=1&resize=350%2C200","width":350,"height":200,"srcset":"https:\/\/i0.wp.com\/larevistadigital.com.ar\/blog\/wp-content\/uploads\/baddb3d915a1a844eab9dab86c67cb371d190bb7.jpg?fit=1140%2C699&ssl=1&resize=350%2C200 1x, https:\/\/i0.wp.com\/larevistadigital.com.ar\/blog\/wp-content\/uploads\/baddb3d915a1a844eab9dab86c67cb371d190bb7.jpg?fit=1140%2C699&ssl=1&resize=525%2C300 1.5x, https:\/\/i0.wp.com\/larevistadigital.com.ar\/blog\/wp-content\/uploads\/baddb3d915a1a844eab9dab86c67cb371d190bb7.jpg?fit=1140%2C699&ssl=1&resize=700%2C400 2x, https:\/\/i0.wp.com\/larevistadigital.com.ar\/blog\/wp-content\/uploads\/baddb3d915a1a844eab9dab86c67cb371d190bb7.jpg?fit=1140%2C699&ssl=1&resize=1050%2C600 3x"},"classes":[]},{"id":42082,"url":"https:\/\/larevistadigital.com.ar\/blog\/tragedia-en-la-ruta-2-una-mujer-murio-al-chocar-contra-el-guardarrail\/","url_meta":{"origin":30333,"position":4},"title":"Tragedia en la Ruta 2: una mujer muri\u00f3 al chocar contra el guardarra\u00edl","author":"Alejandro Sosa Ruda","date":"19 octubre, 2025","format":false,"excerpt":"El accidente ocurri\u00f3 durante la madrugada del s\u00e1bado, a la altura del kil\u00f3metro 253 en Gral. Guido.\u00a0 La v\u00edctima, de 72 a\u00f1os, viajaba con su pareja, que result\u00f3 con heridas leves. 19 de Octubre de 2025 General Guido.- BUENOS AIRES -\u00a0 Un nuevo accidente fatal se registr\u00f3 en la madrugada\u2026","rel":"","context":"En \u00abPOLICIALES\u00bb","block_context":{"text":"POLICIALES","link":"https:\/\/larevistadigital.com.ar\/blog\/category\/policiales\/"},"img":{"alt_text":"","src":"https:\/\/i0.wp.com\/larevistadigital.com.ar\/blog\/wp-content\/uploads\/4a3e11ff20abed0a478648db76313199e4f2b18e.jpg?fit=1140%2C652&ssl=1&resize=350%2C200","width":350,"height":200,"srcset":"https:\/\/i0.wp.com\/larevistadigital.com.ar\/blog\/wp-content\/uploads\/4a3e11ff20abed0a478648db76313199e4f2b18e.jpg?fit=1140%2C652&ssl=1&resize=350%2C200 1x, https:\/\/i0.wp.com\/larevistadigital.com.ar\/blog\/wp-content\/uploads\/4a3e11ff20abed0a478648db76313199e4f2b18e.jpg?fit=1140%2C652&ssl=1&resize=525%2C300 1.5x, https:\/\/i0.wp.com\/larevistadigital.com.ar\/blog\/wp-content\/uploads\/4a3e11ff20abed0a478648db76313199e4f2b18e.jpg?fit=1140%2C652&ssl=1&resize=700%2C400 2x, https:\/\/i0.wp.com\/larevistadigital.com.ar\/blog\/wp-content\/uploads\/4a3e11ff20abed0a478648db76313199e4f2b18e.jpg?fit=1140%2C652&ssl=1&resize=1050%2C600 3x"},"classes":[]},{"id":17738,"url":"https:\/\/larevistadigital.com.ar\/blog\/accidente-fatal-en-la-ruta-11-dos-personas-fallecidas-en-choque-frontal\/","url_meta":{"origin":30333,"position":5},"title":"ACCIDENTE FATAL EN LA RUTA 11: DOS PERSONAS FALLECIDAS EN CHOQUE FRONTAL","author":"Alejandro Sosa Ruda","date":"19 noviembre, 2020","format":false,"excerpt":"El tr\u00e1gico hecho ocurri\u00f3 esta ma\u00f1ana, en el kilometro 385, a la altura de Costa Esmeralda. Adem\u00e1s, hay tres heridos de gravedad. Un accidente fatal ocurri\u00f3 en primeras horas de la ma\u00f1ana de este jueves en el kilometro 385 de la Ruta 11, a la altura de Costa Esmeralda, la\u2026","rel":"","context":"En \u00abPOLICIALES\u00bb","block_context":{"text":"POLICIALES","link":"https:\/\/larevistadigital.com.ar\/blog\/category\/policiales\/"},"img":{"alt_text":"","src":"https:\/\/i0.wp.com\/larevistadigital.com.ar\/blog\/wp-content\/uploads\/3807eff0639874a7cf71b6d3d738cbef1a3c8aa2.jpg?fit=1140%2C711&ssl=1&resize=350%2C200","width":350,"height":200,"srcset":"https:\/\/i0.wp.com\/larevistadigital.com.ar\/blog\/wp-content\/uploads\/3807eff0639874a7cf71b6d3d738cbef1a3c8aa2.jpg?fit=1140%2C711&ssl=1&resize=350%2C200 1x, https:\/\/i0.wp.com\/larevistadigital.com.ar\/blog\/wp-content\/uploads\/3807eff0639874a7cf71b6d3d738cbef1a3c8aa2.jpg?fit=1140%2C711&ssl=1&resize=525%2C300 1.5x, https:\/\/i0.wp.com\/larevistadigital.com.ar\/blog\/wp-content\/uploads\/3807eff0639874a7cf71b6d3d738cbef1a3c8aa2.jpg?fit=1140%2C711&ssl=1&resize=700%2C400 2x, https:\/\/i0.wp.com\/larevistadigital.com.ar\/blog\/wp-content\/uploads\/3807eff0639874a7cf71b6d3d738cbef1a3c8aa2.jpg?fit=1140%2C711&ssl=1&resize=1050%2C600 3x"},"classes":[]}],"_links":{"self":[{"href":"https:\/\/larevistadigital.com.ar\/blog\/wp-json\/wp\/v2\/posts\/30333","targetHints":{"allow":["GET"]}}],"collection":[{"href":"https:\/\/larevistadigital.com.ar\/blog\/wp-json\/wp\/v2\/posts"}],"about":[{"href":"https:\/\/larevistadigital.com.ar\/blog\/wp-json\/wp\/v2\/types\/post"}],"author":[{"embeddable":true,"href":"https:\/\/larevistadigital.com.ar\/blog\/wp-json\/wp\/v2\/users\/3"}],"replies":[{"embeddable":true,"href":"https:\/\/larevistadigital.com.ar\/blog\/wp-json\/wp\/v2\/comments?post=30333"}],"version-history":[{"count":1,"href":"https:\/\/larevistadigital.com.ar\/blog\/wp-json\/wp\/v2\/posts\/30333\/revisions"}],"predecessor-version":[{"id":30335,"href":"https:\/\/larevistadigital.com.ar\/blog\/wp-json\/wp\/v2\/posts\/30333\/revisions\/30335"}],"wp:featuredmedia":[{"embeddable":true,"href":"https:\/\/larevistadigital.com.ar\/blog\/wp-json\/wp\/v2\/media\/30334"}],"wp:attachment":[{"href":"https:\/\/larevistadigital.com.ar\/blog\/wp-json\/wp\/v2\/media?parent=30333"}],"wp:term":[{"taxonomy":"category","embeddable":true,"href":"https:\/\/larevistadigital.com.ar\/blog\/wp-json\/wp\/v2\/categories?post=30333"},{"taxonomy":"post_tag","embeddable":true,"href":"https:\/\/larevistadigital.com.ar\/blog\/wp-json\/wp\/v2\/tags?post=30333"}],"curies":[{"name":"wp","href":"https:\/\/api.w.org\/{rel}","templated":true}]}}