{"id":30340,"date":"2023-03-03T11:43:51","date_gmt":"2023-03-03T11:43:51","guid":{"rendered":"https:\/\/larevistadigital.com.ar\/blog\/?p=30340"},"modified":"2023-03-03T11:43:51","modified_gmt":"2023-03-03T11:43:51","slug":"esto-paso-un-dia-como-hoy-3-de-marzo","status":"publish","type":"post","link":"https:\/\/larevistadigital.com.ar\/blog\/esto-paso-un-dia-como-hoy-3-de-marzo\/","title":{"rendered":"ESTO PAS\u00d3 UN D\u00cdA COMO HOY, 3 DE MARZO"},"content":{"rendered":"<h3 class=\"paragraph\"><strong><span style=\"color: #ff0000\">Otras Efem\u00e9rides:<\/span><\/strong><\/h3>\n<p class=\"paragraph\">1820.- Se firma el Compromiso de Missouri, por el cual se autoriza la esclavitud solo en los Estados situados al sur del paralelo 36.<\/p>\n<p class=\"paragraph\">1845.- El territorio de Florida se convierte en el vig\u00e9simo s\u00e9ptimo estado de los Estados Unidos de Am\u00e9rica.<\/p>\n<p class=\"paragraph\">1861.- Un edicto del zar Alejandro II de Rusia emancipa a los siervos de la gleba, los campesinos adscritos a la tierra en r\u00e9gimen de servidumbre.<\/p>\n<p class=\"paragraph\">1875.- La \u00f3pera dram\u00e1tica \u00abCarmen\u00bb del compositor Georges Bizet se estrena en Par\u00eds (Francia).<\/p>\n<p class=\"paragraph\">1878.- Se firma el tratado de San Stefano, el acuerdo de paz que impuso el Imperio ruso al Imperio otomano tras su victoria en la guerra.<\/p>\n<p class=\"paragraph\">1918.- El Tratado de Brest-Litovsk pone fin a las hostilidades entre el Imperio alem\u00e1n y la Rusia sovi\u00e9tica durante el transcurso de la I Guerra Mundial.<\/p>\n<p class=\"paragraph\">1924.- La Asamblea Nacional Turca, apoyada por el jefe del Estado, Mustaf\u00e1 Kemal \u0093Atat\u00fcrk\u0094, aprueba la abolici\u00f3n del Califato.<\/p>\n<p class=\"paragraph\">1933.- Un se\u00edsmo de magnitud 8,1 en la costa noreste de Jap\u00f3n (Sanriku) causa 3.000 muertos.<\/p>\n<p class=\"paragraph\">1943.- El pacifista Mahatma Gandhi finaliza su \u00faltima huelga de hambre contra la presencia brit\u00e1nica en la India.<\/p>\n<p class=\"paragraph\">1945.- Se firma en Ciudad de M\u00e9xico el \u00abActa de Chapultepec\u00bb, acuerdo que ampliaba el pacto de solidaridad rec\u00edproca establecido entre los pa\u00edses americanos.<\/p>\n<p class=\"paragraph\">1951.- Jackie Brenston and The Delta Cats graban en la localidad estadounidense de Memphis \u00abRocket 88\u00bb, catalogado por muchos analistas musicales como el primer tema de rock and roll de la historia.<\/p>\n<p class=\"paragraph\">1952.- Puerto Rico ratifica en refer\u00e9ndum la Constituci\u00f3n del Estado Libre Asociado de los Estados Unidos de Am\u00e9rica.<\/p>\n<p class=\"paragraph\">1961.- El Rey Has\u00e1n II de Marruecos es coronado en Rabat, unos d\u00edas despu\u00e9s del fallecimiento de su padre Mohamed V.<\/p>\n<p class=\"paragraph\">1966.- La banda pionera del folk rock Buffalo Springfield se forma en Estados Unidos con Neil Young y Stephen Stills entre sus integrantes.<\/p>\n<p class=\"paragraph\">1991.- Los independentistas de Letonia y de Estonia vencen en los respectivos plebiscitos para separarse de la URSS.<\/p>\n<p class=\"paragraph\">2002.- Los suizos aprueban en refer\u00e9ndum su incorporaci\u00f3n a la Organizaci\u00f3n de Naciones Unidas (ONU) y acaban con su tradicional aislamiento de los organismos internacionales.<\/p>\n<p class=\"paragraph\">2006.- La Justicia ecuatoriana sobresee la causa por sedici\u00f3n contra el expresidente Lucio Guti\u00e9rrez y ordena su puesta en libertad.<\/p>\n<p class=\"paragraph\">2008.- Ecuador rompe relaciones diplom\u00e1ticas con Colombia tras el ataque militar de este pa\u00eds a una base de las FARC en territorio ecuatoriano.<\/p>\n<p class=\"paragraph\">2012.- La petrolera BP acuerda indemnizar con 7.800 millones de d\u00f3lares a los afectados en 2010 por el vertido de crudo en el golfo de M\u00e9xico.<\/p>\n<p class=\"paragraph\">2021.- El primer ministro de Hungr\u00eda, Viktor Orb\u00e1n, retira a su formaci\u00f3n pol\u00edtica, el Fidesz, del grupo parlamentario del Partido Popular Europeo (PPE).<\/p>\n<h3 class=\"paragraph\"><span style=\"color: #ff0000\">NACIMIENTOS<\/span><\/h3>\n<p class=\"paragraph\">1606.- Edmund Waller, poeta ingl\u00e9s.<\/p>\n<p class=\"paragraph\">1756.- William Godwin, escritor y periodista brit\u00e1nico.<\/p>\n<p class=\"paragraph\">1847.- Alexander Graham Bell, cient\u00edfico brit\u00e1nico, considerado uno de los inventores del tel\u00e9fono.<\/p>\n<p class=\"paragraph\">1868.- \u00c9mile Chartier (Alain), fil\u00f3sofo y periodista franc\u00e9s.<\/p>\n<p class=\"paragraph\">1878.- Edward Thomas, escritor brit\u00e1nico.<\/p>\n<p class=\"paragraph\">1882.- Carlo Ponzi, estafador estadounidense de origen italiano.<\/p>\n<p class=\"paragraph\">1911.- Jean Harlow, actriz estadounidense.<\/p>\n<p class=\"paragraph\">1918.- Arnold Newman, fot\u00f3grafo estadounidense.<\/p>\n<p class=\"paragraph\">1921.- Diana Barrymore, actriz estadounidense.<\/p>\n<p class=\"paragraph\">1923.- Doc Watson, cantante, compositor y m\u00fasico estadounidense.<\/p>\n<p class=\"paragraph\">1930.- Ion Iliescu, pol\u00edtico rumano.<\/p>\n<p class=\"paragraph\">1933.- Alfredo Landa, actor espa\u00f1ol.<\/p>\n<p class=\"paragraph\">1935.- Michael Walzer, fil\u00f3sofo estadounidense.<\/p>\n<p class=\"paragraph\">1937.- Bobby Driscoll, actor estadounidense .<\/p>\n<p class=\"paragraph\">1945.- George Miller, cineasta australiano.<\/p>\n<p class=\"paragraph\">1949.- Gloria Hendry, modelo y actriz estadounidense.<\/p>\n<p class=\"paragraph\">1953.- Arthur Antunes Coimbra, \u00abZico\u00bb, futbolista brasile\u00f1o.<\/p>\n<p class=\"paragraph\">1954.- Harald Anton Schumacher, futbolista alem\u00e1n.<\/p>\n<p class=\"paragraph\">1955.- Jorge Vergara, empresario mexicano.<\/p>\n<p class=\"paragraph\">1958.- Marcos Valc\u00e1rcel, historiador y escritor espa\u00f1ol.<\/p>\n<p class=\"paragraph\">1966.- Mija\u00edl Mishust\u00edn, economista y pol\u00edtico ruso.<\/p>\n<p class=\"paragraph\">1978.- Alejandra Azc\u00e1rate, modelo, presentadora y actriz colombiana.<\/p>\n<p class=\"paragraph\">1986.- Mart\u00edn Piroyansky, actor y cineasta argentino.<\/p>\n<p class=\"paragraph\">1990.- Alexina Graham, modelo brit\u00e1nica.<\/p>\n<p class=\"paragraph\">1996.- Jeremy Zucker, cantante estadounidense.<\/p>\n<h3 class=\"paragraph\"><span style=\"color: #ff0000\">DEFUNCIONES<\/span><\/h3>\n<p class=\"paragraph\">1459.- Ausi\u00e0s March, poeta espa\u00f1ol.<\/p>\n<p class=\"paragraph\">1706.- Johann Pachelbel, organista y compositor alem\u00e1n.<\/p>\n<p class=\"paragraph\">1927.- Mija\u00edl Petr\u00f3vich Artsib\u00e1shev, escritor ruso.<\/p>\n<p class=\"paragraph\">1939.- Edmund Beecher Wilson, zo\u00f3logo estadounidense.<\/p>\n<p class=\"paragraph\">1959.- Lou Costello, actor y comediante estadounidense.<\/p>\n<p class=\"paragraph\">1966.- Alice Pearce, actriz estadounidense.<\/p>\n<p class=\"paragraph\">1982.- Georges Perec, escritor franc\u00e9s.<\/p>\n<p class=\"paragraph\">1983.- Georges Remi, \u00abHerg\u00e9\u00bb, dibujante belga, creador de \u00abTintin\u00bb.<\/p>\n<p class=\"paragraph\">1987.- Danny Kaye, actor estadounidense.<\/p>\n<p class=\"paragraph\">1995.- Howard W. Hunter, l\u00edder religioso morm\u00f3n estadounidense.<\/p>\n<p class=\"paragraph\">1996.- Marguerite Duras, escritora francesa.<\/p>\n<p class=\"paragraph\">2005.- Rinus Michels, futbolista y entrenador holand\u00e9s.<\/p>\n<p class=\"paragraph\">2013.- Tony Ronald, cantante hispano-holand\u00e9s.<\/p>\n<p class=\"paragraph\">2016.- Berta C\u00e1ceres, activista del medio ambiente y l\u00edder ind\u00edgena hondure\u00f1a.<\/p>\n<p class=\"paragraph\">2017.- Raymond Kopa, futbolista franc\u00e9s.<\/p>\n<p class=\"paragraph\">2019.- Mercedes Junco Calder\u00f3n, periodista espa\u00f1ola, fundadora de la revista \u00abHola\u00bb.<\/p>\n","protected":false},"excerpt":{"rendered":"<div class=\"mh-excerpt\"><p>Otras Efem\u00e9rides: 1820.- Se firma el Compromiso de Missouri, por el cual se autoriza la esclavitud solo en los Estados situados al sur del paralelo 36. 1845.- El territorio de Florida se convierte en el <a class=\"mh-excerpt-more\" href=\"https:\/\/larevistadigital.com.ar\/blog\/esto-paso-un-dia-como-hoy-3-de-marzo\/\" title=\"ESTO PAS\u00d3 UN D\u00cdA COMO HOY, 3 DE MARZO\">[Leer M\u00e1s]<\/a><\/p>\n<\/div>","protected":false},"author":3,"featured_media":16747,"comment_status":"open","ping_status":"open","sticky":false,"template":"","format":"standard","meta":{"_jetpack_memberships_contains_paid_content":false,"footnotes":"","jetpack_publicize_message":"","jetpack_publicize_feature_enabled":true,"jetpack_social_post_already_shared":true,"jetpack_social_options":{"image_generator_settings":{"template":"highway","default_image_id":0,"font":"","enabled":false},"version":2}},"categories":[15],"tags":[],"class_list":{"0":"post-30340","1":"post","2":"type-post","3":"status-publish","4":"format-standard","5":"has-post-thumbnail","7":"category-cultura"},"jetpack_publicize_connections":[],"jetpack_featured_media_url":"https:\/\/i0.wp.com\/larevistadigital.com.ar\/blog\/wp-content\/uploads\/LOGO-EFEMERIDES.jpg?fit=1268%2C664&ssl=1","jetpack_sharing_enabled":true,"jetpack_shortlink":"https:\/\/wp.me\/p8qtrQ-7Tm","jetpack-related-posts":[{"id":8604,"url":"https:\/\/larevistadigital.com.ar\/blog\/peligro-de-guerra-mundial-putin-amenazo-a-eeuu-de-apuntar-sus-misiles-hacia-ellos-si-washington-despliega-sus-misiles-en-europa\/","url_meta":{"origin":30340,"position":0},"title":"PELIGRO DE GUERRA MUNDIAL: PUT\u00cdN AMENAZ\u00d3 A EEUU DE APUNTAR SUS MISILES HACIA ELLOS, SI WASHINGTON DESPLIEGA SUS MISILES EN EUROPA","author":"Alejandro Sosa Ruda","date":"20 febrero, 2019","format":false,"excerpt":"El mandatario lanz\u00f3 un desaf\u00edo militar durante su discurso anual ante el Parlamento y anunci\u00f3 un nuevo misil hipers\u00f3nico. \"\u00bfLos estadounidenses saben contar? Deber\u00edan calcular las armas que tiene Rusia\", exclam\u00f3 El presidente ruso, Vlad\u00edmir Putin, advirti\u00f3 este mi\u00e9rcoles a Estados Unidos de que, en caso de que despliegue en\u2026","rel":"","context":"En \u00abPOLITICA\u00bb","block_context":{"text":"POLITICA","link":"https:\/\/larevistadigital.com.ar\/blog\/category\/politica\/"},"img":{"alt_text":"","src":"https:\/\/i0.wp.com\/larevistadigital.com.ar\/blog\/wp-content\/uploads\/2019\/02\/descarga-1.jpg?fit=1200%2C675&ssl=1&resize=350%2C200","width":350,"height":200,"srcset":"https:\/\/i0.wp.com\/larevistadigital.com.ar\/blog\/wp-content\/uploads\/2019\/02\/descarga-1.jpg?fit=1200%2C675&ssl=1&resize=350%2C200 1x, https:\/\/i0.wp.com\/larevistadigital.com.ar\/blog\/wp-content\/uploads\/2019\/02\/descarga-1.jpg?fit=1200%2C675&ssl=1&resize=525%2C300 1.5x, https:\/\/i0.wp.com\/larevistadigital.com.ar\/blog\/wp-content\/uploads\/2019\/02\/descarga-1.jpg?fit=1200%2C675&ssl=1&resize=700%2C400 2x, https:\/\/i0.wp.com\/larevistadigital.com.ar\/blog\/wp-content\/uploads\/2019\/02\/descarga-1.jpg?fit=1200%2C675&ssl=1&resize=1050%2C600 3x"},"classes":[]},{"id":30151,"url":"https:\/\/larevistadigital.com.ar\/blog\/esto-paso-un-dia-como-hoy-15-de-febrero\/","url_meta":{"origin":30340,"position":1},"title":"ESTO PAS\u00d3 UN D\u00cdA COMO HOY, 15 DE FEBRERO&#8230;","author":"Alejandro Sosa Ruda","date":"15 febrero, 2023","format":false,"excerpt":"En un 15 de febrero, pero de 2003, millones de personas se manifiestan en todo el mundo contra la invasi\u00f3n de Irak por Estados Unidos. OTRAS EFEM\u00c9RIDES 1763.- Prusia, Austria y Sajonia firman el Tratado de Hubertsburg, que pone fin a la Guerra de los Siete A\u00f1os. 1806.- El Imperio\u2026","rel":"","context":"En \u00abCULTURA\u00bb","block_context":{"text":"CULTURA","link":"https:\/\/larevistadigital.com.ar\/blog\/category\/cultura\/"},"img":{"alt_text":"","src":"https:\/\/i0.wp.com\/larevistadigital.com.ar\/blog\/wp-content\/uploads\/LOGO-EFEMERIDES.jpg?fit=1200%2C628&ssl=1&resize=350%2C200","width":350,"height":200,"srcset":"https:\/\/i0.wp.com\/larevistadigital.com.ar\/blog\/wp-content\/uploads\/LOGO-EFEMERIDES.jpg?fit=1200%2C628&ssl=1&resize=350%2C200 1x, https:\/\/i0.wp.com\/larevistadigital.com.ar\/blog\/wp-content\/uploads\/LOGO-EFEMERIDES.jpg?fit=1200%2C628&ssl=1&resize=525%2C300 1.5x, https:\/\/i0.wp.com\/larevistadigital.com.ar\/blog\/wp-content\/uploads\/LOGO-EFEMERIDES.jpg?fit=1200%2C628&ssl=1&resize=700%2C400 2x, https:\/\/i0.wp.com\/larevistadigital.com.ar\/blog\/wp-content\/uploads\/LOGO-EFEMERIDES.jpg?fit=1200%2C628&ssl=1&resize=1050%2C600 3x"},"classes":[]},{"id":28136,"url":"https:\/\/larevistadigital.com.ar\/blog\/la-embajada-de-eeuu-en-rusia-pide-a-sus-ciudadanos-abandonar-inmediatamente-el-pais\/","url_meta":{"origin":30340,"position":2},"title":"LA EMBAJADA DE EEUU EN RUSIA PIDE A SUS CIUDADANOS \u00abABANDONAR INMEDIATAMENTE EL PA\u00cdS\u00bb","author":"Alejandro Sosa Ruda","date":"28 septiembre, 2022","format":false,"excerpt":"Es debido a la tensi\u00f3n en ascenso entre el Kremlin y las potencias occidentales. Confirmaron que las rutas terrestres est\u00e1n abiertas. La embajada de Estados Unidos en Rusia inst\u00f3 hoy a sus ciudadanos a abandonar de forma \u201cinmediata\u201d el pa\u00eds debido a la tensi\u00f3n en ascenso entre el Kremlin y\u2026","rel":"","context":"En \u00abSOCIEDAD\u00bb","block_context":{"text":"SOCIEDAD","link":"https:\/\/larevistadigital.com.ar\/blog\/category\/sociedad\/"},"img":{"alt_text":"","src":"https:\/\/i0.wp.com\/larevistadigital.com.ar\/blog\/wp-content\/uploads\/Captura-de-pantalla-2022-09-28-183552.jpg?fit=805%2C533&ssl=1&resize=350%2C200","width":350,"height":200,"srcset":"https:\/\/i0.wp.com\/larevistadigital.com.ar\/blog\/wp-content\/uploads\/Captura-de-pantalla-2022-09-28-183552.jpg?fit=805%2C533&ssl=1&resize=350%2C200 1x, https:\/\/i0.wp.com\/larevistadigital.com.ar\/blog\/wp-content\/uploads\/Captura-de-pantalla-2022-09-28-183552.jpg?fit=805%2C533&ssl=1&resize=525%2C300 1.5x, https:\/\/i0.wp.com\/larevistadigital.com.ar\/blog\/wp-content\/uploads\/Captura-de-pantalla-2022-09-28-183552.jpg?fit=805%2C533&ssl=1&resize=700%2C400 2x"},"classes":[]},{"id":30901,"url":"https:\/\/larevistadigital.com.ar\/blog\/esto-paso-un-dia-como-hoy-6-de-abril\/","url_meta":{"origin":30340,"position":3},"title":"ESTO PAS\u00d3 UN D\u00cdA COMO HOY, 6 DE ABRIL","author":"Alejandro Sosa Ruda","date":"6 abril, 2023","format":false,"excerpt":"En un 6 de abril, pero de 1994, es derribado el avi\u00f3n en el que viajaban los presidentes de Burundi, Ciprien Ntaryamira, y de Ruanda, Juvenal Habyarimana, en un atentado que desencaden\u00f3 el genocidio de Ruanda, en el que 800.000 tutsis y hutus moderados murieron en solo cien d\u00edas. OTRAS\u2026","rel":"","context":"En \u00abCULTURA\u00bb","block_context":{"text":"CULTURA","link":"https:\/\/larevistadigital.com.ar\/blog\/category\/cultura\/"},"img":{"alt_text":"","src":"https:\/\/i0.wp.com\/larevistadigital.com.ar\/blog\/wp-content\/uploads\/LOGO-EFEMERIDES.jpg?fit=1200%2C628&ssl=1&resize=350%2C200","width":350,"height":200,"srcset":"https:\/\/i0.wp.com\/larevistadigital.com.ar\/blog\/wp-content\/uploads\/LOGO-EFEMERIDES.jpg?fit=1200%2C628&ssl=1&resize=350%2C200 1x, https:\/\/i0.wp.com\/larevistadigital.com.ar\/blog\/wp-content\/uploads\/LOGO-EFEMERIDES.jpg?fit=1200%2C628&ssl=1&resize=525%2C300 1.5x, https:\/\/i0.wp.com\/larevistadigital.com.ar\/blog\/wp-content\/uploads\/LOGO-EFEMERIDES.jpg?fit=1200%2C628&ssl=1&resize=700%2C400 2x, https:\/\/i0.wp.com\/larevistadigital.com.ar\/blog\/wp-content\/uploads\/LOGO-EFEMERIDES.jpg?fit=1200%2C628&ssl=1&resize=1050%2C600 3x"},"classes":[]},{"id":29918,"url":"https:\/\/larevistadigital.com.ar\/blog\/esto-paso-un-dia-como-hoy-2-de-febrero\/","url_meta":{"origin":30340,"position":4},"title":"ESTO PAS\u00d3 UN D\u00cdA COMO HOY, 2 DE FEBRERO&#8230;","author":"Alejandro Sosa Ruda","date":"2 febrero, 2023","format":false,"excerpt":"En un 2 de febrero, pero de 1848, firma del Tratado de Guadalupe Hidalgo, que pone fin a la guerra entre EE UU y M\u00e9xico. Este \u00faltimo cede a EE UU California, Arizona, Texas y Nuevo M\u00e9xico. Otras Efem\u00e9rides: 1536.- Pedro de Mendoza funda en la costa del Plata el\u2026","rel":"","context":"En \u00abCULTURA\u00bb","block_context":{"text":"CULTURA","link":"https:\/\/larevistadigital.com.ar\/blog\/category\/cultura\/"},"img":{"alt_text":"","src":"https:\/\/i0.wp.com\/larevistadigital.com.ar\/blog\/wp-content\/uploads\/LOGO-EFEMERIDES.jpg?fit=1200%2C628&ssl=1&resize=350%2C200","width":350,"height":200,"srcset":"https:\/\/i0.wp.com\/larevistadigital.com.ar\/blog\/wp-content\/uploads\/LOGO-EFEMERIDES.jpg?fit=1200%2C628&ssl=1&resize=350%2C200 1x, https:\/\/i0.wp.com\/larevistadigital.com.ar\/blog\/wp-content\/uploads\/LOGO-EFEMERIDES.jpg?fit=1200%2C628&ssl=1&resize=525%2C300 1.5x, https:\/\/i0.wp.com\/larevistadigital.com.ar\/blog\/wp-content\/uploads\/LOGO-EFEMERIDES.jpg?fit=1200%2C628&ssl=1&resize=700%2C400 2x, https:\/\/i0.wp.com\/larevistadigital.com.ar\/blog\/wp-content\/uploads\/LOGO-EFEMERIDES.jpg?fit=1200%2C628&ssl=1&resize=1050%2C600 3x"},"classes":[]},{"id":24513,"url":"https:\/\/larevistadigital.com.ar\/blog\/guerra-en-ucrania-biden-reitero-que-si-rusia-confronta-con-la-otan-sera-el-comienzo-de-la-tercera-guerra-mundial\/","url_meta":{"origin":30340,"position":5},"title":"GUERRA EN UCRANIA: BIDEN REITER\u00d3 QUE SI RUSIA CONFRONTA CON LA OTAN, SER\u00c1 EL COMIENZO DE LA TERCERA GUERRA MUNDIAL","author":"Alejandro Sosa Ruda","date":"11 marzo, 2022","format":false,"excerpt":"EEUU anuncia que los pa\u00edses del G7 tambi\u00e9n tienen previsto acordar que Rusia ya no podr\u00e1 obtener financiaci\u00f3n de instituciones financieras multilaterales, como el Fondo Monetario Internacional (FMI) y el Banco Mundial. Dos semanas despu\u00e9s de la invasi\u00f3n en Ucrania las tropas rusas contin\u00faan\u00a0su avance hacia Kiev y los ataques\u2026","rel":"","context":"En \u00abDESTACADAS\u00bb","block_context":{"text":"DESTACADAS","link":"https:\/\/larevistadigital.com.ar\/blog\/category\/destacadas\/"},"img":{"alt_text":"","src":"https:\/\/i0.wp.com\/larevistadigital.com.ar\/blog\/wp-content\/uploads\/1122856684_0_0_3072_1728_1920x0_80_0_0_98360a6b5579923686f283aee9d26554.jpg?fit=1200%2C675&ssl=1&resize=350%2C200","width":350,"height":200,"srcset":"https:\/\/i0.wp.com\/larevistadigital.com.ar\/blog\/wp-content\/uploads\/1122856684_0_0_3072_1728_1920x0_80_0_0_98360a6b5579923686f283aee9d26554.jpg?fit=1200%2C675&ssl=1&resize=350%2C200 1x, https:\/\/i0.wp.com\/larevistadigital.com.ar\/blog\/wp-content\/uploads\/1122856684_0_0_3072_1728_1920x0_80_0_0_98360a6b5579923686f283aee9d26554.jpg?fit=1200%2C675&ssl=1&resize=525%2C300 1.5x, https:\/\/i0.wp.com\/larevistadigital.com.ar\/blog\/wp-content\/uploads\/1122856684_0_0_3072_1728_1920x0_80_0_0_98360a6b5579923686f283aee9d26554.jpg?fit=1200%2C675&ssl=1&resize=700%2C400 2x, https:\/\/i0.wp.com\/larevistadigital.com.ar\/blog\/wp-content\/uploads\/1122856684_0_0_3072_1728_1920x0_80_0_0_98360a6b5579923686f283aee9d26554.jpg?fit=1200%2C675&ssl=1&resize=1050%2C600 3x"},"classes":[]}],"_links":{"self":[{"href":"https:\/\/larevistadigital.com.ar\/blog\/wp-json\/wp\/v2\/posts\/30340","targetHints":{"allow":["GET"]}}],"collection":[{"href":"https:\/\/larevistadigital.com.ar\/blog\/wp-json\/wp\/v2\/posts"}],"about":[{"href":"https:\/\/larevistadigital.com.ar\/blog\/wp-json\/wp\/v2\/types\/post"}],"author":[{"embeddable":true,"href":"https:\/\/larevistadigital.com.ar\/blog\/wp-json\/wp\/v2\/users\/3"}],"replies":[{"embeddable":true,"href":"https:\/\/larevistadigital.com.ar\/blog\/wp-json\/wp\/v2\/comments?post=30340"}],"version-history":[{"count":1,"href":"https:\/\/larevistadigital.com.ar\/blog\/wp-json\/wp\/v2\/posts\/30340\/revisions"}],"predecessor-version":[{"id":30341,"href":"https:\/\/larevistadigital.com.ar\/blog\/wp-json\/wp\/v2\/posts\/30340\/revisions\/30341"}],"wp:featuredmedia":[{"embeddable":true,"href":"https:\/\/larevistadigital.com.ar\/blog\/wp-json\/wp\/v2\/media\/16747"}],"wp:attachment":[{"href":"https:\/\/larevistadigital.com.ar\/blog\/wp-json\/wp\/v2\/media?parent=30340"}],"wp:term":[{"taxonomy":"category","embeddable":true,"href":"https:\/\/larevistadigital.com.ar\/blog\/wp-json\/wp\/v2\/categories?post=30340"},{"taxonomy":"post_tag","embeddable":true,"href":"https:\/\/larevistadigital.com.ar\/blog\/wp-json\/wp\/v2\/tags?post=30340"}],"curies":[{"name":"wp","href":"https:\/\/api.w.org\/{rel}","templated":true}]}}