{"id":30344,"date":"2023-03-03T14:45:11","date_gmt":"2023-03-03T14:45:11","guid":{"rendered":"https:\/\/larevistadigital.com.ar\/blog\/?p=30344"},"modified":"2023-03-03T15:26:16","modified_gmt":"2023-03-03T15:26:16","slug":"dos-santos-hablo-con-ruben-martinez-y-demostro-que-trabaja-fuertemente-para-gobernar-el-municipio","status":"publish","type":"post","link":"https:\/\/larevistadigital.com.ar\/blog\/dos-santos-hablo-con-ruben-martinez-y-demostro-que-trabaja-fuertemente-para-gobernar-el-municipio\/","title":{"rendered":"DOS SANTOS HABL\u00d3 CON RUB\u00c9N MARTINEZ Y DEMOSTR\u00d3 QUE TRABAJA FUERTEMENTE PARA GOBERNAR EL MUNICIPIO."},"content":{"rendered":"<h2>El m\u00e9dico cirujano brind\u00f3 una muy interesante nota al programa \u00abTiempo de Radio\u00bb, que conduce el periodista Rub\u00e9n MartineZ. Su candidatura, los ejes de su proyecto y la preocupante ola de suicidios entre otros temas.<\/h2>\n<p>3 de marzo de 2023<\/p>\n<p>Estamos cada vez m\u00e1s cerca de los pr\u00f3ximos comicios, donde se elegir\u00e1n autoridades ejecutivas, es decir, Presidente, Gobernadores e Intendentes, y en ese marco en Chascom\u00fas se destacan algunas figuras que tratar\u00e1n de disputarle la alcald\u00eda a <strong>Javier Gast\u00f3n<\/strong>, entre ellos, se destaca el m\u00e9dico cirujano <strong>Santiago Dos Santos<\/strong>, que tuvo una muy interesante charla con el periodista <strong>Rub\u00e9n Martinez<\/strong> en la FM Libres del Sur (90.1 mhtz).<\/p>\n<blockquote>\n<h3>El precandidato a intendente de Chascom\u00fas, se refiri\u00f3 en primera instancia a la cercan\u00eda de las elecciones, aclarando que hace 7 meses que comenz\u00f3 a trabajar al respecto.<\/h3>\n<\/blockquote>\n<p><em><strong>\u201cEstamos formando equipos de trabajo, ya que es de la \u00fanica forma en que concebimos la responsabilidad de afrontar este desaf\u00edo\u201d<\/strong><\/em>, asegur\u00f3.<br \/>\nAgreg\u00f3 que <strong><em>\u201cEstablecimos cuatro ejes. El primero se llama <span style=\"color: #ff0000\">POL\u00cdTICAS DE ESTADO<\/span> que deben ser abordadas con firmeza en los primeros meses de gesti\u00f3n, hablamos de Salud, Seguridad y Educaci\u00f3n. Luego, el segundo eje, que es <span style=\"color: #ff0000\">ORGANIZACI\u00d3N MUNICIPAL<\/span>, donde sobre todo planteamos respetar la ley org\u00e1nica municipal y los ingresos por concurso, algo que no ha llevado adelante esta gesti\u00f3n. Debe haber ascensos y calificaciones, terminando con el ingreso indiscriminado de amigos y familiares en el gobierno. El tercer eje, es la <span style=\"color: #ff0000\">\u201cPLANIFICACI\u00d3N URBANA RESPONSABLE\u201d<\/span><\/em><em>, y el \u00faltimo eje, es el de tener una <span style=\"color: #ff0000\">SECRETAR\u00cdA DE PRODUCCI\u00d3N DESAFIANTE<\/span>. Que sea el motor para conseguir trabajo de calidad y que el Municipio no sea el \u00fanico agente empleador del distrito\u201d.<\/em><\/strong><\/p>\n<blockquote>\n<h3>Destac\u00f3 que hay conversaciones para que el radicalismo est\u00e9 junto, ya que considera algo vital para enfrentar lo que se viene, mencionando que hay reuniones y muy buena relaci\u00f3n con todos los sectores.<\/h3>\n<\/blockquote>\n<p>De la misma manera, cont\u00f3 que habl\u00f3 con el precandidato del PRO, <strong>Ramiro Ferrante<\/strong>, con quien dijo tener una excelente relaci\u00f3n y acordaron que <em><strong>\u201cel que gana conduce y el que pierde acompa\u00f1a\u201d.<\/strong><\/em><\/p>\n<blockquote>\n<h3>Consultado por <strong>Martinez<\/strong>, acerca de c\u00f3mo enfrentar al gobierno municipal de <strong>Gast\u00f3n<\/strong>, <strong>Dos Santos<\/strong> mencion\u00f3 que lo que m\u00e1s le preocupa, y conoce es el \u00e1rea de salud, la cual a su criterio <strong><span style=\"color: #ff0000\">\u201cha dejado mucho que desear\u201d<\/span><\/strong>. Aclar\u00f3 que sobre todo critica la falta de conducci\u00f3n y \u00e9l destrato hacia el personal.<\/h3>\n<\/blockquote>\n<p>Tambi\u00e9n critic\u00f3 la informaci\u00f3n a la comunidad, asegurando que ha sido totalmente diferente a su gesti\u00f3n en Ranchos donde se sol\u00edan hacer conferencias de prensa, algo desconocido para el periodismo en Chascom\u00fas.<br \/>\nMencion\u00f3 otros grandes errores como por ejemplo la contrataci\u00f3n del Hotel Howard Johnson para alojar pacientes durante la pandemia, cuando <em><strong>\u201chab\u00eda una cl\u00ednica que estaba preparada para recibir pacientes\u201d<\/strong><\/em> asegur\u00f3.<\/p>\n<blockquote>\n<h3>Tambi\u00e9n habl\u00f3 de casos de vecinos que sufrieron el fallecimiento de familiares en su hogar, sin recibir atenci\u00f3n.<\/h3>\n<\/blockquote>\n<p>Luego, el precandidato hizo especi\u00e1l hincapi\u00e9 en el golpe que est\u00e1 recibiendo la sociedad por la cantidad de hechos de suicidio, a lo que <strong>Mart\u00ednez<\/strong> subray\u00f3 la incre\u00edble cantidad de 5 casos durante el pasado mes de febrero, lo que seguramente \u2013 agreg\u00f3 \u2013 debe ser un lamentable record.<\/p>\n<p><em><strong>\u201cSeg\u00fan la Organizaci\u00f3n Mundial de la Salud, dijo Dos Santos, hay 700 mil suicidios por a\u00f1o, y en el mundo se suicida una persona cada 40 segundos. Pero esto trae un fuerte coletazo en la sociedad, sobre todo cuando los hechos involucran a adolescentes y j\u00f3venes, entre los 10 y los 36 a\u00f1os. Todo se ha agudizado despu\u00e9s de la pandemia, sobre todo para aquellas personas que tienen alguna fragilidad mental, se hacen mucho m\u00e1s vulnerables y deber\u00edamos tener estrategias para cuando pasan estos eventos\u201d.<\/strong><\/em><\/p>\n<blockquote>\n<h3>Continu\u00f3 diciendo que<em><strong> \u201cDesde el Ministerio de Salud de la Naci\u00f3n, se gener\u00f3 un escrito para que se le d\u00e9 m\u00e1s importancia a este tema, y elaborar acciones para tratar este tema\u201d.<\/strong><\/em><\/h3>\n<\/blockquote>\n<p><em><strong>\u201cUna de esas estrategias, es elaborar un importante Servicio de Salud Mental. En eso, estamos trabajando much\u00edsimo. Dentro del programa que tenemos desarrollado al respecto, <span style=\"color: #ff0000\">vamos a crear la Direcci\u00f3n de Salud Mental<\/span>, que ser\u00e1 independiente de la Direcci\u00f3n de Atenci\u00f3n Secundaria, y la Direcci\u00f3n de Atenci\u00f3n Primaria\u201d<\/strong><\/em>, explic\u00f3.<\/p>\n<blockquote>\n<h3>Asegur\u00f3 al respecto que para dar una mejor respuesta a este tema, es necesario descentralizar el Servicio de Salud Mental m\u00e1s eficaz, en tiempo y forma. <span style=\"color: #ff0000\">\u201cNo es posible que una persona con problemas de depresi\u00f3n o de salud mental reciba un turno a 40 d\u00edas\u201d<\/span>, indic\u00f3 indignado.<\/h3>\n<\/blockquote>\n<p>Por otra parte, dijo que hab\u00eda que generar una campa\u00f1a de comunicaci\u00f3n y concientizaci\u00f3n para alertar a quien tiene a un conocido, amigo o familiar con un cuadro depresivo, mencionando que <em><strong>\u201cNo hay que subestimar este tipo de patolog\u00edas porque despu\u00e9s llegamos tarde\u201d.<\/strong><\/em><\/p>\n<blockquote>\n<h3>Cerr\u00f3 la nota, asegurando que quiere ser intendente de Chascom\u00fas porque est\u00e1 convencido que en los temas m\u00e1s importantes a los vecinos se les ha fallado, y ese desaf\u00edo de priorizar lo importante es el compromiso que asume si lo consigue.<\/h3>\n<\/blockquote>\n<p>Un <strong>Dos Santos<\/strong> que fue muy claro en sus conceptos, y que est\u00e1 muy concentrado en prepararse para un eventual gobierno.<\/p>\n<p>imagen: Facebook de Rub\u00e9n Martinez<\/p>\n","protected":false},"excerpt":{"rendered":"<div class=\"mh-excerpt\"><p>El m\u00e9dico cirujano brind\u00f3 una muy interesante nota al programa \u00abTiempo de Radio\u00bb, que conduce el periodista Rub\u00e9n MartineZ. Su candidatura, los ejes de su proyecto y la preocupante ola de suicidios entre otros temas. <a class=\"mh-excerpt-more\" href=\"https:\/\/larevistadigital.com.ar\/blog\/dos-santos-hablo-con-ruben-martinez-y-demostro-que-trabaja-fuertemente-para-gobernar-el-municipio\/\" title=\"DOS SANTOS HABL\u00d3 CON RUB\u00c9N MARTINEZ Y DEMOSTR\u00d3 QUE TRABAJA FUERTEMENTE PARA GOBERNAR EL MUNICIPIO.\">[Leer M\u00e1s]<\/a><\/p>\n<\/div>","protected":false},"author":3,"featured_media":30346,"comment_status":"open","ping_status":"open","sticky":false,"template":"","format":"standard","meta":{"_jetpack_memberships_contains_paid_content":false,"footnotes":"","jetpack_publicize_message":"","jetpack_publicize_feature_enabled":true,"jetpack_social_post_already_shared":true,"jetpack_social_options":{"image_generator_settings":{"template":"highway","default_image_id":0,"font":"","enabled":false},"version":2}},"categories":[41,23],"tags":[],"class_list":{"0":"post-30344","1":"post","2":"type-post","3":"status-publish","4":"format-standard","5":"has-post-thumbnail","7":"category-destacadas","8":"category-politica-local"},"jetpack_publicize_connections":[],"jetpack_featured_media_url":"https:\/\/i0.wp.com\/larevistadigital.com.ar\/blog\/wp-content\/uploads\/nota-gallego-dos-santos.jpg?fit=800%2C525&ssl=1","jetpack_sharing_enabled":true,"jetpack_shortlink":"https:\/\/wp.me\/p8qtrQ-7Tq","jetpack-related-posts":[{"id":6384,"url":"https:\/\/larevistadigital.com.ar\/blog\/el-cirujano-de-chascomus-y-director-del-hospital-de-ranchos-nego-las-acusaciones-de-la-contadora-del-hospital-de-canuelas\/","url_meta":{"origin":30344,"position":0},"title":"EL CIRUJANO DE CHASCOM\u00daS Y DIRECTOR DEL HOSPITAL DE RANCHOS, NEG\u00d3 LAS ACUSACIONES DE LA CONTADORA DEL HOSPITAL DE CA\u00d1UELAS","author":"Alejandro Sosa Ruda","date":"25 agosto, 2018","format":false,"excerpt":"El m\u00e9dico cirujano doctor Roberto Byrne, director m\u00e9dico del hospital Campomar de Ranchos y que se desempe\u00f1a en los hospitales San Vicente de Paul de Chascom\u00fas y Francisco Caram de Brandsen, mantuvo sendas entrevistas en la FM Libres del Sur 90,1 de Chascom\u00fas, FM La Palabra FM 90,7 y en\u2026","rel":"","context":"En \u00abDESTACADAS\u00bb","block_context":{"text":"DESTACADAS","link":"https:\/\/larevistadigital.com.ar\/blog\/category\/destacadas\/"},"img":{"alt_text":"","src":"https:\/\/i0.wp.com\/larevistadigital.com.ar\/blog\/wp-content\/uploads\/2018\/08\/IMG_20180824_112624120.jpg?fit=900%2C1200&ssl=1&resize=350%2C200","width":350,"height":200,"srcset":"https:\/\/i0.wp.com\/larevistadigital.com.ar\/blog\/wp-content\/uploads\/2018\/08\/IMG_20180824_112624120.jpg?fit=900%2C1200&ssl=1&resize=350%2C200 1x, https:\/\/i0.wp.com\/larevistadigital.com.ar\/blog\/wp-content\/uploads\/2018\/08\/IMG_20180824_112624120.jpg?fit=900%2C1200&ssl=1&resize=525%2C300 1.5x, https:\/\/i0.wp.com\/larevistadigital.com.ar\/blog\/wp-content\/uploads\/2018\/08\/IMG_20180824_112624120.jpg?fit=900%2C1200&ssl=1&resize=700%2C400 2x"},"classes":[]},{"id":3544,"url":"https:\/\/larevistadigital.com.ar\/blog\/chascomus-decidio-renunciar-al-hospital-medico-cirujano-santiago-dos-santos\/","url_meta":{"origin":30344,"position":1},"title":"CHASCOM\u00daS: DECIDI\u00d3 RENUNCIAR AL HOSPITAL EL M\u00c9DICO CIRUJANO SANTIAGO DOS SANTOS","author":"Alejandro Sosa Ruda","date":"20 octubre, 2017","format":false,"excerpt":"POR COMO FUE TRATADO, Y AL CONSIDERAR QUE LA SECRETARIA DE SALUD TIENE UN PROBLEMA PERSONAL CON EL, CONFIRM\u00d3 QUE HAR\u00c1 EFECTIVA SU RENUNCIA EL PR\u00d3XIMO LUNES. Nuevamente \u201cArias lo hizo\u201d.\u00a0 Lamentablemente, el prestigioso m\u00e9dico cirujano, doctor Santiago Dos Santos, le confirm\u00f3 a La Revista Digital que estaba redactando su\u2026","rel":"","context":"En \u00abDESTACADAS\u00bb","block_context":{"text":"DESTACADAS","link":"https:\/\/larevistadigital.com.ar\/blog\/category\/destacadas\/"},"img":{"alt_text":"","src":"https:\/\/i0.wp.com\/larevistadigital.com.ar\/blog\/wp-content\/uploads\/2017\/07\/19601412_10213452250083944_4973836600266300277_n.jpg?fit=960%2C960&ssl=1&resize=350%2C200","width":350,"height":200,"srcset":"https:\/\/i0.wp.com\/larevistadigital.com.ar\/blog\/wp-content\/uploads\/2017\/07\/19601412_10213452250083944_4973836600266300277_n.jpg?fit=960%2C960&ssl=1&resize=350%2C200 1x, https:\/\/i0.wp.com\/larevistadigital.com.ar\/blog\/wp-content\/uploads\/2017\/07\/19601412_10213452250083944_4973836600266300277_n.jpg?fit=960%2C960&ssl=1&resize=525%2C300 1.5x, https:\/\/i0.wp.com\/larevistadigital.com.ar\/blog\/wp-content\/uploads\/2017\/07\/19601412_10213452250083944_4973836600266300277_n.jpg?fit=960%2C960&ssl=1&resize=700%2C400 2x"},"classes":[]},{"id":14229,"url":"https:\/\/larevistadigital.com.ar\/blog\/el-doctor-dos-santos-asumio-como-director-del-hospital-de-ranchos\/","url_meta":{"origin":30344,"position":2},"title":"EL DOCTOR DOS SANTOS ASUMI\u00d3 COMO DIRECTOR DEL HOSPITAL DE RANCHOS","author":"Alejandro Sosa Ruda","date":"16 enero, 2020","format":false,"excerpt":"Como lo anticipamos ayer, el m\u00e9dico cirujano Santiago Dos Santos, asumi\u00f3 el rol de Director del Hospital \"Campomar\" de Ranchos, designado por el intendente Juan Manuel \u00c1lvarez. Dos Santos se desempe\u00f1a como m\u00e9dico en Ranchos desde tiempo atr\u00e1s. Adem\u00e1s, cuenta en su curr\u00edculum con la condici\u00f3n de m\u00e9dico cirujano durante\u2026","rel":"","context":"En \u00abRANCHOS\u00bb","block_context":{"text":"RANCHOS","link":"https:\/\/larevistadigital.com.ar\/blog\/category\/ranchos\/"},"img":{"alt_text":"","src":"https:\/\/i0.wp.com\/larevistadigital.com.ar\/blog\/wp-content\/uploads\/hospi.jpg?fit=937%2C527&ssl=1&resize=350%2C200","width":350,"height":200,"srcset":"https:\/\/i0.wp.com\/larevistadigital.com.ar\/blog\/wp-content\/uploads\/hospi.jpg?fit=937%2C527&ssl=1&resize=350%2C200 1x, https:\/\/i0.wp.com\/larevistadigital.com.ar\/blog\/wp-content\/uploads\/hospi.jpg?fit=937%2C527&ssl=1&resize=525%2C300 1.5x, https:\/\/i0.wp.com\/larevistadigital.com.ar\/blog\/wp-content\/uploads\/hospi.jpg?fit=937%2C527&ssl=1&resize=700%2C400 2x"},"classes":[]},{"id":7196,"url":"https:\/\/larevistadigital.com.ar\/blog\/chascomus-se-desarrollo-el-encuentro-sobre-ciudades-sostenidas-y-residuos\/","url_meta":{"origin":30344,"position":3},"title":"CHASCOM\u00daS: SE DESARROLL\u00d3 EL ENCUENTRO SOBRE \u00abCIUDADES SOSTENIDAS Y RESIDUOS\u00bb","author":"Alejandro Sosa Ruda","date":"14 diciembre, 2018","format":false,"excerpt":"Se llev\u00f3 a cabo el encuentro entre la UCR y el GEN, llamado \"Ciudades sostenidas y Residuos\", en el \u00e1mbito del Consejo Profesional de Ciencias Econ\u00f3micas de Chascom\u00fas, en donde se abordaron distintos temas que tienen que ver con el medio ambiente. El evento, fue coordinado por el m\u00e9dico cirujano\u2026","rel":"","context":"En \u00abCHASCOM\u00daS\u00bb","block_context":{"text":"CHASCOM\u00daS","link":"https:\/\/larevistadigital.com.ar\/blog\/category\/chascomus\/"},"img":{"alt_text":"","src":"https:\/\/i0.wp.com\/larevistadigital.com.ar\/blog\/wp-content\/uploads\/2018\/12\/WhatsApp-Image-2018-12-14-at-05.23.59.jpeg?fit=1200%2C898&ssl=1&resize=350%2C200","width":350,"height":200,"srcset":"https:\/\/i0.wp.com\/larevistadigital.com.ar\/blog\/wp-content\/uploads\/2018\/12\/WhatsApp-Image-2018-12-14-at-05.23.59.jpeg?fit=1200%2C898&ssl=1&resize=350%2C200 1x, https:\/\/i0.wp.com\/larevistadigital.com.ar\/blog\/wp-content\/uploads\/2018\/12\/WhatsApp-Image-2018-12-14-at-05.23.59.jpeg?fit=1200%2C898&ssl=1&resize=525%2C300 1.5x, https:\/\/i0.wp.com\/larevistadigital.com.ar\/blog\/wp-content\/uploads\/2018\/12\/WhatsApp-Image-2018-12-14-at-05.23.59.jpeg?fit=1200%2C898&ssl=1&resize=700%2C400 2x, https:\/\/i0.wp.com\/larevistadigital.com.ar\/blog\/wp-content\/uploads\/2018\/12\/WhatsApp-Image-2018-12-14-at-05.23.59.jpeg?fit=1200%2C898&ssl=1&resize=1050%2C600 3x"},"classes":[]},{"id":11411,"url":"https:\/\/larevistadigital.com.ar\/blog\/chascomus-numerosas-muestras-de-apoyo-y-afecto-a-santiago-dos-santos-en-la-costanera\/","url_meta":{"origin":30344,"position":4},"title":"CHASCOM\u00daS: NUMEROSAS MUESTRAS DE APOYO Y AFECTO A SANTIAGO DOS SANTOS EN LA COSTANERA","author":"Alejandro Sosa Ruda","date":"21 julio, 2019","format":false,"excerpt":"\"Realmente me sorprendi\u00f3 el cari\u00f1o y las muestras de afecto que despert\u00f3 Santiago con los vecinos en la costanera\", nos revel\u00f3 un integrante de \"Juntos por Chascom\u00fas\", que acompa\u00f1\u00f3 por primera vez en una \"salida de campa\u00f1a\" al m\u00e9dico cirujano precandidato del espacio. Cerr\u00f3 su frase con un \"La gente\u2026","rel":"","context":"En \u00abCHASCOM\u00daS\u00bb","block_context":{"text":"CHASCOM\u00daS","link":"https:\/\/larevistadigital.com.ar\/blog\/category\/chascomus\/"},"img":{"alt_text":"","src":"https:\/\/i0.wp.com\/larevistadigital.com.ar\/blog\/wp-content\/uploads\/Screenshot_1-31.jpg?fit=600%2C586&ssl=1&resize=350%2C200","width":350,"height":200,"srcset":"https:\/\/i0.wp.com\/larevistadigital.com.ar\/blog\/wp-content\/uploads\/Screenshot_1-31.jpg?fit=600%2C586&ssl=1&resize=350%2C200 1x, https:\/\/i0.wp.com\/larevistadigital.com.ar\/blog\/wp-content\/uploads\/Screenshot_1-31.jpg?fit=600%2C586&ssl=1&resize=525%2C300 1.5x"},"classes":[]},{"id":30516,"url":"https:\/\/larevistadigital.com.ar\/blog\/chascomus-santiago-dos-santos-hablo-de-lo-que-planifica-para-el-hospital-municipal-san-vicente-de-paul\/","url_meta":{"origin":30344,"position":5},"title":"CHASCOM\u00daS: SANTIAGO DOS SANTOS HABL\u00d3 DE LO QUE PLANIFICA PARA EL HOSPITAL MUNICIPAL SAN VICENTE DE PAUL","author":"Alejandro Sosa Ruda","date":"10 marzo, 2023","format":false,"excerpt":"EL cirujano y pre candidato a intendente de Chascom\u00fas, dijo que \u201cVamos a hacia un hospital de excelencia, a recuperar los profesionales que fueron forzados a emigrar, y a desarrollar con seriedad el \u00e1rea de salud mental\u201d 10 de marzo de 2023 CHASCOM\u00daS -\u00a0 El prestigioso m\u00e9dico cirujano Santiago Dos\u2026","rel":"","context":"En \u00abINTERES GENERAL\u00bb","block_context":{"text":"INTERES GENERAL","link":"https:\/\/larevistadigital.com.ar\/blog\/category\/interes-general\/"},"img":{"alt_text":"","src":"https:\/\/i0.wp.com\/larevistadigital.com.ar\/blog\/wp-content\/uploads\/Sds-1.jpg?fit=1200%2C899&ssl=1&resize=350%2C200","width":350,"height":200,"srcset":"https:\/\/i0.wp.com\/larevistadigital.com.ar\/blog\/wp-content\/uploads\/Sds-1.jpg?fit=1200%2C899&ssl=1&resize=350%2C200 1x, https:\/\/i0.wp.com\/larevistadigital.com.ar\/blog\/wp-content\/uploads\/Sds-1.jpg?fit=1200%2C899&ssl=1&resize=525%2C300 1.5x, https:\/\/i0.wp.com\/larevistadigital.com.ar\/blog\/wp-content\/uploads\/Sds-1.jpg?fit=1200%2C899&ssl=1&resize=700%2C400 2x, https:\/\/i0.wp.com\/larevistadigital.com.ar\/blog\/wp-content\/uploads\/Sds-1.jpg?fit=1200%2C899&ssl=1&resize=1050%2C600 3x"},"classes":[]}],"_links":{"self":[{"href":"https:\/\/larevistadigital.com.ar\/blog\/wp-json\/wp\/v2\/posts\/30344","targetHints":{"allow":["GET"]}}],"collection":[{"href":"https:\/\/larevistadigital.com.ar\/blog\/wp-json\/wp\/v2\/posts"}],"about":[{"href":"https:\/\/larevistadigital.com.ar\/blog\/wp-json\/wp\/v2\/types\/post"}],"author":[{"embeddable":true,"href":"https:\/\/larevistadigital.com.ar\/blog\/wp-json\/wp\/v2\/users\/3"}],"replies":[{"embeddable":true,"href":"https:\/\/larevistadigital.com.ar\/blog\/wp-json\/wp\/v2\/comments?post=30344"}],"version-history":[{"count":3,"href":"https:\/\/larevistadigital.com.ar\/blog\/wp-json\/wp\/v2\/posts\/30344\/revisions"}],"predecessor-version":[{"id":30349,"href":"https:\/\/larevistadigital.com.ar\/blog\/wp-json\/wp\/v2\/posts\/30344\/revisions\/30349"}],"wp:featuredmedia":[{"embeddable":true,"href":"https:\/\/larevistadigital.com.ar\/blog\/wp-json\/wp\/v2\/media\/30346"}],"wp:attachment":[{"href":"https:\/\/larevistadigital.com.ar\/blog\/wp-json\/wp\/v2\/media?parent=30344"}],"wp:term":[{"taxonomy":"category","embeddable":true,"href":"https:\/\/larevistadigital.com.ar\/blog\/wp-json\/wp\/v2\/categories?post=30344"},{"taxonomy":"post_tag","embeddable":true,"href":"https:\/\/larevistadigital.com.ar\/blog\/wp-json\/wp\/v2\/tags?post=30344"}],"curies":[{"name":"wp","href":"https:\/\/api.w.org\/{rel}","templated":true}]}}