{"id":30351,"date":"2023-03-03T21:22:09","date_gmt":"2023-03-03T21:22:09","guid":{"rendered":"https:\/\/larevistadigital.com.ar\/blog\/?p=30351"},"modified":"2023-03-03T21:26:29","modified_gmt":"2023-03-03T21:26:29","slug":"30351-2","status":"publish","type":"post","link":"https:\/\/larevistadigital.com.ar\/blog\/30351-2\/","title":{"rendered":"CHASCOM\u00daS: APREHENDEN  A SUJETO POR HURTO A SU EX PAREJA"},"content":{"rendered":"<p><strong>CHASCOM\u00daS &#8211;\u00a0<\/strong> \u00a0A ra\u00edz de una llamada al 911, la polic\u00eda se dirigi\u00f3 a la intersecci\u00f3n de las calles Inmigrantes Arabes y\u00a0 Florencio Chapa donde se denunci\u00f3 que un sujeto de sexo masculino hab\u00eda robado elementos del interior de una vivienda.<\/p>\n<p>Una vez en el lugar, se mantuvo una entrevista con la v\u00edctima del robo, una persona de sexo femenino de 30 a\u00f1os de edad, la que mencion\u00f3 lo ocurrido y brind\u00f3 una descripci\u00f3n del asaltante que hac\u00eda instantes le hab\u00eda robado en su vivienda de calle Alvear al 800 una mochila, una tablet y varios elementos m\u00e1s. Agregando que esta persona era una ex pareja suya e identific\u00e1ndolo con datos filiatorios,<\/p>\n<blockquote>\n<h3>La chica hab\u00eda radicado una denuncia en la Comisar\u00eda de la Mujer, y la polic\u00eda ante esta prueba, logr\u00f3 aprehender al acusado con la totalidad de los elementos sustra\u00eddos, incautando los mismos mediante testigo h\u00e1bil.<\/h3>\n<\/blockquote>\n<p>Procediendo al traslado del aprehendido a Seccional. Mantenida comunicaci\u00f3n con UFID Nro 09, la que aval\u00f3 lo actuado y dispuso notificaci\u00f3n arts 1 y 60 del CPP por el delito de HURTO y dem\u00e1s diligencias de rigor, debiendo adelantar las actuaciones via mail como tambi\u00e9n actuaciones de Cr\u00eda de la mujer y la familia labradas en la fecha.<\/p>\n","protected":false},"excerpt":{"rendered":"<div class=\"mh-excerpt\"><p>CHASCOM\u00daS &#8211;\u00a0 \u00a0A ra\u00edz de una llamada al 911, la polic\u00eda se dirigi\u00f3 a la intersecci\u00f3n de las calles Inmigrantes Arabes y\u00a0 Florencio Chapa donde se denunci\u00f3 que un sujeto de sexo masculino hab\u00eda robado <a class=\"mh-excerpt-more\" href=\"https:\/\/larevistadigital.com.ar\/blog\/30351-2\/\" title=\"CHASCOM\u00daS: APREHENDEN  A SUJETO POR HURTO A SU EX PAREJA\">[Leer M\u00e1s]<\/a><\/p>\n<\/div>","protected":false},"author":3,"featured_media":30352,"comment_status":"open","ping_status":"open","sticky":false,"template":"","format":"standard","meta":{"_jetpack_memberships_contains_paid_content":false,"footnotes":"","jetpack_publicize_message":"","jetpack_publicize_feature_enabled":true,"jetpack_social_post_already_shared":true,"jetpack_social_options":{"image_generator_settings":{"template":"highway","default_image_id":0,"font":"","enabled":false},"version":2}},"categories":[6,44],"tags":[],"class_list":{"0":"post-30351","1":"post","2":"type-post","3":"status-publish","4":"format-standard","5":"has-post-thumbnail","7":"category-chascomus","8":"category-policiales"},"jetpack_publicize_connections":[],"jetpack_featured_media_url":"https:\/\/i0.wp.com\/larevistadigital.com.ar\/blog\/wp-content\/uploads\/WhatsApp-Image-2023-03-02-at-23.24.12-e1677878498241.jpeg?fit=806%2C854&ssl=1","jetpack_sharing_enabled":true,"jetpack_shortlink":"https:\/\/wp.me\/p8qtrQ-7Tx","jetpack-related-posts":[{"id":31733,"url":"https:\/\/larevistadigital.com.ar\/blog\/chascomus-aprehenden-a-un-sujeto-que-habia-robado-una-bateria-de-una-auto-en-calle-chacabuco\/","url_meta":{"origin":30351,"position":0},"title":"CHASCOM\u00daS: APREHENDEN A UN SUJETO QUE HAB\u00cdA ROBADO UNA BATER\u00cdA DE UNA AUTO EN CALLE CHACABUCO.","author":"Alejandro Sosa Ruda","date":"24 mayo, 2023","format":false,"excerpt":"Tras las investigaciones del caso, se allan\u00f3 un domicilio donde se incaut\u00f3 material probatorio y se aprehendi\u00f3 a un hombre. 24 de mayo de 2023 CHASCOM\u00daS -\u00a0 El d\u00eda s\u00e1bado 20 de Mayo, se radic\u00f3 una denuncia sonde una persona manifiesta que dej\u00f3 estacionado su veh\u00edculo Renault 12\u00a0 frente a\u2026","rel":"","context":"En \u00abCHASCOM\u00daS\u00bb","block_context":{"text":"CHASCOM\u00daS","link":"https:\/\/larevistadigital.com.ar\/blog\/category\/chascomus\/"},"img":{"alt_text":"","src":"https:\/\/i0.wp.com\/larevistadigital.com.ar\/blog\/wp-content\/uploads\/20211104120442_polic.jpg?fit=880%2C512&ssl=1&resize=350%2C200","width":350,"height":200,"srcset":"https:\/\/i0.wp.com\/larevistadigital.com.ar\/blog\/wp-content\/uploads\/20211104120442_polic.jpg?fit=880%2C512&ssl=1&resize=350%2C200 1x, https:\/\/i0.wp.com\/larevistadigital.com.ar\/blog\/wp-content\/uploads\/20211104120442_polic.jpg?fit=880%2C512&ssl=1&resize=525%2C300 1.5x, https:\/\/i0.wp.com\/larevistadigital.com.ar\/blog\/wp-content\/uploads\/20211104120442_polic.jpg?fit=880%2C512&ssl=1&resize=700%2C400 2x"},"classes":[]},{"id":30387,"url":"https:\/\/larevistadigital.com.ar\/blog\/chascomus-aprehenden-a-un-sujeto-que-en-minutos-robo-en-dos-supermercados\/","url_meta":{"origin":30351,"position":1},"title":"CHASCOM\u00daS: APREHENDEN A UN SUJETO QUE EN MINUTOS ROB\u00d3 EN DOS SUPERMERCADOS","author":"Alejandro Sosa Ruda","date":"5 marzo, 2023","format":false,"excerpt":"Rob\u00f3 en un supermercado y el due\u00f1o logr\u00f3 recuperar la mercader\u00eda, pero un rato despu\u00e9s volvi\u00f3 a robar a dos cuadras y fue aprehendido. CHASCOM\u00daS -\u00a0 Durante la ma\u00f1ana de hoy, la polic\u00eda se hizo presente en el supermercado de descuentos ubicado en Avda. Alfons\u00edn al 500, donde el encargado\u2026","rel":"","context":"En \u00abCHASCOM\u00daS\u00bb","block_context":{"text":"CHASCOM\u00daS","link":"https:\/\/larevistadigital.com.ar\/blog\/category\/chascomus\/"},"img":{"alt_text":"","src":"https:\/\/i0.wp.com\/larevistadigital.com.ar\/blog\/wp-content\/uploads\/WhatsApp-Image-2023-03-05-at-10.26.31-e1678024026533.jpeg?fit=1200%2C861&ssl=1&resize=350%2C200","width":350,"height":200,"srcset":"https:\/\/i0.wp.com\/larevistadigital.com.ar\/blog\/wp-content\/uploads\/WhatsApp-Image-2023-03-05-at-10.26.31-e1678024026533.jpeg?fit=1200%2C861&ssl=1&resize=350%2C200 1x, https:\/\/i0.wp.com\/larevistadigital.com.ar\/blog\/wp-content\/uploads\/WhatsApp-Image-2023-03-05-at-10.26.31-e1678024026533.jpeg?fit=1200%2C861&ssl=1&resize=525%2C300 1.5x, https:\/\/i0.wp.com\/larevistadigital.com.ar\/blog\/wp-content\/uploads\/WhatsApp-Image-2023-03-05-at-10.26.31-e1678024026533.jpeg?fit=1200%2C861&ssl=1&resize=700%2C400 2x, https:\/\/i0.wp.com\/larevistadigital.com.ar\/blog\/wp-content\/uploads\/WhatsApp-Image-2023-03-05-at-10.26.31-e1678024026533.jpeg?fit=1200%2C861&ssl=1&resize=1050%2C600 3x"},"classes":[]},{"id":31675,"url":"https:\/\/larevistadigital.com.ar\/blog\/31675-2\/","url_meta":{"origin":30351,"position":2},"title":"CHASCOM\u00daS: NO CUMPLI\u00d3 CON LA \u00abPROHIBICI\u00d3N DE ACERCAMIENTO\u00bb Y TERMIN\u00d3 APREHENDIDO","author":"Alejandro Sosa Ruda","date":"21 mayo, 2023","format":false,"excerpt":"CHASCOM\u00daS\u00a0 -\u00a0 En horas de la noche del d\u00eda de ayer, la polic\u00eda aprehendi\u00f3 a una persona de sexo masculino y mayor de edad en la calle Chubut, cuando el sujeto aprehendido intentaba retirar a su hijo a la fuerza de la vivienda de su ex pareja. Se estableci\u00f3 que\u2026","rel":"","context":"En \u00abINTERES GENERAL\u00bb","block_context":{"text":"INTERES GENERAL","link":"https:\/\/larevistadigital.com.ar\/blog\/category\/interes-general\/"},"img":{"alt_text":"","src":"https:\/\/i0.wp.com\/larevistadigital.com.ar\/blog\/wp-content\/uploads\/WhatsApp-Image-2023-05-21-at-09.34.56-e1684680817932.jpeg?fit=1200%2C936&ssl=1&resize=350%2C200","width":350,"height":200,"srcset":"https:\/\/i0.wp.com\/larevistadigital.com.ar\/blog\/wp-content\/uploads\/WhatsApp-Image-2023-05-21-at-09.34.56-e1684680817932.jpeg?fit=1200%2C936&ssl=1&resize=350%2C200 1x, https:\/\/i0.wp.com\/larevistadigital.com.ar\/blog\/wp-content\/uploads\/WhatsApp-Image-2023-05-21-at-09.34.56-e1684680817932.jpeg?fit=1200%2C936&ssl=1&resize=525%2C300 1.5x, https:\/\/i0.wp.com\/larevistadigital.com.ar\/blog\/wp-content\/uploads\/WhatsApp-Image-2023-05-21-at-09.34.56-e1684680817932.jpeg?fit=1200%2C936&ssl=1&resize=700%2C400 2x, https:\/\/i0.wp.com\/larevistadigital.com.ar\/blog\/wp-content\/uploads\/WhatsApp-Image-2023-05-21-at-09.34.56-e1684680817932.jpeg?fit=1200%2C936&ssl=1&resize=1050%2C600 3x"},"classes":[]},{"id":30390,"url":"https:\/\/larevistadigital.com.ar\/blog\/chascomus-robo-en-el-comercio-la-grulla-y-fue-aprehendido\/","url_meta":{"origin":30351,"position":3},"title":"CHASCOM\u00daS: ROB\u00d3 EN EL COMERCIO \u00abLA GRULLA\u00bb Y FUE APREHENDIDO","author":"Alejandro Sosa Ruda","date":"5 marzo, 2023","format":false,"excerpt":"Se hab\u00eda llevado una notebook y la polic\u00eda logr\u00f3 aprehenderlo. Era muy agresivo, de nacionalidad brasilera y se alojaba en un hotel. CHASCOM\u00daS -\u00a0 Luego de un llamado, la polic\u00eda acudi\u00f3 al comercio llamado \"La Grulla\", donde refieren que un sujeto muy agresivo de sexo masculino, hab\u00eda robado una computadora\u2026","rel":"","context":"En \u00abINTERES GENERAL\u00bb","block_context":{"text":"INTERES GENERAL","link":"https:\/\/larevistadigital.com.ar\/blog\/category\/interes-general\/"},"img":{"alt_text":"","src":"https:\/\/i0.wp.com\/larevistadigital.com.ar\/blog\/wp-content\/uploads\/WhatsApp-Image-2023-03-05-at-10.26.31-2-e1678030221345.jpeg?fit=899%2C832&ssl=1&resize=350%2C200","width":350,"height":200,"srcset":"https:\/\/i0.wp.com\/larevistadigital.com.ar\/blog\/wp-content\/uploads\/WhatsApp-Image-2023-03-05-at-10.26.31-2-e1678030221345.jpeg?fit=899%2C832&ssl=1&resize=350%2C200 1x, https:\/\/i0.wp.com\/larevistadigital.com.ar\/blog\/wp-content\/uploads\/WhatsApp-Image-2023-03-05-at-10.26.31-2-e1678030221345.jpeg?fit=899%2C832&ssl=1&resize=525%2C300 1.5x, https:\/\/i0.wp.com\/larevistadigital.com.ar\/blog\/wp-content\/uploads\/WhatsApp-Image-2023-03-05-at-10.26.31-2-e1678030221345.jpeg?fit=899%2C832&ssl=1&resize=700%2C400 2x"},"classes":[]},{"id":32823,"url":"https:\/\/larevistadigital.com.ar\/blog\/chascomus-detienen-y-trasladan-a-un-sujeto-con-frondosos-antecedentes-cuando-intentaba-robar-un-auto\/","url_meta":{"origin":30351,"position":4},"title":"CHASCOM\u00daS: DETIENEN Y TRASLADAN A UN SUJETO CON FRONDOSOS ANTECEDENTES CUANDO INTENTABA ROBAR UN AUTO","author":"Alejandro Sosa Ruda","date":"10 agosto, 2023","format":false,"excerpt":"10 de agosto de 2023 CHASCOM\u00daS -\u00a0 Durante la madrugada de hoy, personal policial de la Estaci\u00f3n de Polic\u00eda Comunal Chascomus Primera aprehendi\u00f3 a una persona de sexo masculino, cuando se fugaba del lugar en donde hab\u00eda roto la cerradura de la puerta de un veh\u00edculo de calle Tandil para\u2026","rel":"","context":"En \u00abINTERES GENERAL\u00bb","block_context":{"text":"INTERES GENERAL","link":"https:\/\/larevistadigital.com.ar\/blog\/category\/interes-general\/"},"img":{"alt_text":"","src":"https:\/\/i0.wp.com\/larevistadigital.com.ar\/blog\/wp-content\/uploads\/WhatsApp-Image-2023-08-09-at-19.13.34.jpeg?fit=772%2C1200&ssl=1&resize=350%2C200","width":350,"height":200,"srcset":"https:\/\/i0.wp.com\/larevistadigital.com.ar\/blog\/wp-content\/uploads\/WhatsApp-Image-2023-08-09-at-19.13.34.jpeg?fit=772%2C1200&ssl=1&resize=350%2C200 1x, https:\/\/i0.wp.com\/larevistadigital.com.ar\/blog\/wp-content\/uploads\/WhatsApp-Image-2023-08-09-at-19.13.34.jpeg?fit=772%2C1200&ssl=1&resize=525%2C300 1.5x, https:\/\/i0.wp.com\/larevistadigital.com.ar\/blog\/wp-content\/uploads\/WhatsApp-Image-2023-08-09-at-19.13.34.jpeg?fit=772%2C1200&ssl=1&resize=700%2C400 2x"},"classes":[]},{"id":35752,"url":"https:\/\/larevistadigital.com.ar\/blog\/chascomus-la-policia-detuvo-a-un-violento-sujeto-que-golpeo-a-su-pareja-y-luego-destruyo-el-movil-policial\/","url_meta":{"origin":30351,"position":5},"title":"CHASCOM\u00daS: LA POLIC\u00cdA DETUVO A UN VIOLENTO SUJETO QUE GOLPE\u00d3 A SU PAREJA Y LUEGO DESTRUY\u00d3 EL M\u00d3VIL POLICIAL","author":"Alejandro Sosa Ruda","date":"3 abril, 2024","format":false,"excerpt":"Luego de trenzarse en lucha con los oficiales, el violento result\u00f3 detenido y la emprendi\u00f3 contra el m\u00f3vil policial, logrando destru\u00edr los vidrios. 3 de abril de 2024 CHASCOM\u00daS -\u00a0 Pasado el mediod\u00eda de hoy, personal policial se traslado hasta un domicilio de calle Brasil ya que en el lugar\u2026","rel":"","context":"En \u00abDESTACADAS\u00bb","block_context":{"text":"DESTACADAS","link":"https:\/\/larevistadigital.com.ar\/blog\/category\/destacadas\/"},"img":{"alt_text":"","src":"https:\/\/i0.wp.com\/larevistadigital.com.ar\/blog\/wp-content\/uploads\/Patrullero-La-Plata-Berisso-Policia.jpg?fit=882%2C492&ssl=1&resize=350%2C200","width":350,"height":200,"srcset":"https:\/\/i0.wp.com\/larevistadigital.com.ar\/blog\/wp-content\/uploads\/Patrullero-La-Plata-Berisso-Policia.jpg?fit=882%2C492&ssl=1&resize=350%2C200 1x, https:\/\/i0.wp.com\/larevistadigital.com.ar\/blog\/wp-content\/uploads\/Patrullero-La-Plata-Berisso-Policia.jpg?fit=882%2C492&ssl=1&resize=525%2C300 1.5x, https:\/\/i0.wp.com\/larevistadigital.com.ar\/blog\/wp-content\/uploads\/Patrullero-La-Plata-Berisso-Policia.jpg?fit=882%2C492&ssl=1&resize=700%2C400 2x"},"classes":[]}],"_links":{"self":[{"href":"https:\/\/larevistadigital.com.ar\/blog\/wp-json\/wp\/v2\/posts\/30351","targetHints":{"allow":["GET"]}}],"collection":[{"href":"https:\/\/larevistadigital.com.ar\/blog\/wp-json\/wp\/v2\/posts"}],"about":[{"href":"https:\/\/larevistadigital.com.ar\/blog\/wp-json\/wp\/v2\/types\/post"}],"author":[{"embeddable":true,"href":"https:\/\/larevistadigital.com.ar\/blog\/wp-json\/wp\/v2\/users\/3"}],"replies":[{"embeddable":true,"href":"https:\/\/larevistadigital.com.ar\/blog\/wp-json\/wp\/v2\/comments?post=30351"}],"version-history":[{"count":2,"href":"https:\/\/larevistadigital.com.ar\/blog\/wp-json\/wp\/v2\/posts\/30351\/revisions"}],"predecessor-version":[{"id":30355,"href":"https:\/\/larevistadigital.com.ar\/blog\/wp-json\/wp\/v2\/posts\/30351\/revisions\/30355"}],"wp:featuredmedia":[{"embeddable":true,"href":"https:\/\/larevistadigital.com.ar\/blog\/wp-json\/wp\/v2\/media\/30352"}],"wp:attachment":[{"href":"https:\/\/larevistadigital.com.ar\/blog\/wp-json\/wp\/v2\/media?parent=30351"}],"wp:term":[{"taxonomy":"category","embeddable":true,"href":"https:\/\/larevistadigital.com.ar\/blog\/wp-json\/wp\/v2\/categories?post=30351"},{"taxonomy":"post_tag","embeddable":true,"href":"https:\/\/larevistadigital.com.ar\/blog\/wp-json\/wp\/v2\/tags?post=30351"}],"curies":[{"name":"wp","href":"https:\/\/api.w.org\/{rel}","templated":true}]}}