{"id":30360,"date":"2023-03-03T22:45:41","date_gmt":"2023-03-03T22:45:41","guid":{"rendered":"https:\/\/larevistadigital.com.ar\/blog\/?p=30360"},"modified":"2023-03-03T22:45:41","modified_gmt":"2023-03-03T22:45:41","slug":"algo-mas-anuncian-un-aumento-al-doble-de-la-vtv-en-la-pcia-de-bs-as","status":"publish","type":"post","link":"https:\/\/larevistadigital.com.ar\/blog\/algo-mas-anuncian-un-aumento-al-doble-de-la-vtv-en-la-pcia-de-bs-as\/","title":{"rendered":"ALGO M\u00c1S?&#8230; ANUNCIAN UN AUMENTO AL DOBLE DE LA VTV EN LA PCIA. DE BS. AS."},"content":{"rendered":"<h2 class=\"fparrafo ctext fz18 lh25\">Los valores actualizados a partir de este mes son los siguientes: motocicletas: $ 1.512, veh\u00edculos de hasta 2500 kg: $ 5.040; veh\u00edculos de m\u00e1s de 2500 kg: $ 9.072. En tanto, los remolques, semirremolques y acoplados de hasta 2500 kg costar\u00e1n $ 2.520 y remolques, semirremolques y acoplados de m\u00e1s de 2500 kg $ 4.536.<\/h2>\n<p>3 de marzo de 2023<\/p>\n<p><strong>BUENOS AIRES &#8211;\u00a0 <\/strong>Desde el Gobierno de la provincia de Buenos Aires oficializaron los nuevos aumentos para la Verificaci\u00f3n T\u00e9cnica Vehicular (VTV), la misma ser\u00e1 en dos tramos, uno en el mes de marzo y otro en mayo. Para el segundo aumento el costo llegar\u00e1 a los $6.400 para un autom\u00f3vil de menos de 2.500 kilogramos.<\/p>\n<blockquote>\n<h3 class=\"selectionShareable\">Seg\u00fan se public\u00f3 este viernes en el Bolet\u00edn Oficial, la suba se aplicar\u00e1 en dos etapas y llegar\u00e1 al 103%. As\u00ed, desde marzo el valor m\u00e1ximo ser\u00e1 de $5.040 y de $ 6.400 en mayo. Hasta ahora, el costo era de $ 3.150.<\/h3>\n<\/blockquote>\n<p class=\"selectionShareable\">De esta manera, los valores actualizados a partir de este mes son los siguientes: motocicletas: $ 1.512, veh\u00edculos de hasta 2500 kg: $ 5.040; veh\u00edculos de m\u00e1s de 2500 kg: $ 9.072.<\/p>\n<blockquote>\n<h3 class=\"selectionShareable\">En tanto, los remolques, semirremolques y acoplados de hasta 2500 kg costar\u00e1n $ 2.520 y remolques, semirremolques y acoplados de m\u00e1s de 2500 kg $ 4.536. Todos los valores son con IVA incluido.<\/h3>\n<\/blockquote>\n<p class=\"selectionShareable\">La cartera que lidera <strong>Jorge D\u2019Onofrio<\/strong> explic\u00f3 que las ocho concesionarias que operan en la provincia de Buenos Aires solicitaron la actualizaci\u00f3n en septiembre de 2022 y lo ampliaron en enero de este a\u00f1o. (<b>InfoGEI<\/b>) Mg<\/p>\n","protected":false},"excerpt":{"rendered":"<div class=\"mh-excerpt\"><p>Los valores actualizados a partir de este mes son los siguientes: motocicletas: $ 1.512, veh\u00edculos de hasta 2500 kg: $ 5.040; veh\u00edculos de m\u00e1s de 2500 kg: $ 9.072. En tanto, los remolques, semirremolques y <a class=\"mh-excerpt-more\" href=\"https:\/\/larevistadigital.com.ar\/blog\/algo-mas-anuncian-un-aumento-al-doble-de-la-vtv-en-la-pcia-de-bs-as\/\" title=\"ALGO M\u00c1S?&#8230; ANUNCIAN UN AUMENTO AL DOBLE DE LA VTV EN LA PCIA. DE BS. AS.\">[Leer M\u00e1s]<\/a><\/p>\n<\/div>","protected":false},"author":3,"featured_media":30361,"comment_status":"open","ping_status":"open","sticky":false,"template":"","format":"standard","meta":{"_jetpack_memberships_contains_paid_content":false,"footnotes":"","jetpack_publicize_message":"","jetpack_publicize_feature_enabled":true,"jetpack_social_post_already_shared":true,"jetpack_social_options":{"image_generator_settings":{"template":"highway","default_image_id":0,"font":"","enabled":false},"version":2}},"categories":[24,51],"tags":[],"class_list":{"0":"post-30360","1":"post","2":"type-post","3":"status-publish","4":"format-standard","5":"has-post-thumbnail","7":"category-politica-provincial","8":"category-regionales"},"jetpack_publicize_connections":[],"jetpack_featured_media_url":"https:\/\/i0.wp.com\/larevistadigital.com.ar\/blog\/wp-content\/uploads\/20230303171824_vtv-bahiablanca.jpg?fit=880%2C512&ssl=1","jetpack_sharing_enabled":true,"jetpack_shortlink":"https:\/\/wp.me\/p8qtrQ-7TG","jetpack-related-posts":[{"id":11377,"url":"https:\/\/larevistadigital.com.ar\/blog\/la-vtv-aumentaria-aproximadamente-un-30\/","url_meta":{"origin":30360,"position":0},"title":"LA VTV AUMENTAR\u00cdA APROXIMADAMENTE UN 30%","author":"Alejandro Sosa Ruda","date":"19 julio, 2019","format":false,"excerpt":"La medida, dispuesta en una resoluci\u00f3n del Bolet\u00edn Oficial, establece un aumento del 26,4\u00a0 % que se implementar\u00e1 a partir de este viernes. La verificaci\u00f3n t\u00e9cnica vehicular, que consiste en un r\u00e9gimen de inspecciones t\u00e9cnicas aranceladas, peri\u00f3dicas y obligatorias, aplicables a todos los veh\u00edculos matriculados en la provincia de\u00a0Buenos Aires,\u2026","rel":"","context":"En \u00abINTERES GENERAL\u00bb","block_context":{"text":"INTERES GENERAL","link":"https:\/\/larevistadigital.com.ar\/blog\/category\/interes-general\/"},"img":{"alt_text":"","src":"https:\/\/i0.wp.com\/larevistadigital.com.ar\/blog\/wp-content\/uploads\/0030385135.jpg?fit=1000%2C540&ssl=1&resize=350%2C200","width":350,"height":200,"srcset":"https:\/\/i0.wp.com\/larevistadigital.com.ar\/blog\/wp-content\/uploads\/0030385135.jpg?fit=1000%2C540&ssl=1&resize=350%2C200 1x, https:\/\/i0.wp.com\/larevistadigital.com.ar\/blog\/wp-content\/uploads\/0030385135.jpg?fit=1000%2C540&ssl=1&resize=525%2C300 1.5x, https:\/\/i0.wp.com\/larevistadigital.com.ar\/blog\/wp-content\/uploads\/0030385135.jpg?fit=1000%2C540&ssl=1&resize=700%2C400 2x"},"classes":[]},{"id":38028,"url":"https:\/\/larevistadigital.com.ar\/blog\/la-vtv-vuelve-a-aumentar-en-diciembre-a-casi-54-mil-pesos\/","url_meta":{"origin":30360,"position":1},"title":"La VTV vuelve a aumentar en diciembre a casi 54 mil pesos","author":"Alejandro Sosa Ruda","date":"30 noviembre, 2024","format":false,"excerpt":"La Verificaci\u00f3n T\u00e9cnica Vehicular tendr\u00e1 otro incremento desde febrero del 2025. C\u00f3mo quedaron las tarifas. El siguiente aumento ser\u00e1 en febrero de 2025, 30 de Noviembre de 2024 El costo del tr\u00e1mite por la Verificaci\u00f3n T\u00e9cnica Vehicular (VTV) vuelve a aumentar desde el 1\u00b0 de diciembre un 21,83% y el\u2026","rel":"","context":"En \u00abINTERES GENERAL\u00bb","block_context":{"text":"INTERES GENERAL","link":"https:\/\/larevistadigital.com.ar\/blog\/category\/interes-general\/"},"img":{"alt_text":"","src":"https:\/\/i0.wp.com\/larevistadigital.com.ar\/blog\/wp-content\/uploads\/20241129200132_vtv-en-la-provincia-de-buenos-aires.jpg?fit=880%2C512&ssl=1&resize=350%2C200","width":350,"height":200,"srcset":"https:\/\/i0.wp.com\/larevistadigital.com.ar\/blog\/wp-content\/uploads\/20241129200132_vtv-en-la-provincia-de-buenos-aires.jpg?fit=880%2C512&ssl=1&resize=350%2C200 1x, https:\/\/i0.wp.com\/larevistadigital.com.ar\/blog\/wp-content\/uploads\/20241129200132_vtv-en-la-provincia-de-buenos-aires.jpg?fit=880%2C512&ssl=1&resize=525%2C300 1.5x, https:\/\/i0.wp.com\/larevistadigital.com.ar\/blog\/wp-content\/uploads\/20241129200132_vtv-en-la-provincia-de-buenos-aires.jpg?fit=880%2C512&ssl=1&resize=700%2C400 2x"},"classes":[]},{"id":23129,"url":"https:\/\/larevistadigital.com.ar\/blog\/el-gobierno-provincial-resolvio-que-la-vtv-sera-de-acuerdo-a-la-patente-como-se-instrumentara-y-cuanto-costara\/","url_meta":{"origin":30360,"position":2},"title":"EL GOBIERNO PROVINCIAL RESOLVI\u00d3 QUE LA VTV SER\u00c1 DE ACUERDO A LA PATENTE: \u00bfC\u00d3MO SE INSTRUMENTAR\u00c1 Y CU\u00c1NTO COSTAR\u00c1?","author":"Alejandro Sosa Ruda","date":"1 enero, 2022","format":false,"excerpt":"El Ministerio de Infraestructura y Servicios P\u00fablicos aprob\u00f3 el nuevo ordenamiento de concurrencia a la VTV por n\u00famero de patente. \u00bfY los precios? Mediante la Resoluci\u00f3n 2002\/2021 del\u00a0Gobierno de la Provincia de Buenos Aires, espec\u00edficamente el\u00a0Ministerio de Infraestructura y Servicios P\u00fablicos que comanda el ex intendente de Malvinas Argentinas, Leonardo\u2026","rel":"","context":"En \u00abINTERES GENERAL\u00bb","block_context":{"text":"INTERES GENERAL","link":"https:\/\/larevistadigital.com.ar\/blog\/category\/interes-general\/"},"img":{"alt_text":"","src":"https:\/\/i0.wp.com\/larevistadigital.com.ar\/blog\/wp-content\/uploads\/vtv-dic-2021.jpg?fit=887%2C475&ssl=1&resize=350%2C200","width":350,"height":200,"srcset":"https:\/\/i0.wp.com\/larevistadigital.com.ar\/blog\/wp-content\/uploads\/vtv-dic-2021.jpg?fit=887%2C475&ssl=1&resize=350%2C200 1x, https:\/\/i0.wp.com\/larevistadigital.com.ar\/blog\/wp-content\/uploads\/vtv-dic-2021.jpg?fit=887%2C475&ssl=1&resize=525%2C300 1.5x, https:\/\/i0.wp.com\/larevistadigital.com.ar\/blog\/wp-content\/uploads\/vtv-dic-2021.jpg?fit=887%2C475&ssl=1&resize=700%2C400 2x"},"classes":[]},{"id":23600,"url":"https:\/\/larevistadigital.com.ar\/blog\/malas-noticias-aumenta-la-vtv-para-las-verificaciones-2022\/","url_meta":{"origin":30360,"position":3},"title":"MALAS NOTICIAS: AUMENTA LA VTV PARA LAS VERIFICACIONES 2022","author":"Alejandro Sosa Ruda","date":"27 enero, 2022","format":false,"excerpt":"Las autoridades del Gobierno de la Provincia de Buenos Aires, comunicaron p\u00fablicamente y decretaron algunas pautas con respecto a turnos y precios en el tr\u00e1mite anual de verificaci\u00f3n. Tras la actualizaci\u00f3n de la modalidad de turnos, el servicio de verificaci\u00f3n t\u00e9cnica vehicular (VTV) de la provincia de Buenos Aires fij\u00f3\u2026","rel":"","context":"En \u00abINTERES GENERAL\u00bb","block_context":{"text":"INTERES GENERAL","link":"https:\/\/larevistadigital.com.ar\/blog\/category\/interes-general\/"},"img":{"alt_text":"","src":"https:\/\/i0.wp.com\/larevistadigital.com.ar\/blog\/wp-content\/uploads\/1643288855897.jpg?fit=1192%2C675&ssl=1&resize=350%2C200","width":350,"height":200,"srcset":"https:\/\/i0.wp.com\/larevistadigital.com.ar\/blog\/wp-content\/uploads\/1643288855897.jpg?fit=1192%2C675&ssl=1&resize=350%2C200 1x, https:\/\/i0.wp.com\/larevistadigital.com.ar\/blog\/wp-content\/uploads\/1643288855897.jpg?fit=1192%2C675&ssl=1&resize=525%2C300 1.5x, https:\/\/i0.wp.com\/larevistadigital.com.ar\/blog\/wp-content\/uploads\/1643288855897.jpg?fit=1192%2C675&ssl=1&resize=700%2C400 2x, https:\/\/i0.wp.com\/larevistadigital.com.ar\/blog\/wp-content\/uploads\/1643288855897.jpg?fit=1192%2C675&ssl=1&resize=1050%2C600 3x"},"classes":[]},{"id":44692,"url":"https:\/\/larevistadigital.com.ar\/blog\/vtv-sin-cambios-en-provincia-rechazan-la-desregulacion-y-seguira-el-sistema-actual\/","url_meta":{"origin":30360,"position":4},"title":"VTV sin cambios en Provincia: rechazan la desregulaci\u00f3n y seguir\u00e1 el sistema actual","author":"Alejandro Sosa Ruda","date":"24 marzo, 2026","format":false,"excerpt":"Pese al anuncio nacional que promet\u00eda talleres habilitados y m\u00e1s plazo para autos nuevos, Buenos Aires confirm\u00f3 que no adherir\u00e1. Habr\u00e1 pago obligatorio anticipado para sacar turno. 24 de marzo de 2026 BUENOS AIRES -\u00a0 \u00a0 El anuncio del Gobierno nacional sobre la desregulaci\u00f3n del sistema de la VTV gener\u00f3\u2026","rel":"","context":"En \u00abREGIONALES\u00bb","block_context":{"text":"REGIONALES","link":"https:\/\/larevistadigital.com.ar\/blog\/category\/regionales\/"},"img":{"alt_text":"","src":"https:\/\/i0.wp.com\/larevistadigital.com.ar\/blog\/wp-content\/uploads\/Captura-de-pantalla-2026-03-24-205839.jpg?fit=706%2C457&ssl=1&resize=350%2C200","width":350,"height":200,"srcset":"https:\/\/i0.wp.com\/larevistadigital.com.ar\/blog\/wp-content\/uploads\/Captura-de-pantalla-2026-03-24-205839.jpg?fit=706%2C457&ssl=1&resize=350%2C200 1x, https:\/\/i0.wp.com\/larevistadigital.com.ar\/blog\/wp-content\/uploads\/Captura-de-pantalla-2026-03-24-205839.jpg?fit=706%2C457&ssl=1&resize=525%2C300 1.5x, https:\/\/i0.wp.com\/larevistadigital.com.ar\/blog\/wp-content\/uploads\/Captura-de-pantalla-2026-03-24-205839.jpg?fit=706%2C457&ssl=1&resize=700%2C400 2x"},"classes":[]},{"id":29692,"url":"https:\/\/larevistadigital.com.ar\/blog\/buenos-aires-se-podra-circular-con-la-vtv-vencida-acreditando-el-turno-de-renovacion\/","url_meta":{"origin":30360,"position":5},"title":"BUENOS AIRES: SE PODR\u00c1 CIRCULAR CON LA VTV VENCIDA, ACREDITANDO EL TURNO DE RENOVACI\u00d3N","author":"Alejandro Sosa Ruda","date":"29 diciembre, 2022","format":false,"excerpt":"Fue por disposici\u00f3n del Ministerio de Transporte bonaerense. Esta medida atiende a la gran demanda existente para la renovaci\u00f3n de la VTV y tiene la finalidad de reordenar los plazos y normalizar el sistema de atenci\u00f3n. 29 de diciembre de 2022 BUENOS AIRES -\u00a0 El Gobierno provincial habilit\u00f3 que los\u2026","rel":"","context":"En \u00abPOLITICA PROVINCIAL\u00bb","block_context":{"text":"POLITICA PROVINCIAL","link":"https:\/\/larevistadigital.com.ar\/blog\/category\/politica\/politica-provincial\/"},"img":{"alt_text":"","src":"https:\/\/i0.wp.com\/larevistadigital.com.ar\/blog\/wp-content\/uploads\/20221229181911_t.jpg?fit=880%2C512&ssl=1&resize=350%2C200","width":350,"height":200,"srcset":"https:\/\/i0.wp.com\/larevistadigital.com.ar\/blog\/wp-content\/uploads\/20221229181911_t.jpg?fit=880%2C512&ssl=1&resize=350%2C200 1x, https:\/\/i0.wp.com\/larevistadigital.com.ar\/blog\/wp-content\/uploads\/20221229181911_t.jpg?fit=880%2C512&ssl=1&resize=525%2C300 1.5x, https:\/\/i0.wp.com\/larevistadigital.com.ar\/blog\/wp-content\/uploads\/20221229181911_t.jpg?fit=880%2C512&ssl=1&resize=700%2C400 2x"},"classes":[]}],"_links":{"self":[{"href":"https:\/\/larevistadigital.com.ar\/blog\/wp-json\/wp\/v2\/posts\/30360","targetHints":{"allow":["GET"]}}],"collection":[{"href":"https:\/\/larevistadigital.com.ar\/blog\/wp-json\/wp\/v2\/posts"}],"about":[{"href":"https:\/\/larevistadigital.com.ar\/blog\/wp-json\/wp\/v2\/types\/post"}],"author":[{"embeddable":true,"href":"https:\/\/larevistadigital.com.ar\/blog\/wp-json\/wp\/v2\/users\/3"}],"replies":[{"embeddable":true,"href":"https:\/\/larevistadigital.com.ar\/blog\/wp-json\/wp\/v2\/comments?post=30360"}],"version-history":[{"count":1,"href":"https:\/\/larevistadigital.com.ar\/blog\/wp-json\/wp\/v2\/posts\/30360\/revisions"}],"predecessor-version":[{"id":30362,"href":"https:\/\/larevistadigital.com.ar\/blog\/wp-json\/wp\/v2\/posts\/30360\/revisions\/30362"}],"wp:featuredmedia":[{"embeddable":true,"href":"https:\/\/larevistadigital.com.ar\/blog\/wp-json\/wp\/v2\/media\/30361"}],"wp:attachment":[{"href":"https:\/\/larevistadigital.com.ar\/blog\/wp-json\/wp\/v2\/media?parent=30360"}],"wp:term":[{"taxonomy":"category","embeddable":true,"href":"https:\/\/larevistadigital.com.ar\/blog\/wp-json\/wp\/v2\/categories?post=30360"},{"taxonomy":"post_tag","embeddable":true,"href":"https:\/\/larevistadigital.com.ar\/blog\/wp-json\/wp\/v2\/tags?post=30360"}],"curies":[{"name":"wp","href":"https:\/\/api.w.org\/{rel}","templated":true}]}}