{"id":30363,"date":"2023-03-03T22:51:14","date_gmt":"2023-03-03T22:51:14","guid":{"rendered":"https:\/\/larevistadigital.com.ar\/blog\/?p=30363"},"modified":"2023-03-03T22:51:14","modified_gmt":"2023-03-03T22:51:14","slug":"mar-del-plata-aparecieron-papas-de-mar-en-las-playas-del-sur-y-se-recomienda-no-tocarlas","status":"publish","type":"post","link":"https:\/\/larevistadigital.com.ar\/blog\/mar-del-plata-aparecieron-papas-de-mar-en-las-playas-del-sur-y-se-recomienda-no-tocarlas\/","title":{"rendered":"MAR DEL PLATA: APARECIERON \u00abPAPAS DE MAR\u00bb EN LAS PLAYAS DEL SUR, Y SE RECOMIENDA NO TOCARLAS"},"content":{"rendered":"<h2 class=\"fparrafo ctext fz18 lh25\">Investigadores brindaron precisiones sobre el hallazgo que sorprendi\u00f3 a veraneantes. \u00abEs conveniente mantenerlos fuera del alcance de ni\u00f1os y mascotas\u00bb, aconsejaron. Su aparici\u00f3n en la orilla de algunas playas de Mar del Plata responde, tal como sucedi\u00f3 con las llamadas \u00abbabosas mataperros\u00bb, al fen\u00f3meno de los arribazones.<\/h2>\n<p><strong>MAR DEL PLATA &#8211;\u00a0 <\/strong>Especialistas del Instituto de Investigaci\u00f3n y Desarrollo Pesquero (Inidep) recomendaron a la comunidad no tocar unos extra\u00f1os organismos que aparecieron esta semana en algunas playas del sur de Mar del Plata y que popularmente se los conoce como \u00abpapas de mar\u00bb.<\/p>\n<blockquote>\n<h3 class=\"selectionShareable\">Laura Schejter, integrante del Programa Ecolog\u00eda Pesquera de la entidad, describi\u00f3 que cient\u00edficamente se conocen como Polyzoa opuntia (Ascidiacea) y que, en verdad, estos ejemplares son colonias.<\/h3>\n<\/blockquote>\n<p class=\"selectionShareable\"><em><strong>\u201cEstas papas de mar en particular son coloniales (cada fragmento es una colonia con muchos organismos), aunque otras especies de ascidias son solitarias, pudiendo alcanzar tama\u00f1os inclusive mayores a los de estas colonias que observamos. En las papas de mar que se vieron en las costas, cada una de esas \u201cverrugas\u201d constituye un individuo que forma parte de la matriz com\u00fan de la colonia de ascidias\u00bb<\/strong><\/em>, indic\u00f3.<\/p>\n<blockquote>\n<h3 class=\"selectionShareable\">La investigadora aclar\u00f3 que estos seres vivos no son t\u00f3xicos pero dijo que <span style=\"color: #ff0000\">\u00ab<em>tampoco se recomienda tocarlas\u00bb. \u00abEs conveniente mantenerlos fuera del alcance de ni\u00f1os y mascotas, al igual que con el resto de los organismos que podamos encontrar\u00bb<\/em><\/span>, remarc\u00f3.<\/h3>\n<\/blockquote>\n<p class=\"selectionShareable\">Su aparici\u00f3n en la orilla de algunas playas de Mar del Plata responde, tal como sucedi\u00f3 con las llamadas \u00abbabosas mataperros\u00bb, al fen\u00f3meno de los arribazones, que se relacionan con las corrientes marinas y el arrastre de macroalgas que provocan diferentes episodios meteorol\u00f3gicos.<\/p>\n<p class=\"selectionShareable\">En el caso de las ascidias, pertenecen al filo Cordados, una categor\u00eda del reino animal caracterizados por la presencia de una cuerda dorsal o notocorda de c\u00e9lulas turgentes,tubo neural hueco en posici\u00f3n dorsal, hendiduras branquiales y cola, por lo menos en alguna fase del desarrollo embrionario. Nosotros, los humanos, tambi\u00e9n somos cordados, y dentro de ellos, pertenecemos al grupo de los vertebrados.<\/p>\n<p class=\"selectionShareable\">Otra particularidad de las ascidias es que, junto con otros organismos marinos como los corales o esponjas, resultan de gran inter\u00e9s para las investigaciones desde el punto de vista qu\u00edmico, ya que se han detectado sustancias activas (metabolitos secundarios) con propiedades que pueden ser beneficiosas y \u00fatiles para las industrias naval y farmacol\u00f3gica, entre otras, por haberse hallado sustancias antifouling, antibacteriales, antif\u00fangicas y hasta anticancer\u00edgenas. (<b>InfoGEI<\/b>) Mg<\/p>\n","protected":false},"excerpt":{"rendered":"<div class=\"mh-excerpt\"><p>Investigadores brindaron precisiones sobre el hallazgo que sorprendi\u00f3 a veraneantes. \u00abEs conveniente mantenerlos fuera del alcance de ni\u00f1os y mascotas\u00bb, aconsejaron. Su aparici\u00f3n en la orilla de algunas playas de Mar del Plata responde, tal <a class=\"mh-excerpt-more\" href=\"https:\/\/larevistadigital.com.ar\/blog\/mar-del-plata-aparecieron-papas-de-mar-en-las-playas-del-sur-y-se-recomienda-no-tocarlas\/\" title=\"MAR DEL PLATA: APARECIERON \u00abPAPAS DE MAR\u00bb EN LAS PLAYAS DEL SUR, Y SE RECOMIENDA NO TOCARLAS\">[Leer M\u00e1s]<\/a><\/p>\n<\/div>","protected":false},"author":3,"featured_media":30364,"comment_status":"open","ping_status":"open","sticky":false,"template":"","format":"standard","meta":{"_jetpack_memberships_contains_paid_content":false,"footnotes":"","jetpack_publicize_message":"","jetpack_publicize_feature_enabled":true,"jetpack_social_post_already_shared":true,"jetpack_social_options":{"image_generator_settings":{"template":"highway","default_image_id":0,"font":"","enabled":false},"version":2}},"categories":[11,51],"tags":[],"class_list":{"0":"post-30363","1":"post","2":"type-post","3":"status-publish","4":"format-standard","5":"has-post-thumbnail","7":"category-curiosas","8":"category-regionales"},"jetpack_publicize_connections":[],"jetpack_featured_media_url":"https:\/\/i0.wp.com\/larevistadigital.com.ar\/blog\/wp-content\/uploads\/20230303160708_papa.jpg?fit=880%2C512&ssl=1","jetpack_sharing_enabled":true,"jetpack_shortlink":"https:\/\/wp.me\/p8qtrQ-7TJ","jetpack-related-posts":[{"id":8486,"url":"https:\/\/larevistadigital.com.ar\/blog\/mar-del-plata-alerta-por-la-presencia-de-orcas\/","url_meta":{"origin":30363,"position":0},"title":"MAR DEL PLATA: ALERTA POR LA PRESENCIA DE ORCAS (CON VIDEO SUBIDO POR TURISTA)","author":"Alejandro Sosa Ruda","date":"15 febrero, 2019","format":false,"excerpt":"Los mam\u00edferos se hicieron presentes a poca distancia de la orillas en\u00a0Playa Popular y en los balnearios de La Perla. Por precauci\u00f3n, evacuaron a los veraneantes que estaban en el mar.\u00a0Mir\u00e1 las im\u00e1genes. Los veraneantes de la costa argentina que se encuentran en Mar del Plata se sorprendieron este jueves\u00a0por\u2026","rel":"","context":"En \u00abSin categor\u00eda\u00bb","block_context":{"text":"Sin categor\u00eda","link":"https:\/\/larevistadigital.com.ar\/blog\/category\/sin-categoria\/"},"img":{"alt_text":"","src":"https:\/\/i0.wp.com\/larevistadigital.com.ar\/blog\/wp-content\/uploads\/2019\/02\/dzyys8bxcaafxet.jpg_57855992.jpg?fit=720%2C479&ssl=1&resize=350%2C200","width":350,"height":200,"srcset":"https:\/\/i0.wp.com\/larevistadigital.com.ar\/blog\/wp-content\/uploads\/2019\/02\/dzyys8bxcaafxet.jpg_57855992.jpg?fit=720%2C479&ssl=1&resize=350%2C200 1x, https:\/\/i0.wp.com\/larevistadigital.com.ar\/blog\/wp-content\/uploads\/2019\/02\/dzyys8bxcaafxet.jpg_57855992.jpg?fit=720%2C479&ssl=1&resize=525%2C300 1.5x, https:\/\/i0.wp.com\/larevistadigital.com.ar\/blog\/wp-content\/uploads\/2019\/02\/dzyys8bxcaafxet.jpg_57855992.jpg?fit=720%2C479&ssl=1&resize=700%2C400 2x"},"classes":[]},{"id":21293,"url":"https:\/\/larevistadigital.com.ar\/blog\/mar-del-plata-la-sudestada-arraso-con-carpas-chiringos-y-puestos-de-guardavidas-en-las-playas-del-sur\/","url_meta":{"origin":30363,"position":1},"title":"MAR DEL PLATA: LA SUDESTADA ARRAS\u00d3 CON CARPAS, CHIRINGOS Y PUESTOS DE GUARDAVIDAS EN LAS PLAYAS DEL SUR","author":"Alejandro Sosa Ruda","date":"29 julio, 2021","format":false,"excerpt":"Los paradores ubicados entre el Alfar y playa Lejana fueron los m\u00e1s afectados. \"Nunca vimos algo igual\", cont\u00f3 una concesionaria. Tambi\u00e9n el mar caus\u00f3 destrozos en Playa Grande. MAR DEL PLATA -\u00a0 La sudestada que azot\u00f3 este mi\u00e9rcoles a Mar del Plata\u00a0arras\u00f3 con puestos de guardavidas y chiringos\u00a0ubicados en las\u2026","rel":"","context":"En \u00abREGIONALES\u00bb","block_context":{"text":"REGIONALES","link":"https:\/\/larevistadigital.com.ar\/blog\/category\/regionales\/"},"img":{"alt_text":"","src":"https:\/\/i0.wp.com\/larevistadigital.com.ar\/blog\/wp-content\/uploads\/Captura-de-pantalla-2021-07-29-001152.png?fit=966%2C743&ssl=1&resize=350%2C200","width":350,"height":200,"srcset":"https:\/\/i0.wp.com\/larevistadigital.com.ar\/blog\/wp-content\/uploads\/Captura-de-pantalla-2021-07-29-001152.png?fit=966%2C743&ssl=1&resize=350%2C200 1x, https:\/\/i0.wp.com\/larevistadigital.com.ar\/blog\/wp-content\/uploads\/Captura-de-pantalla-2021-07-29-001152.png?fit=966%2C743&ssl=1&resize=525%2C300 1.5x, https:\/\/i0.wp.com\/larevistadigital.com.ar\/blog\/wp-content\/uploads\/Captura-de-pantalla-2021-07-29-001152.png?fit=966%2C743&ssl=1&resize=700%2C400 2x"},"classes":[]},{"id":19944,"url":"https:\/\/larevistadigital.com.ar\/blog\/mar-del-plata-aparecio-una-ballena-muerta-en-una-de-las-playas-del-faro\/","url_meta":{"origin":30363,"position":2},"title":"MAR DEL PLATA: APARECI\u00d3 UNA BALLENA MUERTA EN UNA DE LAS PLAYAS DEL FARO","author":"Alejandro Sosa Ruda","date":"29 abril, 2021","format":false,"excerpt":"Se trata de un ejemplar joven de ballena jorobada. Defensa Civil espera las indicaciones de los especialistas para retirar los restos. Una\u00a0ballena de unos 8 metros\u00a0de largo apareci\u00f3 sin vida este jueves por la ma\u00f1ana en la\u00a0costa de Mar del Plata. A partir de ahora comenzar\u00e1 la tarea para retirar\u2026","rel":"","context":"En \u00abREGIONALES\u00bb","block_context":{"text":"REGIONALES","link":"https:\/\/larevistadigital.com.ar\/blog\/category\/regionales\/"},"img":{"alt_text":"","src":"https:\/\/i0.wp.com\/larevistadigital.com.ar\/blog\/wp-content\/uploads\/BALLENA-DETONADA.png?fit=1003%2C531&ssl=1&resize=350%2C200","width":350,"height":200,"srcset":"https:\/\/i0.wp.com\/larevistadigital.com.ar\/blog\/wp-content\/uploads\/BALLENA-DETONADA.png?fit=1003%2C531&ssl=1&resize=350%2C200 1x, https:\/\/i0.wp.com\/larevistadigital.com.ar\/blog\/wp-content\/uploads\/BALLENA-DETONADA.png?fit=1003%2C531&ssl=1&resize=525%2C300 1.5x, https:\/\/i0.wp.com\/larevistadigital.com.ar\/blog\/wp-content\/uploads\/BALLENA-DETONADA.png?fit=1003%2C531&ssl=1&resize=700%2C400 2x"},"classes":[]},{"id":29488,"url":"https:\/\/larevistadigital.com.ar\/blog\/un-pequeno-tsunami-habria-sido-lo-que-provoco-destrozos-en-playas-de-mar-del-plata\/","url_meta":{"origin":30363,"position":3},"title":"UN \u00abPEQUE\u00d1O TSUNAMI\u00bb HABR\u00cdA SIDO LO QUE PROVOC\u00d3 DESTROZOS EN PLAYAS DE MAR DEL PLATA.","author":"Alejandro Sosa Ruda","date":"15 diciembre, 2022","format":false,"excerpt":"Las playas de la zona sur de la ciudad de Mar del Plata se vieron afectadas por olas con la altura suficiente para generar da\u00f1os en la infraestructura de algunos balnearios. Cient\u00edficos del Gabinete de Oceanograf\u00eda del Instituto Nacional de Investigaci\u00f3n y Desarrollo Pesquero (INIDEP) informan que el fen\u00f3meno pudo\u2026","rel":"","context":"En \u00abREGIONALES\u00bb","block_context":{"text":"REGIONALES","link":"https:\/\/larevistadigital.com.ar\/blog\/category\/regionales\/"},"img":{"alt_text":"","src":"https:\/\/i0.wp.com\/larevistadigital.com.ar\/blog\/wp-content\/uploads\/20221214191125_un-meteotsunami-el-fenomeno-que-habria-generado-destrozos-en-playas-de-mar-del-plata.png?fit=880%2C512&ssl=1&resize=350%2C200","width":350,"height":200,"srcset":"https:\/\/i0.wp.com\/larevistadigital.com.ar\/blog\/wp-content\/uploads\/20221214191125_un-meteotsunami-el-fenomeno-que-habria-generado-destrozos-en-playas-de-mar-del-plata.png?fit=880%2C512&ssl=1&resize=350%2C200 1x, https:\/\/i0.wp.com\/larevistadigital.com.ar\/blog\/wp-content\/uploads\/20221214191125_un-meteotsunami-el-fenomeno-que-habria-generado-destrozos-en-playas-de-mar-del-plata.png?fit=880%2C512&ssl=1&resize=525%2C300 1.5x, https:\/\/i0.wp.com\/larevistadigital.com.ar\/blog\/wp-content\/uploads\/20221214191125_un-meteotsunami-el-fenomeno-que-habria-generado-destrozos-en-playas-de-mar-del-plata.png?fit=880%2C512&ssl=1&resize=700%2C400 2x"},"classes":[]},{"id":29766,"url":"https:\/\/larevistadigital.com.ar\/blog\/mar-del-plata-denuncian-ocupacion-ilegal-en-playas-publicas\/","url_meta":{"origin":30363,"position":4},"title":"MAR DEL PLATA: DENUNCIAN OCUPACI\u00d3N ILEGAL EN PLAYAS P\u00daBLICAS","author":"Alejandro Sosa Ruda","date":"16 enero, 2023","format":false,"excerpt":"Nuevamente sucede. lo denunci\u00f3 una vecina y abogada. 16 de enero de 2023 MAR DEL PLATA -\u00a0 La ocupaci\u00f3n ilegal de espacios de sombra en playas p\u00fablicas de Mar del Plata vuelve a ser noticia este verano. Esta vez, una vecina y abogada radic\u00f3 una denuncia penal tras indignarse por\u2026","rel":"","context":"En \u00abPOLICIALES\u00bb","block_context":{"text":"POLICIALES","link":"https:\/\/larevistadigital.com.ar\/blog\/category\/policiales\/"},"img":{"alt_text":"","src":"https:\/\/i0.wp.com\/larevistadigital.com.ar\/blog\/wp-content\/uploads\/Ocupacion-1024x768-1.jpg?fit=1024%2C768&ssl=1&resize=350%2C200","width":350,"height":200,"srcset":"https:\/\/i0.wp.com\/larevistadigital.com.ar\/blog\/wp-content\/uploads\/Ocupacion-1024x768-1.jpg?fit=1024%2C768&ssl=1&resize=350%2C200 1x, https:\/\/i0.wp.com\/larevistadigital.com.ar\/blog\/wp-content\/uploads\/Ocupacion-1024x768-1.jpg?fit=1024%2C768&ssl=1&resize=525%2C300 1.5x, https:\/\/i0.wp.com\/larevistadigital.com.ar\/blog\/wp-content\/uploads\/Ocupacion-1024x768-1.jpg?fit=1024%2C768&ssl=1&resize=700%2C400 2x"},"classes":[]},{"id":35496,"url":"https:\/\/larevistadigital.com.ar\/blog\/mar-del-plata-hallan-pinguinos-por-que-salen-y-que-se-debe-hacer\/","url_meta":{"origin":30363,"position":5},"title":"MAR DEL PLATA: HALLAN PING\u00dcINOS. POR QU\u00c9 SALEN Y QU\u00c9 SE DEBE HACER.","author":"Alejandro Sosa Ruda","date":"10 marzo, 2024","format":false,"excerpt":"En los \u00faltimos d\u00edas, un ejemplar juvenil apareci\u00f3 fuera del mar en la zona costera del norte de la ciudad. 10 de marzo de 2024 MAR DEL PLATA -\u00a0 \u00a0No es algo com\u00fan, aunque tampoco inusual, avistar ping\u00fcinos en las playas de Mar del Plata. De hecho, cada a\u00f1o, especialmente\u2026","rel":"","context":"En \u00abREGIONALES\u00bb","block_context":{"text":"REGIONALES","link":"https:\/\/larevistadigital.com.ar\/blog\/category\/regionales\/"},"img":{"alt_text":"","src":"https:\/\/i0.wp.com\/larevistadigital.com.ar\/blog\/wp-content\/uploads\/Captura-de-pantalla-2024-03-10-222015.png?fit=799%2C407&ssl=1&resize=350%2C200","width":350,"height":200,"srcset":"https:\/\/i0.wp.com\/larevistadigital.com.ar\/blog\/wp-content\/uploads\/Captura-de-pantalla-2024-03-10-222015.png?fit=799%2C407&ssl=1&resize=350%2C200 1x, https:\/\/i0.wp.com\/larevistadigital.com.ar\/blog\/wp-content\/uploads\/Captura-de-pantalla-2024-03-10-222015.png?fit=799%2C407&ssl=1&resize=525%2C300 1.5x, https:\/\/i0.wp.com\/larevistadigital.com.ar\/blog\/wp-content\/uploads\/Captura-de-pantalla-2024-03-10-222015.png?fit=799%2C407&ssl=1&resize=700%2C400 2x"},"classes":[]}],"_links":{"self":[{"href":"https:\/\/larevistadigital.com.ar\/blog\/wp-json\/wp\/v2\/posts\/30363","targetHints":{"allow":["GET"]}}],"collection":[{"href":"https:\/\/larevistadigital.com.ar\/blog\/wp-json\/wp\/v2\/posts"}],"about":[{"href":"https:\/\/larevistadigital.com.ar\/blog\/wp-json\/wp\/v2\/types\/post"}],"author":[{"embeddable":true,"href":"https:\/\/larevistadigital.com.ar\/blog\/wp-json\/wp\/v2\/users\/3"}],"replies":[{"embeddable":true,"href":"https:\/\/larevistadigital.com.ar\/blog\/wp-json\/wp\/v2\/comments?post=30363"}],"version-history":[{"count":1,"href":"https:\/\/larevistadigital.com.ar\/blog\/wp-json\/wp\/v2\/posts\/30363\/revisions"}],"predecessor-version":[{"id":30365,"href":"https:\/\/larevistadigital.com.ar\/blog\/wp-json\/wp\/v2\/posts\/30363\/revisions\/30365"}],"wp:featuredmedia":[{"embeddable":true,"href":"https:\/\/larevistadigital.com.ar\/blog\/wp-json\/wp\/v2\/media\/30364"}],"wp:attachment":[{"href":"https:\/\/larevistadigital.com.ar\/blog\/wp-json\/wp\/v2\/media?parent=30363"}],"wp:term":[{"taxonomy":"category","embeddable":true,"href":"https:\/\/larevistadigital.com.ar\/blog\/wp-json\/wp\/v2\/categories?post=30363"},{"taxonomy":"post_tag","embeddable":true,"href":"https:\/\/larevistadigital.com.ar\/blog\/wp-json\/wp\/v2\/tags?post=30363"}],"curies":[{"name":"wp","href":"https:\/\/api.w.org\/{rel}","templated":true}]}}