{"id":30366,"date":"2023-03-03T23:26:14","date_gmt":"2023-03-03T23:26:14","guid":{"rendered":"https:\/\/larevistadigital.com.ar\/blog\/?p=30366"},"modified":"2023-03-03T23:26:14","modified_gmt":"2023-03-03T23:26:14","slug":"trenque-lauquen-es-un-ejemplo-de-la-importancia-del-arbolado-en-dias-de-altas-temperaturas","status":"publish","type":"post","link":"https:\/\/larevistadigital.com.ar\/blog\/trenque-lauquen-es-un-ejemplo-de-la-importancia-del-arbolado-en-dias-de-altas-temperaturas\/","title":{"rendered":"TRENQUE LAUQUEN ES UN EJEMPLO DE LA IMPORTANCIA DEL ARBOLADO EN D\u00cdAS DE ALTAS TEMPERATURAS"},"content":{"rendered":"<h2 class=\"fparrafo ctext fz18 lh25\">Personal de Espacios Verdes realiz\u00f3 un relevamiento en una jornada que alcanz\u00f3 los 39 grados, y dej\u00f3 al descubierto las grandes diferencias t\u00e9rmicas que existen entre una calle con buena cobertura arb\u00f3rea y otra donde casi no hay \u00e1rboles.<\/h2>\n<p>3 de marzo de 2023<\/p>\n<p class=\"selectionShareable\"><strong>TRENQUE LAUQUEN &#8211;\u00a0<\/strong> Los beneficios del arbolado urbano en la calidad de vida de las personas es una de las premisas sobre las que trabaja la direcci\u00f3n de Espacios Verdes de la municipalidad de Trenque Lauquen, a cargo de Germana Cuniberti.<\/p>\n<blockquote>\n<h3 class=\"selectionShareable\">En este sentido y para reflejar el impacto que tienen los \u00e1rboles en la vida cotidiana, personal de Espacios Verdes realiz\u00f3 un relevamiento en una jornada que alcanz\u00f3 los 39 grados, y dej\u00f3 al descubierto las grandes diferencias t\u00e9rmicas que existen entre una calle con buena cobertura arb\u00f3rea y otra donde casi no hay \u00e1rboles.<\/h3>\n<\/blockquote>\n<p class=\"selectionShareable\"><strong><em>\u201cTodas las ciudades que tienen gran cantidad de \u00e1rboles no solo producen una mejora en la calidad de vida de las personas por la mayor cantidad de ox\u00edgeno, sino tambi\u00e9n ayuda en distintos momentos del a\u00f1o a mitigar los efectos del clima\u201d<\/em><\/strong>, coment\u00f3 la titular de Espacios Verdes del Municipio.<\/p>\n<p class=\"selectionShareable\">La funcionaria explic\u00f3 que <strong><em>\u201cahora, en verano, con las altas temperaturas, en lugares donde existe una gran cantidad de masa arb\u00f3rea, es decir \u00e1rboles que producen sombra, la temperatura baja alrededor de 20 grados\u201d<\/em><\/strong>. Y precis\u00f3 que existe una diferencia t\u00e9rmica de hasta 20\u00ba entre las calles que tienen \u00e1rboles con copa cerrada y aquellas donde directamente no existen \u00e1rboles o hay \u00e1rboles peque\u00f1os.<\/p>\n<blockquote>\n<h3 class=\"selectionShareable\"><strong><em>\u201cEsto es muy evidente en la \u00e9poca que estamos viviendo donde estamos teniendo veranos de muchos d\u00edas de mucho calor, por ejemplo, esta semana con temperaturas que alcanzan los 39\/40\u00ba grados\u201d<\/em><\/strong>, subray\u00f3 <strong>Cuniberti.<\/strong><\/h3>\n<\/blockquote>\n<p class=\"selectionShareable\">Desde el \u00e1rea a su cargo se realiz\u00f3 el martes pasado un trabajo de campo a las 15.30, en la que se tomaron mediciones con un pir\u00f3metro digital que permiti\u00f3 obtener datos que reflejan lo comentado.<\/p>\n<p class=\"selectionShareable\"><em><strong>\u201cEs muy significativo e impactante ver las diferencias t\u00e9rmicas que se dan entre las calles muy arboladas y calles que no lo est\u00e1n\u201d<\/strong><\/em>, se\u00f1al\u00f3 la funcionaria, para se\u00f1alar que esta situaci\u00f3n impacta tambi\u00e9n <strong><em>\u201cen un aumento del uso de la energ\u00eda; fue muy llamativo andar caminando 15,30 de la tarde por las calles que no ten\u00edan casi \u00e1rboles donde la mayor\u00eda de las casas estaban con todos los aires acondicionados encendidos\u201d<\/em><\/strong>.<\/p>\n<p class=\"selectionShareable\">Respecto del relevamiento realizado, <strong>Cuniberti<\/strong> explic\u00f3 que <strong><em>\u201cse tomaron calles al azar, con cobertura arb\u00f3rea importante y casi sin \u00e1rboles, y se tomaron los datos de la superficie de la vereda, calles, de paredes y la temperatura medio ambiental, y las diferencias son enormes: pudimos ver temperaturas que suben hasta los 50 grados en lugares donde no hay \u00e1rboles y temperaturas que bajan por debajo de la temperatura ambiental en los lugares donde hay buena cobertura de sombra\u201d.<\/em><\/strong><\/p>\n<blockquote>\n<h3 class=\"selectionShareable\">Tambi\u00e9n sostuvo que <strong><em>\u201cen las superficies de materiales s\u00f3lidos como son paredes, veredas, asfalto, la temperatura baja en calles con \u00e1rboles y subo hasta 20 grados en las calles sin cobertura arb\u00f3rea\u201d.<\/em><\/strong><\/h3>\n<\/blockquote>\n<p class=\"selectionShareable\">Los datos precisos que se tomaron en la medici\u00f3n fueron <span style=\"color: #ff0000\"><strong>en una calle no arbolada las veredas ten\u00edan una temperatura de 55,7\u00b0; el asfalto 55,8\u00b0; las paredes 43,4\u00b0 y el ambiente 39,4\u00b0. Mientras que en una calle arbolada las veredas ten\u00edan una temperatura de 32,2\u00b0; el asfalto 36,4\u00b0; las paredes 35,5\u00b0 y el ambiente 37,3\u00b0<\/strong><\/span>. (<b>InfoGEI<\/b>) Mg<\/p>\n","protected":false},"excerpt":{"rendered":"<div class=\"mh-excerpt\"><p>Personal de Espacios Verdes realiz\u00f3 un relevamiento en una jornada que alcanz\u00f3 los 39 grados, y dej\u00f3 al descubierto las grandes diferencias t\u00e9rmicas que existen entre una calle con buena cobertura arb\u00f3rea y otra donde <a class=\"mh-excerpt-more\" href=\"https:\/\/larevistadigital.com.ar\/blog\/trenque-lauquen-es-un-ejemplo-de-la-importancia-del-arbolado-en-dias-de-altas-temperaturas\/\" title=\"TRENQUE LAUQUEN ES UN EJEMPLO DE LA IMPORTANCIA DEL ARBOLADO EN D\u00cdAS DE ALTAS TEMPERATURAS\">[Leer M\u00e1s]<\/a><\/p>\n<\/div>","protected":false},"author":3,"featured_media":30367,"comment_status":"open","ping_status":"open","sticky":false,"template":"","format":"standard","meta":{"_jetpack_memberships_contains_paid_content":false,"footnotes":"","jetpack_publicize_message":"","jetpack_publicize_feature_enabled":true,"jetpack_social_post_already_shared":true,"jetpack_social_options":{"image_generator_settings":{"template":"highway","default_image_id":0,"font":"","enabled":false},"version":2}},"categories":[50,29],"tags":[],"class_list":{"0":"post-30366","1":"post","2":"type-post","3":"status-publish","4":"format-standard","5":"has-post-thumbnail","7":"category-interes-general","8":"category-sociedad"},"jetpack_publicize_connections":[],"jetpack_featured_media_url":"https:\/\/i0.wp.com\/larevistadigital.com.ar\/blog\/wp-content\/uploads\/20230303135942_bol.jpg?fit=880%2C512&ssl=1","jetpack_sharing_enabled":true,"jetpack_shortlink":"https:\/\/wp.me\/p8qtrQ-7TM","jetpack-related-posts":[{"id":29681,"url":"https:\/\/larevistadigital.com.ar\/blog\/trenque-lauquen-el-intendente-dio-positivo-de-covid-19\/","url_meta":{"origin":30366,"position":0},"title":"TRENQUE LAUQUEN: EL INTENDENTE DI\u00d3 POSITIVO DE COVID 19","author":"Alejandro Sosa Ruda","date":"29 diciembre, 2022","format":false,"excerpt":"Despu\u00e9s de haber tenido algunos s\u00edntomas, Miguel Fern\u00e1ndez se realiz\u00f3 el hisopado y el resultado de la muestra confirm\u00f3 el diagn\u00f3stico. 28 de diciembre de 2022 TRENQUE LAUQUEN -\u00a0\u00a0El intendente de Trenque Lauquen, Miguel Fern\u00e1ndez inform\u00f3 este mi\u00e9rcoles que dio positivo de Covid-19 y que ya se encuentra realizando el\u2026","rel":"","context":"En \u00abPOLITICA\u00bb","block_context":{"text":"POLITICA","link":"https:\/\/larevistadigital.com.ar\/blog\/category\/politica\/"},"img":{"alt_text":"","src":"https:\/\/i0.wp.com\/larevistadigital.com.ar\/blog\/wp-content\/uploads\/20221228173201_miguel-fernandez.jpg?fit=880%2C512&ssl=1&resize=350%2C200","width":350,"height":200,"srcset":"https:\/\/i0.wp.com\/larevistadigital.com.ar\/blog\/wp-content\/uploads\/20221228173201_miguel-fernandez.jpg?fit=880%2C512&ssl=1&resize=350%2C200 1x, https:\/\/i0.wp.com\/larevistadigital.com.ar\/blog\/wp-content\/uploads\/20221228173201_miguel-fernandez.jpg?fit=880%2C512&ssl=1&resize=525%2C300 1.5x, https:\/\/i0.wp.com\/larevistadigital.com.ar\/blog\/wp-content\/uploads\/20221228173201_miguel-fernandez.jpg?fit=880%2C512&ssl=1&resize=700%2C400 2x"},"classes":[]},{"id":22789,"url":"https:\/\/larevistadigital.com.ar\/blog\/trenque-lauquen-choque-frontal-con-cinco-muertos\/","url_meta":{"origin":30366,"position":1},"title":"TRENQUE LAUQUEN: CHOQUE FRONTAL CON CINCO MUERTOS","author":"Alejandro Sosa Ruda","date":"24 noviembre, 2021","format":false,"excerpt":"Seg\u00fan fuentes policiales, las v\u00edctimas fatales son dos hombres y tres ni\u00f1os que viajaban en un Renault Cl\u00edo procedentes de la ciudad rionegrina de Bariloche y que se dirig\u00edan por la ruta nacional en sentido Buenos Aires. Cinco personas fallecieron esta ma\u00f1ana de martes cuando el autom\u00f3vil en el que\u2026","rel":"","context":"En \u00abPOLICIALES\u00bb","block_context":{"text":"POLICIALES","link":"https:\/\/larevistadigital.com.ar\/blog\/category\/policiales\/"},"img":{"alt_text":"","src":"https:\/\/i0.wp.com\/larevistadigital.com.ar\/blog\/wp-content\/uploads\/Captura-33.png?fit=992%2C506&ssl=1&resize=350%2C200","width":350,"height":200,"srcset":"https:\/\/i0.wp.com\/larevistadigital.com.ar\/blog\/wp-content\/uploads\/Captura-33.png?fit=992%2C506&ssl=1&resize=350%2C200 1x, https:\/\/i0.wp.com\/larevistadigital.com.ar\/blog\/wp-content\/uploads\/Captura-33.png?fit=992%2C506&ssl=1&resize=525%2C300 1.5x, https:\/\/i0.wp.com\/larevistadigital.com.ar\/blog\/wp-content\/uploads\/Captura-33.png?fit=992%2C506&ssl=1&resize=700%2C400 2x"},"classes":[]},{"id":30145,"url":"https:\/\/larevistadigital.com.ar\/blog\/trenque-lauquen-se-hizo-pasar-por-un-paciente-y-violo-a-una-enfermera-en-el-hospital-municipal\/","url_meta":{"origin":30366,"position":2},"title":"TRENQUE LAUQUEN: SE HIZO PASAR POR UN PACIENTE Y VIOL\u00d3 A UNA ENFERMERA EN EL HOSPITAL MUNICIPAL","author":"Alejandro Sosa Ruda","date":"14 febrero, 2023","format":false,"excerpt":"La v\u00edctima, de 36 a\u00f1os fue arrinconada por el depravado que le tap\u00f3 la boca y la redujo, para violarla en un pasillo del hospital. Luego escap\u00f3 corriendo del lugar. 14 de febrero de 2023 TRENQUE LAUQUEN -\u00a0 El lamentable hecho, ocurri\u00f3 el s\u00e1bado pasado, donde un sujeto que se\u2026","rel":"","context":"En \u00abINTERES GENERAL\u00bb","block_context":{"text":"INTERES GENERAL","link":"https:\/\/larevistadigital.com.ar\/blog\/category\/interes-general\/"},"img":{"alt_text":"","src":"https:\/\/i0.wp.com\/larevistadigital.com.ar\/blog\/wp-content\/uploads\/Hospital-1-1080x675-1.jpeg?fit=1080%2C675&ssl=1&resize=350%2C200","width":350,"height":200,"srcset":"https:\/\/i0.wp.com\/larevistadigital.com.ar\/blog\/wp-content\/uploads\/Hospital-1-1080x675-1.jpeg?fit=1080%2C675&ssl=1&resize=350%2C200 1x, https:\/\/i0.wp.com\/larevistadigital.com.ar\/blog\/wp-content\/uploads\/Hospital-1-1080x675-1.jpeg?fit=1080%2C675&ssl=1&resize=525%2C300 1.5x, https:\/\/i0.wp.com\/larevistadigital.com.ar\/blog\/wp-content\/uploads\/Hospital-1-1080x675-1.jpeg?fit=1080%2C675&ssl=1&resize=700%2C400 2x, https:\/\/i0.wp.com\/larevistadigital.com.ar\/blog\/wp-content\/uploads\/Hospital-1-1080x675-1.jpeg?fit=1080%2C675&ssl=1&resize=1050%2C600 3x"},"classes":[]},{"id":31121,"url":"https:\/\/larevistadigital.com.ar\/blog\/trenque-lauquen-dos-personas-mueren-en-un-tragico-accidente\/","url_meta":{"origin":30366,"position":3},"title":"TRENQUE LAUQUEN: DOS PERSONAS MUEREN EN UN TR\u00c1GICO ACCIDENTE","author":"Alejandro Sosa Ruda","date":"19 abril, 2023","format":false,"excerpt":"El accidente ocurri\u00f3 sobre la ruta nacional N\u00b0 5 a la altura del kil\u00f3metro 444, por el complejo industrial La Seren\u00edsima, en la calle Llamb\u00edas cuando el conductor del veh\u00edculo intent\u00f3 subir a la ruta y fue embestido por un cami\u00f3n que circulaba hacia la localidad de Beruti. 19 de\u2026","rel":"","context":"En \u00abINTERES GENERAL\u00bb","block_context":{"text":"INTERES GENERAL","link":"https:\/\/larevistadigital.com.ar\/blog\/category\/interes-general\/"},"img":{"alt_text":"","src":"https:\/\/i0.wp.com\/larevistadigital.com.ar\/blog\/wp-content\/uploads\/20230419181157_trenque1.jpg?fit=880%2C512&ssl=1&resize=350%2C200","width":350,"height":200,"srcset":"https:\/\/i0.wp.com\/larevistadigital.com.ar\/blog\/wp-content\/uploads\/20230419181157_trenque1.jpg?fit=880%2C512&ssl=1&resize=350%2C200 1x, https:\/\/i0.wp.com\/larevistadigital.com.ar\/blog\/wp-content\/uploads\/20230419181157_trenque1.jpg?fit=880%2C512&ssl=1&resize=525%2C300 1.5x, https:\/\/i0.wp.com\/larevistadigital.com.ar\/blog\/wp-content\/uploads\/20230419181157_trenque1.jpg?fit=880%2C512&ssl=1&resize=700%2C400 2x"},"classes":[]},{"id":30021,"url":"https:\/\/larevistadigital.com.ar\/blog\/trenque-lauquen-la-municipalidad-llevo-a-veraz-a-vecinos-por-deudas-en-viviendas\/","url_meta":{"origin":30366,"position":4},"title":"TRENQUE LAUQUEN: LA MUNICIPALIDAD LLEV\u00d3 A VERAZ A VECINOS POR DEUDAS EN VIVIENDAS","author":"Alejandro Sosa Ruda","date":"8 febrero, 2023","format":false,"excerpt":"La administraci\u00f3n a cargo de Miguel Fern\u00e1ndez pretende recuperar el no pago de m\u00e1s de 47 millones de pesos sobre cuotas de 60 propietarios del sistema de construcci\u00f3n comunal. 8 de febrero de 2023 TRENQUE LAUQUEN - \u00a0Luego de agotar diferentes instancias conciliatorias y sin haber recibido respuesta de ning\u00fan\u2026","rel":"","context":"En \u00abINTERES GENERAL\u00bb","block_context":{"text":"INTERES GENERAL","link":"https:\/\/larevistadigital.com.ar\/blog\/category\/interes-general\/"},"img":{"alt_text":"","src":"https:\/\/i0.wp.com\/larevistadigital.com.ar\/blog\/wp-content\/uploads\/20230207180405_municipalidad-7.jpg?fit=880%2C512&ssl=1&resize=350%2C200","width":350,"height":200,"srcset":"https:\/\/i0.wp.com\/larevistadigital.com.ar\/blog\/wp-content\/uploads\/20230207180405_municipalidad-7.jpg?fit=880%2C512&ssl=1&resize=350%2C200 1x, https:\/\/i0.wp.com\/larevistadigital.com.ar\/blog\/wp-content\/uploads\/20230207180405_municipalidad-7.jpg?fit=880%2C512&ssl=1&resize=525%2C300 1.5x, https:\/\/i0.wp.com\/larevistadigital.com.ar\/blog\/wp-content\/uploads\/20230207180405_municipalidad-7.jpg?fit=880%2C512&ssl=1&resize=700%2C400 2x"},"classes":[]},{"id":30817,"url":"https:\/\/larevistadigital.com.ar\/blog\/trenque-lauquen-estaba-internado-se-robo-una-ambulancia-y-fue-atrapado-en-gral-villegas\/","url_meta":{"origin":30366,"position":5},"title":"TRENQUE LAUQUEN: ESTABA INTERNADO, SE ROB\u00d3 UNA AMBULANCIA Y FUE ATRAPADO EN GRAL. VILLEGAS","author":"Alejandro Sosa Ruda","date":"31 marzo, 2023","format":false,"excerpt":"El hombre habr\u00eda estado hospitalizado en el nosocomio, y fue en ese momento cuando tom\u00f3 la ambulancia y huy\u00f3 a bordo del veh\u00edculo. El sujeto fue identificado como Mario Fortunoff de 44 a\u00f1os, quien se encontraba internado por indicaciones psiqui\u00e1tricas, sin custodia y decidi\u00f3 externarse por su cuenta. 31 de\u2026","rel":"","context":"En \u00abPOLICIALES\u00bb","block_context":{"text":"POLICIALES","link":"https:\/\/larevistadigital.com.ar\/blog\/category\/policiales\/"},"img":{"alt_text":"","src":"https:\/\/i0.wp.com\/larevistadigital.com.ar\/blog\/wp-content\/uploads\/20230330131508_ambulan.jpg?fit=880%2C512&ssl=1&resize=350%2C200","width":350,"height":200,"srcset":"https:\/\/i0.wp.com\/larevistadigital.com.ar\/blog\/wp-content\/uploads\/20230330131508_ambulan.jpg?fit=880%2C512&ssl=1&resize=350%2C200 1x, https:\/\/i0.wp.com\/larevistadigital.com.ar\/blog\/wp-content\/uploads\/20230330131508_ambulan.jpg?fit=880%2C512&ssl=1&resize=525%2C300 1.5x, https:\/\/i0.wp.com\/larevistadigital.com.ar\/blog\/wp-content\/uploads\/20230330131508_ambulan.jpg?fit=880%2C512&ssl=1&resize=700%2C400 2x"},"classes":[]}],"_links":{"self":[{"href":"https:\/\/larevistadigital.com.ar\/blog\/wp-json\/wp\/v2\/posts\/30366","targetHints":{"allow":["GET"]}}],"collection":[{"href":"https:\/\/larevistadigital.com.ar\/blog\/wp-json\/wp\/v2\/posts"}],"about":[{"href":"https:\/\/larevistadigital.com.ar\/blog\/wp-json\/wp\/v2\/types\/post"}],"author":[{"embeddable":true,"href":"https:\/\/larevistadigital.com.ar\/blog\/wp-json\/wp\/v2\/users\/3"}],"replies":[{"embeddable":true,"href":"https:\/\/larevistadigital.com.ar\/blog\/wp-json\/wp\/v2\/comments?post=30366"}],"version-history":[{"count":1,"href":"https:\/\/larevistadigital.com.ar\/blog\/wp-json\/wp\/v2\/posts\/30366\/revisions"}],"predecessor-version":[{"id":30368,"href":"https:\/\/larevistadigital.com.ar\/blog\/wp-json\/wp\/v2\/posts\/30366\/revisions\/30368"}],"wp:featuredmedia":[{"embeddable":true,"href":"https:\/\/larevistadigital.com.ar\/blog\/wp-json\/wp\/v2\/media\/30367"}],"wp:attachment":[{"href":"https:\/\/larevistadigital.com.ar\/blog\/wp-json\/wp\/v2\/media?parent=30366"}],"wp:term":[{"taxonomy":"category","embeddable":true,"href":"https:\/\/larevistadigital.com.ar\/blog\/wp-json\/wp\/v2\/categories?post=30366"},{"taxonomy":"post_tag","embeddable":true,"href":"https:\/\/larevistadigital.com.ar\/blog\/wp-json\/wp\/v2\/tags?post=30366"}],"curies":[{"name":"wp","href":"https:\/\/api.w.org\/{rel}","templated":true}]}}