{"id":30370,"date":"2023-03-04T00:53:37","date_gmt":"2023-03-04T00:53:37","guid":{"rendered":"https:\/\/larevistadigital.com.ar\/blog\/?p=30370"},"modified":"2023-03-04T00:53:37","modified_gmt":"2023-03-04T00:53:37","slug":"beatriz-de-leon-habia-tomado-imagenes-de-las-aguas-servidas-en-el-arroyo-girado-y-lo-planteo-en-el-debate-electoral-pero-el-reclamo-nunca-fue-tenido-en-cuenta","status":"publish","type":"post","link":"https:\/\/larevistadigital.com.ar\/blog\/beatriz-de-leon-habia-tomado-imagenes-de-las-aguas-servidas-en-el-arroyo-girado-y-lo-planteo-en-el-debate-electoral-pero-el-reclamo-nunca-fue-tenido-en-cuenta\/","title":{"rendered":"BEATRIZ DE LE\u00d3N HAB\u00cdA TOMADO IM\u00c1GENES DE LAS AGUAS SERVIDAS EN EL ARROYO GIRADO Y LO PLANTE\u00d3 EN EL DEBATE ELECTORAL, PERO EL RECLAMO NUNCA FUE TENIDO EN CUENTA"},"content":{"rendered":"<h2>Tal como los vecinos de Parque Girado lo hicieron hace unos d\u00edas, la referente del Partido Libres del Sur en Chascom\u00fas lo hab\u00eda denunciado en el \u00faltimo debate electoral, pero nadie lo tuvo en cuenta.<\/h2>\n<p>3 de marzo de 2023<\/p>\n<p><strong>CHASCOM\u00daS &#8211;\u00a0 <\/strong>Luego de la repercusi\u00f3n que tomaron las fotos y los\u00a0 videos que filmaron vecinos del Barrio Girado, donde se aprecia el deplorable estado de contaminaci\u00f3n de las aguas del arroyo girado, y el desag\u00fce donde denuncian la salida de l\u00edquidos cloacales, algunos integrantes del Partido Libres del Sur de Chascom\u00fas, nos recordaron que ese tema, hab\u00eda sido visualizado por ellos hace un poco m\u00e1s de un a\u00f1o, con un video similar.<\/p>\n<blockquote>\n<h3>Es m\u00e1s, nos recordaron que durante el debate de candidatos del 2021, el tema fue abordado por la referente y entonces candidata del Partido Libres del Sur, <strong>Mar\u00eda Beatriz De Le\u00f3n<\/strong>, pero que el oficialismo local n\u00fanca lo abord\u00f3 con la seriedad y urgencia del caso.<\/h3>\n<\/blockquote>\n<p>Lo cierto, es que esto viene de a\u00fan m\u00e1s atr\u00e1s en el tiempo, pero el tema fue ignorado. Tambi\u00e9n hace un mes, aproximadamente <strong>Ramiro Ferrante<\/strong> y su gente visit\u00f3 el lugar, e inclusive presentaron en el Concejo Deliberante un pedido de informes al respecto, pero el oficialismo n\u00fanca se molest\u00f3 en responderlo.<\/p>\n<blockquote>\n<h3>Como en otras oportunidades y problemas de la sociedad, desde Libres del Sur se visibilizan cosas, que lamentablemente por ser un llamado \u00abpartido chico\u00bb, terminan siendo ignoradas por el poder de turno.<\/h3>\n<\/blockquote>\n<p>Este problema, <span style=\"color: #ff0000\"><strong>no es un tema m\u00e1s y reviste gran importancia<\/strong><\/span>. Para el medioambiente, para la salud de las personas, y si quieren ser m\u00e1s mezquinos, para el negocio tur\u00edstico. Les guste o no, <strong><span style=\"color: #ff0000\">NOS AFECTA A TODOS<\/span><\/strong>, independientemente del color pol\u00edtico de cada vecino. Las enfermedades y focos infecciosos no se fijan en a qui\u00e9n vota el afectado.<\/p>\n<blockquote>\n<h3>Cada d\u00eda que pasa, esto empeora. Es urgente y necesario que se haga algo.<\/h3>\n<\/blockquote>\n<h3><strong><span style=\"color: #ff0000\">EL VIDEO DE LIBRES DEL SUR<\/span><\/strong><\/h3>\n<div style=\"width: 480px;\" class=\"wp-video\"><!--[if lt IE 9]><script>document.createElement('video');<\/script><![endif]-->\n<video class=\"wp-video-shortcode\" id=\"video-30370-1\" width=\"480\" height=\"848\" preload=\"metadata\" controls=\"controls\"><source type=\"video\/mp4\" src=\"https:\/\/larevistadigital.com.ar\/blog\/wp-content\/uploads\/WhatsApp-Video-2023-03-01-at-15.04.41.mp4?_=1\" \/><a href=\"https:\/\/larevistadigital.com.ar\/blog\/wp-content\/uploads\/WhatsApp-Video-2023-03-01-at-15.04.41.mp4\">https:\/\/larevistadigital.com.ar\/blog\/wp-content\/uploads\/WhatsApp-Video-2023-03-01-at-15.04.41.mp4<\/a><\/video><\/div>\n<p>&nbsp;<\/p>\n","protected":false},"excerpt":{"rendered":"<div class=\"mh-excerpt\"><p>Tal como los vecinos de Parque Girado lo hicieron hace unos d\u00edas, la referente del Partido Libres del Sur en Chascom\u00fas lo hab\u00eda denunciado en el \u00faltimo debate electoral, pero nadie lo tuvo en cuenta. <a class=\"mh-excerpt-more\" href=\"https:\/\/larevistadigital.com.ar\/blog\/beatriz-de-leon-habia-tomado-imagenes-de-las-aguas-servidas-en-el-arroyo-girado-y-lo-planteo-en-el-debate-electoral-pero-el-reclamo-nunca-fue-tenido-en-cuenta\/\" title=\"BEATRIZ DE LE\u00d3N HAB\u00cdA TOMADO IM\u00c1GENES DE LAS AGUAS SERVIDAS EN EL ARROYO GIRADO Y LO PLANTE\u00d3 EN EL DEBATE ELECTORAL, PERO EL RECLAMO NUNCA FUE TENIDO EN CUENTA\">[Leer M\u00e1s]<\/a><\/p>\n<\/div>","protected":false},"author":3,"featured_media":30374,"comment_status":"open","ping_status":"open","sticky":false,"template":"","format":"standard","meta":{"_jetpack_memberships_contains_paid_content":false,"footnotes":"","jetpack_publicize_message":"","jetpack_publicize_feature_enabled":true,"jetpack_social_post_already_shared":true,"jetpack_social_options":{"image_generator_settings":{"template":"highway","default_image_id":0,"font":"","enabled":false},"version":2}},"categories":[50,23],"tags":[],"class_list":{"0":"post-30370","1":"post","2":"type-post","3":"status-publish","4":"format-standard","5":"has-post-thumbnail","7":"category-interes-general","8":"category-politica-local"},"jetpack_publicize_connections":[],"jetpack_featured_media_url":"https:\/\/i0.wp.com\/larevistadigital.com.ar\/blog\/wp-content\/uploads\/Captura-de-pantalla-2023-03-03-214407.jpg?fit=800%2C1025&ssl=1","jetpack_sharing_enabled":true,"jetpack_shortlink":"https:\/\/wp.me\/p8qtrQ-7TQ","jetpack-related-posts":[{"id":31571,"url":"https:\/\/larevistadigital.com.ar\/blog\/barrio-girado-emergencia-ecologica-enfermedades-vecinos-muy-alarmados-por-la-desastrosa-contaminacion-reclaman-que-el-intendente-se-ocupe-urgente-del-problema\/","url_meta":{"origin":30370,"position":0},"title":"BARRIO GIRADO: \u00bfEMERGENCIA ECOL\u00d3GICA? \u00bfENFERMEDADES?&#8230; VECINOS MUY ALARMADOS POR LA DESASTROSA CONTAMINACI\u00d3N RECLAMAN QUE EL INTENDENTE SE OCUPE URGENTE DEL PROBLEMA","author":"Alejandro Sosa Ruda","date":"16 mayo, 2023","format":false,"excerpt":"Luego que el intendente Javier Gast\u00f3n hablara de las obras de la Planta Depuradora, y el tiempo que llevar\u00e1, los vecinos de Barrio Parque Girado se encuentran en alerta y algunos piensan en movilizaciones, preocupados por la grave situaci\u00f3n que vienen denunciando hace tiempo. 15 de Mayo de 2023 CHASCOM\u00daS\u2026","rel":"","context":"En \u00abDESTACADAS\u00bb","block_context":{"text":"DESTACADAS","link":"https:\/\/larevistadigital.com.ar\/blog\/category\/destacadas\/"},"img":{"alt_text":"","src":"https:\/\/i0.wp.com\/larevistadigital.com.ar\/blog\/wp-content\/uploads\/arroyo-contaminado.jpg?fit=800%2C1124&ssl=1&resize=350%2C200","width":350,"height":200,"srcset":"https:\/\/i0.wp.com\/larevistadigital.com.ar\/blog\/wp-content\/uploads\/arroyo-contaminado.jpg?fit=800%2C1124&ssl=1&resize=350%2C200 1x, https:\/\/i0.wp.com\/larevistadigital.com.ar\/blog\/wp-content\/uploads\/arroyo-contaminado.jpg?fit=800%2C1124&ssl=1&resize=525%2C300 1.5x, https:\/\/i0.wp.com\/larevistadigital.com.ar\/blog\/wp-content\/uploads\/arroyo-contaminado.jpg?fit=800%2C1124&ssl=1&resize=700%2C400 2x"},"classes":[]},{"id":30270,"url":"https:\/\/larevistadigital.com.ar\/blog\/fotos-y-videos-algo-huele-a-podrido-en-chascomus-vecinos-de-barrio-girado-preocupados-por-el-estado-de-la-compuerta-denuncian-que-se-vierten-liquidos-toxicos\/","url_meta":{"origin":30370,"position":1},"title":"[FOTOS Y VIDEOS] \u00abALGO HUELE A PODRIDO EN CHASCOM\u00daS\u00bb: VECINOS DE BARRIO GIRADO PREOCUPADOS POR EL ESTADO DE \u00abLA COMPUERTA\u00bb DENUNCIAN QUE SE VIERTEN L\u00cdQUIDOS T\u00d3XICOS","author":"Alejandro Sosa Ruda","date":"1 marzo, 2023","format":false,"excerpt":"Las fotos son elocuentes, y para quienes pasan por la zona es com\u00fan sentir el f\u00e9tido olor y el deplorable estado de las aguas. Obviamente la baja de las aguas contribuye a esto. CHASCOM\u00daS -\u00a0 Vecinos del Barrio Parque Girado, hicieron llegar a nuestra redacci\u00f3n algunas fotos, videos y quejas\u2026","rel":"","context":"En \u00abDESTACADAS\u00bb","block_context":{"text":"DESTACADAS","link":"https:\/\/larevistadigital.com.ar\/blog\/category\/destacadas\/"},"img":{"alt_text":"","src":"https:\/\/i0.wp.com\/larevistadigital.com.ar\/blog\/wp-content\/uploads\/WhatsApp-Image-2023-02-28-at-17.02.30.jpeg?fit=1024%2C768&ssl=1&resize=350%2C200","width":350,"height":200,"srcset":"https:\/\/i0.wp.com\/larevistadigital.com.ar\/blog\/wp-content\/uploads\/WhatsApp-Image-2023-02-28-at-17.02.30.jpeg?fit=1024%2C768&ssl=1&resize=350%2C200 1x, https:\/\/i0.wp.com\/larevistadigital.com.ar\/blog\/wp-content\/uploads\/WhatsApp-Image-2023-02-28-at-17.02.30.jpeg?fit=1024%2C768&ssl=1&resize=525%2C300 1.5x, https:\/\/i0.wp.com\/larevistadigital.com.ar\/blog\/wp-content\/uploads\/WhatsApp-Image-2023-02-28-at-17.02.30.jpeg?fit=1024%2C768&ssl=1&resize=700%2C400 2x"},"classes":[]},{"id":35019,"url":"https:\/\/larevistadigital.com.ar\/blog\/relato-relato-una-importante-nota-de-jorge-macchi-sobre-el-real-estado-de-la-laguna-en-chascomus\/","url_meta":{"origin":30370,"position":2},"title":"\u00abRELATO&#8230;RELATO&#8230;\u00bb UNA IMPORTANTE NOTA DE JORGE MACCHI SOBRE EL REAL ESTADO DE LA LAGUNA EN CHASCOM\u00daS.","author":"Alejandro Sosa Ruda","date":"18 enero, 2024","format":false,"excerpt":"Una nota que llama a la reflexi\u00f3n acerca del estado de nuestra laguna, y deja de manifiesto la triste realidad de nuestro querido espejo lacustre. \"No hay peor ciego que el que no quiere ver\". 18 de enero de 2023- Hace unos diez d\u00edas se conoci\u00f3 el resultado del an\u00e1lisis\u2026","rel":"","context":"En \u00abDESTACADAS\u00bb","block_context":{"text":"DESTACADAS","link":"https:\/\/larevistadigital.com.ar\/blog\/category\/destacadas\/"},"img":{"alt_text":"(foto 2) \"Ingreso del agua depurada a la laguna\"","src":"https:\/\/i0.wp.com\/larevistadigital.com.ar\/blog\/wp-content\/uploads\/WhatsApp-Image-2024-01-08-at-13.30.32.jpeg?fit=540%2C1200&ssl=1&resize=350%2C200","width":350,"height":200,"srcset":"https:\/\/i0.wp.com\/larevistadigital.com.ar\/blog\/wp-content\/uploads\/WhatsApp-Image-2024-01-08-at-13.30.32.jpeg?fit=540%2C1200&ssl=1&resize=350%2C200 1x, https:\/\/i0.wp.com\/larevistadigital.com.ar\/blog\/wp-content\/uploads\/WhatsApp-Image-2024-01-08-at-13.30.32.jpeg?fit=540%2C1200&ssl=1&resize=525%2C300 1.5x"},"classes":[]},{"id":26268,"url":"https:\/\/larevistadigital.com.ar\/blog\/video-chascomus-conmocion-entre-vecinos-de-barrio-girado-porque-hay-un-piromaniaco-suelto\/","url_meta":{"origin":30370,"position":3},"title":"[VIDEO] CHASCOM\u00daS: CONMOCI\u00d3N ENTRE VECINOS DE BARRIO GIRADO, PORQUE HAY UN \u00abPIROMAN\u00cdACO\u00bb SUELTO","author":"Alejandro Sosa Ruda","date":"2 julio, 2022","format":false,"excerpt":"Se tratar\u00eda de alguien que vive en el barrio, y fue advertido por c\u00e1maras de seguridad. Ya se habr\u00eda denunciado y aportado los videos como prueba. CHASCOM\u00daS -\u00a0 Gran conmoci\u00f3n caus\u00f3 entre los propietarios de Barrio Parque Girado, el hallazgo de uno de los vecinos que pudo observar en sus\u2026","rel":"","context":"En \u00abDESTACADAS\u00bb","block_context":{"text":"DESTACADAS","link":"https:\/\/larevistadigital.com.ar\/blog\/category\/destacadas\/"},"img":{"alt_text":"","src":"https:\/\/i0.wp.com\/larevistadigital.com.ar\/blog\/wp-content\/uploads\/incendios-corrientes-406453-104023.jpg?fit=1200%2C675&ssl=1&resize=350%2C200","width":350,"height":200,"srcset":"https:\/\/i0.wp.com\/larevistadigital.com.ar\/blog\/wp-content\/uploads\/incendios-corrientes-406453-104023.jpg?fit=1200%2C675&ssl=1&resize=350%2C200 1x, https:\/\/i0.wp.com\/larevistadigital.com.ar\/blog\/wp-content\/uploads\/incendios-corrientes-406453-104023.jpg?fit=1200%2C675&ssl=1&resize=525%2C300 1.5x, https:\/\/i0.wp.com\/larevistadigital.com.ar\/blog\/wp-content\/uploads\/incendios-corrientes-406453-104023.jpg?fit=1200%2C675&ssl=1&resize=700%2C400 2x, https:\/\/i0.wp.com\/larevistadigital.com.ar\/blog\/wp-content\/uploads\/incendios-corrientes-406453-104023.jpg?fit=1200%2C675&ssl=1&resize=1050%2C600 3x"},"classes":[]},{"id":21384,"url":"https:\/\/larevistadigital.com.ar\/blog\/chascomus-incluye-fotos-loco-piromaniaco-en-barrio-girado-por-juan-lemik\/","url_meta":{"origin":30370,"position":4},"title":"CHASCOM\u00daS: [INCLUYE FOTOS] \u00bfLOCO PIROMAN\u00cdACO EN BARRIO GIRADO? Por Juan Lemik","author":"Alejandro Sosa Ruda","date":"5 agosto, 2021","format":false,"excerpt":"CHASCOM\u00daS -\u00a0 Hace un par de noches, nuestro cronista Juan Lemik pudo observar a trav\u00e9s de las c\u00e1maras que se encuentran en su propiedad a un sujeto que aproximadamente a las 02:30 hs. de la madrugada, comenz\u00f3 a prender fuego de manera indiscriminada en un terreno que limita al fondo\u2026","rel":"","context":"En \u00abDESTACADAS\u00bb","block_context":{"text":"DESTACADAS","link":"https:\/\/larevistadigital.com.ar\/blog\/category\/destacadas\/"},"img":{"alt_text":"","src":"https:\/\/i0.wp.com\/larevistadigital.com.ar\/blog\/wp-content\/uploads\/WhatsApp-Image-2021-08-03-at-17.46.11.jpeg?fit=600%2C1200&ssl=1&resize=350%2C200","width":350,"height":200,"srcset":"https:\/\/i0.wp.com\/larevistadigital.com.ar\/blog\/wp-content\/uploads\/WhatsApp-Image-2021-08-03-at-17.46.11.jpeg?fit=600%2C1200&ssl=1&resize=350%2C200 1x, https:\/\/i0.wp.com\/larevistadigital.com.ar\/blog\/wp-content\/uploads\/WhatsApp-Image-2021-08-03-at-17.46.11.jpeg?fit=600%2C1200&ssl=1&resize=525%2C300 1.5x"},"classes":[]},{"id":12821,"url":"https:\/\/larevistadigital.com.ar\/blog\/algo-huele-mal-en-barrio-parque-girado\/","url_meta":{"origin":30370,"position":5},"title":"ALGO HUELE MAL EN BARRIO PARQUE GIRADO&#8230;","author":"Alejandro Sosa Ruda","date":"26 octubre, 2019","format":false,"excerpt":"DESATENCI\u00d3N DEL GOBIERNO LOCAL, M\u00c1S DESIDIA DE ALGUNOS: UN C\u00d3CTEL LAMENTABLE Una vez m\u00e1s, el olvido de las autoridades se hace sentir en uno de los lugares m\u00e1s lindos de Chascom\u00fas: Barrio Parque Girado. Y si sumamos a esto, la desidia y falta de educaci\u00f3n de algunos vecinos, el resultado\u2026","rel":"","context":"En \u00abINTERES GENERAL\u00bb","block_context":{"text":"INTERES GENERAL","link":"https:\/\/larevistadigital.com.ar\/blog\/category\/interes-general\/"},"img":{"alt_text":"","src":"https:\/\/i0.wp.com\/larevistadigital.com.ar\/blog\/wp-content\/uploads\/73346484_386118918942189_3733957873227530240_n.jpg?fit=583%2C1200&ssl=1&resize=350%2C200","width":350,"height":200,"srcset":"https:\/\/i0.wp.com\/larevistadigital.com.ar\/blog\/wp-content\/uploads\/73346484_386118918942189_3733957873227530240_n.jpg?fit=583%2C1200&ssl=1&resize=350%2C200 1x, https:\/\/i0.wp.com\/larevistadigital.com.ar\/blog\/wp-content\/uploads\/73346484_386118918942189_3733957873227530240_n.jpg?fit=583%2C1200&ssl=1&resize=525%2C300 1.5x"},"classes":[]}],"_links":{"self":[{"href":"https:\/\/larevistadigital.com.ar\/blog\/wp-json\/wp\/v2\/posts\/30370","targetHints":{"allow":["GET"]}}],"collection":[{"href":"https:\/\/larevistadigital.com.ar\/blog\/wp-json\/wp\/v2\/posts"}],"about":[{"href":"https:\/\/larevistadigital.com.ar\/blog\/wp-json\/wp\/v2\/types\/post"}],"author":[{"embeddable":true,"href":"https:\/\/larevistadigital.com.ar\/blog\/wp-json\/wp\/v2\/users\/3"}],"replies":[{"embeddable":true,"href":"https:\/\/larevistadigital.com.ar\/blog\/wp-json\/wp\/v2\/comments?post=30370"}],"version-history":[{"count":2,"href":"https:\/\/larevistadigital.com.ar\/blog\/wp-json\/wp\/v2\/posts\/30370\/revisions"}],"predecessor-version":[{"id":30375,"href":"https:\/\/larevistadigital.com.ar\/blog\/wp-json\/wp\/v2\/posts\/30370\/revisions\/30375"}],"wp:featuredmedia":[{"embeddable":true,"href":"https:\/\/larevistadigital.com.ar\/blog\/wp-json\/wp\/v2\/media\/30374"}],"wp:attachment":[{"href":"https:\/\/larevistadigital.com.ar\/blog\/wp-json\/wp\/v2\/media?parent=30370"}],"wp:term":[{"taxonomy":"category","embeddable":true,"href":"https:\/\/larevistadigital.com.ar\/blog\/wp-json\/wp\/v2\/categories?post=30370"},{"taxonomy":"post_tag","embeddable":true,"href":"https:\/\/larevistadigital.com.ar\/blog\/wp-json\/wp\/v2\/tags?post=30370"}],"curies":[{"name":"wp","href":"https:\/\/api.w.org\/{rel}","templated":true}]}}