{"id":30376,"date":"2023-03-04T02:23:21","date_gmt":"2023-03-04T02:23:21","guid":{"rendered":"https:\/\/larevistadigital.com.ar\/blog\/?p=30376"},"modified":"2023-03-04T02:23:21","modified_gmt":"2023-03-04T02:23:21","slug":"mar-del-plata-muere-en-un-incendio-en-su-casa-pero-se-descubrio-que-fue-intencional-hay-un-detenido","status":"publish","type":"post","link":"https:\/\/larevistadigital.com.ar\/blog\/mar-del-plata-muere-en-un-incendio-en-su-casa-pero-se-descubrio-que-fue-intencional-hay-un-detenido\/","title":{"rendered":"MAR DEL PLATA: MUERE EN UN INCENDIO EN SU CASA, PERO SE DESCUBRIO QUE FUE INTENCIONAL. HAY UN DETENIDO"},"content":{"rendered":"<h2 class=\"intro\">El hecho ocurri\u00f3 hace una semana en el barrio Don Emilio. La v\u00edctima hab\u00eda sido amenazada horas antes. Im\u00e1genes de c\u00e1maras de seguridad captaron al supuesto autor del incendio.<\/h2>\n<p>4 de marzo de 2023<\/p>\n<p>La investigaci\u00f3n por la muerte de un hombre tras incendio en su casa en el Barrio Don Emilio el pasado 24 de febrero dio un vuelco inesperado en las \u00faltimas horas ya que luego de testimoniales e im\u00e1genes de c\u00e1maras de seguridad, pudo establecerse que <strong><span style=\"color: #ff0000\">el hecho fue intencional<\/span><\/strong>. A raiz de eso, personal de la <strong>Direcci\u00f3n Departamental de Investigaciones (DDI)\u00a0<\/strong>detuvo al sospechoso, un hombre de 56 a\u00f1os, que qued\u00f3 alojado en la Unidad Penal 44 de Bat\u00e1n.<\/p>\n<blockquote>\n<h3>La muerte de<strong>\u00a0Jorge Luis Sosa\u00a0<\/strong>se descubri\u00f3 cuando personal de Bomberos y de la comisar\u00eda und\u00e9cima lleg\u00f3 a la casa ubicada en Jauretche al 1400 donde se produjo un incendio. Tras extinguir las llamas constataron que la v\u00edctima muri\u00f3 producto de un paro cardiorrespiratorio por asfixia por mon\u00f3xido de carbono.<\/h3>\n<\/blockquote>\n<p>A partir de establecer que el incendio fue intencional, la fiscal <strong>Florencia Salas<\/strong> encomend\u00f3 una serie de tareas al Gabinete de Homicidios de la DDI que logr\u00f3 establecer que la v\u00edctima hab\u00eda sido amenazada el mismo d\u00eda por un hombre.\u00a0<em><strong>\u201cEl sospechoso le dijo que iba a prenderlo fuego tras una discusi\u00f3n por unos cuchillos\u201d<\/strong><\/em>, informaron fuentes consultadas por este medio.<\/p>\n<p>Los oficiales de la DDI constataron que el imputado, identificado como<strong>\u00a0Luis Fabi\u00e1n Guzm\u00e1n,<\/strong> utiliz\u00f3 un elemento previamente empapado en l\u00edquido acelerante y, ya encendido, lo arroj\u00f3 a trav\u00e9s de la reja y la ventana de la finca. <em><strong>\u201cLa autor\u00eda qued\u00f3 registrada en im\u00e1genes de distintas c\u00e1maras de seguridad privada y del Centro de Monitoreo que permitieron cotejar la fisonom\u00eda del imputado\u201d<\/strong><\/em>, agregaron.<\/p>\n<p><strong>Gonz\u00e1lez<\/strong> fue detenido y quedar\u00e1 alojado en la Unidad Penal 44 de Bat\u00e1n e imputado de homicidio podr\u00eda declarar este s\u00e1bado en Tribunales.<\/p>\n","protected":false},"excerpt":{"rendered":"<div class=\"mh-excerpt\"><p>El hecho ocurri\u00f3 hace una semana en el barrio Don Emilio. La v\u00edctima hab\u00eda sido amenazada horas antes. Im\u00e1genes de c\u00e1maras de seguridad captaron al supuesto autor del incendio. 4 de marzo de 2023 La <a class=\"mh-excerpt-more\" href=\"https:\/\/larevistadigital.com.ar\/blog\/mar-del-plata-muere-en-un-incendio-en-su-casa-pero-se-descubrio-que-fue-intencional-hay-un-detenido\/\" title=\"MAR DEL PLATA: MUERE EN UN INCENDIO EN SU CASA, PERO SE DESCUBRIO QUE FUE INTENCIONAL. HAY UN DETENIDO\">[Leer M\u00e1s]<\/a><\/p>\n<\/div>","protected":false},"author":3,"featured_media":30377,"comment_status":"open","ping_status":"open","sticky":false,"template":"","format":"standard","meta":{"_jetpack_memberships_contains_paid_content":false,"footnotes":"","jetpack_publicize_message":"","jetpack_publicize_feature_enabled":true,"jetpack_social_post_already_shared":true,"jetpack_social_options":{"image_generator_settings":{"template":"highway","default_image_id":0,"font":"","enabled":false},"version":2}},"categories":[44,51],"tags":[],"class_list":{"0":"post-30376","1":"post","2":"type-post","3":"status-publish","4":"format-standard","5":"has-post-thumbnail","7":"category-policiales","8":"category-regionales"},"jetpack_publicize_connections":[],"jetpack_featured_media_url":"https:\/\/i0.wp.com\/larevistadigital.com.ar\/blog\/wp-content\/uploads\/Captura-de-pantalla-2023-03-03-231827.png?fit=803%2C441&ssl=1","jetpack_sharing_enabled":true,"jetpack_shortlink":"https:\/\/wp.me\/p8qtrQ-7TW","jetpack-related-posts":[{"id":23350,"url":"https:\/\/larevistadigital.com.ar\/blog\/imagenes-lamentables-habria-sido-intencional-el-incendio-frente-al-aeroclub-se-volvio-casi-incontrolable\/","url_meta":{"origin":30376,"position":0},"title":"IM\u00c1GENES LAMENTABLES&#8230; HABR\u00cdA SIDO  INTENCIONAL EL INCENDIO FRENTE AL AEROCLUB. SE VOLVI\u00d3 CASI INCONTROLABLE.","author":"Alejandro Sosa Ruda","date":"14 enero, 2022","format":false,"excerpt":"Seg\u00fan nos han informado, el incendio de pastos producido\u00a0 hoy pasadas las 10 horas frente al Aeroclub de Chascom\u00fas, habr\u00eda sido intencional, ya que se habr\u00eda observado como unas personas lo iniciaban en las cercan\u00edas. Ac\u00e1 compartimos im\u00e1genes que realmente son tristes y que dejan de manifiesto lo que puede\u2026","rel":"","context":"En \u00abDESTACADAS\u00bb","block_context":{"text":"DESTACADAS","link":"https:\/\/larevistadigital.com.ar\/blog\/category\/destacadas\/"},"img":{"alt_text":"","src":"https:\/\/i0.wp.com\/larevistadigital.com.ar\/blog\/wp-content\/uploads\/WhatsApp-Image-2022-01-13-at-19.45.10-1.jpeg?fit=1024%2C768&ssl=1&resize=350%2C200","width":350,"height":200,"srcset":"https:\/\/i0.wp.com\/larevistadigital.com.ar\/blog\/wp-content\/uploads\/WhatsApp-Image-2022-01-13-at-19.45.10-1.jpeg?fit=1024%2C768&ssl=1&resize=350%2C200 1x, https:\/\/i0.wp.com\/larevistadigital.com.ar\/blog\/wp-content\/uploads\/WhatsApp-Image-2022-01-13-at-19.45.10-1.jpeg?fit=1024%2C768&ssl=1&resize=525%2C300 1.5x, https:\/\/i0.wp.com\/larevistadigital.com.ar\/blog\/wp-content\/uploads\/WhatsApp-Image-2022-01-13-at-19.45.10-1.jpeg?fit=1024%2C768&ssl=1&resize=700%2C400 2x"},"classes":[]},{"id":30912,"url":"https:\/\/larevistadigital.com.ar\/blog\/incendio-en-la-mutual-de-villa-del-sur-el-presidente-realizo-una-denuncia-policial-por-incendio-intencional-aqui-la-denuncia-completa\/","url_meta":{"origin":30376,"position":1},"title":"INCENDIO EN LA MUTUAL DE VILLA DEL SUR: EL PRESIDENTE REALIZ\u00d3 UNA DENUNCIA POLICIAL POR \u00abINCENDIO INTENCIONAL\u00bb AQU\u00cd LA DENUNCIA COMPLETA","author":"Alejandro Sosa Ruda","date":"6 abril, 2023","format":false,"excerpt":"El Presidente de la Asociaci\u00f3n Mutual de Villa del Sur, hizo efectiva la denuncia policial por el incendio de ayar al mediod\u00eda, del que seg\u00fan testimonios sostiene que habr\u00eda sido intencional. 6 de abril de 2023 CHASCOM\u00daS -\u00a0 Ayer en horas del mediod\u00eda, ocurri\u00f3 un incendio en la Mutual de\u2026","rel":"","context":"En \u00abDESTACADAS\u00bb","block_context":{"text":"DESTACADAS","link":"https:\/\/larevistadigital.com.ar\/blog\/category\/destacadas\/"},"img":{"alt_text":"","src":"https:\/\/i0.wp.com\/larevistadigital.com.ar\/blog\/wp-content\/uploads\/1-13-e1680793909470.jpg?fit=960%2C886&ssl=1&resize=350%2C200","width":350,"height":200,"srcset":"https:\/\/i0.wp.com\/larevistadigital.com.ar\/blog\/wp-content\/uploads\/1-13-e1680793909470.jpg?fit=960%2C886&ssl=1&resize=350%2C200 1x, https:\/\/i0.wp.com\/larevistadigital.com.ar\/blog\/wp-content\/uploads\/1-13-e1680793909470.jpg?fit=960%2C886&ssl=1&resize=525%2C300 1.5x, https:\/\/i0.wp.com\/larevistadigital.com.ar\/blog\/wp-content\/uploads\/1-13-e1680793909470.jpg?fit=960%2C886&ssl=1&resize=700%2C400 2x"},"classes":[]},{"id":15252,"url":"https:\/\/larevistadigital.com.ar\/blog\/joven-adicto-ataca-con-un-palo-a-su-abuela-la-desmayo-y-prendio-fuego-la-casa-ocasionandole-la-muerte\/","url_meta":{"origin":30376,"position":2},"title":"JOVEN ADICTO ATACA CON UN PALO A SU ABUELA, LA DESMAY\u00d3 Y PRENDI\u00d3 FUEGO LA CASA OCASION\u00c1NDOLE LA MUERTE","author":"Alejandro Sosa Ruda","date":"20 mayo, 2020","format":false,"excerpt":"Ocurri\u00f3 en Berazategui. Una mujer de 75 a\u00f1os muri\u00f3 carbonizada. Por el horroroso crimen fue detenido el nieto de 26 a\u00f1os que hoy ser\u00e1 indagado por el fiscal Daniel Ichazo por el delito de homicidio agravado por el v\u00ednculo. Una jubilada de 75 a\u00f1os fue encontrada asesinada y carbonizada en\u2026","rel":"","context":"En \u00abPOLICIALES\u00bb","block_context":{"text":"POLICIALES","link":"https:\/\/larevistadigital.com.ar\/blog\/category\/policiales\/"},"img":{"alt_text":"","src":"https:\/\/i0.wp.com\/larevistadigital.com.ar\/blog\/wp-content\/uploads\/20200520091757_aaa.jpg?fit=887%2C554&ssl=1&resize=350%2C200","width":350,"height":200,"srcset":"https:\/\/i0.wp.com\/larevistadigital.com.ar\/blog\/wp-content\/uploads\/20200520091757_aaa.jpg?fit=887%2C554&ssl=1&resize=350%2C200 1x, https:\/\/i0.wp.com\/larevistadigital.com.ar\/blog\/wp-content\/uploads\/20200520091757_aaa.jpg?fit=887%2C554&ssl=1&resize=525%2C300 1.5x, https:\/\/i0.wp.com\/larevistadigital.com.ar\/blog\/wp-content\/uploads\/20200520091757_aaa.jpg?fit=887%2C554&ssl=1&resize=700%2C400 2x"},"classes":[]},{"id":30895,"url":"https:\/\/larevistadigital.com.ar\/blog\/incendio-intencional-sucedio-en-la-mutual-de-villa-del-sur-y-sospechan-que-fue-intencional-algo-que-despierta-dudas-luego-de-los-despidos-y-persecucion-gremial-denunciadas-por-el-presidente-d\/","url_meta":{"origin":30376,"position":3},"title":"\u00bfINCENDIO INTENCIONAL? SUCEDI\u00d3 EN LA MUTUAL DE VILLA DEL SUR, Y SOSPECHAN QUE FUE INTENCIONAL, ALGO QUE DESPIERTA DUDAS LUEGO DE LOS DESPIDOS Y PERSECUCI\u00d3N GREMIAL DENUNCIADAS POR EL PRESIDENTE DE LA MUTUAL","author":"Alejandro Sosa Ruda","date":"5 abril, 2023","format":false,"excerpt":"Todo (incluso el off the record de algunos indicar\u00eda que fue intencional. Crecen las sospechas de un acto mafioso con transfondo gremial. 5 de abril de 2023 CHASCOM\u00daS -\u00a0 Hace un rato, aproximadamente a las 12:30 horas nos lleg\u00f3 una alerta de los Bomberos Voluntarios que se dirig\u00edan a sofocar\u2026","rel":"","context":"En \u00abDESTACADAS\u00bb","block_context":{"text":"DESTACADAS","link":"https:\/\/larevistadigital.com.ar\/blog\/category\/destacadas\/"},"img":{"alt_text":"","src":"https:\/\/i0.wp.com\/larevistadigital.com.ar\/blog\/wp-content\/uploads\/6-5.jpg?fit=900%2C1200&ssl=1&resize=350%2C200","width":350,"height":200,"srcset":"https:\/\/i0.wp.com\/larevistadigital.com.ar\/blog\/wp-content\/uploads\/6-5.jpg?fit=900%2C1200&ssl=1&resize=350%2C200 1x, https:\/\/i0.wp.com\/larevistadigital.com.ar\/blog\/wp-content\/uploads\/6-5.jpg?fit=900%2C1200&ssl=1&resize=525%2C300 1.5x, https:\/\/i0.wp.com\/larevistadigital.com.ar\/blog\/wp-content\/uploads\/6-5.jpg?fit=900%2C1200&ssl=1&resize=700%2C400 2x"},"classes":[]},{"id":19760,"url":"https:\/\/larevistadigital.com.ar\/blog\/ayacucho-incendio-de-vehiculo-que-seria-intencional\/","url_meta":{"origin":30376,"position":4},"title":"AYACUCHO: INCENDIO DE VEH\u00cdCULO QUE SER\u00cdA INTENCIONAL","author":"Alejandro Sosa Ruda","date":"20 abril, 2021","format":false,"excerpt":"AYACUCHO - Pasadas las 5,30 de la ma\u00f1ana de este lunes se produjo el incendio de un auto que estaba estacionado en calle Alem y que habr\u00eda sido intencional. A ra\u00edz de ello, fueron convocados los Bomberos Voluntarios quienes prontamente controlaron el siniestro. El auto que tom\u00f3 fuego por completo\u2026","rel":"","context":"En \u00abPOLICIALES\u00bb","block_context":{"text":"POLICIALES","link":"https:\/\/larevistadigital.com.ar\/blog\/category\/policiales\/"},"img":{"alt_text":"","src":"https:\/\/i0.wp.com\/larevistadigital.com.ar\/blog\/wp-content\/uploads\/incendio-fiat-abril-2021.jpeg?fit=1200%2C542&ssl=1&resize=350%2C200","width":350,"height":200,"srcset":"https:\/\/i0.wp.com\/larevistadigital.com.ar\/blog\/wp-content\/uploads\/incendio-fiat-abril-2021.jpeg?fit=1200%2C542&ssl=1&resize=350%2C200 1x, https:\/\/i0.wp.com\/larevistadigital.com.ar\/blog\/wp-content\/uploads\/incendio-fiat-abril-2021.jpeg?fit=1200%2C542&ssl=1&resize=525%2C300 1.5x, https:\/\/i0.wp.com\/larevistadigital.com.ar\/blog\/wp-content\/uploads\/incendio-fiat-abril-2021.jpeg?fit=1200%2C542&ssl=1&resize=700%2C400 2x, https:\/\/i0.wp.com\/larevistadigital.com.ar\/blog\/wp-content\/uploads\/incendio-fiat-abril-2021.jpeg?fit=1200%2C542&ssl=1&resize=1050%2C600 3x"},"classes":[]},{"id":44797,"url":"https:\/\/larevistadigital.com.ar\/blog\/escuela-destruida-por-un-incendio-intencional-acusan-a-un-chico-de-13-anos\/","url_meta":{"origin":30376,"position":5},"title":"Escuela destruida por un incendio intencional: acusan a un chico de 13 a\u00f1os","author":"Alejandro Sosa Ruda","date":"30 marzo, 2026","format":false,"excerpt":"El fuego arras\u00f3 por completo la Escuela N\u00b0102 en Misiones. La Justicia investiga el hecho y el menor qued\u00f3 a disposici\u00f3n del Juzgado. 30 de marzo de 2026 MISIONES -\u00a0 \u00a0Un hecho conmocionante sacude a la localidad de San Antonio, en Misiones. Un adolescente de 13 a\u00f1os fue acusado de\u2026","rel":"","context":"En \u00abINTERES GENERAL\u00bb","block_context":{"text":"INTERES GENERAL","link":"https:\/\/larevistadigital.com.ar\/blog\/category\/interes-general\/"},"img":{"alt_text":"","src":"https:\/\/i0.wp.com\/larevistadigital.com.ar\/blog\/wp-content\/uploads\/Captura-de-pantalla-2026-03-30-002559.jpg?fit=915%2C394&ssl=1&resize=350%2C200","width":350,"height":200,"srcset":"https:\/\/i0.wp.com\/larevistadigital.com.ar\/blog\/wp-content\/uploads\/Captura-de-pantalla-2026-03-30-002559.jpg?fit=915%2C394&ssl=1&resize=350%2C200 1x, https:\/\/i0.wp.com\/larevistadigital.com.ar\/blog\/wp-content\/uploads\/Captura-de-pantalla-2026-03-30-002559.jpg?fit=915%2C394&ssl=1&resize=525%2C300 1.5x, https:\/\/i0.wp.com\/larevistadigital.com.ar\/blog\/wp-content\/uploads\/Captura-de-pantalla-2026-03-30-002559.jpg?fit=915%2C394&ssl=1&resize=700%2C400 2x"},"classes":[]}],"_links":{"self":[{"href":"https:\/\/larevistadigital.com.ar\/blog\/wp-json\/wp\/v2\/posts\/30376","targetHints":{"allow":["GET"]}}],"collection":[{"href":"https:\/\/larevistadigital.com.ar\/blog\/wp-json\/wp\/v2\/posts"}],"about":[{"href":"https:\/\/larevistadigital.com.ar\/blog\/wp-json\/wp\/v2\/types\/post"}],"author":[{"embeddable":true,"href":"https:\/\/larevistadigital.com.ar\/blog\/wp-json\/wp\/v2\/users\/3"}],"replies":[{"embeddable":true,"href":"https:\/\/larevistadigital.com.ar\/blog\/wp-json\/wp\/v2\/comments?post=30376"}],"version-history":[{"count":1,"href":"https:\/\/larevistadigital.com.ar\/blog\/wp-json\/wp\/v2\/posts\/30376\/revisions"}],"predecessor-version":[{"id":30378,"href":"https:\/\/larevistadigital.com.ar\/blog\/wp-json\/wp\/v2\/posts\/30376\/revisions\/30378"}],"wp:featuredmedia":[{"embeddable":true,"href":"https:\/\/larevistadigital.com.ar\/blog\/wp-json\/wp\/v2\/media\/30377"}],"wp:attachment":[{"href":"https:\/\/larevistadigital.com.ar\/blog\/wp-json\/wp\/v2\/media?parent=30376"}],"wp:term":[{"taxonomy":"category","embeddable":true,"href":"https:\/\/larevistadigital.com.ar\/blog\/wp-json\/wp\/v2\/categories?post=30376"},{"taxonomy":"post_tag","embeddable":true,"href":"https:\/\/larevistadigital.com.ar\/blog\/wp-json\/wp\/v2\/tags?post=30376"}],"curies":[{"name":"wp","href":"https:\/\/api.w.org\/{rel}","templated":true}]}}