{"id":30383,"date":"2023-03-05T01:46:04","date_gmt":"2023-03-05T01:46:04","guid":{"rendered":"https:\/\/larevistadigital.com.ar\/blog\/?p=30383"},"modified":"2023-03-05T01:46:04","modified_gmt":"2023-03-05T01:46:04","slug":"madariaga-terrible-vuelco-en-la-ruta-56","status":"publish","type":"post","link":"https:\/\/larevistadigital.com.ar\/blog\/madariaga-terrible-vuelco-en-la-ruta-56\/","title":{"rendered":"MADARIAGA: TERRIBLE VUELCO EN LA RUTA 56"},"content":{"rendered":"<h2>Uno de los ocupantes del veh\u00edculo tuvo que ser rescatado por los Bomberos.<\/h2>\n<p>5 de marzo de 2023<\/p>\n<p><strong>GENERAL MADARIAGA &#8211;<\/strong>\u00a0 El impactante accidente de tr\u00e1nsito ocurri\u00f3 ayer por la ma\u00f1ana, cuando a la altura del\u00a0<strong>kil\u00f3metro 32 de la ruta 56 <\/strong>y por cuestiones que se tratan de establecer, quien conduc\u00eda perdi\u00f3 el control del veh\u00edculo despist\u00f3 y volc\u00f3.<\/p>\n<blockquote>\n<h3>Mientras dos de los ocupantes del autom\u00f3vil pudieron salir por sus propios medios, el tercero<strong>\u00a0debi\u00f3 ser rescatado por los Bomberos\u00a0<\/strong>y trasladado para su atenci\u00f3n m\u00e9dica.<\/h3>\n<\/blockquote>\n<p>Trabajaron en el lugar efectivos policiales, Sistema de Emergencias, perianal de AUBASA y Bomberos Voluntarios de General Madariaga.<\/p>\n<p>fuente e imagen: entrel\u00edneas.info<\/p>\n","protected":false},"excerpt":{"rendered":"<div class=\"mh-excerpt\"><p>Uno de los ocupantes del veh\u00edculo tuvo que ser rescatado por los Bomberos. 5 de marzo de 2023 GENERAL MADARIAGA &#8211;\u00a0 El impactante accidente de tr\u00e1nsito ocurri\u00f3 ayer por la ma\u00f1ana, cuando a la altura <a class=\"mh-excerpt-more\" href=\"https:\/\/larevistadigital.com.ar\/blog\/madariaga-terrible-vuelco-en-la-ruta-56\/\" title=\"MADARIAGA: TERRIBLE VUELCO EN LA RUTA 56\">[Leer M\u00e1s]<\/a><\/p>\n<\/div>","protected":false},"author":3,"featured_media":30384,"comment_status":"open","ping_status":"open","sticky":false,"template":"","format":"standard","meta":{"_jetpack_memberships_contains_paid_content":false,"footnotes":"","jetpack_publicize_message":"","jetpack_publicize_feature_enabled":true,"jetpack_social_post_already_shared":true,"jetpack_social_options":{"image_generator_settings":{"template":"highway","default_image_id":0,"font":"","enabled":false},"version":2}},"categories":[44,51],"tags":[],"class_list":{"0":"post-30383","1":"post","2":"type-post","3":"status-publish","4":"format-standard","5":"has-post-thumbnail","7":"category-policiales","8":"category-regionales"},"jetpack_publicize_connections":[],"jetpack_featured_media_url":"https:\/\/i0.wp.com\/larevistadigital.com.ar\/blog\/wp-content\/uploads\/2f79f4e4c51c98c7044272d88ab96232d586400c.jpg?fit=1140%2C855&ssl=1","jetpack_sharing_enabled":true,"jetpack_shortlink":"https:\/\/wp.me\/p8qtrQ-7U3","jetpack-related-posts":[{"id":42088,"url":"https:\/\/larevistadigital.com.ar\/blog\/violento-vuelco-en-la-ruta-74-un-hombre-fue-rescatado-por-los-bomberos-en-general-madariaga\/","url_meta":{"origin":30383,"position":0},"title":"Violento vuelco en la Ruta 74: un hombre fue rescatado por los bomberos en General Madariaga","author":"Alejandro Sosa Ruda","date":"19 octubre, 2025","format":false,"excerpt":"El accidente ocurri\u00f3 este s\u00e1bado a la altura del kil\u00f3metro 12, en direcci\u00f3n a Pinamar. El conductor del veh\u00edculo perdi\u00f3 el control y termin\u00f3 volcando. Fue trasladado al hospital con heridas. 19 de Octubre de 2025 BUENOS AIRES\u00a0 -\u00a0 \u00a0Un fuerte accidente de tr\u00e1nsito se registr\u00f3 este s\u00e1bado en el\u2026","rel":"","context":"En \u00abPOLICIALES\u00bb","block_context":{"text":"POLICIALES","link":"https:\/\/larevistadigital.com.ar\/blog\/category\/policiales\/"},"img":{"alt_text":"","src":"https:\/\/i0.wp.com\/larevistadigital.com.ar\/blog\/wp-content\/uploads\/70d730c690df241f6cecf68fe30a0e13dfa6a0ba.jpg?fit=900%2C900&ssl=1&resize=350%2C200","width":350,"height":200,"srcset":"https:\/\/i0.wp.com\/larevistadigital.com.ar\/blog\/wp-content\/uploads\/70d730c690df241f6cecf68fe30a0e13dfa6a0ba.jpg?fit=900%2C900&ssl=1&resize=350%2C200 1x, https:\/\/i0.wp.com\/larevistadigital.com.ar\/blog\/wp-content\/uploads\/70d730c690df241f6cecf68fe30a0e13dfa6a0ba.jpg?fit=900%2C900&ssl=1&resize=525%2C300 1.5x, https:\/\/i0.wp.com\/larevistadigital.com.ar\/blog\/wp-content\/uploads\/70d730c690df241f6cecf68fe30a0e13dfa6a0ba.jpg?fit=900%2C900&ssl=1&resize=700%2C400 2x"},"classes":[]},{"id":26181,"url":"https:\/\/larevistadigital.com.ar\/blog\/mueren-dos-vecinos-de-gral-madariaga-en-un-accidente-en-la-ruta-74\/","url_meta":{"origin":30383,"position":1},"title":"MUEREN DOS VECINOS DE GRAL. MADARIAGA EN UN ACCIDENTE EN LA RUTA 74","author":"Alejandro Sosa Ruda","date":"28 junio, 2022","format":false,"excerpt":"Las v\u00edctimas fueron un hombre de 74 a\u00f1os y su hija de 48. El choque fatal se produjo a la altura del kil\u00f3metro 19. Dos vecinos de la ciudad de\u00a0General Madariaga\u00a0fallecieron este martes como consecuencia de un fuerte choque ocurrido en el\u00a0kil\u00f3metro 19 de la Ruta 74. El accidente se\u2026","rel":"","context":"En \u00abPOLICIALES\u00bb","block_context":{"text":"POLICIALES","link":"https:\/\/larevistadigital.com.ar\/blog\/category\/policiales\/"},"img":{"alt_text":"","src":"https:\/\/i0.wp.com\/larevistadigital.com.ar\/blog\/wp-content\/uploads\/bf32d54f8cc62cca02a0cf94446617d1dd33c0c5.jpg?fit=1140%2C781&ssl=1&resize=350%2C200","width":350,"height":200,"srcset":"https:\/\/i0.wp.com\/larevistadigital.com.ar\/blog\/wp-content\/uploads\/bf32d54f8cc62cca02a0cf94446617d1dd33c0c5.jpg?fit=1140%2C781&ssl=1&resize=350%2C200 1x, https:\/\/i0.wp.com\/larevistadigital.com.ar\/blog\/wp-content\/uploads\/bf32d54f8cc62cca02a0cf94446617d1dd33c0c5.jpg?fit=1140%2C781&ssl=1&resize=525%2C300 1.5x, https:\/\/i0.wp.com\/larevistadigital.com.ar\/blog\/wp-content\/uploads\/bf32d54f8cc62cca02a0cf94446617d1dd33c0c5.jpg?fit=1140%2C781&ssl=1&resize=700%2C400 2x, https:\/\/i0.wp.com\/larevistadigital.com.ar\/blog\/wp-content\/uploads\/bf32d54f8cc62cca02a0cf94446617d1dd33c0c5.jpg?fit=1140%2C781&ssl=1&resize=1050%2C600 3x"},"classes":[]},{"id":36997,"url":"https:\/\/larevistadigital.com.ar\/blog\/gral-madariaga-vuelco-en-la-ruta-74-con-el-saldo-de-tres-heridos\/","url_meta":{"origin":30383,"position":2},"title":"GRAL. MADARIAGA: VUELCO EN LA RUTA 74 CON EL SALDO DE TRES HERIDOS","author":"Alejandro Sosa Ruda","date":"18 agosto, 2024","format":false,"excerpt":"18 de Agosto de 2024 GENERAL MADARIAGA -\u00a0 Un accidente de tr\u00e1nsito se produjo a la altura de la\u00a0 Curva de \"La Salada\", en la Ruta 74, en jurisdicci\u00f3n de General Madariaga. Como consecuencia del mismo, volc\u00f3 un veh\u00edculo con 5 ocupantes, 3 de ellos trasladados para mejor atenci\u00f3n al\u2026","rel":"","context":"En \u00abSin categor\u00eda\u00bb","block_context":{"text":"Sin categor\u00eda","link":"https:\/\/larevistadigital.com.ar\/blog\/category\/sin-categoria\/"},"img":{"alt_text":"","src":"https:\/\/i0.wp.com\/larevistadigital.com.ar\/blog\/wp-content\/uploads\/be8ef5ef8be17014f14e8ee32c204d2a4f3d486e.jpg?fit=1140%2C855&ssl=1&resize=350%2C200","width":350,"height":200,"srcset":"https:\/\/i0.wp.com\/larevistadigital.com.ar\/blog\/wp-content\/uploads\/be8ef5ef8be17014f14e8ee32c204d2a4f3d486e.jpg?fit=1140%2C855&ssl=1&resize=350%2C200 1x, https:\/\/i0.wp.com\/larevistadigital.com.ar\/blog\/wp-content\/uploads\/be8ef5ef8be17014f14e8ee32c204d2a4f3d486e.jpg?fit=1140%2C855&ssl=1&resize=525%2C300 1.5x, https:\/\/i0.wp.com\/larevistadigital.com.ar\/blog\/wp-content\/uploads\/be8ef5ef8be17014f14e8ee32c204d2a4f3d486e.jpg?fit=1140%2C855&ssl=1&resize=700%2C400 2x, https:\/\/i0.wp.com\/larevistadigital.com.ar\/blog\/wp-content\/uploads\/be8ef5ef8be17014f14e8ee32c204d2a4f3d486e.jpg?fit=1140%2C855&ssl=1&resize=1050%2C600 3x"},"classes":[]},{"id":38789,"url":"https:\/\/larevistadigital.com.ar\/blog\/38789-2\/","url_meta":{"origin":30383,"position":3},"title":"Violento accidente en la ruta","author":"Alejandro Sosa Ruda","date":"23 febrero, 2025","format":false,"excerpt":"Un impactante accidente ocurri\u00f3 esta tarde en el kil\u00f3metro 33 de la Ruta 56, en jurisdicci\u00f3n de General Madariaga. 23 de Febrero de 2025 GRAL. MADARIAGA -\u00a0 Por motivos que a\u00fan se investigan, el conductor de un veh\u00edculo perdi\u00f3 el control, despist\u00f3 y termin\u00f3 volcando. A pesar de la violencia\u2026","rel":"","context":"En \u00abPOLICIALES\u00bb","block_context":{"text":"POLICIALES","link":"https:\/\/larevistadigital.com.ar\/blog\/category\/policiales\/"},"img":{"alt_text":"","src":"https:\/\/i0.wp.com\/larevistadigital.com.ar\/blog\/wp-content\/uploads\/8fbc56a1501b492bdb4c4b76cde98e5e3ce7f180.jpg?fit=900%2C900&ssl=1&resize=350%2C200","width":350,"height":200,"srcset":"https:\/\/i0.wp.com\/larevistadigital.com.ar\/blog\/wp-content\/uploads\/8fbc56a1501b492bdb4c4b76cde98e5e3ce7f180.jpg?fit=900%2C900&ssl=1&resize=350%2C200 1x, https:\/\/i0.wp.com\/larevistadigital.com.ar\/blog\/wp-content\/uploads\/8fbc56a1501b492bdb4c4b76cde98e5e3ce7f180.jpg?fit=900%2C900&ssl=1&resize=525%2C300 1.5x, https:\/\/i0.wp.com\/larevistadigital.com.ar\/blog\/wp-content\/uploads\/8fbc56a1501b492bdb4c4b76cde98e5e3ce7f180.jpg?fit=900%2C900&ssl=1&resize=700%2C400 2x"},"classes":[]},{"id":35490,"url":"https:\/\/larevistadigital.com.ar\/blog\/vuelco-en-un-camino-rural-en-gral-madariaga-con-el-saldo-de-dos-heridos\/","url_meta":{"origin":30383,"position":4},"title":"VUELCO EN UN CAMINO RURAL EN GRAL.MADARIAGA, CON EL SALDO DE DOS HERIDOS","author":"Alejandro Sosa Ruda","date":"10 marzo, 2024","format":false,"excerpt":"Los dos heridos debieron ser trasladados para su atenci\u00f3n m\u00e9dica. 10 de marzo de 2024 GRAL. MADARIAGA -\u00a0 Durante la jornada de hoy,\u00a0se produjo un terrible vuelco en un camino rural \"3 Cruces\", ubicado en la localidad de General Madariaga. Por cuestiones que se tratan de establecer quien conduc\u00eda perdi\u00f3\u2026","rel":"","context":"En \u00abPOLICIALES\u00bb","block_context":{"text":"POLICIALES","link":"https:\/\/larevistadigital.com.ar\/blog\/category\/policiales\/"},"img":{"alt_text":"","src":"https:\/\/i0.wp.com\/larevistadigital.com.ar\/blog\/wp-content\/uploads\/916a38a58bfe7e729e86734da93ee9659c2d5a82.jpg?fit=1140%2C896&ssl=1&resize=350%2C200","width":350,"height":200,"srcset":"https:\/\/i0.wp.com\/larevistadigital.com.ar\/blog\/wp-content\/uploads\/916a38a58bfe7e729e86734da93ee9659c2d5a82.jpg?fit=1140%2C896&ssl=1&resize=350%2C200 1x, https:\/\/i0.wp.com\/larevistadigital.com.ar\/blog\/wp-content\/uploads\/916a38a58bfe7e729e86734da93ee9659c2d5a82.jpg?fit=1140%2C896&ssl=1&resize=525%2C300 1.5x, https:\/\/i0.wp.com\/larevistadigital.com.ar\/blog\/wp-content\/uploads\/916a38a58bfe7e729e86734da93ee9659c2d5a82.jpg?fit=1140%2C896&ssl=1&resize=700%2C400 2x, https:\/\/i0.wp.com\/larevistadigital.com.ar\/blog\/wp-content\/uploads\/916a38a58bfe7e729e86734da93ee9659c2d5a82.jpg?fit=1140%2C896&ssl=1&resize=1050%2C600 3x"},"classes":[]},{"id":45078,"url":"https:\/\/larevistadigital.com.ar\/blog\/choque-frontal-fatal-murio-un-conductor-y-hay-dos-heridos-tras-un-violento-impacto\/","url_meta":{"origin":30383,"position":5},"title":"Choque frontal fatal: muri\u00f3 un conductor y hay dos heridos tras un violento impacto","author":"Alejandro Sosa Ruda","date":"12 abril, 2026","format":false,"excerpt":"El siniestro ocurri\u00f3 durante la madrugada en el km 36 de la ruta 74, jurisdicci\u00f3n de Gral. Madariaga y gener\u00f3 un amplio operativo de rescate. Investigan las causas. 12 de abril de 2026 GENERAL MADARIAGA -\u00a0 \u00a0 Un tr\u00e1gico accidente vial dej\u00f3 como saldo un muerto y dos heridos tras\u2026","rel":"","context":"En \u00abPOLICIALES\u00bb","block_context":{"text":"POLICIALES","link":"https:\/\/larevistadigital.com.ar\/blog\/category\/policiales\/"},"img":{"alt_text":"","src":"https:\/\/i0.wp.com\/larevistadigital.com.ar\/blog\/wp-content\/uploads\/CHOQUE-RUTA-74.jpg?fit=700%2C273&ssl=1&resize=350%2C200","width":350,"height":200,"srcset":"https:\/\/i0.wp.com\/larevistadigital.com.ar\/blog\/wp-content\/uploads\/CHOQUE-RUTA-74.jpg?fit=700%2C273&ssl=1&resize=350%2C200 1x, https:\/\/i0.wp.com\/larevistadigital.com.ar\/blog\/wp-content\/uploads\/CHOQUE-RUTA-74.jpg?fit=700%2C273&ssl=1&resize=525%2C300 1.5x, https:\/\/i0.wp.com\/larevistadigital.com.ar\/blog\/wp-content\/uploads\/CHOQUE-RUTA-74.jpg?fit=700%2C273&ssl=1&resize=700%2C400 2x"},"classes":[]}],"_links":{"self":[{"href":"https:\/\/larevistadigital.com.ar\/blog\/wp-json\/wp\/v2\/posts\/30383","targetHints":{"allow":["GET"]}}],"collection":[{"href":"https:\/\/larevistadigital.com.ar\/blog\/wp-json\/wp\/v2\/posts"}],"about":[{"href":"https:\/\/larevistadigital.com.ar\/blog\/wp-json\/wp\/v2\/types\/post"}],"author":[{"embeddable":true,"href":"https:\/\/larevistadigital.com.ar\/blog\/wp-json\/wp\/v2\/users\/3"}],"replies":[{"embeddable":true,"href":"https:\/\/larevistadigital.com.ar\/blog\/wp-json\/wp\/v2\/comments?post=30383"}],"version-history":[{"count":1,"href":"https:\/\/larevistadigital.com.ar\/blog\/wp-json\/wp\/v2\/posts\/30383\/revisions"}],"predecessor-version":[{"id":30385,"href":"https:\/\/larevistadigital.com.ar\/blog\/wp-json\/wp\/v2\/posts\/30383\/revisions\/30385"}],"wp:featuredmedia":[{"embeddable":true,"href":"https:\/\/larevistadigital.com.ar\/blog\/wp-json\/wp\/v2\/media\/30384"}],"wp:attachment":[{"href":"https:\/\/larevistadigital.com.ar\/blog\/wp-json\/wp\/v2\/media?parent=30383"}],"wp:term":[{"taxonomy":"category","embeddable":true,"href":"https:\/\/larevistadigital.com.ar\/blog\/wp-json\/wp\/v2\/categories?post=30383"},{"taxonomy":"post_tag","embeddable":true,"href":"https:\/\/larevistadigital.com.ar\/blog\/wp-json\/wp\/v2\/tags?post=30383"}],"curies":[{"name":"wp","href":"https:\/\/api.w.org\/{rel}","templated":true}]}}