{"id":30387,"date":"2023-03-05T13:47:34","date_gmt":"2023-03-05T13:47:34","guid":{"rendered":"https:\/\/larevistadigital.com.ar\/blog\/?p=30387"},"modified":"2023-03-05T13:47:34","modified_gmt":"2023-03-05T13:47:34","slug":"chascomus-aprehenden-a-un-sujeto-que-en-minutos-robo-en-dos-supermercados","status":"publish","type":"post","link":"https:\/\/larevistadigital.com.ar\/blog\/chascomus-aprehenden-a-un-sujeto-que-en-minutos-robo-en-dos-supermercados\/","title":{"rendered":"CHASCOM\u00daS: APREHENDEN A UN SUJETO QUE EN MINUTOS ROB\u00d3 EN DOS SUPERMERCADOS"},"content":{"rendered":"<h2>Rob\u00f3 en un supermercado y el due\u00f1o logr\u00f3 recuperar la mercader\u00eda, pero un rato despu\u00e9s volvi\u00f3 a robar a dos cuadras y fue aprehendido.<\/h2>\n<p><strong>CHASCOM\u00daS &#8211;\u00a0<\/strong> Durante la ma\u00f1ana de hoy, la polic\u00eda se hizo presente en el supermercado de descuentos ubicado en Avda. Alfons\u00edn al 500, donde el encargado del local inform\u00f3 que un joven hab\u00eda robado elementos y los escondi\u00f3 entre sus ropas.<\/p>\n<blockquote>\n<h3>El hombre, al notar la situaci\u00f3n pudo dar con el ladr\u00f3n a unos 100 metros del comercio, y recuperar los art\u00edculos robados, pero la polic\u00eda no pudo dar con el muchacho, pese a recorrer los alrededores.<\/h3>\n<\/blockquote>\n<p>Unos minutos m\u00e1s tarde, se recibe otro llamado de otro supermercado, en esta oportunidad uno ubicado en calle Machado y a unos 250 metros del anterios, donde refieren que un joven de las m\u00edsmas caracter\u00edsticas que el causante del hecho anterior, hab\u00eda robado un pack de cervezas, pero en esta ocasi\u00f3n la polic\u00eda logr\u00f3 aprehenderlo y secuestrar los elementos denunciados como sustraidos.<\/p>\n<p>&nbsp;<\/p>\n","protected":false},"excerpt":{"rendered":"<div class=\"mh-excerpt\"><p>Rob\u00f3 en un supermercado y el due\u00f1o logr\u00f3 recuperar la mercader\u00eda, pero un rato despu\u00e9s volvi\u00f3 a robar a dos cuadras y fue aprehendido. CHASCOM\u00daS &#8211;\u00a0 Durante la ma\u00f1ana de hoy, la polic\u00eda se hizo <a class=\"mh-excerpt-more\" href=\"https:\/\/larevistadigital.com.ar\/blog\/chascomus-aprehenden-a-un-sujeto-que-en-minutos-robo-en-dos-supermercados\/\" title=\"CHASCOM\u00daS: APREHENDEN A UN SUJETO QUE EN MINUTOS ROB\u00d3 EN DOS SUPERMERCADOS\">[Leer M\u00e1s]<\/a><\/p>\n<\/div>","protected":false},"author":3,"featured_media":30388,"comment_status":"open","ping_status":"open","sticky":false,"template":"","format":"standard","meta":{"_jetpack_memberships_contains_paid_content":false,"footnotes":"","jetpack_publicize_message":"","jetpack_publicize_feature_enabled":true,"jetpack_social_post_already_shared":true,"jetpack_social_options":{"image_generator_settings":{"template":"highway","default_image_id":0,"font":"","enabled":false},"version":2}},"categories":[6,44],"tags":[],"class_list":{"0":"post-30387","1":"post","2":"type-post","3":"status-publish","4":"format-standard","5":"has-post-thumbnail","7":"category-chascomus","8":"category-policiales"},"jetpack_publicize_connections":[],"jetpack_featured_media_url":"https:\/\/i0.wp.com\/larevistadigital.com.ar\/blog\/wp-content\/uploads\/WhatsApp-Image-2023-03-05-at-10.26.31-e1678024026533.jpeg?fit=1204%2C864&ssl=1","jetpack_sharing_enabled":true,"jetpack_shortlink":"https:\/\/wp.me\/p8qtrQ-7U7","jetpack-related-posts":[{"id":12616,"url":"https:\/\/larevistadigital.com.ar\/blog\/chascomus-detienen-a-mujer-que-intento-robar-por-5-vez-en-un-supermercado-local\/","url_meta":{"origin":30387,"position":0},"title":"CHASCOM\u00daS: DETIENEN A MUJER QUE INTENT\u00d3 ROBAR POR 5\u00b0 VEZ EN UN SUPERMERCADO LOCAL","author":"Alejandro Sosa Ruda","date":"11 octubre, 2019","format":false,"excerpt":"En la ma\u00f1ana de hoy, una mujer intent\u00f3 robar dos remeras y alg\u00fan otro art\u00edculo en el supermercado DIA% de la ciudad, pero fue descubierta por personal de la empresa, antes de retirarse del establecimiento. La situaci\u00f3n sigui\u00f3 con la mujer de unos cuarenta a\u00f1os pidiendo que la perdonen, que\u2026","rel":"","context":"En \u00abCHASCOM\u00daS\u00bb","block_context":{"text":"CHASCOM\u00daS","link":"https:\/\/larevistadigital.com.ar\/blog\/category\/chascomus\/"},"img":{"alt_text":"","src":"https:\/\/i0.wp.com\/larevistadigital.com.ar\/blog\/wp-content\/uploads\/WhatsApp-Image-2019-10-11-at-11.35.514.jpg?fit=719%2C560&ssl=1&resize=350%2C200","width":350,"height":200,"srcset":"https:\/\/i0.wp.com\/larevistadigital.com.ar\/blog\/wp-content\/uploads\/WhatsApp-Image-2019-10-11-at-11.35.514.jpg?fit=719%2C560&ssl=1&resize=350%2C200 1x, https:\/\/i0.wp.com\/larevistadigital.com.ar\/blog\/wp-content\/uploads\/WhatsApp-Image-2019-10-11-at-11.35.514.jpg?fit=719%2C560&ssl=1&resize=525%2C300 1.5x, https:\/\/i0.wp.com\/larevistadigital.com.ar\/blog\/wp-content\/uploads\/WhatsApp-Image-2019-10-11-at-11.35.514.jpg?fit=719%2C560&ssl=1&resize=700%2C400 2x"},"classes":[]},{"id":34170,"url":"https:\/\/larevistadigital.com.ar\/blog\/gracias-al-trabajo-de-prevencion-de-monitoreo-la-policia-comunal-pudo-detener-a-dos-sujetos-cuando-cometian-un-robo\/","url_meta":{"origin":30387,"position":1},"title":"GRACIAS AL TRABAJO DE PREVENCI\u00d3N DE MONITOREO LA POLIC\u00cdA COMUNAL PUDO DETENER A DOS SUJETOS CUANDO COMET\u00cdAN UN ROBO","author":"Alejandro Sosa Ruda","date":"23 octubre, 2023","format":false,"excerpt":"Monitoreo dio aviso a la Polic\u00eda que logr\u00f3 detener a los dos sujetos. 23 de Octubre de 2023 CHASCOM\u00daS -\u00a0 En horas de la madrugada del d\u00eda de la fecha, personal policial de EPC Chascomus 1ra., se traslad\u00f3 hasta las inmediaciones de un domicilio de calle Fernando de Arenaza, en\u2026","rel":"","context":"En \u00abDESTACADAS\u00bb","block_context":{"text":"DESTACADAS","link":"https:\/\/larevistadigital.com.ar\/blog\/category\/destacadas\/"},"img":{"alt_text":"","src":"https:\/\/i0.wp.com\/larevistadigital.com.ar\/blog\/wp-content\/uploads\/WhatsApp-Image-2023-10-23-at-21.48.31-e1698110268119.jpeg?fit=884%2C593&ssl=1&resize=350%2C200","width":350,"height":200,"srcset":"https:\/\/i0.wp.com\/larevistadigital.com.ar\/blog\/wp-content\/uploads\/WhatsApp-Image-2023-10-23-at-21.48.31-e1698110268119.jpeg?fit=884%2C593&ssl=1&resize=350%2C200 1x, https:\/\/i0.wp.com\/larevistadigital.com.ar\/blog\/wp-content\/uploads\/WhatsApp-Image-2023-10-23-at-21.48.31-e1698110268119.jpeg?fit=884%2C593&ssl=1&resize=525%2C300 1.5x, https:\/\/i0.wp.com\/larevistadigital.com.ar\/blog\/wp-content\/uploads\/WhatsApp-Image-2023-10-23-at-21.48.31-e1698110268119.jpeg?fit=884%2C593&ssl=1&resize=700%2C400 2x"},"classes":[]},{"id":27974,"url":"https:\/\/larevistadigital.com.ar\/blog\/chascomus\/","url_meta":{"origin":30387,"position":2},"title":"CHASCOM\u00daS: DENUNCI\u00d3 UN ROBO Y LA POLIC\u00cdA PUDO DAR CON EL AUTOR Y RECUPERAR LO ROBADO","author":"Alejandro Sosa Ruda","date":"22 septiembre, 2022","format":false,"excerpt":"Le sustrajeron de su casa dos bicicletas, horas despu\u00e9s la Polic\u00eda Comunal, logr\u00f3 dar con el autor del hecho y recuperar lo robado. 22 de septiembre de 2022 CHASCOM\u00daS -\u00a0\u00a0Durante el d\u00eda de ayer, una mujer se present\u00f3 en la comisar\u00eda, haciendo la denuncia que le fueron sustra\u00eddas de su\u2026","rel":"","context":"En \u00abINTERES GENERAL\u00bb","block_context":{"text":"INTERES GENERAL","link":"https:\/\/larevistadigital.com.ar\/blog\/category\/interes-general\/"},"img":{"alt_text":"","src":"https:\/\/i0.wp.com\/larevistadigital.com.ar\/blog\/wp-content\/uploads\/2017\/08\/GEO_COMISARIA_1_CHASCOMUS-e1705762962297.jpg?fit=1200%2C548&ssl=1&resize=350%2C200","width":350,"height":200,"srcset":"https:\/\/i0.wp.com\/larevistadigital.com.ar\/blog\/wp-content\/uploads\/2017\/08\/GEO_COMISARIA_1_CHASCOMUS-e1705762962297.jpg?fit=1200%2C548&ssl=1&resize=350%2C200 1x, https:\/\/i0.wp.com\/larevistadigital.com.ar\/blog\/wp-content\/uploads\/2017\/08\/GEO_COMISARIA_1_CHASCOMUS-e1705762962297.jpg?fit=1200%2C548&ssl=1&resize=525%2C300 1.5x, https:\/\/i0.wp.com\/larevistadigital.com.ar\/blog\/wp-content\/uploads\/2017\/08\/GEO_COMISARIA_1_CHASCOMUS-e1705762962297.jpg?fit=1200%2C548&ssl=1&resize=700%2C400 2x, https:\/\/i0.wp.com\/larevistadigital.com.ar\/blog\/wp-content\/uploads\/2017\/08\/GEO_COMISARIA_1_CHASCOMUS-e1705762962297.jpg?fit=1200%2C548&ssl=1&resize=1050%2C600 3x"},"classes":[]},{"id":31257,"url":"https:\/\/larevistadigital.com.ar\/blog\/chascomus-la-policia-comunal-detuvo-a-un-delinvuente-y-esclarecio-dos-delitos-diferentes\/","url_meta":{"origin":30387,"position":3},"title":"CHASCOM\u00daS: LA POLIC\u00cdA COMUNAL DETUVO A UN DELINCUENTE Y ESCLARECI\u00d3 DOS DELITOS DIFERENTES.","author":"Alejandro Sosa Ruda","date":"27 abril, 2023","format":false,"excerpt":"En un r\u00e1pido accionar, la Polic\u00eda Comunal recuper\u00f3 un auto robado, esclareci\u00f3 un hecho ocurrido en la semana y detuvo al responsable. 27 de abril de 2023 CHASCOM\u00daS -\u00a0\u00a0Se denunci\u00f3 el d\u00eda de hoy, que en un domicilio ubicado en calle Remedios de Escalada luego de forzar la cerradura de\u2026","rel":"","context":"En \u00abDESTACADAS\u00bb","block_context":{"text":"DESTACADAS","link":"https:\/\/larevistadigital.com.ar\/blog\/category\/destacadas\/"},"img":{"alt_text":"","src":"https:\/\/i0.wp.com\/larevistadigital.com.ar\/blog\/wp-content\/uploads\/WhatsApp-Image-2023-04-27-at-07.38.29-e1682615833355.jpeg?fit=887%2C1200&ssl=1&resize=350%2C200","width":350,"height":200,"srcset":"https:\/\/i0.wp.com\/larevistadigital.com.ar\/blog\/wp-content\/uploads\/WhatsApp-Image-2023-04-27-at-07.38.29-e1682615833355.jpeg?fit=887%2C1200&ssl=1&resize=350%2C200 1x, https:\/\/i0.wp.com\/larevistadigital.com.ar\/blog\/wp-content\/uploads\/WhatsApp-Image-2023-04-27-at-07.38.29-e1682615833355.jpeg?fit=887%2C1200&ssl=1&resize=525%2C300 1.5x, https:\/\/i0.wp.com\/larevistadigital.com.ar\/blog\/wp-content\/uploads\/WhatsApp-Image-2023-04-27-at-07.38.29-e1682615833355.jpeg?fit=887%2C1200&ssl=1&resize=700%2C400 2x"},"classes":[]},{"id":30983,"url":"https:\/\/larevistadigital.com.ar\/blog\/chascomus-la-policia-logro-dar-con-los-autores-de-un-robo-el-dia-de-ayer\/","url_meta":{"origin":30387,"position":4},"title":"CHASCOM\u00daS: LA POLIC\u00cdA LOGR\u00d3 DAR CON LOS AUTORES DE UN ROBO EL D\u00cdA DE AYER","author":"Alejandro Sosa Ruda","date":"11 abril, 2023","format":false,"excerpt":"Luego de dos allanamientos, aprehendieron a uno de los responsables, secuestrando la ropa del hecho y dinero de una caja fuerte que hab\u00edan sustraido. 11 de abril de 2023 CHASCOM\u00daS -\u00a0 Durante la jornada de ayer, la polic\u00eda recibi\u00f3 una denuncia por robo, donde dos individuos tras escalar un pared\u00f3n\u2026","rel":"","context":"En \u00abINTERES GENERAL\u00bb","block_context":{"text":"INTERES GENERAL","link":"https:\/\/larevistadigital.com.ar\/blog\/category\/interes-general\/"},"img":{"alt_text":"","src":"https:\/\/i0.wp.com\/larevistadigital.com.ar\/blog\/wp-content\/uploads\/WhatsApp-Image-2023-04-11-at-20.06.21-1-e1681255183177.jpeg?fit=650%2C817&ssl=1&resize=350%2C200","width":350,"height":200,"srcset":"https:\/\/i0.wp.com\/larevistadigital.com.ar\/blog\/wp-content\/uploads\/WhatsApp-Image-2023-04-11-at-20.06.21-1-e1681255183177.jpeg?fit=650%2C817&ssl=1&resize=350%2C200 1x, https:\/\/i0.wp.com\/larevistadigital.com.ar\/blog\/wp-content\/uploads\/WhatsApp-Image-2023-04-11-at-20.06.21-1-e1681255183177.jpeg?fit=650%2C817&ssl=1&resize=525%2C300 1.5x"},"classes":[]},{"id":35437,"url":"https:\/\/larevistadigital.com.ar\/blog\/chascomus-robo-en-un-corralon-y-fue-detenido-por-la-policia\/","url_meta":{"origin":30387,"position":5},"title":"CHASCOM\u00daS: ROB\u00d3 EN UN CORRAL\u00d3N Y FUE DETENIDO POR LA POLIC\u00cdA","author":"Alejandro Sosa Ruda","date":"9 marzo, 2024","format":false,"excerpt":"El sujeto oriundo de Dolores, intent\u00f3 escapar, pero fue aprehendido a pocas cuadras del lugar, con todos los elementos robados. 9 de marzo de 2024 CHASCOM\u00daS -\u00a0 Durante las primeras horas de la madrugada del dia de la fecha, personal policial de E.P.C. Chascomus 1ra., procedi\u00f3 a la aprehensi\u00f3n de\u2026","rel":"","context":"En \u00abCHASCOM\u00daS\u00bb","block_context":{"text":"CHASCOM\u00daS","link":"https:\/\/larevistadigital.com.ar\/blog\/category\/chascomus\/"},"img":{"alt_text":"","src":"https:\/\/i0.wp.com\/larevistadigital.com.ar\/blog\/wp-content\/uploads\/1620734311775.jpg?fit=1200%2C777&ssl=1&resize=350%2C200","width":350,"height":200,"srcset":"https:\/\/i0.wp.com\/larevistadigital.com.ar\/blog\/wp-content\/uploads\/1620734311775.jpg?fit=1200%2C777&ssl=1&resize=350%2C200 1x, https:\/\/i0.wp.com\/larevistadigital.com.ar\/blog\/wp-content\/uploads\/1620734311775.jpg?fit=1200%2C777&ssl=1&resize=525%2C300 1.5x, https:\/\/i0.wp.com\/larevistadigital.com.ar\/blog\/wp-content\/uploads\/1620734311775.jpg?fit=1200%2C777&ssl=1&resize=700%2C400 2x, https:\/\/i0.wp.com\/larevistadigital.com.ar\/blog\/wp-content\/uploads\/1620734311775.jpg?fit=1200%2C777&ssl=1&resize=1050%2C600 3x"},"classes":[]}],"_links":{"self":[{"href":"https:\/\/larevistadigital.com.ar\/blog\/wp-json\/wp\/v2\/posts\/30387","targetHints":{"allow":["GET"]}}],"collection":[{"href":"https:\/\/larevistadigital.com.ar\/blog\/wp-json\/wp\/v2\/posts"}],"about":[{"href":"https:\/\/larevistadigital.com.ar\/blog\/wp-json\/wp\/v2\/types\/post"}],"author":[{"embeddable":true,"href":"https:\/\/larevistadigital.com.ar\/blog\/wp-json\/wp\/v2\/users\/3"}],"replies":[{"embeddable":true,"href":"https:\/\/larevistadigital.com.ar\/blog\/wp-json\/wp\/v2\/comments?post=30387"}],"version-history":[{"count":1,"href":"https:\/\/larevistadigital.com.ar\/blog\/wp-json\/wp\/v2\/posts\/30387\/revisions"}],"predecessor-version":[{"id":30389,"href":"https:\/\/larevistadigital.com.ar\/blog\/wp-json\/wp\/v2\/posts\/30387\/revisions\/30389"}],"wp:featuredmedia":[{"embeddable":true,"href":"https:\/\/larevistadigital.com.ar\/blog\/wp-json\/wp\/v2\/media\/30388"}],"wp:attachment":[{"href":"https:\/\/larevistadigital.com.ar\/blog\/wp-json\/wp\/v2\/media?parent=30387"}],"wp:term":[{"taxonomy":"category","embeddable":true,"href":"https:\/\/larevistadigital.com.ar\/blog\/wp-json\/wp\/v2\/categories?post=30387"},{"taxonomy":"post_tag","embeddable":true,"href":"https:\/\/larevistadigital.com.ar\/blog\/wp-json\/wp\/v2\/tags?post=30387"}],"curies":[{"name":"wp","href":"https:\/\/api.w.org\/{rel}","templated":true}]}}