{"id":30390,"date":"2023-03-05T15:33:50","date_gmt":"2023-03-05T15:33:50","guid":{"rendered":"https:\/\/larevistadigital.com.ar\/blog\/?p=30390"},"modified":"2023-03-05T15:33:50","modified_gmt":"2023-03-05T15:33:50","slug":"chascomus-robo-en-el-comercio-la-grulla-y-fue-aprehendido","status":"publish","type":"post","link":"https:\/\/larevistadigital.com.ar\/blog\/chascomus-robo-en-el-comercio-la-grulla-y-fue-aprehendido\/","title":{"rendered":"CHASCOM\u00daS: ROB\u00d3 EN EL COMERCIO \u00abLA GRULLA\u00bb Y FUE APREHENDIDO"},"content":{"rendered":"<h3>Se hab\u00eda llevado una notebook y la polic\u00eda logr\u00f3 aprehenderlo. Era muy agresivo, de nacionalidad brasilera y se alojaba en un hotel.<\/h3>\n<p><strong>CHASCOM\u00daS &#8211;<\/strong>\u00a0 Luego de un llamado, la polic\u00eda acudi\u00f3 al comercio llamado \u00abLa Grulla\u00bb, donde refieren que un sujeto muy agresivo de sexo masculino, hab\u00eda robado una computadora propiedad de los due\u00f1os del lugar.<\/p>\n<blockquote>\n<h3>Una vez interiorizados, los agentes procedieron a la aprehensi\u00f3n de un individuo de sexo masculino y nacionalidad brasilera, que se alojaba en un hotel.<\/h3>\n<\/blockquote>\n<p>Tambi\u00e9n se le secuestro una notebook marca Samsung color blanca, que era el elemento robado, que fue posteriormente restituida a su propietario.<\/p>\n<p>&nbsp;<\/p>\n","protected":false},"excerpt":{"rendered":"<div class=\"mh-excerpt\"><p>Se hab\u00eda llevado una notebook y la polic\u00eda logr\u00f3 aprehenderlo. Era muy agresivo, de nacionalidad brasilera y se alojaba en un hotel. CHASCOM\u00daS &#8211;\u00a0 Luego de un llamado, la polic\u00eda acudi\u00f3 al comercio llamado \u00abLa <a class=\"mh-excerpt-more\" href=\"https:\/\/larevistadigital.com.ar\/blog\/chascomus-robo-en-el-comercio-la-grulla-y-fue-aprehendido\/\" title=\"CHASCOM\u00daS: ROB\u00d3 EN EL COMERCIO \u00abLA GRULLA\u00bb Y FUE APREHENDIDO\">[Leer M\u00e1s]<\/a><\/p>\n<\/div>","protected":false},"author":3,"featured_media":30392,"comment_status":"open","ping_status":"open","sticky":false,"template":"","format":"standard","meta":{"_jetpack_memberships_contains_paid_content":false,"footnotes":"","jetpack_publicize_message":"","jetpack_publicize_feature_enabled":true,"jetpack_social_post_already_shared":true,"jetpack_social_options":{"image_generator_settings":{"template":"highway","default_image_id":0,"font":"","enabled":false},"version":2}},"categories":[50,44],"tags":[],"class_list":{"0":"post-30390","1":"post","2":"type-post","3":"status-publish","4":"format-standard","5":"has-post-thumbnail","7":"category-interes-general","8":"category-policiales"},"jetpack_publicize_connections":[],"jetpack_featured_media_url":"https:\/\/i0.wp.com\/larevistadigital.com.ar\/blog\/wp-content\/uploads\/WhatsApp-Image-2023-03-05-at-10.26.31-2-e1678030221345.jpeg?fit=899%2C832&ssl=1","jetpack_sharing_enabled":true,"jetpack_shortlink":"https:\/\/wp.me\/p8qtrQ-7Ua","jetpack-related-posts":[{"id":30351,"url":"https:\/\/larevistadigital.com.ar\/blog\/30351-2\/","url_meta":{"origin":30390,"position":0},"title":"CHASCOM\u00daS: APREHENDEN  A SUJETO POR HURTO A SU EX PAREJA","author":"Alejandro Sosa Ruda","date":"3 marzo, 2023","format":false,"excerpt":"CHASCOM\u00daS -\u00a0 \u00a0A ra\u00edz de una llamada al 911, la polic\u00eda se dirigi\u00f3 a la intersecci\u00f3n de las calles Inmigrantes Arabes y\u00a0 Florencio Chapa donde se denunci\u00f3 que un sujeto de sexo masculino hab\u00eda robado elementos del interior de una vivienda. Una vez en el lugar, se mantuvo una entrevista\u2026","rel":"","context":"En \u00abCHASCOM\u00daS\u00bb","block_context":{"text":"CHASCOM\u00daS","link":"https:\/\/larevistadigital.com.ar\/blog\/category\/chascomus\/"},"img":{"alt_text":"","src":"https:\/\/i0.wp.com\/larevistadigital.com.ar\/blog\/wp-content\/uploads\/WhatsApp-Image-2023-03-02-at-23.24.12-e1677878498241.jpeg?fit=806%2C854&ssl=1&resize=350%2C200","width":350,"height":200,"srcset":"https:\/\/i0.wp.com\/larevistadigital.com.ar\/blog\/wp-content\/uploads\/WhatsApp-Image-2023-03-02-at-23.24.12-e1677878498241.jpeg?fit=806%2C854&ssl=1&resize=350%2C200 1x, https:\/\/i0.wp.com\/larevistadigital.com.ar\/blog\/wp-content\/uploads\/WhatsApp-Image-2023-03-02-at-23.24.12-e1677878498241.jpeg?fit=806%2C854&ssl=1&resize=525%2C300 1.5x, https:\/\/i0.wp.com\/larevistadigital.com.ar\/blog\/wp-content\/uploads\/WhatsApp-Image-2023-03-02-at-23.24.12-e1677878498241.jpeg?fit=806%2C854&ssl=1&resize=700%2C400 2x"},"classes":[]},{"id":30387,"url":"https:\/\/larevistadigital.com.ar\/blog\/chascomus-aprehenden-a-un-sujeto-que-en-minutos-robo-en-dos-supermercados\/","url_meta":{"origin":30390,"position":1},"title":"CHASCOM\u00daS: APREHENDEN A UN SUJETO QUE EN MINUTOS ROB\u00d3 EN DOS SUPERMERCADOS","author":"Alejandro Sosa Ruda","date":"5 marzo, 2023","format":false,"excerpt":"Rob\u00f3 en un supermercado y el due\u00f1o logr\u00f3 recuperar la mercader\u00eda, pero un rato despu\u00e9s volvi\u00f3 a robar a dos cuadras y fue aprehendido. CHASCOM\u00daS -\u00a0 Durante la ma\u00f1ana de hoy, la polic\u00eda se hizo presente en el supermercado de descuentos ubicado en Avda. Alfons\u00edn al 500, donde el encargado\u2026","rel":"","context":"En \u00abCHASCOM\u00daS\u00bb","block_context":{"text":"CHASCOM\u00daS","link":"https:\/\/larevistadigital.com.ar\/blog\/category\/chascomus\/"},"img":{"alt_text":"","src":"https:\/\/i0.wp.com\/larevistadigital.com.ar\/blog\/wp-content\/uploads\/WhatsApp-Image-2023-03-05-at-10.26.31-e1678024026533.jpeg?fit=1200%2C861&ssl=1&resize=350%2C200","width":350,"height":200,"srcset":"https:\/\/i0.wp.com\/larevistadigital.com.ar\/blog\/wp-content\/uploads\/WhatsApp-Image-2023-03-05-at-10.26.31-e1678024026533.jpeg?fit=1200%2C861&ssl=1&resize=350%2C200 1x, https:\/\/i0.wp.com\/larevistadigital.com.ar\/blog\/wp-content\/uploads\/WhatsApp-Image-2023-03-05-at-10.26.31-e1678024026533.jpeg?fit=1200%2C861&ssl=1&resize=525%2C300 1.5x, https:\/\/i0.wp.com\/larevistadigital.com.ar\/blog\/wp-content\/uploads\/WhatsApp-Image-2023-03-05-at-10.26.31-e1678024026533.jpeg?fit=1200%2C861&ssl=1&resize=700%2C400 2x, https:\/\/i0.wp.com\/larevistadigital.com.ar\/blog\/wp-content\/uploads\/WhatsApp-Image-2023-03-05-at-10.26.31-e1678024026533.jpeg?fit=1200%2C861&ssl=1&resize=1050%2C600 3x"},"classes":[]},{"id":30629,"url":"https:\/\/larevistadigital.com.ar\/blog\/chascomus-choco-su-auto-y-furioso-intento-incendiar-su-casa\/","url_meta":{"origin":30390,"position":2},"title":"CHASCOM\u00daS: CHOC\u00d3 SU AUTO, Y FURIOSO INTENT\u00d3 INCENDIAR SU CASA.","author":"Alejandro Sosa Ruda","date":"19 marzo, 2023","format":false,"excerpt":"La polic\u00eda tuvo que aprehenderlo porque el sujeto estaba muy alterado. Los Bomberos lograron controlar el incendio. 19 de marzo de 2023 CHASCOM\u00daS -\u00a0 Durante la jornada del s\u00e1bado se produjo un accidente de tr\u00e1nsito en calle Malvinas Argentinas y Rivadavia, donde un autom\u00f3vil Fiat Duna colision\u00f3 con un \u00e1rbol.\u2026","rel":"","context":"En \u00abCHASCOM\u00daS\u00bb","block_context":{"text":"CHASCOM\u00daS","link":"https:\/\/larevistadigital.com.ar\/blog\/category\/chascomus\/"},"img":{"alt_text":"","src":"https:\/\/i0.wp.com\/larevistadigital.com.ar\/blog\/wp-content\/uploads\/1620734310362-1.jpg?fit=1200%2C594&ssl=1&resize=350%2C200","width":350,"height":200,"srcset":"https:\/\/i0.wp.com\/larevistadigital.com.ar\/blog\/wp-content\/uploads\/1620734310362-1.jpg?fit=1200%2C594&ssl=1&resize=350%2C200 1x, https:\/\/i0.wp.com\/larevistadigital.com.ar\/blog\/wp-content\/uploads\/1620734310362-1.jpg?fit=1200%2C594&ssl=1&resize=525%2C300 1.5x, https:\/\/i0.wp.com\/larevistadigital.com.ar\/blog\/wp-content\/uploads\/1620734310362-1.jpg?fit=1200%2C594&ssl=1&resize=700%2C400 2x, https:\/\/i0.wp.com\/larevistadigital.com.ar\/blog\/wp-content\/uploads\/1620734310362-1.jpg?fit=1200%2C594&ssl=1&resize=1050%2C600 3x"},"classes":[]},{"id":35967,"url":"https:\/\/larevistadigital.com.ar\/blog\/chascomus-la-policia-recupero-un-automovil-denunciado-como-robado\/","url_meta":{"origin":30390,"position":3},"title":"CHASCOM\u00daS: LA POLIC\u00cdA RECUPER\u00d3 UN AUTOM\u00d3VIL DENUNCIADO COMO ROBADO","author":"Alejandro Sosa Ruda","date":"29 abril, 2024","format":false,"excerpt":"La denuncia se radic\u00f3 en Ranchos, y se logr\u00f3 recuperar por personal policial de Chascom\u00fas. 28 de abril de 2024 CHASCOM\u00daS -\u00a0 La polic\u00eda de Chascom\u00fas logr\u00f3 recuperar e incautar a un veh\u00edculo Renault Clio que hab\u00eda sido hurtado d\u00edas atr\u00e1s en la vecina localidad de Ranchos. Todo comenz\u00f3 con\u2026","rel":"","context":"En \u00abINTERES GENERAL\u00bb","block_context":{"text":"INTERES GENERAL","link":"https:\/\/larevistadigital.com.ar\/blog\/category\/interes-general\/"},"img":{"alt_text":"","src":"https:\/\/i0.wp.com\/larevistadigital.com.ar\/blog\/wp-content\/uploads\/POLICIA.png?fit=1002%2C658&ssl=1&resize=350%2C200","width":350,"height":200,"srcset":"https:\/\/i0.wp.com\/larevistadigital.com.ar\/blog\/wp-content\/uploads\/POLICIA.png?fit=1002%2C658&ssl=1&resize=350%2C200 1x, https:\/\/i0.wp.com\/larevistadigital.com.ar\/blog\/wp-content\/uploads\/POLICIA.png?fit=1002%2C658&ssl=1&resize=525%2C300 1.5x, https:\/\/i0.wp.com\/larevistadigital.com.ar\/blog\/wp-content\/uploads\/POLICIA.png?fit=1002%2C658&ssl=1&resize=700%2C400 2x"},"classes":[]},{"id":32726,"url":"https:\/\/larevistadigital.com.ar\/blog\/chascomus-la-policia-recupero-una-moto-que-habia-sido-denunciada-como-robada-a-fin-de-julio\/","url_meta":{"origin":30390,"position":4},"title":"CHASCOM\u00daS: LA POLIC\u00cdA RECUPER\u00d3 UNA MOTO QUE HAB\u00cdA SIDO DENUNCIADA COMO ROBADA A FIN DE JULIO","author":"Alejandro Sosa Ruda","date":"3 agosto, 2023","format":false,"excerpt":"CHASCOM\u00daS -\u00a0 \u00a0D\u00edas atr\u00e1s, una persona de sexo masculino realiz\u00f3 una denuncia en donde mencionaba que del patio lateral de su vivienda le fue sustra\u00edda una motocicleta de su propiedad. La moto robada era una Honda Wave, y a ra\u00edz de la denuncia, la polic\u00eda comunal comenz\u00f3 con tareas investigativas\u2026","rel":"","context":"En \u00abINTERES GENERAL\u00bb","block_context":{"text":"INTERES GENERAL","link":"https:\/\/larevistadigital.com.ar\/blog\/category\/interes-general\/"},"img":{"alt_text":"","src":"https:\/\/i0.wp.com\/larevistadigital.com.ar\/blog\/wp-content\/uploads\/88381adc587fa8a1e6a1dc82a6ca4e1b93ba1bbe-1.jpg?fit=1140%2C757&ssl=1&resize=350%2C200","width":350,"height":200,"srcset":"https:\/\/i0.wp.com\/larevistadigital.com.ar\/blog\/wp-content\/uploads\/88381adc587fa8a1e6a1dc82a6ca4e1b93ba1bbe-1.jpg?fit=1140%2C757&ssl=1&resize=350%2C200 1x, https:\/\/i0.wp.com\/larevistadigital.com.ar\/blog\/wp-content\/uploads\/88381adc587fa8a1e6a1dc82a6ca4e1b93ba1bbe-1.jpg?fit=1140%2C757&ssl=1&resize=525%2C300 1.5x, https:\/\/i0.wp.com\/larevistadigital.com.ar\/blog\/wp-content\/uploads\/88381adc587fa8a1e6a1dc82a6ca4e1b93ba1bbe-1.jpg?fit=1140%2C757&ssl=1&resize=700%2C400 2x, https:\/\/i0.wp.com\/larevistadigital.com.ar\/blog\/wp-content\/uploads\/88381adc587fa8a1e6a1dc82a6ca4e1b93ba1bbe-1.jpg?fit=1140%2C757&ssl=1&resize=1050%2C600 3x"},"classes":[]},{"id":26037,"url":"https:\/\/larevistadigital.com.ar\/blog\/chascomus-esclarecen-robo-de-gomas-de-camion-e-imputan-a-un-individuo-por-encubrimiento\/","url_meta":{"origin":30390,"position":5},"title":"CHASCOM\u00daS: ESCLARECEN ROBO DE GOMAS DE CAMI\u00d3N E IMPUTAN A UN INDIVIDUO POR \u00abENCUBRIMIENTO\u00bb","author":"Alejandro Sosa Ruda","date":"22 junio, 2022","format":false,"excerpt":"Todo comenz\u00f3 con la denuncia del robo de gomas de cami\u00f3n y luego de trabajos de inteligencia, se logr\u00f3 detener a un individuo y recuperar lo robado CHASCOM\u00daS -\u00a0 \u00a0La polic\u00eda tom\u00f3 conocimiento que en el Barrio 30 de Mayo de la ciudad, se estar\u00edan comercializando ruedas de cami\u00f3n de\u2026","rel":"","context":"En \u00abDESTACADAS\u00bb","block_context":{"text":"DESTACADAS","link":"https:\/\/larevistadigital.com.ar\/blog\/category\/destacadas\/"},"img":{"alt_text":"","src":"https:\/\/i0.wp.com\/larevistadigital.com.ar\/blog\/wp-content\/uploads\/WhatsApp-Image-2022-06-22-at-7.54.43-AM.jpeg?fit=1200%2C675&ssl=1&resize=350%2C200","width":350,"height":200,"srcset":"https:\/\/i0.wp.com\/larevistadigital.com.ar\/blog\/wp-content\/uploads\/WhatsApp-Image-2022-06-22-at-7.54.43-AM.jpeg?fit=1200%2C675&ssl=1&resize=350%2C200 1x, https:\/\/i0.wp.com\/larevistadigital.com.ar\/blog\/wp-content\/uploads\/WhatsApp-Image-2022-06-22-at-7.54.43-AM.jpeg?fit=1200%2C675&ssl=1&resize=525%2C300 1.5x, https:\/\/i0.wp.com\/larevistadigital.com.ar\/blog\/wp-content\/uploads\/WhatsApp-Image-2022-06-22-at-7.54.43-AM.jpeg?fit=1200%2C675&ssl=1&resize=700%2C400 2x, https:\/\/i0.wp.com\/larevistadigital.com.ar\/blog\/wp-content\/uploads\/WhatsApp-Image-2022-06-22-at-7.54.43-AM.jpeg?fit=1200%2C675&ssl=1&resize=1050%2C600 3x"},"classes":[]}],"_links":{"self":[{"href":"https:\/\/larevistadigital.com.ar\/blog\/wp-json\/wp\/v2\/posts\/30390","targetHints":{"allow":["GET"]}}],"collection":[{"href":"https:\/\/larevistadigital.com.ar\/blog\/wp-json\/wp\/v2\/posts"}],"about":[{"href":"https:\/\/larevistadigital.com.ar\/blog\/wp-json\/wp\/v2\/types\/post"}],"author":[{"embeddable":true,"href":"https:\/\/larevistadigital.com.ar\/blog\/wp-json\/wp\/v2\/users\/3"}],"replies":[{"embeddable":true,"href":"https:\/\/larevistadigital.com.ar\/blog\/wp-json\/wp\/v2\/comments?post=30390"}],"version-history":[{"count":2,"href":"https:\/\/larevistadigital.com.ar\/blog\/wp-json\/wp\/v2\/posts\/30390\/revisions"}],"predecessor-version":[{"id":30393,"href":"https:\/\/larevistadigital.com.ar\/blog\/wp-json\/wp\/v2\/posts\/30390\/revisions\/30393"}],"wp:featuredmedia":[{"embeddable":true,"href":"https:\/\/larevistadigital.com.ar\/blog\/wp-json\/wp\/v2\/media\/30392"}],"wp:attachment":[{"href":"https:\/\/larevistadigital.com.ar\/blog\/wp-json\/wp\/v2\/media?parent=30390"}],"wp:term":[{"taxonomy":"category","embeddable":true,"href":"https:\/\/larevistadigital.com.ar\/blog\/wp-json\/wp\/v2\/categories?post=30390"},{"taxonomy":"post_tag","embeddable":true,"href":"https:\/\/larevistadigital.com.ar\/blog\/wp-json\/wp\/v2\/tags?post=30390"}],"curies":[{"name":"wp","href":"https:\/\/api.w.org\/{rel}","templated":true}]}}