{"id":30395,"date":"2023-03-06T11:43:21","date_gmt":"2023-03-06T11:43:21","guid":{"rendered":"https:\/\/larevistadigital.com.ar\/blog\/?p=30395"},"modified":"2023-03-06T11:43:21","modified_gmt":"2023-03-06T11:43:21","slug":"esto-paso-un-dia-como-hoy-6-de-marzo","status":"publish","type":"post","link":"https:\/\/larevistadigital.com.ar\/blog\/esto-paso-un-dia-como-hoy-6-de-marzo\/","title":{"rendered":"ESTO PAS\u00d3 UN D\u00cdA COMO HOY, 6 DE MARZO&#8230;"},"content":{"rendered":"<p class=\"paragraph\" data-mrf-recirculation=\"Links inline\">En un 6 de marzo, pero de 1853, hace 170 a\u00f1os, la \u00f3pera de Giuseppe Verdi \u00abLa Traviata\u00bb se estrena en el teatro La Fenice de Venecia.<\/p>\n<p class=\"paragraph\" data-mrf-recirculation=\"Links inline\"><span style=\"color: #ff0000\"><strong>OTRAS EFEM\u00c9RIDES<\/strong><\/span><\/p>\n<p class=\"paragraph\" data-mrf-recirculation=\"Links inline\">1899.- La compa\u00f1\u00eda farmac\u00e9utica alemana Bayer patenta en Berl\u00edn la aspirina, nombre comercial del analg\u00e9sico cuyo principio activo es el \u00e1cido acetilsalic\u00edlico.<\/p>\n<p class=\"paragraph\" data-mrf-recirculation=\"Links inline\">1905.- Panam\u00e1 y Costa Rica firman el Tratado Pacheco-de la Guardia, un acuerdo para dirimir la indefinici\u00f3n de la l\u00ednea fronteriza entre ambos pa\u00edses.<\/p>\n<p class=\"paragraph\" data-mrf-recirculation=\"Links inline\">1921.- El Partido Comunista Portugu\u00e9s se funda como una secci\u00f3n lusa de la Internacional Comunista (Komintern).<\/p>\n<p class=\"paragraph\" data-mrf-recirculation=\"Links inline\">1933.- El alcalde de Chicago Anton Cermak, el primero nacido fuera de EEUU, fallece a consecuencia del disparo recibido en el pecho tres semanas antes en el atentado contra el presidente Franklin D. Roosevelt en Miami.<\/p>\n<p class=\"paragraph\" data-mrf-recirculation=\"Links inline\">1957.- Ghana se convierte en el primer pa\u00eds de \u00c1frica subsahariana que accede a la independencia.<\/p>\n<p class=\"paragraph\" data-mrf-recirculation=\"Links inline\">1964.- El boxeador estadounidense Cassius Marcellus Clay, que conseguir\u00eda tres t\u00edtulos mundiales de los pesos pesados, abraza la fe musulmana y se rebautiza como Muhammad Ali, (El amado de Dios)\u0094.<\/p>\n<p class=\"paragraph\" data-mrf-recirculation=\"Links inline\">1967.- La escritora sovi\u00e9tica Svetlana Alil\u00faieva St\u00e1lina, hija del dictador I\u00f3sif Stalin, se refugia en la embajada de Estados Unidos de Nueva Delhi (India) y solicita asilo pol\u00edtico.<\/p>\n<p class=\"paragraph\" data-mrf-recirculation=\"Links inline\">1980.- La escritora Marguerite Yourcenar es la primera mujer elegida miembro de n\u00famero de la Academia francesa.<\/p>\n<p class=\"paragraph\" data-mrf-recirculation=\"Links inline\">.- La Junta de Gobierno de El Salvador promulga la ley de Reforma Agraria, una de las m\u00e1s radicales planteadas en Am\u00e9rica Latina.<\/p>\n<p class=\"paragraph\" data-mrf-recirculation=\"Links inline\">1983.- El Motorola Dynatac 8000X se convierte en el primer tel\u00e9fono m\u00f3vil de uso comercial de la historia.<\/p>\n<p class=\"paragraph\" data-mrf-recirculation=\"Links inline\">1987.- El ferry brit\u00e1nico \u00abHerald of Free Enterprise\u00bb naufraga frente al puerto belga de Zeebrugge y fallecen 192 personas.<\/p>\n<p class=\"paragraph\" data-mrf-recirculation=\"Links inline\">1990.- El Soviet Supremo de la URSS aprueba, en sinton\u00eda con la reforma econ\u00f3mica de Mijail Gorbachov, la nueva ley de la propiedad.<\/p>\n<p class=\"paragraph\" data-mrf-recirculation=\"Links inline\">1992.- Se activa por primera vez el virus \u00abMichelangelo\u00bb, dise\u00f1ado para infectar el sector de arranque del disco r\u00edgido y de los discos floppy del sistema operativo DOS.<\/p>\n<p class=\"paragraph\" data-mrf-recirculation=\"Links inline\">1999.- El director de cine espa\u00f1ol Pedro Almod\u00f3var recibe en Par\u00eds un C\u00e9sar honor\u00edfico por su carrera cinematogr\u00e1fica.<\/p>\n<p class=\"paragraph\" data-mrf-recirculation=\"Links inline\">2001.- Un juez federal argentino declara inconstitucionales las leyes de amnist\u00eda de Punto Final y Obediencia Debida que impidieron juzgar los cr\u00edmenes cometidos durante la dictadura.<\/p>\n<p class=\"paragraph\" data-mrf-recirculation=\"Links inline\">2008.- Nicaragua rompe relaciones diplom\u00e1ticas con Colombia tras el ataque militar de este pa\u00eds a una base de las FARC en territorio ecuatoriano.<\/p>\n<p class=\"paragraph\" data-mrf-recirculation=\"Links inline\">2012.- El banco de inversi\u00f3n Lehman Brothers anuncia oficialmente que sale de la mayor bancarrota en la historia de Estados Unidos.<\/p>\n<p class=\"paragraph\" data-mrf-recirculation=\"Links inline\">2017.- Una orden estadounidense veta la entrada de refugiados al pa\u00eds y detiene la emisi\u00f3n de visados a los ciudadanos de Ir\u00e1n, Somalia, Yemen, Libia, Siria y Sud\u00e1n, todos ellos de mayor\u00eda musulmana.<\/p>\n<p class=\"paragraph\" data-mrf-recirculation=\"Links inline\">2022.- Casi 5.000 personas son detenidas en varias ciudades rusas por protestar contra la invasi\u00f3n de Ucrania, seg\u00fan el portal opositor OVD-Info.<\/p>\n<p class=\"paragraph\" data-mrf-recirculation=\"Links inline\"><strong><span style=\"color: #ff0000\">NACIMIENTOS<\/span><\/strong><\/p>\n<p class=\"paragraph\" data-mrf-recirculation=\"Links inline\">1475.- Miguel Angel Buonarotti, arquitecto, escultor y pintor italiano renacentista.<\/p>\n<p class=\"paragraph\" data-mrf-recirculation=\"Links inline\">1492.- Juan Luis Vives, humanista espa\u00f1ol.<\/p>\n<p class=\"paragraph\" data-mrf-recirculation=\"Links inline\">1714.- Jean-Baptiste Marie Pierre, pintor, grabador y dibujante franc\u00e9s.<\/p>\n<p class=\"paragraph\" data-mrf-recirculation=\"Links inline\">1891.- Victoria Kent, pol\u00edtica espa\u00f1ola.<\/p>\n<p class=\"paragraph\" data-mrf-recirculation=\"Links inline\">1906.- Lou Costello, actor estadounidense.<\/p>\n<p class=\"paragraph\" data-mrf-recirculation=\"Links inline\">1917.- Will Eisner, historietista y novelista gr\u00e1fico estadounidense.<\/p>\n<p class=\"paragraph\" data-mrf-recirculation=\"Links inline\">1925.- Wes Montgomery, guitarrista estadounidense de jazz.<\/p>\n<p class=\"paragraph\" data-mrf-recirculation=\"Links inline\">1926.- Andrzej Wajda, cineasta polaco.<\/p>\n<p class=\"paragraph\" data-mrf-recirculation=\"Links inline\">&#8211; Alan Greenspan, economista, fue presidente de la Reserva Federal de Estados Unidos.<\/p>\n<p class=\"paragraph\" data-mrf-recirculation=\"Links inline\">1927.- Gabriel Garc\u00eda M\u00e1rquez, escritor colombiano, Premio Nobel 1982.<\/p>\n<p class=\"paragraph\" data-mrf-recirculation=\"Links inline\">1937.- Valentina Tereshkova, primera mujer astronauta de la historia.<\/p>\n<p class=\"paragraph\" data-mrf-recirculation=\"Links inline\">1944.- Mary Wilson, cantante estadounidense, miembro de The Supremes.<\/p>\n<p class=\"paragraph\" data-mrf-recirculation=\"Links inline\">1946.- David Gilmour, guitarrista brit\u00e1nico, miembro de Pink Floyd.<\/p>\n<p class=\"paragraph\" data-mrf-recirculation=\"Links inline\">1954.- Harald Schumacher, futbolista alem\u00e1n.<\/p>\n<p class=\"paragraph\" data-mrf-recirculation=\"Links inline\">1967.- Julio Bocca, bailar\u00edn argentino.<\/p>\n<p class=\"paragraph\" data-mrf-recirculation=\"Links inline\">1981.- Manuel Carrasco, cantante y compositor espa\u00f1ol.<\/p>\n<p class=\"paragraph\" data-mrf-recirculation=\"Links inline\">1986.- Nahuel P\u00e9rez Biscayart, actor argentino.<\/p>\n<p class=\"paragraph\" data-mrf-recirculation=\"Links inline\">2001.- Milo Manheim, actor y cantante estadounidense.<\/p>\n<p class=\"paragraph\" data-mrf-recirculation=\"Links inline\"><strong><span style=\"color: #ff0000\">DEFUNCIONES<\/span><\/strong><\/p>\n<p class=\"paragraph\" data-mrf-recirculation=\"Links inline\">1867.- Peter von Cornelius, pintor alem\u00e1n.<\/p>\n<p class=\"paragraph\" data-mrf-recirculation=\"Links inline\">1900.- Gottlieb Daimler, fabricante de autom\u00f3viles alem\u00e1n.<\/p>\n<p class=\"paragraph\" data-mrf-recirculation=\"Links inline\">1973.- Pearl S. Buck, escritora estadounidense, premio Nobel.<\/p>\n<p class=\"paragraph\" data-mrf-recirculation=\"Links inline\">1982.- Ayn Rand, novelista y fil\u00f3sofa estadounidense de origen ruso.<\/p>\n<p class=\"paragraph\" data-mrf-recirculation=\"Links inline\">1994.- Melina Mercuri, actriz y pol\u00edtica griega.<\/p>\n<p class=\"paragraph\" data-mrf-recirculation=\"Links inline\">2005.- Gladys Mar\u00edn, pol\u00edtica chilena.<\/p>\n<p class=\"paragraph\" data-mrf-recirculation=\"Links inline\">2007.- Jos\u00e9 Luis Coll Garc\u00eda, humorista espa\u00f1ol.<\/p>\n<p class=\"paragraph\" data-mrf-recirculation=\"Links inline\">&#8211; Jean Baudrillard, fil\u00f3sofo y soci\u00f3logo franc\u00e9s.<\/p>\n<p class=\"paragraph\" data-mrf-recirculation=\"Links inline\">2013.- Alvin Lee, guitarrista y cantante de rock brit\u00e1nico, miembro de los Ten Years After.<\/p>\n<p class=\"paragraph\" data-mrf-recirculation=\"Links inline\">2015.- Pilar Montoya \u00ab, bailaora espa\u00f1ola.<\/p>\n<p class=\"paragraph\" data-mrf-recirculation=\"Links inline\">2016.- Nancy Reagan, ex primera dama estadounidense.<\/p>\n<p class=\"paragraph\" data-mrf-recirculation=\"Links inline\">2018.- John Sulston, cient\u00edfico brit\u00e1nico dedicado a la decodificaci\u00f3n del genoma humano.<\/p>\n<p class=\"paragraph\" data-mrf-recirculation=\"Links inline\">2020.- McCoy Tyner, pianista estadounidense de jazz<\/p>\n","protected":false},"excerpt":{"rendered":"<div class=\"mh-excerpt\"><p>En un 6 de marzo, pero de 1853, hace 170 a\u00f1os, la \u00f3pera de Giuseppe Verdi \u00abLa Traviata\u00bb se estrena en el teatro La Fenice de Venecia. OTRAS EFEM\u00c9RIDES 1899.- La compa\u00f1\u00eda farmac\u00e9utica alemana Bayer <a class=\"mh-excerpt-more\" href=\"https:\/\/larevistadigital.com.ar\/blog\/esto-paso-un-dia-como-hoy-6-de-marzo\/\" title=\"ESTO PAS\u00d3 UN D\u00cdA COMO HOY, 6 DE MARZO&#8230;\">[Leer M\u00e1s]<\/a><\/p>\n<\/div>","protected":false},"author":3,"featured_media":16747,"comment_status":"open","ping_status":"open","sticky":false,"template":"","format":"standard","meta":{"_jetpack_memberships_contains_paid_content":false,"footnotes":"","jetpack_publicize_message":"","jetpack_publicize_feature_enabled":true,"jetpack_social_post_already_shared":true,"jetpack_social_options":{"image_generator_settings":{"template":"highway","default_image_id":0,"font":"","enabled":false},"version":2}},"categories":[15],"tags":[],"class_list":{"0":"post-30395","1":"post","2":"type-post","3":"status-publish","4":"format-standard","5":"has-post-thumbnail","7":"category-cultura"},"jetpack_publicize_connections":[],"jetpack_featured_media_url":"https:\/\/i0.wp.com\/larevistadigital.com.ar\/blog\/wp-content\/uploads\/LOGO-EFEMERIDES.jpg?fit=1268%2C664&ssl=1","jetpack_sharing_enabled":true,"jetpack_shortlink":"https:\/\/wp.me\/p8qtrQ-7Uf","jetpack-related-posts":[{"id":23689,"url":"https:\/\/larevistadigital.com.ar\/blog\/confirman-el-rally-mar-y-sierras-a-general-paz-se-correra-en-marzo\/","url_meta":{"origin":30395,"position":0},"title":"CONFIRMAN EL RALLY MAR Y SIERRAS A GENERAL PAZ, SE CORRER\u00c1 EN MARZO","author":"Alejandro Sosa Ruda","date":"30 enero, 2022","format":false,"excerpt":"El mismo se llevar\u00e1 a cabo en marzo y durar\u00e1 tres d\u00edas. El anuncio se hizo a trav\u00e9s de la p\u00e1gina oficial del municipio. RANCHOS -\u00a0 En una reuni\u00f3n celebrada ayer por la tarde, encabezada por el Intendente Municipal Juan Manuel \u00c1lvarez acompa\u00f1ado por funcionarios y colaboradores, se defini\u00f3 la\u2026","rel":"","context":"En \u00abDEPORTES\u00bb","block_context":{"text":"DEPORTES","link":"https:\/\/larevistadigital.com.ar\/blog\/category\/deportes\/"},"img":{"alt_text":"","src":"https:\/\/i0.wp.com\/larevistadigital.com.ar\/blog\/wp-content\/uploads\/31959496_879056555638707_556163415467360256_n.jpg?fit=800%2C534&ssl=1&resize=350%2C200","width":350,"height":200,"srcset":"https:\/\/i0.wp.com\/larevistadigital.com.ar\/blog\/wp-content\/uploads\/31959496_879056555638707_556163415467360256_n.jpg?fit=800%2C534&ssl=1&resize=350%2C200 1x, https:\/\/i0.wp.com\/larevistadigital.com.ar\/blog\/wp-content\/uploads\/31959496_879056555638707_556163415467360256_n.jpg?fit=800%2C534&ssl=1&resize=525%2C300 1.5x, https:\/\/i0.wp.com\/larevistadigital.com.ar\/blog\/wp-content\/uploads\/31959496_879056555638707_556163415467360256_n.jpg?fit=800%2C534&ssl=1&resize=700%2C400 2x"},"classes":[]},{"id":19206,"url":"https:\/\/larevistadigital.com.ar\/blog\/por-que-el-8-de-marzo-se-celebra-el-dia-internacional-de-la-mujer\/","url_meta":{"origin":30395,"position":1},"title":"\u00bfPOR QU\u00c9 EL 8 DE MARZO SE CELEBRA EL D\u00cdA INTERNACIONAL DE LA MUJER?","author":"Alejandro Sosa Ruda","date":"8 marzo, 2021","format":false,"excerpt":"Hoy lunes 8 de Marzo se celebra el D\u00eda Internacional de la Mujer. Pero \u00bfqu\u00e9 pas\u00f3 el 8 de marzo de 1857? La fecha recuerda el incendio de una f\u00e1brica de camisas de Nueva York en el que murieron 146 personas marc\u00f3 la lucha por los derechos de la mujer.\u2026","rel":"","context":"En \u00abINTERES GENERAL\u00bb","block_context":{"text":"INTERES GENERAL","link":"https:\/\/larevistadigital.com.ar\/blog\/category\/interes-general\/"},"img":{"alt_text":"","src":"https:\/\/i0.wp.com\/larevistadigital.com.ar\/blog\/wp-content\/uploads\/dia-mujer.jpg?fit=1200%2C676&ssl=1&resize=350%2C200","width":350,"height":200,"srcset":"https:\/\/i0.wp.com\/larevistadigital.com.ar\/blog\/wp-content\/uploads\/dia-mujer.jpg?fit=1200%2C676&ssl=1&resize=350%2C200 1x, https:\/\/i0.wp.com\/larevistadigital.com.ar\/blog\/wp-content\/uploads\/dia-mujer.jpg?fit=1200%2C676&ssl=1&resize=525%2C300 1.5x, https:\/\/i0.wp.com\/larevistadigital.com.ar\/blog\/wp-content\/uploads\/dia-mujer.jpg?fit=1200%2C676&ssl=1&resize=700%2C400 2x, https:\/\/i0.wp.com\/larevistadigital.com.ar\/blog\/wp-content\/uploads\/dia-mujer.jpg?fit=1200%2C676&ssl=1&resize=1050%2C600 3x"},"classes":[]},{"id":5115,"url":"https:\/\/larevistadigital.com.ar\/blog\/habra-clases-educacion-vial-desde-12-marzo-chascomus\/","url_meta":{"origin":30395,"position":2},"title":"Habr\u00e1 clases de Educaci\u00f3n Vial desde el 12 de marzo en Chascom\u00fas","author":"admin","date":"1 marzo, 2018","format":false,"excerpt":"Desde la Secretar\u00eda de Seguridad Ciudadana del Municipio se inform\u00f3 que \u201cse est\u00e1 trabajando con las escuelas del distrito para que a partir del 12 de marzo se comiencen con las clases de educaci\u00f3n vial\u201d. Se agreg\u00f3 en un parte de prensa que \u201cse han realizado los primeros encuentros con\u2026","rel":"","context":"En \u00abCHASCOM\u00daS\u00bb","block_context":{"text":"CHASCOM\u00daS","link":"https:\/\/larevistadigital.com.ar\/blog\/category\/chascomus\/"},"img":{"alt_text":"","src":"https:\/\/i0.wp.com\/larevistadigital.com.ar\/blog\/wp-content\/uploads\/2018\/03\/educacin-vialpptx-1-638.jpg?fit=638%2C479&ssl=1&resize=350%2C200","width":350,"height":200,"srcset":"https:\/\/i0.wp.com\/larevistadigital.com.ar\/blog\/wp-content\/uploads\/2018\/03\/educacin-vialpptx-1-638.jpg?fit=638%2C479&ssl=1&resize=350%2C200 1x, https:\/\/i0.wp.com\/larevistadigital.com.ar\/blog\/wp-content\/uploads\/2018\/03\/educacin-vialpptx-1-638.jpg?fit=638%2C479&ssl=1&resize=525%2C300 1.5x"},"classes":[]},{"id":9023,"url":"https:\/\/larevistadigital.com.ar\/blog\/lezama-atencion-hay-cambios-en-el-vencimientos-de-la-patente-de-motos\/","url_meta":{"origin":30395,"position":3},"title":"LEZAMA: ATENCI\u00d3N: HAY CAMBIOS EN EL VENCIMIENTOS DE LA PATENTE DE MOTOS","author":"Alejandro Sosa Ruda","date":"12 marzo, 2019","format":false,"excerpt":"El \u00e1rea de Ingresos del municipio informa las nuevas fechas de vencimiento para la patente de Motos, tanto para pago en cuotas y como opci\u00f3n de pago anual: 1\u00b0 vencimiento: Jueves 21 de Marzo 2\u00b0 vencimiento: Jueves 28 de Marzo","rel":"","context":"En \u00abLEZAMA\u00bb","block_context":{"text":"LEZAMA","link":"https:\/\/larevistadigital.com.ar\/blog\/category\/lezama\/"},"img":{"alt_text":"","src":"https:\/\/i0.wp.com\/larevistadigital.com.ar\/blog\/wp-content\/uploads\/2019\/03\/53482251_1419388778253819_7986644836855840768_n.jpg?fit=960%2C540&ssl=1&resize=350%2C200","width":350,"height":200,"srcset":"https:\/\/i0.wp.com\/larevistadigital.com.ar\/blog\/wp-content\/uploads\/2019\/03\/53482251_1419388778253819_7986644836855840768_n.jpg?fit=960%2C540&ssl=1&resize=350%2C200 1x, https:\/\/i0.wp.com\/larevistadigital.com.ar\/blog\/wp-content\/uploads\/2019\/03\/53482251_1419388778253819_7986644836855840768_n.jpg?fit=960%2C540&ssl=1&resize=525%2C300 1.5x, https:\/\/i0.wp.com\/larevistadigital.com.ar\/blog\/wp-content\/uploads\/2019\/03\/53482251_1419388778253819_7986644836855840768_n.jpg?fit=960%2C540&ssl=1&resize=700%2C400 2x"},"classes":[]},{"id":24416,"url":"https:\/\/larevistadigital.com.ar\/blog\/homenaje-de-la-ucr-en-el-dia-internacional-de-la-mujer\/","url_meta":{"origin":30395,"position":4},"title":"HOMENAJE DE LA UCR EN EL D\u00cdA INTERNACIONAL DE LA MUJER","author":"Alejandro Sosa Ruda","date":"8 marzo, 2022","format":false,"excerpt":"Uni\u00f3n C\u00edvica Radical Comit\u00e9 Chascom\u00fas\u00a0\u00a0\u00a0\u00a0\u00a0\u00a0\u00a0\u00a0\u00a0\u00a0\u00a0\u00a0\u00a0\u00a0\u00a0\u00a0\u00a0\u00a0\u00a0\u00a0\u00a0\u00a0\u00a0\u00a0\u00a0\u00a0\u00a0\u00a0\u00a0\u00a0\u00a0\u00a0 8 de marzo de 2022 \u00a0 MARGARITA MALHARRO de TORRES (1921-11994) Profesora, activista y pol\u00edtica argentina, integrante de la Uni\u00f3n C\u00edvica Radical Autora de la Ley 24012.\u00a0 Ley de Cupo Femenino, aprobada en el a\u00f1o 1991. \u00a0 \u00a0\u00a0\u00a0\u00a0\u00a0\u00a0\u00a0\u00a0\u00a0\u00a0\u00a0\u00a0\u00a0\u00a0\u00a0\u00a0\u00a0\u00a0\u00a0\u00a0\u00a0\u00a0\u00a0\u00a0\u00a0\u00a0\u00a0\u00a0 Uni\u00f3n C\u00edvica Radical \u00a0\u00a0 Comit\u00e9 Chascom\u00fas\u00a0\u00a0\u00a0\u00a0\u00a0\u00a0\u00a0\u00a0\u00a0\u00a0\u00a0\u00a0\u00a0\u00a0\u00a0\u00a0\u00a0\u00a0\u00a0\u00a0\u00a0\u00a0\u00a0\u00a0\u00a0\u00a0\u00a0\u00a0\u00a0\u00a0\u00a0\u00a0 8\u2026","rel":"","context":"En \u00abINTERES GENERAL\u00bb","block_context":{"text":"INTERES GENERAL","link":"https:\/\/larevistadigital.com.ar\/blog\/category\/interes-general\/"},"img":{"alt_text":"","src":"https:\/\/i0.wp.com\/larevistadigital.com.ar\/blog\/wp-content\/uploads\/ESTE.jpg?fit=800%2C1154&ssl=1&resize=350%2C200","width":350,"height":200,"srcset":"https:\/\/i0.wp.com\/larevistadigital.com.ar\/blog\/wp-content\/uploads\/ESTE.jpg?fit=800%2C1154&ssl=1&resize=350%2C200 1x, https:\/\/i0.wp.com\/larevistadigital.com.ar\/blog\/wp-content\/uploads\/ESTE.jpg?fit=800%2C1154&ssl=1&resize=525%2C300 1.5x, https:\/\/i0.wp.com\/larevistadigital.com.ar\/blog\/wp-content\/uploads\/ESTE.jpg?fit=800%2C1154&ssl=1&resize=700%2C400 2x"},"classes":[]},{"id":7469,"url":"https:\/\/larevistadigital.com.ar\/blog\/conmocion-en-el-boxeo-por-la-muerte-de-la-joven-promesa-yasmin-marzo-de-23-anos\/","url_meta":{"origin":30395,"position":5},"title":"CONMOCI\u00d3N EN EL BOXEO POR LA MUERTE DE LA J\u00d3VEN PROMESA YASM\u00cdN MARZO, DE 23 A\u00d1OS","author":"Alejandro Sosa Ruda","date":"30 diciembre, 2018","format":false,"excerpt":"La joven promesa del boxeo argentino\u00a0Yazm\u00edn Marzo\u00a0muri\u00f3 el pasado viernes en la provincia de C\u00f3rdoba. La peleadora ten\u00eda 23 a\u00f1os y hace solo dos meses hab\u00eda participado del Mundial de India. Seg\u00fan revelaron fuentes judiciales, el fallecimiento de la deportista se produjo por\u00a0una sobredosis de una sustancia psicoactiva.\u00a0La autopsia terminar\u00e1\u2026","rel":"","context":"En \u00abDEPORTES\u00bb","block_context":{"text":"DEPORTES","link":"https:\/\/larevistadigital.com.ar\/blog\/category\/deportes\/"},"img":{"alt_text":"","src":"https:\/\/i0.wp.com\/larevistadigital.com.ar\/blog\/wp-content\/uploads\/2018\/12\/U7lUJmQDY_1200x630__1.jpg?fit=1200%2C630&ssl=1&resize=350%2C200","width":350,"height":200,"srcset":"https:\/\/i0.wp.com\/larevistadigital.com.ar\/blog\/wp-content\/uploads\/2018\/12\/U7lUJmQDY_1200x630__1.jpg?fit=1200%2C630&ssl=1&resize=350%2C200 1x, https:\/\/i0.wp.com\/larevistadigital.com.ar\/blog\/wp-content\/uploads\/2018\/12\/U7lUJmQDY_1200x630__1.jpg?fit=1200%2C630&ssl=1&resize=525%2C300 1.5x, https:\/\/i0.wp.com\/larevistadigital.com.ar\/blog\/wp-content\/uploads\/2018\/12\/U7lUJmQDY_1200x630__1.jpg?fit=1200%2C630&ssl=1&resize=700%2C400 2x, https:\/\/i0.wp.com\/larevistadigital.com.ar\/blog\/wp-content\/uploads\/2018\/12\/U7lUJmQDY_1200x630__1.jpg?fit=1200%2C630&ssl=1&resize=1050%2C600 3x"},"classes":[]}],"_links":{"self":[{"href":"https:\/\/larevistadigital.com.ar\/blog\/wp-json\/wp\/v2\/posts\/30395","targetHints":{"allow":["GET"]}}],"collection":[{"href":"https:\/\/larevistadigital.com.ar\/blog\/wp-json\/wp\/v2\/posts"}],"about":[{"href":"https:\/\/larevistadigital.com.ar\/blog\/wp-json\/wp\/v2\/types\/post"}],"author":[{"embeddable":true,"href":"https:\/\/larevistadigital.com.ar\/blog\/wp-json\/wp\/v2\/users\/3"}],"replies":[{"embeddable":true,"href":"https:\/\/larevistadigital.com.ar\/blog\/wp-json\/wp\/v2\/comments?post=30395"}],"version-history":[{"count":1,"href":"https:\/\/larevistadigital.com.ar\/blog\/wp-json\/wp\/v2\/posts\/30395\/revisions"}],"predecessor-version":[{"id":30396,"href":"https:\/\/larevistadigital.com.ar\/blog\/wp-json\/wp\/v2\/posts\/30395\/revisions\/30396"}],"wp:featuredmedia":[{"embeddable":true,"href":"https:\/\/larevistadigital.com.ar\/blog\/wp-json\/wp\/v2\/media\/16747"}],"wp:attachment":[{"href":"https:\/\/larevistadigital.com.ar\/blog\/wp-json\/wp\/v2\/media?parent=30395"}],"wp:term":[{"taxonomy":"category","embeddable":true,"href":"https:\/\/larevistadigital.com.ar\/blog\/wp-json\/wp\/v2\/categories?post=30395"},{"taxonomy":"post_tag","embeddable":true,"href":"https:\/\/larevistadigital.com.ar\/blog\/wp-json\/wp\/v2\/tags?post=30395"}],"curies":[{"name":"wp","href":"https:\/\/api.w.org\/{rel}","templated":true}]}}