{"id":30397,"date":"2023-03-06T12:50:53","date_gmt":"2023-03-06T12:50:53","guid":{"rendered":"https:\/\/larevistadigital.com.ar\/blog\/?p=30397"},"modified":"2023-03-06T12:56:40","modified_gmt":"2023-03-06T12:56:40","slug":"una-adolescente-acuso-a-un-hombre-por-abuso-sexual-y-un-familiar-de-la-joven-lo-mato-de-un-balazo","status":"publish","type":"post","link":"https:\/\/larevistadigital.com.ar\/blog\/una-adolescente-acuso-a-un-hombre-por-abuso-sexual-y-un-familiar-de-la-joven-lo-mato-de-un-balazo\/","title":{"rendered":"UNA ADOLESCENTE ACUS\u00d3 A UN HOMBRE POR ABUSO SEXUAL, Y UN FAMILIAR DE LA JOVEN LO MAT\u00d3 DE UN BALAZO"},"content":{"rendered":"<h2 class=\"nota__hero__summary\">Ocurri\u00f3 en Quilmes. Detuvieron al presunto asesino y buscan a otros 3 sospechosos de haber participado del ataque.<\/h2>\n<p>6 de marzo de 2023<\/p>\n<p><strong>QUILMES &#8211;<\/strong>\u00a0Un joven fue<strong>\u00a0asesinado de un balazo<\/strong>\u00a0en el pecho ayer en\u00a0<strong>Quilmes\u00a0<\/strong>y por el crimen los investigadores detuvieron a un familiar de una adolescente que hab\u00eda acusado al fallecido de abuso sexual, informaron fuentes policiales y judiciales.<\/p>\n<blockquote>\n<h3>El hecho tuvo lugar pasadas las 7:00 del domingo en la intersecci\u00f3n de la avenida Tom\u00e1s Flores y la calle 194, en la mencionada localidad del sur del conurbano bonaerense, donde\u00a0<strong>4 personas<\/strong>\u00a0a bordo de un carro a caballo\u00a0<strong>interceptaron a un grupo de j\u00f3venes<\/strong>.<\/h3>\n<\/blockquote>\n<p>Ante esa situaci\u00f3n, quienes estaban en el carro\u00a0<strong>dispararon en 7 oportunidades contra los j\u00f3venes<\/strong>\u00a0y les robaron una bicicleta, seg\u00fan consign\u00f3 el reporte de la Agencia T\u00e9lam.<\/p>\n<blockquote>\n<h3>Como consecuencia de uno de los balazos, un joven, cuya identidad no trascendi\u00f3,\u00a0<strong>result\u00f3 herido en el pecho<\/strong>\u00a0y fue trasladado de urgencia por el SAME a la Unidad de Pronta Atenci\u00f3n (UPA) 17, donde falleci\u00f3.<\/h3>\n<\/blockquote>\n<p>Fuentes de la investigaci\u00f3n se\u00f1alaron que\u00a0<strong>el ataque ocurri\u00f3 luego de que la v\u00edctima fatal fuera acusada de intentar abusar sexualmente a dos adolescentes<\/strong>\u00a0a la salida de un boliche.<\/p>\n<blockquote>\n<h3><strong><em>\u00abLuego de que las chicas escaparon del supuesto ataque sexual, llegaron a sus casas y le contaron lo sucedido a sus familias.\u00a0El padre de una de ellas tom\u00f3 un arma y sali\u00f3 a buscar a los agresores\u00bb<\/em><\/strong>, cont\u00f3 un investigador a T\u00e9lam.<\/h3>\n<\/blockquote>\n<p>Seg\u00fan explic\u00f3 una fuente judicial, un joven identificado como\u00a0<strong>Brian Carlos Santamar\u00eda<\/strong>\u00a0(23) fue detenido en las \u00faltimas horas, a partir de un video de una c\u00e1mara de seguridad de una pizzer\u00eda, el cual lo localizaba en el lugar del ataque. Por su parte, los investigadores intentaban hasta este domingo por la tarde localizar a los otros participantes del asesinato.<\/p>\n<p>El fiscal\u00a0<strong>Jorge Saizar,\u00a0<\/strong>a cargo de la Unidad Funcional de Instrucci\u00f3n (UFI) 5 de Quilmes, interviene en el hecho e imputar\u00e1 a Santamar\u00eda por el \u00ab<strong><em>homicidio agravado por el uso de arma de fuego<\/em><\/strong>\u00ab, aunque tampoco se descartaba que la calificaci\u00f3n sea modificada a \u00ab<strong><em>homicidio en ocasi\u00f3n de robo<\/em><\/strong>\u00ab.<\/p>\n<p>fuente: CarlosPazvivo<\/p>\n","protected":false},"excerpt":{"rendered":"<div class=\"mh-excerpt\"><p>Ocurri\u00f3 en Quilmes. Detuvieron al presunto asesino y buscan a otros 3 sospechosos de haber participado del ataque. 6 de marzo de 2023 QUILMES &#8211;\u00a0Un joven fue\u00a0asesinado de un balazo\u00a0en el pecho ayer en\u00a0Quilmes\u00a0y por <a class=\"mh-excerpt-more\" href=\"https:\/\/larevistadigital.com.ar\/blog\/una-adolescente-acuso-a-un-hombre-por-abuso-sexual-y-un-familiar-de-la-joven-lo-mato-de-un-balazo\/\" title=\"UNA ADOLESCENTE ACUS\u00d3 A UN HOMBRE POR ABUSO SEXUAL, Y UN FAMILIAR DE LA JOVEN LO MAT\u00d3 DE UN BALAZO\">[Leer M\u00e1s]<\/a><\/p>\n<\/div>","protected":false},"author":3,"featured_media":30398,"comment_status":"open","ping_status":"open","sticky":false,"template":"","format":"standard","meta":{"_jetpack_memberships_contains_paid_content":false,"footnotes":"","jetpack_publicize_message":"","jetpack_publicize_feature_enabled":true,"jetpack_social_post_already_shared":true,"jetpack_social_options":{"image_generator_settings":{"template":"highway","default_image_id":0,"font":"","enabled":false},"version":2}},"categories":[44,51],"tags":[],"class_list":{"0":"post-30397","1":"post","2":"type-post","3":"status-publish","4":"format-standard","5":"has-post-thumbnail","7":"category-policiales","8":"category-regionales"},"jetpack_publicize_connections":[],"jetpack_featured_media_url":"https:\/\/i0.wp.com\/larevistadigital.com.ar\/blog\/wp-content\/uploads\/88381adc587fa8a1e6a1dc82a6ca4e1b93ba1bbe-2.jpg?fit=1140%2C757&ssl=1","jetpack_sharing_enabled":true,"jetpack_shortlink":"https:\/\/wp.me\/p8qtrQ-7Uh","jetpack-related-posts":[{"id":37814,"url":"https:\/\/larevistadigital.com.ar\/blog\/apartan-a-sacerdote-de-una-parroquia-de-quilmes-acusado-de-abuso-sexual\/","url_meta":{"origin":30397,"position":0},"title":"Apartan a sacerdote de una parroquia de Quilmes acusado de abuso sexual","author":"Alejandro Sosa Ruda","date":"9 noviembre, 2024","format":false,"excerpt":"El Obispo de la Di\u00f3cesis de Quilmes, Mons. Tissera, apart\u00f3 al Presb. Franco L\u00fctens de su parroquia y de todas sus actividades pastorales. Tambi\u00e9n, dio inicio a la investigaci\u00f3n en el \u00e1mbito eclesial, m\u00e1s all\u00e1 de la instancia civil. 9 de Noviembre de 2024 QUILMES -\u00a0 El presb\u00edtero L\u00fctens fue\u2026","rel":"","context":"En \u00abPOLICIALES\u00bb","block_context":{"text":"POLICIALES","link":"https:\/\/larevistadigital.com.ar\/blog\/category\/policiales\/"},"img":{"alt_text":"","src":"https:\/\/i0.wp.com\/larevistadigital.com.ar\/blog\/wp-content\/uploads\/20241108141845_presbitero-franco-lutens.jpg?fit=880%2C512&ssl=1&resize=350%2C200","width":350,"height":200,"srcset":"https:\/\/i0.wp.com\/larevistadigital.com.ar\/blog\/wp-content\/uploads\/20241108141845_presbitero-franco-lutens.jpg?fit=880%2C512&ssl=1&resize=350%2C200 1x, https:\/\/i0.wp.com\/larevistadigital.com.ar\/blog\/wp-content\/uploads\/20241108141845_presbitero-franco-lutens.jpg?fit=880%2C512&ssl=1&resize=525%2C300 1.5x, https:\/\/i0.wp.com\/larevistadigital.com.ar\/blog\/wp-content\/uploads\/20241108141845_presbitero-franco-lutens.jpg?fit=880%2C512&ssl=1&resize=700%2C400 2x"},"classes":[]},{"id":37837,"url":"https:\/\/larevistadigital.com.ar\/blog\/allanan-prostibulo-en-quilmes-y-rescatan-ninas-y-mujeres-secuestradas\/","url_meta":{"origin":30397,"position":1},"title":"Allanan prost\u00edbulo en Quilmes y rescatan ni\u00f1as y mujeres secuestradas","author":"Alejandro Sosa Ruda","date":"12 noviembre, 2024","format":false,"excerpt":"Personal de Infanter\u00eda, UTOI y la Comisar\u00eda de la Mujer y la Familia de Quilmes, bajo la orden del fiscal Ernesto Daniel Ichazo realiz\u00f3 un operativo en un inmueble denunciado como prost\u00edbulo. Rescataron a un grupo no cuantificado de mujeres, algunas menores de edad, siendo una de ellas de escasos\u2026","rel":"","context":"En \u00abPOLICIALES\u00bb","block_context":{"text":"POLICIALES","link":"https:\/\/larevistadigital.com.ar\/blog\/category\/policiales\/"},"img":{"alt_text":"","src":"https:\/\/i0.wp.com\/larevistadigital.com.ar\/blog\/wp-content\/uploads\/20241111145236_allanan-prostibulo-quilmes-rescataron-ninas-y-mujeres-secuestradas.jpg?fit=880%2C512&ssl=1&resize=350%2C200","width":350,"height":200,"srcset":"https:\/\/i0.wp.com\/larevistadigital.com.ar\/blog\/wp-content\/uploads\/20241111145236_allanan-prostibulo-quilmes-rescataron-ninas-y-mujeres-secuestradas.jpg?fit=880%2C512&ssl=1&resize=350%2C200 1x, https:\/\/i0.wp.com\/larevistadigital.com.ar\/blog\/wp-content\/uploads\/20241111145236_allanan-prostibulo-quilmes-rescataron-ninas-y-mujeres-secuestradas.jpg?fit=880%2C512&ssl=1&resize=525%2C300 1.5x, https:\/\/i0.wp.com\/larevistadigital.com.ar\/blog\/wp-content\/uploads\/20241111145236_allanan-prostibulo-quilmes-rescataron-ninas-y-mujeres-secuestradas.jpg?fit=880%2C512&ssl=1&resize=700%2C400 2x"},"classes":[]},{"id":24008,"url":"https:\/\/larevistadigital.com.ar\/blog\/pila-detienen-a-un-adolescente-por-una-causa-de-abuso-sexual\/","url_meta":{"origin":30397,"position":2},"title":"PILA: DETIENEN A UN ADOLESCENTE POR UNA CAUSA DE ABUSO SEXUAL","author":"Alejandro Sosa Ruda","date":"16 febrero, 2022","format":false,"excerpt":"PILA -\u00a0 Durante la jornada de hoy, se detuvo a un muchacho de 18 a\u00f1os de edad, en el marco de una\u00a0 causa por abuso sexual. Todo comenz\u00f3 con motivo de una denuncia de un presunto abuso sexual, del que habr\u00eda participado el joven implicado. La denuncia fue realizada el\u2026","rel":"","context":"En \u00abPILA\u00bb","block_context":{"text":"PILA","link":"https:\/\/larevistadigital.com.ar\/blog\/category\/pila\/"},"img":{"alt_text":"","src":"https:\/\/i0.wp.com\/larevistadigital.com.ar\/blog\/wp-content\/uploads\/1620734311775.jpg?fit=1200%2C777&ssl=1&resize=350%2C200","width":350,"height":200,"srcset":"https:\/\/i0.wp.com\/larevistadigital.com.ar\/blog\/wp-content\/uploads\/1620734311775.jpg?fit=1200%2C777&ssl=1&resize=350%2C200 1x, https:\/\/i0.wp.com\/larevistadigital.com.ar\/blog\/wp-content\/uploads\/1620734311775.jpg?fit=1200%2C777&ssl=1&resize=525%2C300 1.5x, https:\/\/i0.wp.com\/larevistadigital.com.ar\/blog\/wp-content\/uploads\/1620734311775.jpg?fit=1200%2C777&ssl=1&resize=700%2C400 2x, https:\/\/i0.wp.com\/larevistadigital.com.ar\/blog\/wp-content\/uploads\/1620734311775.jpg?fit=1200%2C777&ssl=1&resize=1050%2C600 3x"},"classes":[]},{"id":25725,"url":"https:\/\/larevistadigital.com.ar\/blog\/joven-denuncia-a-companero-del-secundario-por-abuso-sexual\/","url_meta":{"origin":30397,"position":3},"title":"JOVEN DENUNCIA A COMPA\u00d1ERO DEL SECUNDARIO POR ABUSO SEXUAL","author":"Alejandro Sosa Ruda","date":"9 junio, 2022","format":false,"excerpt":"Una estudiante de 16 a\u00f1os denunci\u00f3 abuso sexual dentro del ex Colegio Nacional de Bah\u00eda Blanca de parte de otro alumno de la instituci\u00f3n. BAH\u00cdA BLANCA -\u00a0 Una estudiante de 16 a\u00f1os\u00a0denunci\u00f3 que fue abusada sexualmente dentro del\u00a0ex Colegio Nacional de Bah\u00eda Blanca\u00a0por parte de otro alumno del mismo establecimiento\u2026","rel":"","context":"En \u00abPOLICIALES\u00bb","block_context":{"text":"POLICIALES","link":"https:\/\/larevistadigital.com.ar\/blog\/category\/policiales\/"},"img":{"alt_text":"","src":"https:\/\/i0.wp.com\/larevistadigital.com.ar\/blog\/wp-content\/uploads\/ABUSO-EN-SECUNDARIA.jpg?fit=1140%2C686&ssl=1&resize=350%2C200","width":350,"height":200,"srcset":"https:\/\/i0.wp.com\/larevistadigital.com.ar\/blog\/wp-content\/uploads\/ABUSO-EN-SECUNDARIA.jpg?fit=1140%2C686&ssl=1&resize=350%2C200 1x, https:\/\/i0.wp.com\/larevistadigital.com.ar\/blog\/wp-content\/uploads\/ABUSO-EN-SECUNDARIA.jpg?fit=1140%2C686&ssl=1&resize=525%2C300 1.5x, https:\/\/i0.wp.com\/larevistadigital.com.ar\/blog\/wp-content\/uploads\/ABUSO-EN-SECUNDARIA.jpg?fit=1140%2C686&ssl=1&resize=700%2C400 2x, https:\/\/i0.wp.com\/larevistadigital.com.ar\/blog\/wp-content\/uploads\/ABUSO-EN-SECUNDARIA.jpg?fit=1140%2C686&ssl=1&resize=1050%2C600 3x"},"classes":[]},{"id":7519,"url":"https:\/\/larevistadigital.com.ar\/blog\/detienen-a-cinco-jovenes-acusados-de-violar-a-una-menor-en-un-camping\/","url_meta":{"origin":30397,"position":4},"title":"DETIENEN A CINCO J\u00d3VENES ACUSADOS DE VIOLAR A UNA MENOR EN UN CAMPING","author":"Alejandro Sosa Ruda","date":"2 enero, 2019","format":false,"excerpt":"La v\u00edctima de 14 a\u00f1os y los atacantes son oriundos de Mar del Plata. Las primeras pericias confirmaron signos de abuso. Los imputados ser\u00e1n trasladados este mi\u00e9rcoles a Tribunales. Cinco j\u00f3venes de entre 21 y 23 a\u00f1os\u00a0acusados de abusar sexualmente de una adolescente de 14\u00a0\u00a0fueron detenidos este martes luego de\u2026","rel":"","context":"En \u00abPOLICIALES\u00bb","block_context":{"text":"POLICIALES","link":"https:\/\/larevistadigital.com.ar\/blog\/category\/policiales\/"},"img":{"alt_text":"","src":"https:\/\/i0.wp.com\/larevistadigital.com.ar\/blog\/wp-content\/uploads\/2019\/01\/Wussy-Tent_02.jpg?fit=1200%2C675&ssl=1&resize=350%2C200","width":350,"height":200,"srcset":"https:\/\/i0.wp.com\/larevistadigital.com.ar\/blog\/wp-content\/uploads\/2019\/01\/Wussy-Tent_02.jpg?fit=1200%2C675&ssl=1&resize=350%2C200 1x, https:\/\/i0.wp.com\/larevistadigital.com.ar\/blog\/wp-content\/uploads\/2019\/01\/Wussy-Tent_02.jpg?fit=1200%2C675&ssl=1&resize=525%2C300 1.5x, https:\/\/i0.wp.com\/larevistadigital.com.ar\/blog\/wp-content\/uploads\/2019\/01\/Wussy-Tent_02.jpg?fit=1200%2C675&ssl=1&resize=700%2C400 2x, https:\/\/i0.wp.com\/larevistadigital.com.ar\/blog\/wp-content\/uploads\/2019\/01\/Wussy-Tent_02.jpg?fit=1200%2C675&ssl=1&resize=1050%2C600 3x"},"classes":[]},{"id":27046,"url":"https:\/\/larevistadigital.com.ar\/blog\/misterio-sospechan-de-policia-retirado-que-actua-como-tirador-anonimo-y-elimina-delincuentes\/","url_meta":{"origin":30397,"position":5},"title":"MISTERIO: SOSPECHAN DE POLIC\u00cdA RETIRADO QUE ACTUA COMO \u00abTIRADOR AN\u00d3NIMO\u00bb Y ELIMINA DELINCUENTES","author":"Alejandro Sosa Ruda","date":"7 agosto, 2022","format":false,"excerpt":"Ocurre en Quilmes. En el \u00faltimo de los hechos la Polic\u00eda no encontr\u00f3 vainas servidas, y no hay testigos que hayan escuchado disparos. Los vecinos todav\u00eda no salen de su asombro, y aseguran que ya son varios los ladrones que aparecieron muertos. QUILMES -\u00a0 Reina el misterio en los \u00faltimos\u2026","rel":"","context":"En \u00abINTERES GENERAL\u00bb","block_context":{"text":"INTERES GENERAL","link":"https:\/\/larevistadigital.com.ar\/blog\/category\/interes-general\/"},"img":{"alt_text":"","src":"https:\/\/i0.wp.com\/larevistadigital.com.ar\/blog\/wp-content\/uploads\/tiador-anonimo.jpg?fit=1200%2C674&ssl=1&resize=350%2C200","width":350,"height":200,"srcset":"https:\/\/i0.wp.com\/larevistadigital.com.ar\/blog\/wp-content\/uploads\/tiador-anonimo.jpg?fit=1200%2C674&ssl=1&resize=350%2C200 1x, https:\/\/i0.wp.com\/larevistadigital.com.ar\/blog\/wp-content\/uploads\/tiador-anonimo.jpg?fit=1200%2C674&ssl=1&resize=525%2C300 1.5x, https:\/\/i0.wp.com\/larevistadigital.com.ar\/blog\/wp-content\/uploads\/tiador-anonimo.jpg?fit=1200%2C674&ssl=1&resize=700%2C400 2x, https:\/\/i0.wp.com\/larevistadigital.com.ar\/blog\/wp-content\/uploads\/tiador-anonimo.jpg?fit=1200%2C674&ssl=1&resize=1050%2C600 3x"},"classes":[]}],"_links":{"self":[{"href":"https:\/\/larevistadigital.com.ar\/blog\/wp-json\/wp\/v2\/posts\/30397","targetHints":{"allow":["GET"]}}],"collection":[{"href":"https:\/\/larevistadigital.com.ar\/blog\/wp-json\/wp\/v2\/posts"}],"about":[{"href":"https:\/\/larevistadigital.com.ar\/blog\/wp-json\/wp\/v2\/types\/post"}],"author":[{"embeddable":true,"href":"https:\/\/larevistadigital.com.ar\/blog\/wp-json\/wp\/v2\/users\/3"}],"replies":[{"embeddable":true,"href":"https:\/\/larevistadigital.com.ar\/blog\/wp-json\/wp\/v2\/comments?post=30397"}],"version-history":[{"count":3,"href":"https:\/\/larevistadigital.com.ar\/blog\/wp-json\/wp\/v2\/posts\/30397\/revisions"}],"predecessor-version":[{"id":30401,"href":"https:\/\/larevistadigital.com.ar\/blog\/wp-json\/wp\/v2\/posts\/30397\/revisions\/30401"}],"wp:featuredmedia":[{"embeddable":true,"href":"https:\/\/larevistadigital.com.ar\/blog\/wp-json\/wp\/v2\/media\/30398"}],"wp:attachment":[{"href":"https:\/\/larevistadigital.com.ar\/blog\/wp-json\/wp\/v2\/media?parent=30397"}],"wp:term":[{"taxonomy":"category","embeddable":true,"href":"https:\/\/larevistadigital.com.ar\/blog\/wp-json\/wp\/v2\/categories?post=30397"},{"taxonomy":"post_tag","embeddable":true,"href":"https:\/\/larevistadigital.com.ar\/blog\/wp-json\/wp\/v2\/tags?post=30397"}],"curies":[{"name":"wp","href":"https:\/\/api.w.org\/{rel}","templated":true}]}}