{"id":30403,"date":"2023-03-06T13:46:08","date_gmt":"2023-03-06T13:46:08","guid":{"rendered":"https:\/\/larevistadigital.com.ar\/blog\/?p=30403"},"modified":"2023-03-06T13:46:08","modified_gmt":"2023-03-06T13:46:08","slug":"chascomus-operativo-de-bloqueo-sanitario-tras-el-hallazgo-de-un-murcielago-con-rabia","status":"publish","type":"post","link":"https:\/\/larevistadigital.com.ar\/blog\/chascomus-operativo-de-bloqueo-sanitario-tras-el-hallazgo-de-un-murcielago-con-rabia\/","title":{"rendered":"CHASCOM\u00daS: OPERATIVO DE \u00abBLOQUEO SANITARIO\u00bb TRAS EL HALLAZGO DE UN MURCI\u00c9LAGO CON RABIA."},"content":{"rendered":"<h2 class=\"notaIntro\">El equipo de Bromatolog\u00eda y Zoonosis trabaj\u00f3 en el sector de Juli\u00e1n Quintana e\/Scalabrini Ortiz y Las Acacias, completando la vacunaci\u00f3n antirr\u00e1bica de mascotas en un radio de 200mts a la redonda del lugar del hallazgo.<\/h2>\n<p>6 de marzo de 2023<\/p>\n<p class=\"notaTexto\"><strong>CHASCOM\u00daS\u00a0 &#8211; <\/strong> Tras la notificaci\u00f3n a los respectivos domicilios, se procedi\u00f3 a la vacunaci\u00f3n de perros y gatos a fin de prevenir posibles casos de rabia, por contagio.<\/p>\n<blockquote>\n<h3 class=\"notaTexto\">En este sentido, se refuerza la recomendaci\u00f3n de vacunar a los animales de compa\u00f1\u00eda, una vez cumplidos los 3 meses de vida, y revacunarlos anualmente, a fin de proteger su salud y la de su entorno.<\/h3>\n<\/blockquote>\n<p class=\"notaTexto\">Cabe recordar que el contagio del virus de la rabia puede generarse mediante mordeduras, ara\u00f1azos o secreciones de animales con rabia. Por tal motivo, en el caso de hallar un murci\u00e9lago en el piso a pleno d\u00eda, es probable que se encuentre infectado con esta enfermedad, por lo que se recomienda cubrirlo con un balde o caja evitando el contacto con personas y mascotas, y llevarlo analizar a la Direcci\u00f3n de Bromatolog\u00eda y Zoonosis, en Mendoza N\u00b095.<\/p>\n<p class=\"notaTexto\">Por otra parte, se recuerda a toda la comunidad que el pr\u00f3ximo<strong> lunes 6 de marzo (POR HOY) comienza la Vacunaci\u00f3n Antirr\u00e1bica para mascotas en el Barrio Gallo Blanco<\/strong>, pasando en los sucesivos d\u00edas en distintos puntos de la ciudad. Este programa, se lleva adelante cada a\u00f1o de manera gratuita con un cronograma de fechas, anunciado oportunamente, para la inmunizaci\u00f3n de perros y gatos a fin de proteger la salud de la comunidad.<\/p>\n","protected":false},"excerpt":{"rendered":"<div class=\"mh-excerpt\"><p>El equipo de Bromatolog\u00eda y Zoonosis trabaj\u00f3 en el sector de Juli\u00e1n Quintana e\/Scalabrini Ortiz y Las Acacias, completando la vacunaci\u00f3n antirr\u00e1bica de mascotas en un radio de 200mts a la redonda del lugar del <a class=\"mh-excerpt-more\" href=\"https:\/\/larevistadigital.com.ar\/blog\/chascomus-operativo-de-bloqueo-sanitario-tras-el-hallazgo-de-un-murcielago-con-rabia\/\" title=\"CHASCOM\u00daS: OPERATIVO DE \u00abBLOQUEO SANITARIO\u00bb TRAS EL HALLAZGO DE UN MURCI\u00c9LAGO CON RABIA.\">[Leer M\u00e1s]<\/a><\/p>\n<\/div>","protected":false},"author":3,"featured_media":30404,"comment_status":"open","ping_status":"open","sticky":false,"template":"","format":"standard","meta":{"_jetpack_memberships_contains_paid_content":false,"footnotes":"","jetpack_publicize_message":"","jetpack_publicize_feature_enabled":true,"jetpack_social_post_already_shared":true,"jetpack_social_options":{"image_generator_settings":{"template":"highway","default_image_id":0,"font":"","enabled":false},"version":2}},"categories":[6],"tags":[],"class_list":{"0":"post-30403","1":"post","2":"type-post","3":"status-publish","4":"format-standard","5":"has-post-thumbnail","7":"category-chascomus"},"jetpack_publicize_connections":[],"jetpack_featured_media_url":"https:\/\/i0.wp.com\/larevistadigital.com.ar\/blog\/wp-content\/uploads\/descarga-18.jpg?fit=1200%2C900&ssl=1","jetpack_sharing_enabled":true,"jetpack_shortlink":"https:\/\/wp.me\/p8qtrQ-7Un","jetpack-related-posts":[{"id":42447,"url":"https:\/\/larevistadigital.com.ar\/blog\/alarma-en-mar-del-plata-por-un-murcielago-con-rabia-advierten-que-menos-del-20-de-las-mascotas-esta-vacunada\/","url_meta":{"origin":30403,"position":0},"title":"Alarma en Mar del Plata por un murci\u00e9lago con rabia: advierten que menos del 20% de las mascotas est\u00e1 vacunada","author":"Alejandro Sosa Ruda","date":"10 noviembre, 2025","format":false,"excerpt":"El hallazgo de un murci\u00e9lago con rabia en el barrio Estrada encendi\u00f3 las alertas sanitarias. Desde el Colegio de Veterinarios bonaerense alertan sobre la baja vacunaci\u00f3n en perros y gatos y explican c\u00f3mo actuar ante un caso sospechoso. 10 de Noviembre de 2025 MAR DEL PLATA -\u00a0 La detecci\u00f3n de\u2026","rel":"","context":"En \u00abREGIONALES\u00bb","block_context":{"text":"REGIONALES","link":"https:\/\/larevistadigital.com.ar\/blog\/category\/regionales\/"},"img":{"alt_text":"","src":"https:\/\/i0.wp.com\/larevistadigital.com.ar\/blog\/wp-content\/uploads\/Captura-de-pantalla-2025-11-10-112710.jpg?fit=577%2C434&ssl=1&resize=350%2C200","width":350,"height":200,"srcset":"https:\/\/i0.wp.com\/larevistadigital.com.ar\/blog\/wp-content\/uploads\/Captura-de-pantalla-2025-11-10-112710.jpg?fit=577%2C434&ssl=1&resize=350%2C200 1x, https:\/\/i0.wp.com\/larevistadigital.com.ar\/blog\/wp-content\/uploads\/Captura-de-pantalla-2025-11-10-112710.jpg?fit=577%2C434&ssl=1&resize=525%2C300 1.5x"},"classes":[]},{"id":30743,"url":"https:\/\/larevistadigital.com.ar\/blog\/tandil-en-tres-meses-hallaron-cinco-murcielagos-con-rabia\/","url_meta":{"origin":30403,"position":1},"title":"TANDIL: EN TRES MESES HALLARON CINCO MURCI\u00c9LAGOS CON RABIA","author":"Alejandro Sosa Ruda","date":"28 marzo, 2023","format":false,"excerpt":"Autoridades del \u00e1rea de salud p\u00fablica debieron activar nuevamente un protocolo de vacunaci\u00f3n de urgencia. La rabia es una enfermedad que no tiene tratamiento. 28 de marzo de 2023 TANDIL -\u00a0 En Tandil, desde diciembre hasta este mes de marzo, se han hallado cinco murci\u00e9lagos con rabia, lo que ha\u2026","rel":"","context":"En \u00abREGIONALES\u00bb","block_context":{"text":"REGIONALES","link":"https:\/\/larevistadigital.com.ar\/blog\/category\/regionales\/"},"img":{"alt_text":"","src":"https:\/\/i0.wp.com\/larevistadigital.com.ar\/blog\/wp-content\/uploads\/20230327171923_2328-600x450-1.jpg?fit=880%2C512&ssl=1&resize=350%2C200","width":350,"height":200,"srcset":"https:\/\/i0.wp.com\/larevistadigital.com.ar\/blog\/wp-content\/uploads\/20230327171923_2328-600x450-1.jpg?fit=880%2C512&ssl=1&resize=350%2C200 1x, https:\/\/i0.wp.com\/larevistadigital.com.ar\/blog\/wp-content\/uploads\/20230327171923_2328-600x450-1.jpg?fit=880%2C512&ssl=1&resize=525%2C300 1.5x, https:\/\/i0.wp.com\/larevistadigital.com.ar\/blog\/wp-content\/uploads\/20230327171923_2328-600x450-1.jpg?fit=880%2C512&ssl=1&resize=700%2C400 2x"},"classes":[]},{"id":30988,"url":"https:\/\/larevistadigital.com.ar\/blog\/tandil-ya-se-detectaron-5-casos-de-murcielagos-con-rabia-en-un-mes\/","url_meta":{"origin":30403,"position":2},"title":"TANDIL: YA SE DETECTARON 5 CASOS DE MURCI\u00c9LAGOS CON RABIA EN UN MES","author":"Alejandro Sosa Ruda","date":"12 abril, 2023","format":false,"excerpt":"La Municipalidad dispuso un operativo de vacunaci\u00f3n para aquellos perros y gatos que vivan en la zona del \u00faltimo hallazgo. 11 de abril de 2023 TANDIL -\u00a0 La ciudad de Tandil registr\u00f3 un nuevo caso de un murci\u00e9lago con rabia, y es el quinto que se detecta en el \u00faltimo\u2026","rel":"","context":"En \u00abREGIONALES\u00bb","block_context":{"text":"REGIONALES","link":"https:\/\/larevistadigital.com.ar\/blog\/category\/regionales\/"},"img":{"alt_text":"","src":"https:\/\/i0.wp.com\/larevistadigital.com.ar\/blog\/wp-content\/uploads\/descarga-1-1.jpg?fit=1200%2C812&ssl=1&resize=350%2C200","width":350,"height":200,"srcset":"https:\/\/i0.wp.com\/larevistadigital.com.ar\/blog\/wp-content\/uploads\/descarga-1-1.jpg?fit=1200%2C812&ssl=1&resize=350%2C200 1x, https:\/\/i0.wp.com\/larevistadigital.com.ar\/blog\/wp-content\/uploads\/descarga-1-1.jpg?fit=1200%2C812&ssl=1&resize=525%2C300 1.5x, https:\/\/i0.wp.com\/larevistadigital.com.ar\/blog\/wp-content\/uploads\/descarga-1-1.jpg?fit=1200%2C812&ssl=1&resize=700%2C400 2x, https:\/\/i0.wp.com\/larevistadigital.com.ar\/blog\/wp-content\/uploads\/descarga-1-1.jpg?fit=1200%2C812&ssl=1&resize=1050%2C600 3x"},"classes":[]},{"id":23537,"url":"https:\/\/larevistadigital.com.ar\/blog\/villa-gesell-detectan-caso-positivo-de-rabia-en-el-analisis-de-un-murcielago\/","url_meta":{"origin":30403,"position":3},"title":"VILLA GESELL: DETECTAN CASO POSITIVO DE RABIA, EN EL AN\u00c1LISIS DE UN MURCI\u00c9LAGO","author":"Alejandro Sosa Ruda","date":"24 enero, 2022","format":false,"excerpt":"Fue confirmado por el \u00e1rea municipal de Zoonosis. Se realiza un control de la zona del foco para reforzar la vacunaci\u00f3n antirr\u00e1bica. Desde el \u00e1rea municipal de Zoonosis de Villa Gesell informaron que se detect\u00f3\u00a0un caso positivo de rabia\u00a0en el an\u00e1lisis realizado a un murci\u00e9lago encontrado en\u00a0Paseo 137 y Avenida\u2026","rel":"","context":"En \u00abREGIONALES\u00bb","block_context":{"text":"REGIONALES","link":"https:\/\/larevistadigital.com.ar\/blog\/category\/regionales\/"},"img":{"alt_text":"","src":"https:\/\/i0.wp.com\/larevistadigital.com.ar\/blog\/wp-content\/uploads\/4c1c206c0603fc770bce801b0e05af3f51686b51.jpg?fit=1140%2C697&ssl=1&resize=350%2C200","width":350,"height":200,"srcset":"https:\/\/i0.wp.com\/larevistadigital.com.ar\/blog\/wp-content\/uploads\/4c1c206c0603fc770bce801b0e05af3f51686b51.jpg?fit=1140%2C697&ssl=1&resize=350%2C200 1x, https:\/\/i0.wp.com\/larevistadigital.com.ar\/blog\/wp-content\/uploads\/4c1c206c0603fc770bce801b0e05af3f51686b51.jpg?fit=1140%2C697&ssl=1&resize=525%2C300 1.5x, https:\/\/i0.wp.com\/larevistadigital.com.ar\/blog\/wp-content\/uploads\/4c1c206c0603fc770bce801b0e05af3f51686b51.jpg?fit=1140%2C697&ssl=1&resize=700%2C400 2x, https:\/\/i0.wp.com\/larevistadigital.com.ar\/blog\/wp-content\/uploads\/4c1c206c0603fc770bce801b0e05af3f51686b51.jpg?fit=1140%2C697&ssl=1&resize=1050%2C600 3x"},"classes":[]},{"id":2580,"url":"https:\/\/larevistadigital.com.ar\/blog\/alerta-por-murcielagos-portadores-de-rabia-en-chascomus-y-alrededores\/","url_meta":{"origin":30403,"position":4},"title":"ALERTA POR MURCI\u00c9LAGOS PORTADORES DE RABIA EN CHASCOM\u00daS Y ALREDEDORES","author":"Alejandro Sosa Ruda","date":"29 junio, 2017","format":false,"excerpt":"Hay una alerta en Chascom\u00fas \u00a0relacionado a los quir\u00f3pteros mas conocidos como murci\u00e9lago. \u00a0La responsable\u00a0del \u00e1rea de bromatologia Julia Francese, dialog\u00f3\u00a0con fm por siempre en donde inform\u00f3 acerca del \u00a0comunicado de prensa que elevo el ministerio de salud donde alertaba por casos de rabia en la zona en varios distritos.\u2026","rel":"","context":"En \u00abCHASCOM\u00daS\u00bb","block_context":{"text":"CHASCOM\u00daS","link":"https:\/\/larevistadigital.com.ar\/blog\/category\/chascomus\/"},"img":{"alt_text":"","src":"https:\/\/i0.wp.com\/larevistadigital.com.ar\/blog\/wp-content\/uploads\/2017\/06\/los-murci%C3%A9lagos-3.jpg?fit=1200%2C749&ssl=1&resize=350%2C200","width":350,"height":200,"srcset":"https:\/\/i0.wp.com\/larevistadigital.com.ar\/blog\/wp-content\/uploads\/2017\/06\/los-murci%C3%A9lagos-3.jpg?fit=1200%2C749&ssl=1&resize=350%2C200 1x, https:\/\/i0.wp.com\/larevistadigital.com.ar\/blog\/wp-content\/uploads\/2017\/06\/los-murci%C3%A9lagos-3.jpg?fit=1200%2C749&ssl=1&resize=525%2C300 1.5x, https:\/\/i0.wp.com\/larevistadigital.com.ar\/blog\/wp-content\/uploads\/2017\/06\/los-murci%C3%A9lagos-3.jpg?fit=1200%2C749&ssl=1&resize=700%2C400 2x, https:\/\/i0.wp.com\/larevistadigital.com.ar\/blog\/wp-content\/uploads\/2017\/06\/los-murci%C3%A9lagos-3.jpg?fit=1200%2C749&ssl=1&resize=1050%2C600 3x"},"classes":[]},{"id":14780,"url":"https:\/\/larevistadigital.com.ar\/blog\/saladillo-hallan-murcielago-con-rabia-y-montan-operativo-preventivo\/","url_meta":{"origin":30403,"position":5},"title":"SALADILLO: HALLAN MURCI\u00c9LAGO CON RABIA Y MONTAN OPERATIVO PREVENTIVO","author":"Alejandro Sosa Ruda","date":"12 febrero, 2020","format":false,"excerpt":"Ser\u00e1 para vacunar perros y gatos. Un murci\u00e9lago afectado de rabia fue hallado en la ciudad bonaerense de Saladillo, cuyas autoridades sanitarias convocaron a la poblaci\u00f3n a concurrir el pr\u00f3ximo viernes a la plaza principal donde se montar\u00e1 un operativo\u00a0para vacunar perros y gatos contra esa enfermedad, inform\u00f3 una fuente\u2026","rel":"","context":"En \u00abREGIONALES\u00bb","block_context":{"text":"REGIONALES","link":"https:\/\/larevistadigital.com.ar\/blog\/category\/regionales\/"},"img":{"alt_text":"","src":"https:\/\/i0.wp.com\/larevistadigital.com.ar\/blog\/wp-content\/uploads\/1581540924845.jpg?fit=1200%2C645&ssl=1&resize=350%2C200","width":350,"height":200,"srcset":"https:\/\/i0.wp.com\/larevistadigital.com.ar\/blog\/wp-content\/uploads\/1581540924845.jpg?fit=1200%2C645&ssl=1&resize=350%2C200 1x, https:\/\/i0.wp.com\/larevistadigital.com.ar\/blog\/wp-content\/uploads\/1581540924845.jpg?fit=1200%2C645&ssl=1&resize=525%2C300 1.5x, https:\/\/i0.wp.com\/larevistadigital.com.ar\/blog\/wp-content\/uploads\/1581540924845.jpg?fit=1200%2C645&ssl=1&resize=700%2C400 2x, https:\/\/i0.wp.com\/larevistadigital.com.ar\/blog\/wp-content\/uploads\/1581540924845.jpg?fit=1200%2C645&ssl=1&resize=1050%2C600 3x"},"classes":[]}],"_links":{"self":[{"href":"https:\/\/larevistadigital.com.ar\/blog\/wp-json\/wp\/v2\/posts\/30403","targetHints":{"allow":["GET"]}}],"collection":[{"href":"https:\/\/larevistadigital.com.ar\/blog\/wp-json\/wp\/v2\/posts"}],"about":[{"href":"https:\/\/larevistadigital.com.ar\/blog\/wp-json\/wp\/v2\/types\/post"}],"author":[{"embeddable":true,"href":"https:\/\/larevistadigital.com.ar\/blog\/wp-json\/wp\/v2\/users\/3"}],"replies":[{"embeddable":true,"href":"https:\/\/larevistadigital.com.ar\/blog\/wp-json\/wp\/v2\/comments?post=30403"}],"version-history":[{"count":1,"href":"https:\/\/larevistadigital.com.ar\/blog\/wp-json\/wp\/v2\/posts\/30403\/revisions"}],"predecessor-version":[{"id":30405,"href":"https:\/\/larevistadigital.com.ar\/blog\/wp-json\/wp\/v2\/posts\/30403\/revisions\/30405"}],"wp:featuredmedia":[{"embeddable":true,"href":"https:\/\/larevistadigital.com.ar\/blog\/wp-json\/wp\/v2\/media\/30404"}],"wp:attachment":[{"href":"https:\/\/larevistadigital.com.ar\/blog\/wp-json\/wp\/v2\/media?parent=30403"}],"wp:term":[{"taxonomy":"category","embeddable":true,"href":"https:\/\/larevistadigital.com.ar\/blog\/wp-json\/wp\/v2\/categories?post=30403"},{"taxonomy":"post_tag","embeddable":true,"href":"https:\/\/larevistadigital.com.ar\/blog\/wp-json\/wp\/v2\/tags?post=30403"}],"curies":[{"name":"wp","href":"https:\/\/api.w.org\/{rel}","templated":true}]}}