{"id":30406,"date":"2023-03-06T13:53:29","date_gmt":"2023-03-06T13:53:29","guid":{"rendered":"https:\/\/larevistadigital.com.ar\/blog\/?p=30406"},"modified":"2023-03-06T13:54:10","modified_gmt":"2023-03-06T13:54:10","slug":"la-plata-conmicion-un-hombre-entro-armado-a-un-jardin-para-llevarse-una-nena","status":"publish","type":"post","link":"https:\/\/larevistadigital.com.ar\/blog\/la-plata-conmicion-un-hombre-entro-armado-a-un-jardin-para-llevarse-una-nena\/","title":{"rendered":"LA PLATA: CONMICI\u00d3N. UN HOMBRE ENTR\u00d3 ARMADO A UN JARD\u00cdN PARA LLEVARSE UNA NENA"},"content":{"rendered":"<h2 class=\"negrita\">La instituci\u00f3n denunci\u00f3 el episodio violento y\u00a0consiguieron una perimetral contra el agresor.\u00a0Temen por una nueva aparici\u00f3n violenta<\/h2>\n<p class=\"fecha\">06 de marzo de 2023<\/p>\n<div class=\"texto\">\n<p><strong>Un hombre armado entr\u00f3 a un jard\u00edn de infantes de La Plata y\u00a0amenaz\u00f3 a todos para retirar a una nena.<\/strong>\u00a0El hecho gener\u00f3 una fuerte conmoci\u00f3n en la instituci\u00f3n y, seg\u00fan trascendi\u00f3 horas m\u00e1s tarde, el agresor ten\u00eda la tutela legal de la chiquita, pero la hab\u00eda perdido. Con\u00a0<strong>insultos y amenazas,\u00a0<\/strong>apunt\u00f3 con el arma contra todos los padres y docentes presentes e intent\u00f3 llevarse a la menor de edad.<\/p>\n<blockquote>\n<h3>El episodio cargado de violencia caus\u00f3 un enorme susto en toda la comunidad educativa de la instituci\u00f3n, por lo que se elev\u00f3 una denuncia contra el agresor para prohibirle su cercan\u00eda a las inmediaciones de la escuela y el resto del personal.<\/h3>\n<\/blockquote>\n<p>El caso ocurri\u00f3 en el\u00a0<strong>Jard\u00edn de Infantes N\u00ba 958<\/strong>, ubicado en\u00a0<strong>155 y 44<\/strong>, donde este hombre tom\u00f3 por la fuerza a la nena y amenaz\u00f3 al resto de los presentes al grito de\u00a0<strong>\u00abno tengo nada que perder, me quitaron a mi hija\u00bb.\u00a0<\/strong>M\u00e1s tarde, se supo que hac\u00eda algunos d\u00edas tuvo que dejar de ver a la nena por una denuncia en su contra.<\/p>\n<blockquote>\n<h3>Este sospechaba que lo hab\u00edan denunciado desde adentro del colegio, por ese motivo\u00a0<strong>amenaz\u00f3 con \u00abvolar todo\u00bb<\/strong>. \u00abNos dijo que nos iba a matar a todas, que \u00e9l no ten\u00eda nada que perder, porque le hab\u00edan sacado la tutela\u00bb, expresaron desde la instituci\u00f3n del barrio El Retiro.<\/h3>\n<\/blockquote>\n<p><a class=\"link\" href=\"https:\/\/i0.wp.com\/pxb.cdn.0221.com.ar\/0221\/122021\/1638477136275.jpeg?ssl=1\" target=\"_blank\" rel=\"noopener\"><img data-recalc-dims=\"1\" decoding=\"async\" src=\"https:\/\/i0.wp.com\/pxb.cdn.0221.com.ar\/0221\/122021\/1638477136275.jpeg?ssl=1\" alt=\"\" \/><\/a><\/p>\n<blockquote>\n<h3>Finalmente, en medio del p\u00e1nico y la conmoci\u00f3n por el hecho, docentes y auxiliares lograron sacarle a la menor de sus brazos y hacer que se vaya del establecimiento. Luego, el hombre escap\u00f3.<\/h3>\n<\/blockquote>\n<p>M\u00e1s all\u00e1 de que se haya instalado un patrullero policial en la zona y que la denuncia sirva para delimitar la distancia entre el hombre y el personal escolar, los trabajadores del lugar manifestaron sentir miedo ante una situaci\u00f3n que creen que no cambiar\u00e1 a pesar de la medida judicial.<\/p>\n<p>Mientras tanto, desde la Secretar\u00eda de Ni\u00f1ez y Adolescencia del Municipio se encargaron de la menor de edad, iniciando una investigaci\u00f3n acerca del caso.<\/p>\n<p>publicado en 0221<\/p>\n<\/div>\n","protected":false},"excerpt":{"rendered":"<div class=\"mh-excerpt\"><p>La instituci\u00f3n denunci\u00f3 el episodio violento y\u00a0consiguieron una perimetral contra el agresor.\u00a0Temen por una nueva aparici\u00f3n violenta 06 de marzo de 2023 Un hombre armado entr\u00f3 a un jard\u00edn de infantes de La Plata y\u00a0amenaz\u00f3 <a class=\"mh-excerpt-more\" href=\"https:\/\/larevistadigital.com.ar\/blog\/la-plata-conmicion-un-hombre-entro-armado-a-un-jardin-para-llevarse-una-nena\/\" title=\"LA PLATA: CONMICI\u00d3N. UN HOMBRE ENTR\u00d3 ARMADO A UN JARD\u00cdN PARA LLEVARSE UNA NENA\">[Leer M\u00e1s]<\/a><\/p>\n<\/div>","protected":false},"author":3,"featured_media":30407,"comment_status":"open","ping_status":"open","sticky":false,"template":"","format":"standard","meta":{"_jetpack_memberships_contains_paid_content":false,"footnotes":"","jetpack_publicize_message":"","jetpack_publicize_feature_enabled":true,"jetpack_social_post_already_shared":true,"jetpack_social_options":{"image_generator_settings":{"template":"highway","default_image_id":0,"font":"","enabled":false},"version":2}},"categories":[44,51],"tags":[],"class_list":{"0":"post-30406","1":"post","2":"type-post","3":"status-publish","4":"format-standard","5":"has-post-thumbnail","7":"category-policiales","8":"category-regionales"},"jetpack_publicize_connections":[],"jetpack_featured_media_url":"https:\/\/i0.wp.com\/larevistadigital.com.ar\/blog\/wp-content\/uploads\/1638477133298.jpg?fit=1920%2C950&ssl=1","jetpack_sharing_enabled":true,"jetpack_shortlink":"https:\/\/wp.me\/p8qtrQ-7Uq","jetpack-related-posts":[{"id":21018,"url":"https:\/\/larevistadigital.com.ar\/blog\/denuncian-a-un-hombre-por-violar-a-su-hija-y-el-padre-de-su-ex-lo-baleo-en-la-cara\/","url_meta":{"origin":30406,"position":0},"title":"DENUNCIAN A UN HOMBRE POR VIOLAR A SU HIJA, Y EL PADRE DE SU EX LO BALE\u00d3 EN LA CARA","author":"Alejandro Sosa Ruda","date":"5 julio, 2021","format":false,"excerpt":"El ataqu\u00e9 ocurri\u00f3 ayer a la tarde, en el interior de una verduler\u00eda. La v\u00edctima tiene 28 a\u00f1os y qued\u00f3 internada en el Hospital Interzonal con una herida de arma de fuego en el rostro. El agresor se dio a la fuga y es buscado por la polic\u00eda. La fiscal\u00eda\u2026","rel":"","context":"En \u00abPOLICIALES\u00bb","block_context":{"text":"POLICIALES","link":"https:\/\/larevistadigital.com.ar\/blog\/category\/policiales\/"},"img":{"alt_text":"","src":"https:\/\/i0.wp.com\/larevistadigital.com.ar\/blog\/wp-content\/uploads\/Captura-de-pantalla-2021-07-04-210600.png?fit=1008%2C670&ssl=1&resize=350%2C200","width":350,"height":200,"srcset":"https:\/\/i0.wp.com\/larevistadigital.com.ar\/blog\/wp-content\/uploads\/Captura-de-pantalla-2021-07-04-210600.png?fit=1008%2C670&ssl=1&resize=350%2C200 1x, https:\/\/i0.wp.com\/larevistadigital.com.ar\/blog\/wp-content\/uploads\/Captura-de-pantalla-2021-07-04-210600.png?fit=1008%2C670&ssl=1&resize=525%2C300 1.5x, https:\/\/i0.wp.com\/larevistadigital.com.ar\/blog\/wp-content\/uploads\/Captura-de-pantalla-2021-07-04-210600.png?fit=1008%2C670&ssl=1&resize=700%2C400 2x"},"classes":[]},{"id":35402,"url":"https:\/\/larevistadigital.com.ar\/blog\/la-plata-doble-homicidio-sangriento-un-hombre-mato-a-una-nena-de-11-anos-e-hirio-a-la-mama-que-a-su-vez-lo-asesino-a-tiros\/","url_meta":{"origin":30406,"position":1},"title":"LA PLATA: DOBLE HOMICIDIO SANGRIENTO. UN HOMBRE MAT\u00d3 A UNA NENA DE 11 A\u00d1OS E HIRI\u00d3 A LA MAM\u00c1, QUE A SU VEZ LO ASESIN\u00d3 A TIROS","author":"Alejandro Sosa Ruda","date":"7 marzo, 2024","format":false,"excerpt":"El asesino irrumpi\u00f3 en la casa de su expareja y comenz\u00f3 a dispararle a ella, la peque\u00f1a y el actual novio de la mujer, quien le quit\u00f3 el arma y lo mat\u00f3. 6 de marzo de 2024 LA PLATA -\u00a0 \"Un brutal ataque en La Plata se convirti\u00f3 en tragedia\u2026","rel":"","context":"En \u00abINTERES GENERAL\u00bb","block_context":{"text":"INTERES GENERAL","link":"https:\/\/larevistadigital.com.ar\/blog\/category\/interes-general\/"},"img":{"alt_text":"","src":"https:\/\/i0.wp.com\/larevistadigital.com.ar\/blog\/wp-content\/uploads\/Captura-de-pantalla-2024-03-06-090715.png?fit=895%2C401&ssl=1&resize=350%2C200","width":350,"height":200,"srcset":"https:\/\/i0.wp.com\/larevistadigital.com.ar\/blog\/wp-content\/uploads\/Captura-de-pantalla-2024-03-06-090715.png?fit=895%2C401&ssl=1&resize=350%2C200 1x, https:\/\/i0.wp.com\/larevistadigital.com.ar\/blog\/wp-content\/uploads\/Captura-de-pantalla-2024-03-06-090715.png?fit=895%2C401&ssl=1&resize=525%2C300 1.5x, https:\/\/i0.wp.com\/larevistadigital.com.ar\/blog\/wp-content\/uploads\/Captura-de-pantalla-2024-03-06-090715.png?fit=895%2C401&ssl=1&resize=700%2C400 2x"},"classes":[]},{"id":13105,"url":"https:\/\/larevistadigital.com.ar\/blog\/la-plata-muere-nena-de-4-anos-en-accidente\/","url_meta":{"origin":30406,"position":2},"title":"LA PLATA: MUERE NENA DE 4 A\u00d1OS EN ACCIDENTE","author":"Alejandro Sosa Ruda","date":"7 noviembre, 2019","format":false,"excerpt":"Sucedi\u00f3 esta madrugada, en La Plata. Viajaba junto a su pap\u00e1 y su mam\u00e1 cuando el auto perdi\u00f3 el control y termin\u00f3 contra las rejas de una vivienda. El accidente se produjo alrededor de las 3:30 en la avenida 44 y 157 (en el oeste de la ciudad de La\u2026","rel":"","context":"En \u00abPOLICIALES\u00bb","block_context":{"text":"POLICIALES","link":"https:\/\/larevistadigital.com.ar\/blog\/category\/policiales\/"},"img":{"alt_text":"","src":"https:\/\/i0.wp.com\/larevistadigital.com.ar\/blog\/wp-content\/uploads\/a828ba3b5dd789f33232d191fb12dd290352d9c5.jpg?fit=1140%2C759&ssl=1&resize=350%2C200","width":350,"height":200,"srcset":"https:\/\/i0.wp.com\/larevistadigital.com.ar\/blog\/wp-content\/uploads\/a828ba3b5dd789f33232d191fb12dd290352d9c5.jpg?fit=1140%2C759&ssl=1&resize=350%2C200 1x, https:\/\/i0.wp.com\/larevistadigital.com.ar\/blog\/wp-content\/uploads\/a828ba3b5dd789f33232d191fb12dd290352d9c5.jpg?fit=1140%2C759&ssl=1&resize=525%2C300 1.5x, https:\/\/i0.wp.com\/larevistadigital.com.ar\/blog\/wp-content\/uploads\/a828ba3b5dd789f33232d191fb12dd290352d9c5.jpg?fit=1140%2C759&ssl=1&resize=700%2C400 2x, https:\/\/i0.wp.com\/larevistadigital.com.ar\/blog\/wp-content\/uploads\/a828ba3b5dd789f33232d191fb12dd290352d9c5.jpg?fit=1140%2C759&ssl=1&resize=1050%2C600 3x"},"classes":[]},{"id":34128,"url":"https:\/\/larevistadigital.com.ar\/blog\/mar-del-plata-una-nena-discapacitada-de-11-anos-fua-violada-por-su-padrastro-y-quedo-embarazada\/","url_meta":{"origin":30406,"position":3},"title":"MAR DEL PLATA: UNA NENA DISCAPACITADA DE 11 A\u00d1OS FUA VIOLADA POR SU PADRASTRO Y QUED\u00d3 EMBARAZADA","author":"Alejandro Sosa Ruda","date":"19 octubre, 2023","format":false,"excerpt":"Se llev\u00f3 adelante el protocolo de interrupci\u00f3n del embarazo y la menor permanece internada en el Hospital Materno Infantil. El hombre est\u00e1 detenido en la Alcaid\u00eda Penitenciaria N\u00ba 44 de Bat\u00e1n. 19 de Octubre de 2023 MAR DEL PLATA -\u00a0En las \u00faltimas horas, en Mar del Plata, ha salido a\u2026","rel":"","context":"En \u00abDESTACADAS\u00bb","block_context":{"text":"DESTACADAS","link":"https:\/\/larevistadigital.com.ar\/blog\/category\/destacadas\/"},"img":{"alt_text":"","src":"https:\/\/i0.wp.com\/larevistadigital.com.ar\/blog\/wp-content\/uploads\/maternoinfantil.jpg?fit=1200%2C814&ssl=1&resize=350%2C200","width":350,"height":200,"srcset":"https:\/\/i0.wp.com\/larevistadigital.com.ar\/blog\/wp-content\/uploads\/maternoinfantil.jpg?fit=1200%2C814&ssl=1&resize=350%2C200 1x, https:\/\/i0.wp.com\/larevistadigital.com.ar\/blog\/wp-content\/uploads\/maternoinfantil.jpg?fit=1200%2C814&ssl=1&resize=525%2C300 1.5x, https:\/\/i0.wp.com\/larevistadigital.com.ar\/blog\/wp-content\/uploads\/maternoinfantil.jpg?fit=1200%2C814&ssl=1&resize=700%2C400 2x, https:\/\/i0.wp.com\/larevistadigital.com.ar\/blog\/wp-content\/uploads\/maternoinfantil.jpg?fit=1200%2C814&ssl=1&resize=1050%2C600 3x"},"classes":[]},{"id":21792,"url":"https:\/\/larevistadigital.com.ar\/blog\/mar-del-plata-desconocido-agredio-a-golpes-y-patadas-a-una-mujer-en-un-restaurant\/","url_meta":{"origin":30406,"position":4},"title":"MAR DEL PLATA: DESCONOCIDO AGREDI\u00d3 A GOLPES Y PATADAS A UNA MUJER EN UN RESTAURANT","author":"Alejandro Sosa Ruda","date":"30 agosto, 2021","format":false,"excerpt":"Un ins\u00f3lito episodio ocurri\u00f3\u00a0 en la localidad de Bat\u00e1n. La mujer, que qued\u00f3 inconsciente, no conoc\u00eda a su agresor. MAR DEL PLATA - Un violento episodio\u00a0se produjo durante la noche del domingo, cuando un sujeto golpe\u00f3 salvajemente a una mujer que se encontraba en un restaurant junto a su familia\u2026","rel":"","context":"En \u00abPOLICIALES\u00bb","block_context":{"text":"POLICIALES","link":"https:\/\/larevistadigital.com.ar\/blog\/category\/policiales\/"},"img":{"alt_text":"","src":"https:\/\/i0.wp.com\/larevistadigital.com.ar\/blog\/wp-content\/uploads\/AGRESOR.png?fit=1002%2C491&ssl=1&resize=350%2C200","width":350,"height":200,"srcset":"https:\/\/i0.wp.com\/larevistadigital.com.ar\/blog\/wp-content\/uploads\/AGRESOR.png?fit=1002%2C491&ssl=1&resize=350%2C200 1x, https:\/\/i0.wp.com\/larevistadigital.com.ar\/blog\/wp-content\/uploads\/AGRESOR.png?fit=1002%2C491&ssl=1&resize=525%2C300 1.5x, https:\/\/i0.wp.com\/larevistadigital.com.ar\/blog\/wp-content\/uploads\/AGRESOR.png?fit=1002%2C491&ssl=1&resize=700%2C400 2x"},"classes":[]},{"id":23609,"url":"https:\/\/larevistadigital.com.ar\/blog\/engano-con-regalos-y-caramelos-a-una-nena-de-7-anos-y-abuso-de-ella\/","url_meta":{"origin":30406,"position":5},"title":"ENGA\u00d1\u00d3 CON REGALOS Y CARAMELOS A UNA NENA DE 7 A\u00d1OS Y ABUS\u00d3 DE ELLA","author":"Alejandro Sosa Ruda","date":"27 enero, 2022","format":false,"excerpt":"El aberrante hecho fue descubierto por la empleada dom\u00e9stica del agresor, que fue detenido en la localidad de Ver\u00f3nica. VER\u00d3NICA -\u00a0 Un conmocionante hecho de abuso de menores tuvo lugar en la regi\u00f3n y sali\u00f3 a la luz en las \u00faltimas horas, luego de que la trabajadora dom\u00e9stica de un\u2026","rel":"","context":"En \u00abPOLICIALES\u00bb","block_context":{"text":"POLICIALES","link":"https:\/\/larevistadigital.com.ar\/blog\/category\/policiales\/"},"img":{"alt_text":"","src":"https:\/\/i0.wp.com\/larevistadigital.com.ar\/blog\/wp-content\/uploads\/Captura-39.png?fit=1200%2C606&ssl=1&resize=350%2C200","width":350,"height":200,"srcset":"https:\/\/i0.wp.com\/larevistadigital.com.ar\/blog\/wp-content\/uploads\/Captura-39.png?fit=1200%2C606&ssl=1&resize=350%2C200 1x, https:\/\/i0.wp.com\/larevistadigital.com.ar\/blog\/wp-content\/uploads\/Captura-39.png?fit=1200%2C606&ssl=1&resize=525%2C300 1.5x, https:\/\/i0.wp.com\/larevistadigital.com.ar\/blog\/wp-content\/uploads\/Captura-39.png?fit=1200%2C606&ssl=1&resize=700%2C400 2x, https:\/\/i0.wp.com\/larevistadigital.com.ar\/blog\/wp-content\/uploads\/Captura-39.png?fit=1200%2C606&ssl=1&resize=1050%2C600 3x"},"classes":[]}],"_links":{"self":[{"href":"https:\/\/larevistadigital.com.ar\/blog\/wp-json\/wp\/v2\/posts\/30406","targetHints":{"allow":["GET"]}}],"collection":[{"href":"https:\/\/larevistadigital.com.ar\/blog\/wp-json\/wp\/v2\/posts"}],"about":[{"href":"https:\/\/larevistadigital.com.ar\/blog\/wp-json\/wp\/v2\/types\/post"}],"author":[{"embeddable":true,"href":"https:\/\/larevistadigital.com.ar\/blog\/wp-json\/wp\/v2\/users\/3"}],"replies":[{"embeddable":true,"href":"https:\/\/larevistadigital.com.ar\/blog\/wp-json\/wp\/v2\/comments?post=30406"}],"version-history":[{"count":2,"href":"https:\/\/larevistadigital.com.ar\/blog\/wp-json\/wp\/v2\/posts\/30406\/revisions"}],"predecessor-version":[{"id":30409,"href":"https:\/\/larevistadigital.com.ar\/blog\/wp-json\/wp\/v2\/posts\/30406\/revisions\/30409"}],"wp:featuredmedia":[{"embeddable":true,"href":"https:\/\/larevistadigital.com.ar\/blog\/wp-json\/wp\/v2\/media\/30407"}],"wp:attachment":[{"href":"https:\/\/larevistadigital.com.ar\/blog\/wp-json\/wp\/v2\/media?parent=30406"}],"wp:term":[{"taxonomy":"category","embeddable":true,"href":"https:\/\/larevistadigital.com.ar\/blog\/wp-json\/wp\/v2\/categories?post=30406"},{"taxonomy":"post_tag","embeddable":true,"href":"https:\/\/larevistadigital.com.ar\/blog\/wp-json\/wp\/v2\/tags?post=30406"}],"curies":[{"name":"wp","href":"https:\/\/api.w.org\/{rel}","templated":true}]}}