{"id":30410,"date":"2023-03-06T13:59:55","date_gmt":"2023-03-06T13:59:55","guid":{"rendered":"https:\/\/larevistadigital.com.ar\/blog\/?p=30410"},"modified":"2023-03-06T13:59:55","modified_gmt":"2023-03-06T13:59:55","slug":"atencion-pinchas-estaria-todo-acordado-para-anunciar-a-eduardo-dominguez-como-el-nuevo-tecnico-de-estudiantes","status":"publish","type":"post","link":"https:\/\/larevistadigital.com.ar\/blog\/atencion-pinchas-estaria-todo-acordado-para-anunciar-a-eduardo-dominguez-como-el-nuevo-tecnico-de-estudiantes\/","title":{"rendered":"\u00a1ATENCI\u00d3N \u00abPINCHAS\u00bb! ESTAR\u00cdA TODO ACORDADO PARA ANUNCIAR A EDUARDO DOMINGUEZ COMO EL NUEVO T\u00c9CNICO DE ESTUDIANTES."},"content":{"rendered":"<h2 class=\"negrita\">Autoridades de la entidad pincharrata\u00a0indicaron que solo falta el anuncio. La presentaci\u00f3n ser\u00eda el lunes o martes y ya dirigir\u00eda el pr\u00f3ximo partido del Pincha.<\/h2>\n<p class=\"fecha\">05 de marzo de 2023<\/p>\n<div class=\"texto\">\n<p>Apenas unas horas despu\u00e9s de la confirmaci\u00f3n de la salida de\u00a0<strong>Abel Balbo<\/strong>\u00a0la dirigencia de Estudiantes de La Plata ya cerr\u00f3 la contrataci\u00f3n de su reemplazante: se trata\u00a0<strong>Eduardo Dom\u00ednguez<\/strong>, exDT de Independiente,\u00a0Col\u00f3n de Santa Fe y Hurac\u00e1n, quien\u00a0<strong>ser\u00e1 presentado en las pr\u00f3ximas horas para que ya est\u00e9 sentado en el banco de los suplentes en el pr\u00f3ximo partido del Pincha ante el Globo de Parque Patricios<\/strong>.<\/p>\n<p>As\u00ed lo confirmaron fuentes de la Comisi\u00f3n Directiva del club citadas por la agencia Telam, quienes aunque indicaron que el anuncio oficial no se realizar\u00e1 hasta que est\u00e9 definitivamente cerrada la salida de Balbo, est\u00e1n todos los t\u00e9rminos acordados para el desembarco del nuevo conductor. Seg\u00fan precisaron la presentaci\u00f3n formal ser\u00e1 en las pr\u00f3ximas horas,\u00a0<b>\u00abentre el lunes y el martes\u00bb<\/b>\u00a0de la semana que arranca.<\/p>\n<p><a class=\"link\" href=\"https:\/\/i0.wp.com\/pxb.cdn.0221.com.ar\/0221\/032023\/1678043825449.jpg?ssl=1\" target=\"_blank\" rel=\"noopener\"><img data-recalc-dims=\"1\" decoding=\"async\" src=\"https:\/\/i0.wp.com\/pxb.cdn.0221.com.ar\/0221\/032023\/1678043825449.jpg?ssl=1\" alt=\"\" \/><\/a><\/p>\n<div class=\"contenedor__publicidad\">\n<div class=\"publicidad P10 desktop\">\n<div id=\"Inline\">La repentina salida de Balbo, hizo que en Estudiantes pusieran en marcha el operativo para contratar a un DT que sin dudas tenga cercan\u00eda con la ideolog\u00eda del club y cuente con una aprobaci\u00f3n general del hincha albirrojo, algo que Abel nunca logr\u00f3. Como ya hab\u00eda indicado el portal <b>0221.com.ar<\/b>,\u00a0el principal apuntado era Dom\u00ednguez, quien dej\u00f3 una excelente imagen en\u00a0Col\u00f3n de Santa Fe\u00a0y hasta estuvo en la mira de los dirigentes del Pincha, luego de la partida\u00a0<strong>del Ruso Zielinsky<\/strong>.<\/div>\n<\/div>\n<\/div>\n<p>En este contexto,\u00a0<strong>Dom\u00ednguez<\/strong> habr\u00eda demostrado sus intenciones de dirigir en esta etapa a Estudiantes, lo cual simplific\u00f3 todas las negociaciones. Su figura\u00a0cuenta con el visto bueno de los referentes del plantel y eso es algo que le dio un plus por sobre otros candidatos.<\/p>\n<p>&nbsp;<\/p>\n<p>La intenci\u00f3n es que Eduardo Dom\u00ednguez puede incorporarse cuanto antes y de lo posible estar sentado en el banco en el duelo ante el Globo de Parque Patricios, en la antesala de una nueva edici\u00f3n del cl\u00e1sico platense.\u00a0\u00a0En principio, Dom\u00ednguez mantendr\u00e1 su grupo de trabajo: Leandro D\u00edaz y Carlos Verna como ayudantes de campo y Pablo Santella como preparador f\u00edsico.<\/p>\n<blockquote>\n<h3>El nuevo DT tiene 44 a\u00f1os y\u00a0fue la opci\u00f3n primaria de la dirigencia, que no negoci\u00f3 con ning\u00fan otro entrenador en estas horas. Algunos fueron ofrecidos y otros nombres que pod\u00edan ser analizados resultaban imposibles como los de\u00a0<strong>Ricardo Gareca y Gustavo Alfaro<\/strong>.<\/h3>\n<\/blockquote>\n<p><a class=\"link\" href=\"https:\/\/i0.wp.com\/pxb.cdn.0221.com.ar\/0221\/032023\/1678043824127.jpg?ssl=1\" target=\"_blank\" rel=\"noopener\"><img data-recalc-dims=\"1\" decoding=\"async\" src=\"https:\/\/i0.wp.com\/pxb.cdn.0221.com.ar\/0221\/032023\/1678043824127.jpg?ssl=1\" alt=\"\" \/><\/a><\/p>\n<p>&nbsp;<\/p>\n<\/div>\n","protected":false},"excerpt":{"rendered":"<div class=\"mh-excerpt\"><p>Autoridades de la entidad pincharrata\u00a0indicaron que solo falta el anuncio. La presentaci\u00f3n ser\u00eda el lunes o martes y ya dirigir\u00eda el pr\u00f3ximo partido del Pincha. 05 de marzo de 2023 Apenas unas horas despu\u00e9s de <a class=\"mh-excerpt-more\" href=\"https:\/\/larevistadigital.com.ar\/blog\/atencion-pinchas-estaria-todo-acordado-para-anunciar-a-eduardo-dominguez-como-el-nuevo-tecnico-de-estudiantes\/\" title=\"\u00a1ATENCI\u00d3N \u00abPINCHAS\u00bb! ESTAR\u00cdA TODO ACORDADO PARA ANUNCIAR A EDUARDO DOMINGUEZ COMO EL NUEVO T\u00c9CNICO DE ESTUDIANTES.\">[Leer M\u00e1s]<\/a><\/p>\n<\/div>","protected":false},"author":3,"featured_media":30411,"comment_status":"open","ping_status":"open","sticky":false,"template":"","format":"standard","meta":{"_jetpack_memberships_contains_paid_content":false,"footnotes":"","jetpack_publicize_message":"","jetpack_publicize_feature_enabled":true,"jetpack_social_post_already_shared":true,"jetpack_social_options":{"image_generator_settings":{"template":"highway","default_image_id":0,"font":"","enabled":false},"version":2}},"categories":[8,50],"tags":[],"class_list":{"0":"post-30410","1":"post","2":"type-post","3":"status-publish","4":"format-standard","5":"has-post-thumbnail","7":"category-deportes","8":"category-interes-general"},"jetpack_publicize_connections":[],"jetpack_featured_media_url":"https:\/\/i0.wp.com\/larevistadigital.com.ar\/blog\/wp-content\/uploads\/1678043824824.jpg?fit=1920%2C950&ssl=1","jetpack_sharing_enabled":true,"jetpack_shortlink":"https:\/\/wp.me\/p8qtrQ-7Uu","jetpack-related-posts":[{"id":44058,"url":"https:\/\/larevistadigital.com.ar\/blog\/eduardo-dominguez-dejara-de-ser-el-dt-de-estudiantes-y-se-va-a-dirigir-a-atletico-mineiro\/","url_meta":{"origin":30410,"position":0},"title":"Eduardo Dom\u00ednguez dejar\u00e1 de ser el DT de Estudiantes y se va a dirigir a Atl\u00e9tico Mineiro","author":"Alejandro Sosa Ruda","date":"20 febrero, 2026","format":false,"excerpt":"Una noticia inesperada sacudi\u00f3 a todo Estudiantes. Eduardo Dom\u00ednguez renuncia, se va del club y ser\u00e1 nuevo entrenador del equipo brasile\u00f1o. 20 de febrero de 2026 Bombazo en La Plata. Tras la salida de Cristian Medina, ahora se confirm\u00f3 que Eduardo Dom\u00ednguez dejar\u00e1 Estudiantes despu\u00e9s de dirigir su \u00faltimo partido\u2026","rel":"","context":"En \u00abINTERES GENERAL\u00bb","block_context":{"text":"INTERES GENERAL","link":"https:\/\/larevistadigital.com.ar\/blog\/category\/interes-general\/"},"img":{"alt_text":"","src":"https:\/\/i0.wp.com\/larevistadigital.com.ar\/blog\/wp-content\/uploads\/Captura-de-pantalla-2026-02-20-011642.jpg?fit=779%2C514&ssl=1&resize=350%2C200","width":350,"height":200,"srcset":"https:\/\/i0.wp.com\/larevistadigital.com.ar\/blog\/wp-content\/uploads\/Captura-de-pantalla-2026-02-20-011642.jpg?fit=779%2C514&ssl=1&resize=350%2C200 1x, https:\/\/i0.wp.com\/larevistadigital.com.ar\/blog\/wp-content\/uploads\/Captura-de-pantalla-2026-02-20-011642.jpg?fit=779%2C514&ssl=1&resize=525%2C300 1.5x, https:\/\/i0.wp.com\/larevistadigital.com.ar\/blog\/wp-content\/uploads\/Captura-de-pantalla-2026-02-20-011642.jpg?fit=779%2C514&ssl=1&resize=700%2C400 2x"},"classes":[]},{"id":26539,"url":"https:\/\/larevistadigital.com.ar\/blog\/hoy-a-las-16-hs-estudiantes-se-mide-con-belgrano-por-la-copa-argentina\/","url_meta":{"origin":30410,"position":1},"title":"HOY A LAS 16 HS. ESTUDIANTES SE MIDE CON BELGRANO POR LA COPA ARGENTINA","author":"Alejandro Sosa Ruda","date":"13 julio, 2022","format":false,"excerpt":"El Pincha\u00a0se enfrentar\u00e1 al conjunto cordob\u00e9s este mi\u00e9rcoles a las 16 y si logra llevarse la victoria quedar\u00e1 en octavos de final del certamen nacional. LA PLATA -\u00a0 Estudiantes jugar\u00e1 este mi\u00e9rcoles frente a Belgrano de C\u00f3rdoba por los 16avos de la Copa Argentina y buscar\u00e1 ganar para avanzar de\u2026","rel":"","context":"En \u00abDEPORTES\u00bb","block_context":{"text":"DEPORTES","link":"https:\/\/larevistadigital.com.ar\/blog\/category\/deportes\/"},"img":{"alt_text":"","src":"https:\/\/i0.wp.com\/larevistadigital.com.ar\/blog\/wp-content\/uploads\/1649382818676.jpg?fit=1200%2C594&ssl=1&resize=350%2C200","width":350,"height":200,"srcset":"https:\/\/i0.wp.com\/larevistadigital.com.ar\/blog\/wp-content\/uploads\/1649382818676.jpg?fit=1200%2C594&ssl=1&resize=350%2C200 1x, https:\/\/i0.wp.com\/larevistadigital.com.ar\/blog\/wp-content\/uploads\/1649382818676.jpg?fit=1200%2C594&ssl=1&resize=525%2C300 1.5x, https:\/\/i0.wp.com\/larevistadigital.com.ar\/blog\/wp-content\/uploads\/1649382818676.jpg?fit=1200%2C594&ssl=1&resize=700%2C400 2x, https:\/\/i0.wp.com\/larevistadigital.com.ar\/blog\/wp-content\/uploads\/1649382818676.jpg?fit=1200%2C594&ssl=1&resize=1050%2C600 3x"},"classes":[]},{"id":26530,"url":"https:\/\/larevistadigital.com.ar\/blog\/eduardo-dominguez-dejo-de-ser-el-tecnico-de-independiente\/","url_meta":{"origin":30410,"position":2},"title":"EDUARDO DOMINGUEZ DEJ\u00d3 DE SER EL T\u00c9CNICO DE INDEPENDIENTE","author":"Alejandro Sosa Ruda","date":"13 julio, 2022","format":false,"excerpt":"Present\u00f3 su renuncia \"indeclinable\" tras la derrota en el cl\u00e1sico ante Racing. Claudio Graf, actualmente al frente de la reserva, asumir\u00e1 como t\u00e9cnico interino. El entrenador\u00a0Eduardo Dom\u00ednguez\u00a0dej\u00f3 este martes su cargo como director t\u00e9cnico de\u00a0Independiente, tras reunirse con directivos de la entidad de Avellaneda en el predio que el club\u2026","rel":"","context":"En \u00abDEPORTES\u00bb","block_context":{"text":"DEPORTES","link":"https:\/\/larevistadigital.com.ar\/blog\/category\/deportes\/"},"img":{"alt_text":"","src":"https:\/\/i0.wp.com\/larevistadigital.com.ar\/blog\/wp-content\/uploads\/FXUSM6CWAAAL1ZX.jpg?fit=1200%2C800&ssl=1&resize=350%2C200","width":350,"height":200,"srcset":"https:\/\/i0.wp.com\/larevistadigital.com.ar\/blog\/wp-content\/uploads\/FXUSM6CWAAAL1ZX.jpg?fit=1200%2C800&ssl=1&resize=350%2C200 1x, https:\/\/i0.wp.com\/larevistadigital.com.ar\/blog\/wp-content\/uploads\/FXUSM6CWAAAL1ZX.jpg?fit=1200%2C800&ssl=1&resize=525%2C300 1.5x, https:\/\/i0.wp.com\/larevistadigital.com.ar\/blog\/wp-content\/uploads\/FXUSM6CWAAAL1ZX.jpg?fit=1200%2C800&ssl=1&resize=700%2C400 2x, https:\/\/i0.wp.com\/larevistadigital.com.ar\/blog\/wp-content\/uploads\/FXUSM6CWAAAL1ZX.jpg?fit=1200%2C800&ssl=1&resize=1050%2C600 3x"},"classes":[]},{"id":19648,"url":"https:\/\/larevistadigital.com.ar\/blog\/mauro-diaz-dio-positivo-de-covid-en-estudiantes-y-se-pierde-el-clasico-con-gimnasia\/","url_meta":{"origin":30410,"position":3},"title":"MAURO D\u00cdAZ DIO POSITIVO DE COVID EN ESTUDIANTES Y SE PIERDE EL CL\u00c1SICO CON GIMNASIA","author":"Alejandro Sosa Ruda","date":"14 abril, 2021","format":false,"excerpt":"El jugador del Pincha tuvo contacto estrecho con un familiar y se termin\u00f3 contagiando. Ahora se perder\u00e1 el duelo ante el Lobo y esperan por su evoluci\u00f3n. LA PLATA - Malas noticias para el conjunto dirigido por el Ruso Zielinski.\u00a0Este mi\u00e9rcoles se confirm\u00f3 el diagn\u00f3stico positivo de Mauro D\u00edaz, en\u2026","rel":"","context":"En \u00abDEPORTES\u00bb","block_context":{"text":"DEPORTES","link":"https:\/\/larevistadigital.com.ar\/blog\/category\/deportes\/"},"img":{"alt_text":"","src":"https:\/\/i0.wp.com\/larevistadigital.com.ar\/blog\/wp-content\/uploads\/mauro-diaz-jugador-estudiantes.jpg?fit=1200%2C675&ssl=1&resize=350%2C200","width":350,"height":200,"srcset":"https:\/\/i0.wp.com\/larevistadigital.com.ar\/blog\/wp-content\/uploads\/mauro-diaz-jugador-estudiantes.jpg?fit=1200%2C675&ssl=1&resize=350%2C200 1x, https:\/\/i0.wp.com\/larevistadigital.com.ar\/blog\/wp-content\/uploads\/mauro-diaz-jugador-estudiantes.jpg?fit=1200%2C675&ssl=1&resize=525%2C300 1.5x, https:\/\/i0.wp.com\/larevistadigital.com.ar\/blog\/wp-content\/uploads\/mauro-diaz-jugador-estudiantes.jpg?fit=1200%2C675&ssl=1&resize=700%2C400 2x, https:\/\/i0.wp.com\/larevistadigital.com.ar\/blog\/wp-content\/uploads\/mauro-diaz-jugador-estudiantes.jpg?fit=1200%2C675&ssl=1&resize=1050%2C600 3x"},"classes":[]},{"id":19830,"url":"https:\/\/larevistadigital.com.ar\/blog\/tandil-disponen-que-toda-actividad-cierre-a-las-18-horas\/","url_meta":{"origin":30410,"position":4},"title":"TANDIL: DISPONEN QUE TODA ACTIVIDAD CIERRE A LAS 18 HORAS","author":"Alejandro Sosa Ruda","date":"23 abril, 2021","format":false,"excerpt":"El intendente Miguel Lunghi\u00a0anunci\u00f3 este jueves que por el plazo preciso de 14 d\u00edas, a partir de este s\u00e1bado 24 de abril, todas las actividades, comercios y rubros funcionen en el distrito hasta las 18 horas.\u00a0\"Es imprescindible adoptar algunas restricciones mayores a las que actualmente rigen\", expres\u00f3 el jefe comunal\u2026","rel":"","context":"En \u00abREGIONALES\u00bb","block_context":{"text":"REGIONALES","link":"https:\/\/larevistadigital.com.ar\/blog\/category\/regionales\/"},"img":{"alt_text":"","src":"https:\/\/i0.wp.com\/larevistadigital.com.ar\/blog\/wp-content\/uploads\/TANDIL.png?fit=1010%2C592&ssl=1&resize=350%2C200","width":350,"height":200,"srcset":"https:\/\/i0.wp.com\/larevistadigital.com.ar\/blog\/wp-content\/uploads\/TANDIL.png?fit=1010%2C592&ssl=1&resize=350%2C200 1x, https:\/\/i0.wp.com\/larevistadigital.com.ar\/blog\/wp-content\/uploads\/TANDIL.png?fit=1010%2C592&ssl=1&resize=525%2C300 1.5x, https:\/\/i0.wp.com\/larevistadigital.com.ar\/blog\/wp-content\/uploads\/TANDIL.png?fit=1010%2C592&ssl=1&resize=700%2C400 2x"},"classes":[]},{"id":30580,"url":"https:\/\/larevistadigital.com.ar\/blog\/un-hombre-fallecio-mientras-corria-la-maraton-anual-de-ituzaingo\/","url_meta":{"origin":30410,"position":5},"title":"UN HOMBRE FALLECI\u00d3 MIENTRAS CORR\u00cdA LA MARAT\u00d3N ANUAL DE ITUZAING\u00d3","author":"Alejandro Sosa Ruda","date":"13 marzo, 2023","format":false,"excerpt":"Un hombre de 58 a\u00f1os se descompens\u00f3 en la marat\u00f3n anual de Ituzaing\u00f3 y aunque recibi\u00f3 atenci\u00f3n m\u00e9dica falleci\u00f3 camino al hospital. Las autoridades del partido expresaron su \"m\u00e1s sentido p\u00e9same a sus familiares y amigos en este dif\u00edcil momento\". 13 de marzo de 2023 ITUZAING\u00d3 -\u00a0 En la ma\u00f1ana\u2026","rel":"","context":"En \u00abINTERES GENERAL\u00bb","block_context":{"text":"INTERES GENERAL","link":"https:\/\/larevistadigital.com.ar\/blog\/category\/interes-general\/"},"img":{"alt_text":"","src":"https:\/\/i0.wp.com\/larevistadigital.com.ar\/blog\/wp-content\/uploads\/20230313144413_carrera.jpg?fit=880%2C512&ssl=1&resize=350%2C200","width":350,"height":200,"srcset":"https:\/\/i0.wp.com\/larevistadigital.com.ar\/blog\/wp-content\/uploads\/20230313144413_carrera.jpg?fit=880%2C512&ssl=1&resize=350%2C200 1x, https:\/\/i0.wp.com\/larevistadigital.com.ar\/blog\/wp-content\/uploads\/20230313144413_carrera.jpg?fit=880%2C512&ssl=1&resize=525%2C300 1.5x, https:\/\/i0.wp.com\/larevistadigital.com.ar\/blog\/wp-content\/uploads\/20230313144413_carrera.jpg?fit=880%2C512&ssl=1&resize=700%2C400 2x"},"classes":[]}],"_links":{"self":[{"href":"https:\/\/larevistadigital.com.ar\/blog\/wp-json\/wp\/v2\/posts\/30410","targetHints":{"allow":["GET"]}}],"collection":[{"href":"https:\/\/larevistadigital.com.ar\/blog\/wp-json\/wp\/v2\/posts"}],"about":[{"href":"https:\/\/larevistadigital.com.ar\/blog\/wp-json\/wp\/v2\/types\/post"}],"author":[{"embeddable":true,"href":"https:\/\/larevistadigital.com.ar\/blog\/wp-json\/wp\/v2\/users\/3"}],"replies":[{"embeddable":true,"href":"https:\/\/larevistadigital.com.ar\/blog\/wp-json\/wp\/v2\/comments?post=30410"}],"version-history":[{"count":1,"href":"https:\/\/larevistadigital.com.ar\/blog\/wp-json\/wp\/v2\/posts\/30410\/revisions"}],"predecessor-version":[{"id":30412,"href":"https:\/\/larevistadigital.com.ar\/blog\/wp-json\/wp\/v2\/posts\/30410\/revisions\/30412"}],"wp:featuredmedia":[{"embeddable":true,"href":"https:\/\/larevistadigital.com.ar\/blog\/wp-json\/wp\/v2\/media\/30411"}],"wp:attachment":[{"href":"https:\/\/larevistadigital.com.ar\/blog\/wp-json\/wp\/v2\/media?parent=30410"}],"wp:term":[{"taxonomy":"category","embeddable":true,"href":"https:\/\/larevistadigital.com.ar\/blog\/wp-json\/wp\/v2\/categories?post=30410"},{"taxonomy":"post_tag","embeddable":true,"href":"https:\/\/larevistadigital.com.ar\/blog\/wp-json\/wp\/v2\/tags?post=30410"}],"curies":[{"name":"wp","href":"https:\/\/api.w.org\/{rel}","templated":true}]}}