{"id":30413,"date":"2023-03-06T14:05:26","date_gmt":"2023-03-06T14:05:26","guid":{"rendered":"https:\/\/larevistadigital.com.ar\/blog\/?p=30413"},"modified":"2023-03-06T14:05:26","modified_gmt":"2023-03-06T14:05:26","slug":"berisso-encuentran-a-un-hombre-muerto-en-una-pileta-e-investigan-las-causas","status":"publish","type":"post","link":"https:\/\/larevistadigital.com.ar\/blog\/berisso-encuentran-a-un-hombre-muerto-en-una-pileta-e-investigan-las-causas\/","title":{"rendered":"BERISSO: ENCUENTRAN A UN HOMBRE MUERTO EN UNA PILETA, E INVESTIGAN LAS CAUSAS"},"content":{"rendered":"<h2 class=\"negrita\">Un compa\u00f1ero de trabajo dijo que lo perdi\u00f3 de vista\u00a0y luego lo vio tirado en la pileta.<\/h2>\n<p class=\"fecha\">05 de marzo de 2023<\/p>\n<div class=\"texto\">\n<p>Un\u00a0<strong>tr\u00e1gico\u00a0<\/strong>y\u00a0<strong>escalofriante\u00a0<\/strong>episodio tuvo lugar en la zona de\u00a0<strong>Los Talas, en Berisso<\/strong>, donde un alba\u00f1il de 42 a\u00f1os\u00a0h<strong>all\u00f3 a su compa\u00f1ero de trabajo flotando en la pileta\u00a0<\/strong>de una propiedad que estaban manteniendo. Personal m\u00e9dico, policial y los peritos trabajaron\u00a0en la zona para recabar los datos que los lleven a dar con la causa del fallecimiento del hombre identificado como\u00a0<strong>Omar Garnica<\/strong>.<\/p>\n<p>Seg\u00fan informaron fuentes policiales a\u00a0<strong>0221.com.ar<\/strong>, el alerta al 911 surgi\u00f3 desde la vivienda ubicada en\u00a0<strong>Ruta 15, calle 725 esquina 174<\/strong>, donde el amigo de la v\u00edctima inform\u00f3 que\u00a0<strong>\u00aben un momento dado no lo vio m\u00e1s\u00bb y cuando se acerc\u00f3 a la pileta \u00abel mismo estaba boca a bajo sin signos de vida\u00bb<\/strong>.<\/p>\n<blockquote>\n<h3>Personal del Destacamento Los Talas se acerc\u00f3 hasta el lugar de los hechos, llamaron a una ambulancia del<strong>\u00a0Sistema de Atenci\u00f3n M\u00e9dica de Emergencia (SAME)<\/strong>, se entrevistaron con el denunciante e iniciaron las investigaciones en la zona.<\/h3>\n<\/blockquote>\n<p>Fueron los param\u00e9dicos del SAME quienes revisaron el cuerpo y,\u00a0<strong>sin posibilidad de realizarle ejercicios de reanimaci\u00f3n, constataron que la v\u00edctima no contaba con vida<\/strong>. Al mismo tiempo, se inform\u00f3 que \u00abno se observaron signos de violencia en el cuerpo\u00bb, que pudieran hacer creer que hay m\u00e1s personas involucradas en el caso.<\/p>\n<p><a class=\"link\" href=\"https:\/\/i0.wp.com\/pxb.cdn.0221.com.ar\/0221\/052021\/1620401527849.JPG?ssl=1\" target=\"_blank\" rel=\"noopener\"><img data-recalc-dims=\"1\" decoding=\"async\" src=\"https:\/\/i0.wp.com\/pxb.cdn.0221.com.ar\/0221\/052021\/1620401527849.JPG?ssl=1\" alt=\"\" \/><\/a><\/p>\n<p>Por el momento, la causa que est\u00e1 investigando la UFI N\u00b08 se encuentra caratulada bajo el nombre de<strong>\u00a0\u00abaveriguaciones causales de muerte\u00bb<\/strong>. Mientras tanto, el cuerpo fue llevado a la morgue para realizarse la autopsia correspondiente y terminar de constatar lo que le produjo la muerte.<\/p>\n<\/div>\n","protected":false},"excerpt":{"rendered":"<div class=\"mh-excerpt\"><p>Un compa\u00f1ero de trabajo dijo que lo perdi\u00f3 de vista\u00a0y luego lo vio tirado en la pileta. 05 de marzo de 2023 Un\u00a0tr\u00e1gico\u00a0y\u00a0escalofriante\u00a0episodio tuvo lugar en la zona de\u00a0Los Talas, en Berisso, donde un alba\u00f1il <a class=\"mh-excerpt-more\" href=\"https:\/\/larevistadigital.com.ar\/blog\/berisso-encuentran-a-un-hombre-muerto-en-una-pileta-e-investigan-las-causas\/\" title=\"BERISSO: ENCUENTRAN A UN HOMBRE MUERTO EN UNA PILETA, E INVESTIGAN LAS CAUSAS\">[Leer M\u00e1s]<\/a><\/p>\n<\/div>","protected":false},"author":3,"featured_media":30414,"comment_status":"open","ping_status":"open","sticky":false,"template":"","format":"standard","meta":{"_jetpack_memberships_contains_paid_content":false,"footnotes":"","jetpack_publicize_message":"","jetpack_publicize_feature_enabled":true,"jetpack_social_post_already_shared":true,"jetpack_social_options":{"image_generator_settings":{"template":"highway","default_image_id":0,"font":"","enabled":false},"version":2}},"categories":[44,51],"tags":[],"class_list":{"0":"post-30413","1":"post","2":"type-post","3":"status-publish","4":"format-standard","5":"has-post-thumbnail","7":"category-policiales","8":"category-regionales"},"jetpack_publicize_connections":[],"jetpack_featured_media_url":"https:\/\/i0.wp.com\/larevistadigital.com.ar\/blog\/wp-content\/uploads\/1678058770054.jpg?fit=1920%2C950&ssl=1","jetpack_sharing_enabled":true,"jetpack_shortlink":"https:\/\/wp.me\/p8qtrQ-7Ux","jetpack-related-posts":[{"id":28682,"url":"https:\/\/larevistadigital.com.ar\/blog\/terrible-tragedia-murio-un-chico-de-dos-anos-ahogado-en-la-pileta-de-su-casa\/","url_meta":{"origin":30413,"position":0},"title":"TERRIBLE TRAGEDIA: MURI\u00d3 UN CHICO DE DOS A\u00d1OS AHOGADO EN LA PILETA DE SU CASA.","author":"Alejandro Sosa Ruda","date":"30 octubre, 2022","format":false,"excerpt":"Los padres del ni\u00f1o, se encontraban realizando tareas de mantenimiento en la vivienda cuando perdieron de vista al menor y luego de varios minutos de b\u00fasqueda lo encontraron sumergido en la pileta. 30 de octubre de 2022 M\u00c1XIMO PAZ -\u00a0 Una tragedia golpea a M\u00e1ximo Paz: un ni\u00f1o de 2\u2026","rel":"","context":"En \u00abPOLICIALES\u00bb","block_context":{"text":"POLICIALES","link":"https:\/\/larevistadigital.com.ar\/blog\/category\/policiales\/"},"img":{"alt_text":"","src":"https:\/\/i0.wp.com\/larevistadigital.com.ar\/blog\/wp-content\/uploads\/Captura-de-pantalla-2021-12-29-203210.jpg?fit=1013%2C675&ssl=1&resize=350%2C200","width":350,"height":200,"srcset":"https:\/\/i0.wp.com\/larevistadigital.com.ar\/blog\/wp-content\/uploads\/Captura-de-pantalla-2021-12-29-203210.jpg?fit=1013%2C675&ssl=1&resize=350%2C200 1x, https:\/\/i0.wp.com\/larevistadigital.com.ar\/blog\/wp-content\/uploads\/Captura-de-pantalla-2021-12-29-203210.jpg?fit=1013%2C675&ssl=1&resize=525%2C300 1.5x, https:\/\/i0.wp.com\/larevistadigital.com.ar\/blog\/wp-content\/uploads\/Captura-de-pantalla-2021-12-29-203210.jpg?fit=1013%2C675&ssl=1&resize=700%2C400 2x"},"classes":[]},{"id":13449,"url":"https:\/\/larevistadigital.com.ar\/blog\/lo-cito-por-tinder-lo-asesino-y-escondio-el-cuerpo-en-una-pileta-confeso-y-quedo-preso\/","url_meta":{"origin":30413,"position":1},"title":"LO CIT\u00d3 POR TINDER, LO ASESIN\u00d3 Y ESCONDI\u00d3 EL CUERPO EN UNA PILETA: CONFES\u00d3 Y QUED\u00d3 PRESO","author":"Alejandro Sosa Ruda","date":"3 diciembre, 2019","format":false,"excerpt":"El crimen ocurri\u00f3 la semana pasada. El hombre asesinado ten\u00eda 35 a\u00f1os y recibi\u00f3 un disparo de una pistola calibre 9 mm. Un hombre de 35 a\u00f1os asesin\u00f3 a balazos a otro y trat\u00f3 de esconder el cad\u00e1ver con una manta en el interior de una pileta en Villa Adelina,\u2026","rel":"","context":"En \u00abINTERES GENERAL\u00bb","block_context":{"text":"INTERES GENERAL","link":"https:\/\/larevistadigital.com.ar\/blog\/category\/interes-general\/"},"img":{"alt_text":"","src":"https:\/\/i0.wp.com\/larevistadigital.com.ar\/blog\/wp-content\/uploads\/72257.jpg?fit=880%2C586&ssl=1&resize=350%2C200","width":350,"height":200,"srcset":"https:\/\/i0.wp.com\/larevistadigital.com.ar\/blog\/wp-content\/uploads\/72257.jpg?fit=880%2C586&ssl=1&resize=350%2C200 1x, https:\/\/i0.wp.com\/larevistadigital.com.ar\/blog\/wp-content\/uploads\/72257.jpg?fit=880%2C586&ssl=1&resize=525%2C300 1.5x, https:\/\/i0.wp.com\/larevistadigital.com.ar\/blog\/wp-content\/uploads\/72257.jpg?fit=880%2C586&ssl=1&resize=700%2C400 2x"},"classes":[]},{"id":12417,"url":"https:\/\/larevistadigital.com.ar\/blog\/brandsen-los-bomberos-rescataron-un-caballo-que-cayo-a-una-pileta\/","url_meta":{"origin":30413,"position":2},"title":"BRANDSEN: LOS BOMBEROS RESCATARON UN CABALLO QUE CAY\u00d3 A UNA PILETA","author":"Alejandro Sosa Ruda","date":"1 octubre, 2019","format":false,"excerpt":"Inform\u00f3 el portal DLN que en la tarde de este lunes 30 de septiembre, bomberos voluntarios de Brandsen rescataron a un caballo que se hab\u00eda ca\u00eddo en la pileta de una quinta, en el barrio La Plantaci\u00f3n. Fueron 20 minutos de tensi\u00f3n, en los que los voluntarios tras aplicar distintas\u2026","rel":"","context":"En \u00abREGIONALES\u00bb","block_context":{"text":"REGIONALES","link":"https:\/\/larevistadigital.com.ar\/blog\/category\/regionales\/"},"img":{"alt_text":"","src":"https:\/\/i0.wp.com\/larevistadigital.com.ar\/blog\/wp-content\/uploads\/20190930_190521_wm.jpg?fit=1080%2C600&ssl=1&resize=350%2C200","width":350,"height":200,"srcset":"https:\/\/i0.wp.com\/larevistadigital.com.ar\/blog\/wp-content\/uploads\/20190930_190521_wm.jpg?fit=1080%2C600&ssl=1&resize=350%2C200 1x, https:\/\/i0.wp.com\/larevistadigital.com.ar\/blog\/wp-content\/uploads\/20190930_190521_wm.jpg?fit=1080%2C600&ssl=1&resize=525%2C300 1.5x, https:\/\/i0.wp.com\/larevistadigital.com.ar\/blog\/wp-content\/uploads\/20190930_190521_wm.jpg?fit=1080%2C600&ssl=1&resize=700%2C400 2x, https:\/\/i0.wp.com\/larevistadigital.com.ar\/blog\/wp-content\/uploads\/20190930_190521_wm.jpg?fit=1080%2C600&ssl=1&resize=1050%2C600 3x"},"classes":[]},{"id":32876,"url":"https:\/\/larevistadigital.com.ar\/blog\/tragica-muerte-de-un-nene-en-coronel-charlone\/","url_meta":{"origin":30413,"position":3},"title":"TR\u00c1GICA MUERTE DE UN NENE EN CORONEL CHARLONE","author":"Alejandro Sosa Ruda","date":"16 agosto, 2023","format":false,"excerpt":"Inicialmente fueron los propios familiares quienes lo asistieron, traslad\u00e1ndose luego con la criatura hasta el domicilio del Dr. Licenciato donde intentaron reanimarlo por todos los medios sin \u00e9xito. 16 de agosto de 2023 CORONEL CHARLONE -\u00a0 Un ni\u00f1o fue hallado sin vida dentro de una pileta de nataci\u00f3n en la\u2026","rel":"","context":"En \u00abPOLICIALES\u00bb","block_context":{"text":"POLICIALES","link":"https:\/\/larevistadigital.com.ar\/blog\/category\/policiales\/"},"img":{"alt_text":"","src":"https:\/\/i0.wp.com\/larevistadigital.com.ar\/blog\/wp-content\/uploads\/20230815185251_cientifica-3.jpg?fit=880%2C512&ssl=1&resize=350%2C200","width":350,"height":200,"srcset":"https:\/\/i0.wp.com\/larevistadigital.com.ar\/blog\/wp-content\/uploads\/20230815185251_cientifica-3.jpg?fit=880%2C512&ssl=1&resize=350%2C200 1x, https:\/\/i0.wp.com\/larevistadigital.com.ar\/blog\/wp-content\/uploads\/20230815185251_cientifica-3.jpg?fit=880%2C512&ssl=1&resize=525%2C300 1.5x, https:\/\/i0.wp.com\/larevistadigital.com.ar\/blog\/wp-content\/uploads\/20230815185251_cientifica-3.jpg?fit=880%2C512&ssl=1&resize=700%2C400 2x"},"classes":[]},{"id":38662,"url":"https:\/\/larevistadigital.com.ar\/blog\/chascomus-fallecio-un-turista-en-una-pileta\/","url_meta":{"origin":30413,"position":4},"title":"Chascom\u00fas: Falleci\u00f3 un turista en una pileta","author":"Alejandro Sosa Ruda","date":"10 febrero, 2025","format":false,"excerpt":"El hecho ocurri\u00f3 en la pileta de un complejo de d\u00faplex. El fallecido ten\u00eda 87 a\u00f1os. 10 de Febrero de 2025 CHASCOM\u00daS -\u00a0 En horas del mediodia del dia de la fecha se iniciaron actuaciones en la E.P.C. Chascomus 1ra. por Averiguacion de Causales de Muerte con injerencia de la\u2026","rel":"","context":"En \u00abDESTACADAS\u00bb","block_context":{"text":"DESTACADAS","link":"https:\/\/larevistadigital.com.ar\/blog\/category\/destacadas\/"},"img":{"alt_text":"POLIC\u00cdA CIENT\u00cdFICA","src":"https:\/\/i0.wp.com\/larevistadigital.com.ar\/blog\/wp-content\/uploads\/9d13c069ebb8a015d200bdb72bd358bb7195c86a.jpg?fit=1140%2C759&ssl=1&resize=350%2C200","width":350,"height":200,"srcset":"https:\/\/i0.wp.com\/larevistadigital.com.ar\/blog\/wp-content\/uploads\/9d13c069ebb8a015d200bdb72bd358bb7195c86a.jpg?fit=1140%2C759&ssl=1&resize=350%2C200 1x, https:\/\/i0.wp.com\/larevistadigital.com.ar\/blog\/wp-content\/uploads\/9d13c069ebb8a015d200bdb72bd358bb7195c86a.jpg?fit=1140%2C759&ssl=1&resize=525%2C300 1.5x, https:\/\/i0.wp.com\/larevistadigital.com.ar\/blog\/wp-content\/uploads\/9d13c069ebb8a015d200bdb72bd358bb7195c86a.jpg?fit=1140%2C759&ssl=1&resize=700%2C400 2x, https:\/\/i0.wp.com\/larevistadigital.com.ar\/blog\/wp-content\/uploads\/9d13c069ebb8a015d200bdb72bd358bb7195c86a.jpg?fit=1140%2C759&ssl=1&resize=1050%2C600 3x"},"classes":[]},{"id":8716,"url":"https:\/\/larevistadigital.com.ar\/blog\/mar-del-plata-tragedia-muere-un-nene-ahogado-en-camping-detienen-a-tres-guardavidas\/","url_meta":{"origin":30413,"position":5},"title":"MAR DEL PLATA: TRAGEDIA. MUERE UN NENE AHOGADO EN CAMPING. DETIENEN A TRES GUARDAVIDAS","author":"Alejandro Sosa Ruda","date":"24 febrero, 2019","format":false,"excerpt":"La v\u00edctima fue hallada sin vida en la pileta m\u00e1s honda del predio. A\u00fan se desconocen las circunstancias del hecho. Un\u00a0nene de 12\u00a0a\u00f1os falleci\u00f3\u00a0este domingo por la tarde\u00a0tras ahogarse en la pileta del camping\u00a0de un sindicato\u00a0por causas que a\u00fan se desconocen. El fatal accidente\u00a0ocurri\u00f3\u00a0alrededor de las 15 horas\u00a0del domingo en\u2026","rel":"","context":"En \u00abPOLICIALES\u00bb","block_context":{"text":"POLICIALES","link":"https:\/\/larevistadigital.com.ar\/blog\/category\/policiales\/"},"img":{"alt_text":"","src":"https:\/\/i0.wp.com\/larevistadigital.com.ar\/blog\/wp-content\/uploads\/2019\/02\/1551036712161.jpg?fit=674%2C411&ssl=1&resize=350%2C200","width":350,"height":200,"srcset":"https:\/\/i0.wp.com\/larevistadigital.com.ar\/blog\/wp-content\/uploads\/2019\/02\/1551036712161.jpg?fit=674%2C411&ssl=1&resize=350%2C200 1x, https:\/\/i0.wp.com\/larevistadigital.com.ar\/blog\/wp-content\/uploads\/2019\/02\/1551036712161.jpg?fit=674%2C411&ssl=1&resize=525%2C300 1.5x"},"classes":[]}],"_links":{"self":[{"href":"https:\/\/larevistadigital.com.ar\/blog\/wp-json\/wp\/v2\/posts\/30413","targetHints":{"allow":["GET"]}}],"collection":[{"href":"https:\/\/larevistadigital.com.ar\/blog\/wp-json\/wp\/v2\/posts"}],"about":[{"href":"https:\/\/larevistadigital.com.ar\/blog\/wp-json\/wp\/v2\/types\/post"}],"author":[{"embeddable":true,"href":"https:\/\/larevistadigital.com.ar\/blog\/wp-json\/wp\/v2\/users\/3"}],"replies":[{"embeddable":true,"href":"https:\/\/larevistadigital.com.ar\/blog\/wp-json\/wp\/v2\/comments?post=30413"}],"version-history":[{"count":1,"href":"https:\/\/larevistadigital.com.ar\/blog\/wp-json\/wp\/v2\/posts\/30413\/revisions"}],"predecessor-version":[{"id":30415,"href":"https:\/\/larevistadigital.com.ar\/blog\/wp-json\/wp\/v2\/posts\/30413\/revisions\/30415"}],"wp:featuredmedia":[{"embeddable":true,"href":"https:\/\/larevistadigital.com.ar\/blog\/wp-json\/wp\/v2\/media\/30414"}],"wp:attachment":[{"href":"https:\/\/larevistadigital.com.ar\/blog\/wp-json\/wp\/v2\/media?parent=30413"}],"wp:term":[{"taxonomy":"category","embeddable":true,"href":"https:\/\/larevistadigital.com.ar\/blog\/wp-json\/wp\/v2\/categories?post=30413"},{"taxonomy":"post_tag","embeddable":true,"href":"https:\/\/larevistadigital.com.ar\/blog\/wp-json\/wp\/v2\/tags?post=30413"}],"curies":[{"name":"wp","href":"https:\/\/api.w.org\/{rel}","templated":true}]}}