{"id":30419,"date":"2023-03-06T19:10:15","date_gmt":"2023-03-06T19:10:15","guid":{"rendered":"https:\/\/larevistadigital.com.ar\/blog\/?p=30419"},"modified":"2023-03-06T19:10:51","modified_gmt":"2023-03-06T19:10:51","slug":"nueva-desgracia-en-la-ruta-murio-una-familia-al-chocar-de-frente-con-un-camion","status":"publish","type":"post","link":"https:\/\/larevistadigital.com.ar\/blog\/nueva-desgracia-en-la-ruta-murio-una-familia-al-chocar-de-frente-con-un-camion\/","title":{"rendered":"NUEVA DESGRACIA EN LA RUTA: MURI\u00d3 UNA FAMILIA AL CHOCAR DE FRENTE CON UN CAMI\u00d3N."},"content":{"rendered":"<h2>Nos brind\u00f3 la informaci\u00f3n el periodista ranchero Rub\u00e9n Martinez, titular del \u00abGrupo Tiempo\u00bb. Sucedi\u00f3 en Saladillo, sobre la ruta nacional 205. A ra\u00edz del impacto, el matrimonio y sus dos peque\u00f1os hijos fallecieron en el acto.<\/h2>\n<p>Una familia entera perdi\u00f3 la vida durante la madrugada, a ra\u00edz de un choque frontal contra un cami\u00f3n, en la ruta 205. a la altura de Saladillo. M\u00e1s espec\u00edficamente en un tramo comprendido entre la calle Frocham y la avenida Sanguinetti.<\/p>\n<blockquote>\n<h3>En el siniestro, la se\u00f1ora que iba al volante, su marido y sus dos hijitos fallecieron en el acto.<\/h3>\n<\/blockquote>\n<p>La familia, viajaba en un Fiat Palio color gris, y la fiscal <strong>Patricia Hortel<\/strong>, de la UFI descentralizada n\u00famero 1 de Saladillo, confirm\u00f3 al portal Primer Plano Online que las v\u00edctimas fatales a\u00fan no han podido ser identificadas por el estado que qued\u00f3 toda la documentaci\u00f3n en el rodado.<\/p>\n<p>El conductor del cami\u00f3n, fue identificado como <strong>Adri\u00e1n Cisneros<\/strong>, de 29 a\u00f1os de edad, que manejaba el cami\u00f3n Ford 1.400 y qued\u00f3 a disposici\u00f3n de la justicia mientras se realizan las pericias a efectos de determinar c\u00f3mo ocurrieron los hechos. Por el momento, deber\u00eda afrontar una causa penal por \u00abHomicidio culposo\u00bb.<\/p>\n<p>Fuente <strong>Rub\u00e9n Martinez<\/strong> (Grupo Tiempo Digital)<\/p>\n<p>Fuente y foto: primerplanoonline.com.ar<\/p>\n<p>&nbsp;<\/p>\n<p>&nbsp;<\/p>\n","protected":false},"excerpt":{"rendered":"<div class=\"mh-excerpt\"><p>Nos brind\u00f3 la informaci\u00f3n el periodista ranchero Rub\u00e9n Martinez, titular del \u00abGrupo Tiempo\u00bb. Sucedi\u00f3 en Saladillo, sobre la ruta nacional 205. A ra\u00edz del impacto, el matrimonio y sus dos peque\u00f1os hijos fallecieron en el <a class=\"mh-excerpt-more\" href=\"https:\/\/larevistadigital.com.ar\/blog\/nueva-desgracia-en-la-ruta-murio-una-familia-al-chocar-de-frente-con-un-camion\/\" title=\"NUEVA DESGRACIA EN LA RUTA: MURI\u00d3 UNA FAMILIA AL CHOCAR DE FRENTE CON UN CAMI\u00d3N.\">[Leer M\u00e1s]<\/a><\/p>\n<\/div>","protected":false},"author":3,"featured_media":30421,"comment_status":"open","ping_status":"open","sticky":false,"template":"","format":"standard","meta":{"_jetpack_memberships_contains_paid_content":false,"footnotes":"","jetpack_publicize_message":"","jetpack_publicize_feature_enabled":true,"jetpack_social_post_already_shared":true,"jetpack_social_options":{"image_generator_settings":{"template":"highway","default_image_id":0,"font":"","enabled":false},"version":2}},"categories":[44,51],"tags":[],"class_list":{"0":"post-30419","1":"post","2":"type-post","3":"status-publish","4":"format-standard","5":"has-post-thumbnail","7":"category-policiales","8":"category-regionales"},"jetpack_publicize_connections":[],"jetpack_featured_media_url":"https:\/\/i0.wp.com\/larevistadigital.com.ar\/blog\/wp-content\/uploads\/Choque-fatal-678x381-1.jpg?fit=900%2C506&ssl=1","jetpack_sharing_enabled":true,"jetpack_shortlink":"https:\/\/wp.me\/p8qtrQ-7UD","jetpack-related-posts":[{"id":22252,"url":"https:\/\/larevistadigital.com.ar\/blog\/fallecen-dos-personas-en-un-tragico-accidente-en-la-ruta-29\/","url_meta":{"origin":30419,"position":0},"title":"FALLECEN DOS PERSONAS EN UN TR\u00c1GICO ACCIDENTE EN LA RUTA 29","author":"Alejandro Sosa Ruda","date":"7 octubre, 2021","format":false,"excerpt":"Este mi\u00e9rcoles pasadas las 17,30 se produjo un accidente en Ruta 29, km 207, donde colisionaron de frente un cami\u00f3n cisterna y un autom\u00f3vil Toyota, donde fallecieron dos de sus ocupantes en tanto que los otros dos fueron trasladados al hospital municipal. El conductor del cami\u00f3n result\u00f3 ileso. Se trataba\u2026","rel":"","context":"En \u00abINTERES GENERAL\u00bb","block_context":{"text":"INTERES GENERAL","link":"https:\/\/larevistadigital.com.ar\/blog\/category\/interes-general\/"},"img":{"alt_text":"","src":"https:\/\/i0.wp.com\/larevistadigital.com.ar\/blog\/wp-content\/uploads\/52FF8872-8FA5-4F88-B6E7-F9628E40B598.jpeg?fit=1200%2C675&ssl=1&resize=350%2C200","width":350,"height":200,"srcset":"https:\/\/i0.wp.com\/larevistadigital.com.ar\/blog\/wp-content\/uploads\/52FF8872-8FA5-4F88-B6E7-F9628E40B598.jpeg?fit=1200%2C675&ssl=1&resize=350%2C200 1x, https:\/\/i0.wp.com\/larevistadigital.com.ar\/blog\/wp-content\/uploads\/52FF8872-8FA5-4F88-B6E7-F9628E40B598.jpeg?fit=1200%2C675&ssl=1&resize=525%2C300 1.5x, https:\/\/i0.wp.com\/larevistadigital.com.ar\/blog\/wp-content\/uploads\/52FF8872-8FA5-4F88-B6E7-F9628E40B598.jpeg?fit=1200%2C675&ssl=1&resize=700%2C400 2x, https:\/\/i0.wp.com\/larevistadigital.com.ar\/blog\/wp-content\/uploads\/52FF8872-8FA5-4F88-B6E7-F9628E40B598.jpeg?fit=1200%2C675&ssl=1&resize=1050%2C600 3x"},"classes":[]},{"id":2846,"url":"https:\/\/larevistadigital.com.ar\/blog\/en-tragico-accidente-fallecio-una-policia-que-se-desempenaba-en-el-destacamento-el-salado\/","url_meta":{"origin":30419,"position":1},"title":"En tr\u00e1gico accidente falleci\u00f3 una Polic\u00eda que se desempe\u00f1aba en el Destacamento El Salado","author":"admin","date":"1 agosto, 2017","format":false,"excerpt":"El pasado s\u00e1bado a la ma\u00f1ana, alrededor de las 7 horas, se produjo una colisi\u00f3n frontal entre una camioneta y un auto, dejando el saldo de una mujer fallecida. El hecho ocurri\u00f3 en la Ruta Nacional 205 entre el acceso a Caz\u00f3n y la estaci\u00f3n de Peaje, inform\u00f3 InfoSaladillo. Se\u2026","rel":"","context":"En \u00abGENERAL BELGRANO\u00bb","block_context":{"text":"GENERAL BELGRANO","link":"https:\/\/larevistadigital.com.ar\/blog\/category\/general-belgrano\/"},"img":{"alt_text":"","src":"https:\/\/i0.wp.com\/larevistadigital.com.ar\/blog\/wp-content\/uploads\/2017\/08\/belgrano_01deagostode2017_elfuerte.jpg?fit=737%2C415&ssl=1&resize=350%2C200","width":350,"height":200,"srcset":"https:\/\/i0.wp.com\/larevistadigital.com.ar\/blog\/wp-content\/uploads\/2017\/08\/belgrano_01deagostode2017_elfuerte.jpg?fit=737%2C415&ssl=1&resize=350%2C200 1x, https:\/\/i0.wp.com\/larevistadigital.com.ar\/blog\/wp-content\/uploads\/2017\/08\/belgrano_01deagostode2017_elfuerte.jpg?fit=737%2C415&ssl=1&resize=525%2C300 1.5x, https:\/\/i0.wp.com\/larevistadigital.com.ar\/blog\/wp-content\/uploads\/2017\/08\/belgrano_01deagostode2017_elfuerte.jpg?fit=737%2C415&ssl=1&resize=700%2C400 2x"},"classes":[]},{"id":22789,"url":"https:\/\/larevistadigital.com.ar\/blog\/trenque-lauquen-choque-frontal-con-cinco-muertos\/","url_meta":{"origin":30419,"position":2},"title":"TRENQUE LAUQUEN: CHOQUE FRONTAL CON CINCO MUERTOS","author":"Alejandro Sosa Ruda","date":"24 noviembre, 2021","format":false,"excerpt":"Seg\u00fan fuentes policiales, las v\u00edctimas fatales son dos hombres y tres ni\u00f1os que viajaban en un Renault Cl\u00edo procedentes de la ciudad rionegrina de Bariloche y que se dirig\u00edan por la ruta nacional en sentido Buenos Aires. Cinco personas fallecieron esta ma\u00f1ana de martes cuando el autom\u00f3vil en el que\u2026","rel":"","context":"En \u00abPOLICIALES\u00bb","block_context":{"text":"POLICIALES","link":"https:\/\/larevistadigital.com.ar\/blog\/category\/policiales\/"},"img":{"alt_text":"","src":"https:\/\/i0.wp.com\/larevistadigital.com.ar\/blog\/wp-content\/uploads\/Captura-33.png?fit=992%2C506&ssl=1&resize=350%2C200","width":350,"height":200,"srcset":"https:\/\/i0.wp.com\/larevistadigital.com.ar\/blog\/wp-content\/uploads\/Captura-33.png?fit=992%2C506&ssl=1&resize=350%2C200 1x, https:\/\/i0.wp.com\/larevistadigital.com.ar\/blog\/wp-content\/uploads\/Captura-33.png?fit=992%2C506&ssl=1&resize=525%2C300 1.5x, https:\/\/i0.wp.com\/larevistadigital.com.ar\/blog\/wp-content\/uploads\/Captura-33.png?fit=992%2C506&ssl=1&resize=700%2C400 2x"},"classes":[]},{"id":38486,"url":"https:\/\/larevistadigital.com.ar\/blog\/perversion-en-saladillo-nena-de-13-anos-dio-a-luz-y-los-vecinos-culpan-a-la-familia-de-hacer-que-la-pequena-se-prostituya\/","url_meta":{"origin":30419,"position":3},"title":"Perversi\u00f3n en Saladillo: Nena de 13 a\u00f1os di\u00f3 a luz y los vecinos culpan a la familia de hacer que la peque\u00f1a se prostituya","author":"Alejandro Sosa Ruda","date":"20 enero, 2025","format":false,"excerpt":"Una nena de 13 a\u00f1os dio a luz en Saladillo y los vecinos aseguran que la prostitu\u00edan. La menor lleg\u00f3 al hospital con dolores estomacales, pero los m\u00e9dicos verificaron que cursaba un embarazo de ocho meses; por lo que denunciaron la situaci\u00f3n y la comuna bonaerense entr\u00f3 en ebullici\u00f3n. Incendian\u2026","rel":"","context":"En \u00abPOLICIALES\u00bb","block_context":{"text":"POLICIALES","link":"https:\/\/larevistadigital.com.ar\/blog\/category\/policiales\/"},"img":{"alt_text":"","src":"https:\/\/i0.wp.com\/larevistadigital.com.ar\/blog\/wp-content\/uploads\/20250120142326_saladillo-menor-13-anos-abusada-protesta-2.jpg?fit=880%2C512&ssl=1&resize=350%2C200","width":350,"height":200,"srcset":"https:\/\/i0.wp.com\/larevistadigital.com.ar\/blog\/wp-content\/uploads\/20250120142326_saladillo-menor-13-anos-abusada-protesta-2.jpg?fit=880%2C512&ssl=1&resize=350%2C200 1x, https:\/\/i0.wp.com\/larevistadigital.com.ar\/blog\/wp-content\/uploads\/20250120142326_saladillo-menor-13-anos-abusada-protesta-2.jpg?fit=880%2C512&ssl=1&resize=525%2C300 1.5x, https:\/\/i0.wp.com\/larevistadigital.com.ar\/blog\/wp-content\/uploads\/20250120142326_saladillo-menor-13-anos-abusada-protesta-2.jpg?fit=880%2C512&ssl=1&resize=700%2C400 2x"},"classes":[]},{"id":26181,"url":"https:\/\/larevistadigital.com.ar\/blog\/mueren-dos-vecinos-de-gral-madariaga-en-un-accidente-en-la-ruta-74\/","url_meta":{"origin":30419,"position":4},"title":"MUEREN DOS VECINOS DE GRAL. MADARIAGA EN UN ACCIDENTE EN LA RUTA 74","author":"Alejandro Sosa Ruda","date":"28 junio, 2022","format":false,"excerpt":"Las v\u00edctimas fueron un hombre de 74 a\u00f1os y su hija de 48. El choque fatal se produjo a la altura del kil\u00f3metro 19. Dos vecinos de la ciudad de\u00a0General Madariaga\u00a0fallecieron este martes como consecuencia de un fuerte choque ocurrido en el\u00a0kil\u00f3metro 19 de la Ruta 74. El accidente se\u2026","rel":"","context":"En \u00abPOLICIALES\u00bb","block_context":{"text":"POLICIALES","link":"https:\/\/larevistadigital.com.ar\/blog\/category\/policiales\/"},"img":{"alt_text":"","src":"https:\/\/i0.wp.com\/larevistadigital.com.ar\/blog\/wp-content\/uploads\/bf32d54f8cc62cca02a0cf94446617d1dd33c0c5.jpg?fit=1140%2C781&ssl=1&resize=350%2C200","width":350,"height":200,"srcset":"https:\/\/i0.wp.com\/larevistadigital.com.ar\/blog\/wp-content\/uploads\/bf32d54f8cc62cca02a0cf94446617d1dd33c0c5.jpg?fit=1140%2C781&ssl=1&resize=350%2C200 1x, https:\/\/i0.wp.com\/larevistadigital.com.ar\/blog\/wp-content\/uploads\/bf32d54f8cc62cca02a0cf94446617d1dd33c0c5.jpg?fit=1140%2C781&ssl=1&resize=525%2C300 1.5x, https:\/\/i0.wp.com\/larevistadigital.com.ar\/blog\/wp-content\/uploads\/bf32d54f8cc62cca02a0cf94446617d1dd33c0c5.jpg?fit=1140%2C781&ssl=1&resize=700%2C400 2x, https:\/\/i0.wp.com\/larevistadigital.com.ar\/blog\/wp-content\/uploads\/bf32d54f8cc62cca02a0cf94446617d1dd33c0c5.jpg?fit=1140%2C781&ssl=1&resize=1050%2C600 3x"},"classes":[]},{"id":35649,"url":"https:\/\/larevistadigital.com.ar\/blog\/dos-muertos-por-un-choque-frontal-de-camionetas\/","url_meta":{"origin":30419,"position":5},"title":"DOS MUERTOS POR UN CHOQUE FRONTAL DE CAMIONETAS","author":"Alejandro Sosa Ruda","date":"20 marzo, 2024","format":false,"excerpt":"Dos muertos por choque frontal de camionetas en el kil\u00f3metro 1.033 de la Ruta 9. Adem\u00e1s cuatro personas fueron trasladadas en grave estado al hospital Regional. Uno de los veh\u00edculos transportaba caballos de carrera. 20 de marzo de 2024 Isla Verde - MARCOS JUAREZ -\u00a0 \u00a0En la madrugada de hoy,\u2026","rel":"","context":"En \u00abINTERES GENERAL\u00bb","block_context":{"text":"INTERES GENERAL","link":"https:\/\/larevistadigital.com.ar\/blog\/category\/interes-general\/"},"img":{"alt_text":"","src":"https:\/\/i0.wp.com\/larevistadigital.com.ar\/blog\/wp-content\/uploads\/432042357_822286826603118_6595478610743133912_n.jpg?fit=782%2C500&ssl=1&resize=350%2C200","width":350,"height":200,"srcset":"https:\/\/i0.wp.com\/larevistadigital.com.ar\/blog\/wp-content\/uploads\/432042357_822286826603118_6595478610743133912_n.jpg?fit=782%2C500&ssl=1&resize=350%2C200 1x, https:\/\/i0.wp.com\/larevistadigital.com.ar\/blog\/wp-content\/uploads\/432042357_822286826603118_6595478610743133912_n.jpg?fit=782%2C500&ssl=1&resize=525%2C300 1.5x, https:\/\/i0.wp.com\/larevistadigital.com.ar\/blog\/wp-content\/uploads\/432042357_822286826603118_6595478610743133912_n.jpg?fit=782%2C500&ssl=1&resize=700%2C400 2x"},"classes":[]}],"_links":{"self":[{"href":"https:\/\/larevistadigital.com.ar\/blog\/wp-json\/wp\/v2\/posts\/30419","targetHints":{"allow":["GET"]}}],"collection":[{"href":"https:\/\/larevistadigital.com.ar\/blog\/wp-json\/wp\/v2\/posts"}],"about":[{"href":"https:\/\/larevistadigital.com.ar\/blog\/wp-json\/wp\/v2\/types\/post"}],"author":[{"embeddable":true,"href":"https:\/\/larevistadigital.com.ar\/blog\/wp-json\/wp\/v2\/users\/3"}],"replies":[{"embeddable":true,"href":"https:\/\/larevistadigital.com.ar\/blog\/wp-json\/wp\/v2\/comments?post=30419"}],"version-history":[{"count":2,"href":"https:\/\/larevistadigital.com.ar\/blog\/wp-json\/wp\/v2\/posts\/30419\/revisions"}],"predecessor-version":[{"id":30423,"href":"https:\/\/larevistadigital.com.ar\/blog\/wp-json\/wp\/v2\/posts\/30419\/revisions\/30423"}],"wp:featuredmedia":[{"embeddable":true,"href":"https:\/\/larevistadigital.com.ar\/blog\/wp-json\/wp\/v2\/media\/30421"}],"wp:attachment":[{"href":"https:\/\/larevistadigital.com.ar\/blog\/wp-json\/wp\/v2\/media?parent=30419"}],"wp:term":[{"taxonomy":"category","embeddable":true,"href":"https:\/\/larevistadigital.com.ar\/blog\/wp-json\/wp\/v2\/categories?post=30419"},{"taxonomy":"post_tag","embeddable":true,"href":"https:\/\/larevistadigital.com.ar\/blog\/wp-json\/wp\/v2\/tags?post=30419"}],"curies":[{"name":"wp","href":"https:\/\/api.w.org\/{rel}","templated":true}]}}