{"id":30425,"date":"2023-03-06T22:13:50","date_gmt":"2023-03-06T22:13:50","guid":{"rendered":"https:\/\/larevistadigital.com.ar\/blog\/?p=30425"},"modified":"2023-03-06T22:14:06","modified_gmt":"2023-03-06T22:14:06","slug":"megabanda-criminal-condenaron-al-ex-juez-platense-cesar-melazo-por-coautor-de-asociacion-ilicita","status":"publish","type":"post","link":"https:\/\/larevistadigital.com.ar\/blog\/megabanda-criminal-condenaron-al-ex-juez-platense-cesar-melazo-por-coautor-de-asociacion-ilicita\/","title":{"rendered":"\u00abMEGABANDA CRIMINAL\u00bb CONDENARON AL EX JUEZ PLATENSE C\u00c9SAR MELAZO POR \u00abCOAUTOR\u00bb DE ASOCIACI\u00d3N IL\u00cdCITA"},"content":{"rendered":"<div class=\"left\">\n<h2 class=\"negrita\">La justicia dict\u00f3 por mayor\u00eda una pena de 7 a\u00f1os y diez meses de prisi\u00f3n. Lleva cuatro a\u00f1os y medio detenido con prisi\u00f3n preventiva y seguir\u00e1 tras las rejas<\/h2>\n<p class=\"fecha\">06 de marzo de 2023<\/p>\n<div class=\"texto\">\n<p>Una\u00a0<strong>condena de siete a\u00f1os y diez mese<\/strong>s de prisi\u00f3n recay\u00f3 sobre el exjuez de Garant\u00edas de La Plata\u00a0<strong>C\u00e9sar Ricardo Melazo<\/strong> al ser encontrado culpable del delito de \u00abcoautor\u00bb de asociaci\u00f3n il\u00edcita, confirmaron fuentes judiciales al portal <strong>02221.com.ar<\/strong>. La decisi\u00f3n de los jueces fue por mayor\u00eda. La Presidenta de Tribunal Oral Criminal (TOC) II de La Plata\u00a0\u00a0<strong>Silvia Hoerr<\/strong>\u00a0en minor\u00eda vot\u00f3 por una condena de 15 a\u00f1os como \u00abjefe\u00bb de la empresa criminal, tal como lo solicitaron los fiscales de juicio\u00a0<strong>Mariano Sibuet<\/strong>\u00a0y\u00a0<strong>Victoria Huergo<\/strong>.<\/p>\n<blockquote>\n<h3>En esta causa se ventilaron varios expedientes. Uno de ellos fue el crimen de\u00a0<strong>Juan Far\u00edas<\/strong>, un presunto exintegrante de la banda, pero por ese hecho nadie fue condenado, todos fueron absueltos.<\/h3>\n<\/blockquote>\n<p>El resto de las condenas por mayor\u00eda\u00a0como coautores de la asociaci\u00f3n il\u00edcita fueron para el excomisario\u00a0<strong>Gustavo Burzstyn<\/strong>\u00a0(7 a\u00f1os y 10 meses, la jueza propuso 13 a\u00f1os), el expolic\u00eda\u00a0<strong>Gustavo Mena<\/strong>\u00a0(6 a\u00f1os de prisi\u00f3n, la magistrada vot\u00f3 por 9 a\u00f1os),\u00a0<strong>Adri\u00e1n Manes<\/strong>\u00a0(4 a\u00f1os y seis meses, el voto minoritario fue de 8 a\u00f1os),\u00a0<strong>Carlos Bertoni<\/strong>\u00a0(4 a\u00f1os de c\u00e1rcel, la jueza vot\u00f3 6 a\u00f1os). En tanto, por unanimidad, condenaron e\u00a0<strong>Enrique Petrullo<\/strong> a 4 a\u00f1os de prisi\u00f3n por tr\u00e1fico de influencias.<\/p>\n<p><img data-recalc-dims=\"1\" decoding=\"async\" src=\"https:\/\/i0.wp.com\/pxb.cdn.0221.com.ar\/0221\/092022\/1662401357094.jpg?ssl=1\" alt=\"\" \/><\/p>\n<p><strong>El resto de los acusados quedaron todos libres de culpa y cargo.<\/strong><\/p>\n<blockquote>\n<h3>Melazo, que no estuvo presente en la sala de audiencias, renunci\u00f3 a su cargo en junio de 2017, cuando estaba apartado de sus funciones, de manera preventiva, por decisi\u00f3n del jury de enjuiciamiento abierto en su contra a partir de tres denuncias por mal desempe\u00f1o y presuntas irregularidades en su accionar.<\/h3>\n<\/blockquote>\n<div class=\"boxepigrafe\">\n<p><img data-recalc-dims=\"1\" decoding=\"async\" title=\"La familia de Juan Far\u00edas busca justicia hace 13 a\u00f1os - Foto: AGLP\" src=\"https:\/\/i0.wp.com\/pxb.cdn.0221.com.ar\/0221\/122022\/1670418235433.jpg?ssl=1\" alt=\"La familia de Juan Far\u00edas busca justicia hace 13 a\u00f1os - Foto: AGLP\" \/><strong>La familia de Juan Far\u00edas busca justicia hace 13 a\u00f1os &#8211; Foto: AGLP<\/strong><\/p>\n<\/div>\n<blockquote>\n<h3>Con esta condena tanto Melazo como Burzstyn est\u00e1n en condiciones de recuperar la libertad asistida dentro de 60 d\u00edas, pero la defensa del exjuez (los abogados Christian Romano y Juan Pesquera) solicitar\u00e1n que antes sea beneficiado con salidas transitorias.<\/h3>\n<\/blockquote>\n<p>Seg\u00fan la investigaci\u00f3n que tuvo a su cargo la fiscal\u00a0<strong>Betina Lacki<\/strong>, los procesados integraban una asociaci\u00f3n il\u00edcita que comet\u00eda <strong><em>\u00abrobos bajo la modalidad de escruche, robo de autos, su posterior reducci\u00f3n; adulteraci\u00f3n y venta, comercializaci\u00f3n de estupefacientes, con un mismo modus operandi, con divisi\u00f3n y organizaci\u00f3n de tareas\u00bb.<\/em><\/strong><\/p>\n<blockquote>\n<h3>Adem\u00e1s, <strong><em>\u00abalgunos de ellos, en su condici\u00f3n de efectivos policiales, aseguraban la zona, entregaban los trabajos y brindaban cobertura policial\u00bb<\/em><\/strong> y Melazo se presume brindaba protecci\u00f3n a la banda.<\/h3>\n<\/blockquote>\n<p><img data-recalc-dims=\"1\" decoding=\"async\" src=\"https:\/\/i0.wp.com\/pxb.cdn.0221.com.ar\/0221\/102022\/1665080895906.jpeg?ssl=1\" alt=\"\" \/><\/p>\n<p>El juicio oral estuvo a cargo de TOC II en esta oportunidad integrado por\u00a0<strong>Santiago Paolini<\/strong>,\u00a0<strong>Andr\u00e9s Vitali<\/strong>\u00a0y\u00a0<strong>Silvia Hoerr<\/strong>.<\/p>\n<blockquote>\n<h3>Los fundamentos de la sentencia se conocer\u00e1n el 17 de abril y all\u00ed tambi\u00e9n se sabr\u00e1 si Melazo ser\u00e1 investigado por presunto enriquecimiento il\u00edcito tal como solicitaron los fiscales en su alegato.<\/h3>\n<\/blockquote>\n<p>Tal como se inform\u00f3 a fines de 2022 los fiscales pidieron para Melazo 16 a\u00f1os de c\u00e1rcel como supuesto jefe de una asociaci\u00f3n il\u00edcita. Y tambi\u00e9n dejaron requerido que se lo investigue en torno a su supuesta participaci\u00f3n en el asesinato de Far\u00edas.<\/p>\n<div class=\"boxepigrafe\">\n<p><img data-recalc-dims=\"1\" decoding=\"async\" title=\"Victoria Huergo y Mariano Sibuet, fiscales de juicio de La Plata - Foto: AGLP\" src=\"https:\/\/i0.wp.com\/pxb.cdn.0221.com.ar\/0221\/102022\/1665080899387.jpg?ssl=1\" alt=\"Victoria Huergo y Mariano Sibuet, fiscales de juicio de La Plata - Foto: AGLP\" \/>Victoria Huergo y Mariano Sibuet, fiscales de juicio de La Plata &#8211; Foto: AGLP<\/p>\n<\/div>\n<p>Adem\u00e1s se espera un segundo juicio oral por la llamada \u201cMegabanda II\u201d, el ex juez de Casaci\u00f3n,\u00a0<strong>Mart\u00edn Manuel Ordoqui<\/strong>, destituido de su cargo tras un juicio pol\u00edtico realizado por un Jury de Enjuiciamiento y detenido en septiembre de 2022. Fue capturado el mismo d\u00eda que empez\u00f3 el juicio a Melazo..<\/p>\n<\/div>\n<div class=\"notapage_sticky\">\n<div class=\"compartir tw\"><\/div>\n<div class=\"compartir pr\"><\/div>\n<div class=\"compartir em\"><\/div>\n<div class=\"compartir whatsapp\"><\/div>\n<div class=\"compartir telegram\"><\/div>\n<\/div>\n<\/div>\n","protected":false},"excerpt":{"rendered":"<div class=\"mh-excerpt\"><p>La justicia dict\u00f3 por mayor\u00eda una pena de 7 a\u00f1os y diez meses de prisi\u00f3n. Lleva cuatro a\u00f1os y medio detenido con prisi\u00f3n preventiva y seguir\u00e1 tras las rejas 06 de marzo de 2023 Una\u00a0condena <a class=\"mh-excerpt-more\" href=\"https:\/\/larevistadigital.com.ar\/blog\/megabanda-criminal-condenaron-al-ex-juez-platense-cesar-melazo-por-coautor-de-asociacion-ilicita\/\" title=\"\u00abMEGABANDA CRIMINAL\u00bb CONDENARON AL EX JUEZ PLATENSE C\u00c9SAR MELAZO POR \u00abCOAUTOR\u00bb DE ASOCIACI\u00d3N IL\u00cdCITA\">[Leer M\u00e1s]<\/a><\/p>\n<\/div>","protected":false},"author":3,"featured_media":30426,"comment_status":"open","ping_status":"open","sticky":false,"template":"","format":"standard","meta":{"_jetpack_memberships_contains_paid_content":false,"footnotes":"","jetpack_publicize_message":"","jetpack_publicize_feature_enabled":true,"jetpack_social_post_already_shared":true,"jetpack_social_options":{"image_generator_settings":{"template":"highway","default_image_id":0,"font":"","enabled":false},"version":2}},"categories":[44],"tags":[],"class_list":{"0":"post-30425","1":"post","2":"type-post","3":"status-publish","4":"format-standard","5":"has-post-thumbnail","7":"category-policiales"},"jetpack_publicize_connections":[],"jetpack_featured_media_url":"https:\/\/i0.wp.com\/larevistadigital.com.ar\/blog\/wp-content\/uploads\/1670418230917.jpg?fit=1920%2C950&ssl=1","jetpack_sharing_enabled":true,"jetpack_shortlink":"https:\/\/wp.me\/p8qtrQ-7UJ","jetpack-related-posts":[{"id":40868,"url":"https:\/\/larevistadigital.com.ar\/blog\/condena-historica-19-anos-de-prision-para-claudio-contardi-por-abuso-sexual-a-julieta-prandi\/","url_meta":{"origin":30425,"position":0},"title":"Condena hist\u00f3rica: 19 a\u00f1os de prisi\u00f3n para Claudio Contardi por abuso sexual a Julieta Prandi","author":"Alejandro Sosa Ruda","date":"13 agosto, 2025","format":false,"excerpt":"El Tribunal Oral en lo Criminal N\u00ba 2 de Z\u00e1rate-Campana orden\u00f3 la detenci\u00f3n inmediata del empresario, exmarido de la actriz, por \u201cabuso sexual con acceso carnal agravado\u201d. 13 de Agosto de 2025 El empresario Claudio Contardi fue condenado este mi\u00e9rcoles a 19 a\u00f1os de prisi\u00f3n tras ser hallado culpable del\u2026","rel":"","context":"En \u00abINTERES GENERAL\u00bb","block_context":{"text":"INTERES GENERAL","link":"https:\/\/larevistadigital.com.ar\/blog\/category\/interes-general\/"},"img":{"alt_text":"","src":"https:\/\/i0.wp.com\/larevistadigital.com.ar\/blog\/wp-content\/uploads\/julieta-Prandi.jpg?fit=686%2C384&ssl=1&resize=350%2C200","width":350,"height":200,"srcset":"https:\/\/i0.wp.com\/larevistadigital.com.ar\/blog\/wp-content\/uploads\/julieta-Prandi.jpg?fit=686%2C384&ssl=1&resize=350%2C200 1x, https:\/\/i0.wp.com\/larevistadigital.com.ar\/blog\/wp-content\/uploads\/julieta-Prandi.jpg?fit=686%2C384&ssl=1&resize=525%2C300 1.5x"},"classes":[]},{"id":23947,"url":"https:\/\/larevistadigital.com.ar\/blog\/revocan-la-prision-domiciliaria-del-hombre-detenido-por-abusar-de-su-bisnieta-de-3-meses\/","url_meta":{"origin":30425,"position":1},"title":"REVOCAN LA PRISI\u00d3N DOMICILIARIA DEL HOMBRE DETENIDO POR ABUSAR DE SU BISNIETA DE 3 MESES","author":"Alejandro Sosa Ruda","date":"12 febrero, 2022","format":false,"excerpt":"El jueves pasado cuando la Polic\u00eda Bonaerense detuvo a un hombre de 63 a\u00f1os acusado de haber abusado sexualmente de su bisnieta de tres meses, uno de los datos que emergi\u00f3 r\u00e1pidamente entre los investigadores era que en esa casa el imputado cumpl\u00eda prisi\u00f3n domiciliaria por una causa previa, tambi\u00e9n\u2026","rel":"","context":"En \u00abINTERES GENERAL\u00bb","block_context":{"text":"INTERES GENERAL","link":"https:\/\/larevistadigital.com.ar\/blog\/category\/interes-general\/"},"img":{"alt_text":"","src":"https:\/\/i0.wp.com\/larevistadigital.com.ar\/blog\/wp-content\/uploads\/20220211154836_tribunal-oral-federal-mar-del-plata.jpg?fit=880%2C512&ssl=1&resize=350%2C200","width":350,"height":200,"srcset":"https:\/\/i0.wp.com\/larevistadigital.com.ar\/blog\/wp-content\/uploads\/20220211154836_tribunal-oral-federal-mar-del-plata.jpg?fit=880%2C512&ssl=1&resize=350%2C200 1x, https:\/\/i0.wp.com\/larevistadigital.com.ar\/blog\/wp-content\/uploads\/20220211154836_tribunal-oral-federal-mar-del-plata.jpg?fit=880%2C512&ssl=1&resize=525%2C300 1.5x, https:\/\/i0.wp.com\/larevistadigital.com.ar\/blog\/wp-content\/uploads\/20220211154836_tribunal-oral-federal-mar-del-plata.jpg?fit=880%2C512&ssl=1&resize=700%2C400 2x"},"classes":[]},{"id":27674,"url":"https:\/\/larevistadigital.com.ar\/blog\/se-reanude-el-juicio-por-la-causa-vialidad-contra-cristina-kirchner-con-el-alegato-de-la-defensa-de-julio-de-vido\/","url_meta":{"origin":30425,"position":2},"title":"SE REANUDE EL JUICIO POR LA CAUSA VIALIDAD CONTRA CRISTINA KIRCHNER CON EL ALEGATO DE LA DEFENSA DE JULIO DE VIDO","author":"Alejandro Sosa Ruda","date":"12 septiembre, 2022","format":false,"excerpt":"En San Isidro se reanduda el proceso con el inicio del alegato de la defensa del exministro de Planificaci\u00f3n Federal, para quien la fiscal\u00eda pidi\u00f3 una condena de diez a\u00f1os de prisi\u00f3n. 12 de septiembre de 2022 Los abogados Maximiliano Rusconi y Gabriel Palmeiro, que representan al exfuncionario, expondr\u00e1n ante\u2026","rel":"","context":"En \u00abINTERES GENERAL\u00bb","block_context":{"text":"INTERES GENERAL","link":"https:\/\/larevistadigital.com.ar\/blog\/category\/interes-general\/"},"img":{"alt_text":"","src":"https:\/\/i0.wp.com\/larevistadigital.com.ar\/blog\/wp-content\/uploads\/multimedia.normal.81edbb9ca6e3a88e.64657669646f5f6e6f726d616c2e706e67.png?fit=1200%2C675&ssl=1&resize=350%2C200","width":350,"height":200,"srcset":"https:\/\/i0.wp.com\/larevistadigital.com.ar\/blog\/wp-content\/uploads\/multimedia.normal.81edbb9ca6e3a88e.64657669646f5f6e6f726d616c2e706e67.png?fit=1200%2C675&ssl=1&resize=350%2C200 1x, https:\/\/i0.wp.com\/larevistadigital.com.ar\/blog\/wp-content\/uploads\/multimedia.normal.81edbb9ca6e3a88e.64657669646f5f6e6f726d616c2e706e67.png?fit=1200%2C675&ssl=1&resize=525%2C300 1.5x, https:\/\/i0.wp.com\/larevistadigital.com.ar\/blog\/wp-content\/uploads\/multimedia.normal.81edbb9ca6e3a88e.64657669646f5f6e6f726d616c2e706e67.png?fit=1200%2C675&ssl=1&resize=700%2C400 2x, https:\/\/i0.wp.com\/larevistadigital.com.ar\/blog\/wp-content\/uploads\/multimedia.normal.81edbb9ca6e3a88e.64657669646f5f6e6f726d616c2e706e67.png?fit=1200%2C675&ssl=1&resize=1050%2C600 3x"},"classes":[]},{"id":41487,"url":"https:\/\/larevistadigital.com.ar\/blog\/tres-anos-de-condena-condicional-para-un-hombre-acusado-de-abusar-de-su-nieta\/","url_meta":{"origin":30425,"position":3},"title":"Tres a\u00f1os de condena condicional para un hombre acusado de abusar de su nieta","author":"Alejandro Sosa Ruda","date":"16 septiembre, 2025","format":false,"excerpt":"El Tribunal Oral en lo Criminal N\u00b02 conden\u00f3 a Rub\u00e9n Dar\u00edo S\u00e1nchez a tres a\u00f1os de prisi\u00f3n en suspenso tras un acuerdo de juicio abreviado por abuso sexual agravado contra su nieta. 16 de septiembre de 2025 MAR DEL PLATA\u00a0 -\u00a0 \u00a0Un hombre de 67 a\u00f1os, identificado como Rub\u00e9n Dar\u00edo\u2026","rel":"","context":"En \u00abPOLICIALES\u00bb","block_context":{"text":"POLICIALES","link":"https:\/\/larevistadigital.com.ar\/blog\/category\/policiales\/"},"img":{"alt_text":"","src":"https:\/\/i0.wp.com\/larevistadigital.com.ar\/blog\/wp-content\/uploads\/Captura-de-pantalla-2025-09-16-173534.jpg?fit=633%2C406&ssl=1&resize=350%2C200","width":350,"height":200,"srcset":"https:\/\/i0.wp.com\/larevistadigital.com.ar\/blog\/wp-content\/uploads\/Captura-de-pantalla-2025-09-16-173534.jpg?fit=633%2C406&ssl=1&resize=350%2C200 1x, https:\/\/i0.wp.com\/larevistadigital.com.ar\/blog\/wp-content\/uploads\/Captura-de-pantalla-2025-09-16-173534.jpg?fit=633%2C406&ssl=1&resize=525%2C300 1.5x"},"classes":[]},{"id":29187,"url":"https:\/\/larevistadigital.com.ar\/blog\/conocido-periodista-costero-fue-condenado-a-10-anos-de-prision-de-cumplimiento-efectivo-por-abuso-sexual\/","url_meta":{"origin":30425,"position":4},"title":"CONOCIDO PERIODISTA COSTERO FUE CONDENADO A 10 A\u00d1OS DE PRISI\u00d3N DE CUMPLIMIENTO EFECTIVO POR ABUSO SEXUAL","author":"Alejandro Sosa Ruda","date":"30 noviembre, 2022","format":false,"excerpt":"Despu\u00e9s de m\u00e1s de tres a\u00f1os de idas y venidas de la Justicia, finalmente este martes se confirm\u00f3 la condena al periodista costero Eduardo Arias, a quien el Tribunal en lo Criminal N\u00b0 1 de Dolores, lo conden\u00f3 a 10 a\u00f1os de prisi\u00f3n de cumplimiento efectivo, despu\u00e9s de haber sido\u2026","rel":"","context":"En \u00abDOLORES\u00bb","block_context":{"text":"DOLORES","link":"https:\/\/larevistadigital.com.ar\/blog\/category\/dolores\/"},"img":{"alt_text":"","src":"https:\/\/i0.wp.com\/larevistadigital.com.ar\/blog\/wp-content\/uploads\/20221130081057_eduardo-arias-condena.jpg?fit=880%2C512&ssl=1&resize=350%2C200","width":350,"height":200,"srcset":"https:\/\/i0.wp.com\/larevistadigital.com.ar\/blog\/wp-content\/uploads\/20221130081057_eduardo-arias-condena.jpg?fit=880%2C512&ssl=1&resize=350%2C200 1x, https:\/\/i0.wp.com\/larevistadigital.com.ar\/blog\/wp-content\/uploads\/20221130081057_eduardo-arias-condena.jpg?fit=880%2C512&ssl=1&resize=525%2C300 1.5x, https:\/\/i0.wp.com\/larevistadigital.com.ar\/blog\/wp-content\/uploads\/20221130081057_eduardo-arias-condena.jpg?fit=880%2C512&ssl=1&resize=700%2C400 2x"},"classes":[]},{"id":31943,"url":"https:\/\/larevistadigital.com.ar\/blog\/justicia-justa-beneficiaron-con-salidas-transitorias-a-dos-de-los-secuestradores-y-asesinos-de-matias-berardi\/","url_meta":{"origin":30425,"position":5},"title":"\u00bfJUSTICIA JUSTA?&#8230; BENEFICIARON CON SALIDAS TRANSITORIAS A DOS DE LOS SECUESTRADORES Y ASESINOS DE MAT\u00cdAS BERARDI","author":"Alejandro Sosa Ruda","date":"12 junio, 2023","format":false,"excerpt":"Se trata de El\u00edas Emanuel Vivas y Celeste Ver\u00f3nica Moyano, quienes recibieron penas de 18 y 19 a\u00f1os de c\u00e1rcel, respectivamente, en 2013. El padre del adolescente asesinado teme que se produzca \u201cun efecto domin\u00f3\u201d ya que hay otros tres condenados por el horrendo crimen que solicitaron el mismo beneficio.\u2026","rel":"","context":"En \u00abINTERES GENERAL\u00bb","block_context":{"text":"INTERES GENERAL","link":"https:\/\/larevistadigital.com.ar\/blog\/category\/interes-general\/"},"img":{"alt_text":"","src":"https:\/\/i0.wp.com\/larevistadigital.com.ar\/blog\/wp-content\/uploads\/MATIAS-BERARDI.jpg?fit=750%2C507&ssl=1&resize=350%2C200","width":350,"height":200,"srcset":"https:\/\/i0.wp.com\/larevistadigital.com.ar\/blog\/wp-content\/uploads\/MATIAS-BERARDI.jpg?fit=750%2C507&ssl=1&resize=350%2C200 1x, https:\/\/i0.wp.com\/larevistadigital.com.ar\/blog\/wp-content\/uploads\/MATIAS-BERARDI.jpg?fit=750%2C507&ssl=1&resize=525%2C300 1.5x, https:\/\/i0.wp.com\/larevistadigital.com.ar\/blog\/wp-content\/uploads\/MATIAS-BERARDI.jpg?fit=750%2C507&ssl=1&resize=700%2C400 2x"},"classes":[]}],"_links":{"self":[{"href":"https:\/\/larevistadigital.com.ar\/blog\/wp-json\/wp\/v2\/posts\/30425","targetHints":{"allow":["GET"]}}],"collection":[{"href":"https:\/\/larevistadigital.com.ar\/blog\/wp-json\/wp\/v2\/posts"}],"about":[{"href":"https:\/\/larevistadigital.com.ar\/blog\/wp-json\/wp\/v2\/types\/post"}],"author":[{"embeddable":true,"href":"https:\/\/larevistadigital.com.ar\/blog\/wp-json\/wp\/v2\/users\/3"}],"replies":[{"embeddable":true,"href":"https:\/\/larevistadigital.com.ar\/blog\/wp-json\/wp\/v2\/comments?post=30425"}],"version-history":[{"count":2,"href":"https:\/\/larevistadigital.com.ar\/blog\/wp-json\/wp\/v2\/posts\/30425\/revisions"}],"predecessor-version":[{"id":30428,"href":"https:\/\/larevistadigital.com.ar\/blog\/wp-json\/wp\/v2\/posts\/30425\/revisions\/30428"}],"wp:featuredmedia":[{"embeddable":true,"href":"https:\/\/larevistadigital.com.ar\/blog\/wp-json\/wp\/v2\/media\/30426"}],"wp:attachment":[{"href":"https:\/\/larevistadigital.com.ar\/blog\/wp-json\/wp\/v2\/media?parent=30425"}],"wp:term":[{"taxonomy":"category","embeddable":true,"href":"https:\/\/larevistadigital.com.ar\/blog\/wp-json\/wp\/v2\/categories?post=30425"},{"taxonomy":"post_tag","embeddable":true,"href":"https:\/\/larevistadigital.com.ar\/blog\/wp-json\/wp\/v2\/tags?post=30425"}],"curies":[{"name":"wp","href":"https:\/\/api.w.org\/{rel}","templated":true}]}}