{"id":30429,"date":"2023-03-07T00:22:42","date_gmt":"2023-03-07T00:22:42","guid":{"rendered":"https:\/\/larevistadigital.com.ar\/blog\/?p=30429"},"modified":"2023-03-07T00:22:42","modified_gmt":"2023-03-07T00:22:42","slug":"mar-del-plata-ataron-un-cable-a-ambos-lados-de-la-calle-y-casi-decapitaron-a-un-motociclista","status":"publish","type":"post","link":"https:\/\/larevistadigital.com.ar\/blog\/mar-del-plata-ataron-un-cable-a-ambos-lados-de-la-calle-y-casi-decapitaron-a-un-motociclista\/","title":{"rendered":"MAR DEL PLATA: ATARON UN CABLE A AMBOS LADOS DE LA CALLE Y CASI DECAPITARON A UN MOTOCICLISTA"},"content":{"rendered":"<p><strong>MAR DEL PLATA &#8211;\u00a0<\/strong> \u00a0Un matrimonio que el domingo por la tarde circulaba en moto, sufri\u00f3 heridas tras \u00abchocar\u00bb con un cable, que de manera intencional estaba atado entre dos postes en el medio de la calle. El grueso cable estaba colocado a la altura de la cabeza, y de milagro no ocurri\u00f3 una tragedia.<\/p>\n<blockquote>\n<h3><em><strong>\u00abIba en moto con mi esposa por la calle que es salida del Aut\u00f3dromo, a unos 100 metros de la escuela, cuando de repente se me cruza un cable a la altura de la cabeza. Alcanc\u00e9 a agacharme, pero por el impacto, nos tir\u00f3 a los dos al piso. Iba despacito, como a 40 (km. por hora) porque sino, me corta la cabeza\u00bb<\/strong><\/em>, cont\u00f3 <strong>Federico Vizca\u00edno (29)<\/strong> al portal 0223.<\/h3>\n<\/blockquote>\n<p>El joven record\u00f3 que el fuerte impacto lo dej\u00f3 dolorido y aturdido durante unos instantes, sobre el suelo de la calle de tierra.<em><strong> \u00abCuando veo el cable, me agacho y me alcanz\u00f3 a pegar en el casco. Por la potencia, nos tir\u00f3 a los dos. A mi me peg\u00f3 en el cuello y casi me desmaya y a mi esposa le peg\u00f3 en el brazo y le fisur\u00f3 una costilla. Tuvimos que ir a la guardia de la Cl\u00ednica Pueyrred\u00f3n, donde el m\u00e9dico me dijo que si iba m\u00e1s r\u00e1pido, me decapitaba\u00bb<\/strong><\/em> culmin\u00f3.<\/p>\n<p>&nbsp;<\/p>\n","protected":false},"excerpt":{"rendered":"<div class=\"mh-excerpt\"><p>MAR DEL PLATA &#8211;\u00a0 \u00a0Un matrimonio que el domingo por la tarde circulaba en moto, sufri\u00f3 heridas tras \u00abchocar\u00bb con un cable, que de manera intencional estaba atado entre dos postes en el medio de <a class=\"mh-excerpt-more\" href=\"https:\/\/larevistadigital.com.ar\/blog\/mar-del-plata-ataron-un-cable-a-ambos-lados-de-la-calle-y-casi-decapitaron-a-un-motociclista\/\" title=\"MAR DEL PLATA: ATARON UN CABLE A AMBOS LADOS DE LA CALLE Y CASI DECAPITARON A UN MOTOCICLISTA\">[Leer M\u00e1s]<\/a><\/p>\n<\/div>","protected":false},"author":3,"featured_media":30430,"comment_status":"open","ping_status":"open","sticky":false,"template":"","format":"standard","meta":{"_jetpack_memberships_contains_paid_content":false,"footnotes":"","jetpack_publicize_message":"","jetpack_publicize_feature_enabled":true,"jetpack_social_post_already_shared":true,"jetpack_social_options":{"image_generator_settings":{"template":"highway","default_image_id":0,"font":"","enabled":false},"version":2}},"categories":[44,51],"tags":[],"class_list":{"0":"post-30429","1":"post","2":"type-post","3":"status-publish","4":"format-standard","5":"has-post-thumbnail","7":"category-policiales","8":"category-regionales"},"jetpack_publicize_connections":[],"jetpack_featured_media_url":"https:\/\/i0.wp.com\/larevistadigital.com.ar\/blog\/wp-content\/uploads\/ATAN-CABLE-EN-MARDEL.png?fit=652%2C431&ssl=1","jetpack_sharing_enabled":true,"jetpack_shortlink":"https:\/\/wp.me\/p8qtrQ-7UN","jetpack-related-posts":[{"id":40501,"url":"https:\/\/larevistadigital.com.ar\/blog\/terror-en-mar-del-plata-un-motociclista-murio-decapitado-por-un-cable-colocado-intencionalmente-para-robar\/","url_meta":{"origin":30429,"position":0},"title":"Terror en Mar del Plata: un motociclista muri\u00f3 decapitado por un cable colocado intencionalmente para robar","author":"Alejandro Sosa Ruda","date":"17 julio, 2025","format":false,"excerpt":"El truculento suceso ocurri\u00f3 el martes por la noche, y conmocion\u00f3 a la ciudad. 17 de Julio de 2025 MAR DEL PLATA\u00a0 -\u00a0 \u00a0 Un hecho estremecedor conmueve a la ciudad de Mar del Plata: un motociclista de 40 a\u00f1os perdi\u00f3 la vida de forma brutal este martes por la\u2026","rel":"","context":"En \u00abPOLICIALES\u00bb","block_context":{"text":"POLICIALES","link":"https:\/\/larevistadigital.com.ar\/blog\/category\/policiales\/"},"img":{"alt_text":"","src":"https:\/\/i0.wp.com\/larevistadigital.com.ar\/blog\/wp-content\/uploads\/Motociclista-decapitado.jpg?fit=826%2C462&ssl=1&resize=350%2C200","width":350,"height":200,"srcset":"https:\/\/i0.wp.com\/larevistadigital.com.ar\/blog\/wp-content\/uploads\/Motociclista-decapitado.jpg?fit=826%2C462&ssl=1&resize=350%2C200 1x, https:\/\/i0.wp.com\/larevistadigital.com.ar\/blog\/wp-content\/uploads\/Motociclista-decapitado.jpg?fit=826%2C462&ssl=1&resize=525%2C300 1.5x, https:\/\/i0.wp.com\/larevistadigital.com.ar\/blog\/wp-content\/uploads\/Motociclista-decapitado.jpg?fit=826%2C462&ssl=1&resize=700%2C400 2x"},"classes":[]},{"id":22927,"url":"https:\/\/larevistadigital.com.ar\/blog\/mar-del-plata-choque-y-vuelco-en-colon-y-guemes\/","url_meta":{"origin":30429,"position":1},"title":"MAR DEL PLATA: CHOQUE Y VUELCO EN COL\u00d3N Y G\u00dcEMES","author":"Alejandro Sosa Ruda","date":"8 diciembre, 2021","format":false,"excerpt":"El siniestro vial se produjo durante las primeras horas de la ma\u00f1ana de este mi\u00e9rcoles. Un fuerte\u00a0choque y vuelco\u00a0se produjo durante las primeras horas de la ma\u00f1ana de este mi\u00e9rcoles en la zona de la avenida\u00a0Col\u00f3n a la altura de la calle G\u00fcemes:\u00a0el conductor de un auto perdi\u00f3 el control\u2026","rel":"","context":"En \u00abPOLICIALES\u00bb","block_context":{"text":"POLICIALES","link":"https:\/\/larevistadigital.com.ar\/blog\/category\/policiales\/"},"img":{"alt_text":"","src":"https:\/\/i0.wp.com\/larevistadigital.com.ar\/blog\/wp-content\/uploads\/choque-guemes-y-colon-dic-2021.jpg?fit=770%2C433&ssl=1&resize=350%2C200","width":350,"height":200,"srcset":"https:\/\/i0.wp.com\/larevistadigital.com.ar\/blog\/wp-content\/uploads\/choque-guemes-y-colon-dic-2021.jpg?fit=770%2C433&ssl=1&resize=350%2C200 1x, https:\/\/i0.wp.com\/larevistadigital.com.ar\/blog\/wp-content\/uploads\/choque-guemes-y-colon-dic-2021.jpg?fit=770%2C433&ssl=1&resize=525%2C300 1.5x, https:\/\/i0.wp.com\/larevistadigital.com.ar\/blog\/wp-content\/uploads\/choque-guemes-y-colon-dic-2021.jpg?fit=770%2C433&ssl=1&resize=700%2C400 2x"},"classes":[]},{"id":11275,"url":"https:\/\/larevistadigital.com.ar\/blog\/mar-del-plata-apunalan-a-un-individuo-por-una-discusion-en-la-calle\/","url_meta":{"origin":30429,"position":2},"title":"MAR DEL PLATA: APU\u00d1ALAN A UN INDIVIDUO POR UNA DISCUSI\u00d3N EN LA CALLE","author":"Alejandro Sosa Ruda","date":"13 julio, 2019","format":false,"excerpt":"La v\u00edctima tiene 38 a\u00f1os, fue hallado en Col\u00f3n y Misiones gravemente herido, inconsciente y alcoholizado. Las c\u00e1maras se seguridad registraron el ataque. Un hombre de 38 fue apu\u00f1alado por un grupo de personas con las que discuti\u00f3 esta madrugada mientras caminaba por la avenida Col\u00f3n y tuvo que ser\u2026","rel":"","context":"En \u00abREGIONALES\u00bb","block_context":{"text":"REGIONALES","link":"https:\/\/larevistadigital.com.ar\/blog\/category\/regionales\/"},"img":{"alt_text":"","src":"https:\/\/i0.wp.com\/larevistadigital.com.ar\/blog\/wp-content\/uploads\/Screenshot_3-8.jpg?fit=1007%2C653&ssl=1&resize=350%2C200","width":350,"height":200,"srcset":"https:\/\/i0.wp.com\/larevistadigital.com.ar\/blog\/wp-content\/uploads\/Screenshot_3-8.jpg?fit=1007%2C653&ssl=1&resize=350%2C200 1x, https:\/\/i0.wp.com\/larevistadigital.com.ar\/blog\/wp-content\/uploads\/Screenshot_3-8.jpg?fit=1007%2C653&ssl=1&resize=525%2C300 1.5x, https:\/\/i0.wp.com\/larevistadigital.com.ar\/blog\/wp-content\/uploads\/Screenshot_3-8.jpg?fit=1007%2C653&ssl=1&resize=700%2C400 2x"},"classes":[]},{"id":18184,"url":"https:\/\/larevistadigital.com.ar\/blog\/mar-del-plata-una-chica-de-19-anos-se-tiro-por-los-acantilados-de-la-ruta-11\/","url_meta":{"origin":30429,"position":3},"title":"MAR DEL PLATA: UNA CHICA DE 19 A\u00d1OS SE TIR\u00d3 POR LOS ACANTILADOS DE LA RUTA 11","author":"Alejandro Sosa Ruda","date":"16 diciembre, 2020","format":false,"excerpt":"La mujer, que cay\u00f3 desde una altura de unos 15 metros, aparentemente sin la participaci\u00f3n de terceras personas, pese a la altura, afortunadamente no muri\u00f3 y fue rescatada con politraumatismos en las piernas. MAR DEL PLATA - Una joven de 19 a\u00f1os que se hab\u00eda tirado desde un acantilado fue\u2026","rel":"","context":"En \u00abINTERES GENERAL\u00bb","block_context":{"text":"INTERES GENERAL","link":"https:\/\/larevistadigital.com.ar\/blog\/category\/interes-general\/"},"img":{"alt_text":"","src":"https:\/\/i0.wp.com\/larevistadigital.com.ar\/blog\/wp-content\/uploads\/1ba3439f735bdd59ebeceaba35678ad5646fc62c.jpg?fit=1140%2C702&ssl=1&resize=350%2C200","width":350,"height":200,"srcset":"https:\/\/i0.wp.com\/larevistadigital.com.ar\/blog\/wp-content\/uploads\/1ba3439f735bdd59ebeceaba35678ad5646fc62c.jpg?fit=1140%2C702&ssl=1&resize=350%2C200 1x, https:\/\/i0.wp.com\/larevistadigital.com.ar\/blog\/wp-content\/uploads\/1ba3439f735bdd59ebeceaba35678ad5646fc62c.jpg?fit=1140%2C702&ssl=1&resize=525%2C300 1.5x, https:\/\/i0.wp.com\/larevistadigital.com.ar\/blog\/wp-content\/uploads\/1ba3439f735bdd59ebeceaba35678ad5646fc62c.jpg?fit=1140%2C702&ssl=1&resize=700%2C400 2x, https:\/\/i0.wp.com\/larevistadigital.com.ar\/blog\/wp-content\/uploads\/1ba3439f735bdd59ebeceaba35678ad5646fc62c.jpg?fit=1140%2C702&ssl=1&resize=1050%2C600 3x"},"classes":[]},{"id":13938,"url":"https:\/\/larevistadigital.com.ar\/blog\/mar-del-plata-video-violenta-entradera-le-abren-la-cabeza-al-dueno-de-casa\/","url_meta":{"origin":30429,"position":4},"title":"MAR DEL PLATA: [VIDEO] VIOLENTA ENTRADERA. LE ABREN LA CABEZA AL DUE\u00d1O DE CASA","author":"Alejandro Sosa Ruda","date":"2 enero, 2020","format":false,"excerpt":"Una violenta entradera se produjo \u00a0este mi\u00e9rcoles en\u00a0Punta Mogotes, donde dos delincuentes ingresaron a una vivienda, lastimaron a los perros de la casa y le abrieron la cabeza de un culatazo al hombre que hab\u00eda alquilado el departamento para\u00a0vacacionar en Mar del Plata. Seg\u00fan se pudo saber, dos sujetos ingresaron\u2026","rel":"","context":"En \u00abPOLICIALES\u00bb","block_context":{"text":"POLICIALES","link":"https:\/\/larevistadigital.com.ar\/blog\/category\/policiales\/"},"img":{"alt_text":"","src":"https:\/\/i0.wp.com\/larevistadigital.com.ar\/blog\/wp-content\/uploads\/Screenshot_1-76.jpg?fit=965%2C418&ssl=1&resize=350%2C200","width":350,"height":200,"srcset":"https:\/\/i0.wp.com\/larevistadigital.com.ar\/blog\/wp-content\/uploads\/Screenshot_1-76.jpg?fit=965%2C418&ssl=1&resize=350%2C200 1x, https:\/\/i0.wp.com\/larevistadigital.com.ar\/blog\/wp-content\/uploads\/Screenshot_1-76.jpg?fit=965%2C418&ssl=1&resize=525%2C300 1.5x, https:\/\/i0.wp.com\/larevistadigital.com.ar\/blog\/wp-content\/uploads\/Screenshot_1-76.jpg?fit=965%2C418&ssl=1&resize=700%2C400 2x"},"classes":[]},{"id":29280,"url":"https:\/\/larevistadigital.com.ar\/blog\/mar-del-plata-muere-un-hombre-luego-de-caer-con-su-auto-en-un-acantilado\/","url_meta":{"origin":30429,"position":5},"title":"MAR DEL PLATA: MUERE UN HOMBRE LUEGO DE CAER CON SU AUTO EN UN ACANTILADO","author":"Alejandro Sosa Ruda","date":"7 diciembre, 2022","format":false,"excerpt":"Ocurri\u00f3 en la zona de la ruta 11, a la altura de la calle 503. El conductor falleci\u00f3 al impactar el veh\u00edculo contra las rocas. 7 de diciembre de 2022 MAR DEL PLATA\u00a0 -\u00a0 Un hombre de 33 a\u00f1os muri\u00f3 este martes a la noche en\u00a0Mar del Plata\u00a0tras caer con\u2026","rel":"","context":"En \u00abPOLICIALES\u00bb","block_context":{"text":"POLICIALES","link":"https:\/\/larevistadigital.com.ar\/blog\/category\/policiales\/"},"img":{"alt_text":"","src":"https:\/\/i0.wp.com\/larevistadigital.com.ar\/blog\/wp-content\/uploads\/018fa3990f081a7ffcad10bb0999fbba09c9454f.jpg?fit=1140%2C634&ssl=1&resize=350%2C200","width":350,"height":200,"srcset":"https:\/\/i0.wp.com\/larevistadigital.com.ar\/blog\/wp-content\/uploads\/018fa3990f081a7ffcad10bb0999fbba09c9454f.jpg?fit=1140%2C634&ssl=1&resize=350%2C200 1x, https:\/\/i0.wp.com\/larevistadigital.com.ar\/blog\/wp-content\/uploads\/018fa3990f081a7ffcad10bb0999fbba09c9454f.jpg?fit=1140%2C634&ssl=1&resize=525%2C300 1.5x, https:\/\/i0.wp.com\/larevistadigital.com.ar\/blog\/wp-content\/uploads\/018fa3990f081a7ffcad10bb0999fbba09c9454f.jpg?fit=1140%2C634&ssl=1&resize=700%2C400 2x, https:\/\/i0.wp.com\/larevistadigital.com.ar\/blog\/wp-content\/uploads\/018fa3990f081a7ffcad10bb0999fbba09c9454f.jpg?fit=1140%2C634&ssl=1&resize=1050%2C600 3x"},"classes":[]}],"_links":{"self":[{"href":"https:\/\/larevistadigital.com.ar\/blog\/wp-json\/wp\/v2\/posts\/30429","targetHints":{"allow":["GET"]}}],"collection":[{"href":"https:\/\/larevistadigital.com.ar\/blog\/wp-json\/wp\/v2\/posts"}],"about":[{"href":"https:\/\/larevistadigital.com.ar\/blog\/wp-json\/wp\/v2\/types\/post"}],"author":[{"embeddable":true,"href":"https:\/\/larevistadigital.com.ar\/blog\/wp-json\/wp\/v2\/users\/3"}],"replies":[{"embeddable":true,"href":"https:\/\/larevistadigital.com.ar\/blog\/wp-json\/wp\/v2\/comments?post=30429"}],"version-history":[{"count":1,"href":"https:\/\/larevistadigital.com.ar\/blog\/wp-json\/wp\/v2\/posts\/30429\/revisions"}],"predecessor-version":[{"id":30431,"href":"https:\/\/larevistadigital.com.ar\/blog\/wp-json\/wp\/v2\/posts\/30429\/revisions\/30431"}],"wp:featuredmedia":[{"embeddable":true,"href":"https:\/\/larevistadigital.com.ar\/blog\/wp-json\/wp\/v2\/media\/30430"}],"wp:attachment":[{"href":"https:\/\/larevistadigital.com.ar\/blog\/wp-json\/wp\/v2\/media?parent=30429"}],"wp:term":[{"taxonomy":"category","embeddable":true,"href":"https:\/\/larevistadigital.com.ar\/blog\/wp-json\/wp\/v2\/categories?post=30429"},{"taxonomy":"post_tag","embeddable":true,"href":"https:\/\/larevistadigital.com.ar\/blog\/wp-json\/wp\/v2\/tags?post=30429"}],"curies":[{"name":"wp","href":"https:\/\/api.w.org\/{rel}","templated":true}]}}