{"id":30432,"date":"2023-03-07T01:07:47","date_gmt":"2023-03-07T01:07:47","guid":{"rendered":"https:\/\/larevistadigital.com.ar\/blog\/?p=30432"},"modified":"2023-03-07T01:07:47","modified_gmt":"2023-03-07T01:07:47","slug":"pinamar-detienen-a-una-mujer-por-la-muerte-de-su-hijo-por-desnutricion","status":"publish","type":"post","link":"https:\/\/larevistadigital.com.ar\/blog\/pinamar-detienen-a-una-mujer-por-la-muerte-de-su-hijo-por-desnutricion\/","title":{"rendered":"PINAMAR: DETIENEN A UNA MUJER POR LA MUERTE DE SU HIJO POR DESNUTRICI\u00d3N"},"content":{"rendered":"<h2>Llev\u00f3 la criatura a un hospital donde corroboraron que pesaba solo diez kg. y estana con paro cardiorrespiratorio. Podr\u00edan corresponderle 25 a\u00f1os de carcel<\/h2>\n<p>7 de febrero de 2023<\/p>\n<p><strong>PINAMAR &#8211;<\/strong>\u00a0 <strong>Daniela Montiel (25)<\/strong> qued\u00f3 detenida por la muerte de su hijito de 10 a\u00f1os, que padec\u00eda cuadriplejia fruto de un avanzado estado de desnutrici\u00f3n. La mujer lleg\u00f3 a la sala de Primeros Auxilios de Valeria del Mar el \u00faltimo viernes, con el peque\u00f1o en brazos, cuando este ya hab\u00eda sufrido un paro cardiorrespiratorio.<\/p>\n<p>Los m\u00e9dicos intentaron reanimarlo por varios minutos, pero todo fue infructuoso y terminaron decretando la muerte de la criatura.<\/p>\n<p>El menor pesaba tan solo 10 kg. y presentaba exposici\u00f3n \u00f3sea, es decir que era tal el bajo peso que los huesos pod\u00edan apreciarse bajo la piel del ni\u00f1o.<\/p>\n<p>Inmediatamente llamaron a la polic\u00eda ya que el chico presentaba un notable estado de abandono, ya que presentaba escaras en su piel, y no estaba correctamente aseado. En un principio se orden\u00f3 la aprehensi\u00f3n de la madre por el delito de abandono de persona seguido de muerte, agravada por la condici\u00f3n de madre.<\/p>\n<p>Hoy se dict\u00f3 la prisi\u00f3n preventiva para ella, que llegar\u00e1 al juicio en esta condici\u00f3n. Podr\u00edan corresponderle 25 a\u00f1os de prisi\u00f3n.<\/p>\n","protected":false},"excerpt":{"rendered":"<div class=\"mh-excerpt\"><p>Llev\u00f3 la criatura a un hospital donde corroboraron que pesaba solo diez kg. y estana con paro cardiorrespiratorio. Podr\u00edan corresponderle 25 a\u00f1os de carcel 7 de febrero de 2023 PINAMAR &#8211;\u00a0 Daniela Montiel (25) qued\u00f3 <a class=\"mh-excerpt-more\" href=\"https:\/\/larevistadigital.com.ar\/blog\/pinamar-detienen-a-una-mujer-por-la-muerte-de-su-hijo-por-desnutricion\/\" title=\"PINAMAR: DETIENEN A UNA MUJER POR LA MUERTE DE SU HIJO POR DESNUTRICI\u00d3N\">[Leer M\u00e1s]<\/a><\/p>\n<\/div>","protected":false},"author":3,"featured_media":23109,"comment_status":"open","ping_status":"open","sticky":false,"template":"","format":"standard","meta":{"_jetpack_memberships_contains_paid_content":false,"footnotes":"","jetpack_publicize_message":"","jetpack_publicize_feature_enabled":true,"jetpack_social_post_already_shared":true,"jetpack_social_options":{"image_generator_settings":{"template":"highway","default_image_id":0,"font":"","enabled":false},"version":2}},"categories":[44,51],"tags":[],"class_list":{"0":"post-30432","1":"post","2":"type-post","3":"status-publish","4":"format-standard","5":"has-post-thumbnail","7":"category-policiales","8":"category-regionales"},"jetpack_publicize_connections":[],"jetpack_featured_media_url":"https:\/\/i0.wp.com\/larevistadigital.com.ar\/blog\/wp-content\/uploads\/Captura-de-pantalla-2021-12-29-203210.jpg?fit=1013%2C675&ssl=1","jetpack_sharing_enabled":true,"jetpack_shortlink":"https:\/\/wp.me\/p8qtrQ-7UQ","jetpack-related-posts":[{"id":13214,"url":"https:\/\/larevistadigital.com.ar\/blog\/arrestan-a-pareja-vegana-por-la-muerte-de-su-hijo-desnutrido\/","url_meta":{"origin":30432,"position":0},"title":"ARRESTAN A PAREJA VEGANA POR LA MUERTE DE SU HIJO DESNUTRIDO","author":"Alejandro Sosa Ruda","date":"17 noviembre, 2019","format":false,"excerpt":"La criatura ten\u00eda 18 meses, estaba desnutrido y nunca hab\u00eda sido atendido por un m\u00e9dico. El peque\u00f1o ten\u00eda 18 meses y pesaba 7 kilos, muy por debajo del peso indicado como normal por los m\u00e9dicos para un ni\u00f1o de su edad. Seg\u00fan la autopsia muri\u00f3 tras sufrir complicaciones relacionadas con\u2026","rel":"","context":"En \u00abINTERES GENERAL\u00bb","block_context":{"text":"INTERES GENERAL","link":"https:\/\/larevistadigital.com.ar\/blog\/category\/interes-general\/"},"img":{"alt_text":"","src":"https:\/\/i0.wp.com\/larevistadigital.com.ar\/blog\/wp-content\/uploads\/Screenshot_2-61.jpg?fit=934%2C520&ssl=1&resize=350%2C200","width":350,"height":200,"srcset":"https:\/\/i0.wp.com\/larevistadigital.com.ar\/blog\/wp-content\/uploads\/Screenshot_2-61.jpg?fit=934%2C520&ssl=1&resize=350%2C200 1x, https:\/\/i0.wp.com\/larevistadigital.com.ar\/blog\/wp-content\/uploads\/Screenshot_2-61.jpg?fit=934%2C520&ssl=1&resize=525%2C300 1.5x, https:\/\/i0.wp.com\/larevistadigital.com.ar\/blog\/wp-content\/uploads\/Screenshot_2-61.jpg?fit=934%2C520&ssl=1&resize=700%2C400 2x"},"classes":[]},{"id":33057,"url":"https:\/\/larevistadigital.com.ar\/blog\/mar-del-plata-abandonan-un-bebe-en-un-descampado-y-murio-por-hipotermia\/","url_meta":{"origin":30432,"position":1},"title":"MAR DEL PLATA: ABANDONAN UN BEB\u00c9 EN UN DESCAMPADO Y MURI\u00d3 POR HIPOTERMIA.","author":"Alejandro Sosa Ruda","date":"27 agosto, 2023","format":false,"excerpt":"La intervenci\u00f3n de los peritos de la Polic\u00eda Cient\u00edfica, revel\u00f3 que el beb\u00e9 hab\u00eda nacido con vida. El informe preliminar de la autopsia apunt\u00f3 a un \"paro cardiorrespiratorio por un cuadro de hipotermia\" como la causa de la muerte del infante. 27 de agosto de 2023 MAR DEL PLATA -\u00a0\u2026","rel":"","context":"En \u00abPOLICIALES\u00bb","block_context":{"text":"POLICIALES","link":"https:\/\/larevistadigital.com.ar\/blog\/category\/policiales\/"},"img":{"alt_text":"","src":"https:\/\/i0.wp.com\/larevistadigital.com.ar\/blog\/wp-content\/uploads\/20230826151604_cientifica.jpg?fit=880%2C512&ssl=1&resize=350%2C200","width":350,"height":200,"srcset":"https:\/\/i0.wp.com\/larevistadigital.com.ar\/blog\/wp-content\/uploads\/20230826151604_cientifica.jpg?fit=880%2C512&ssl=1&resize=350%2C200 1x, https:\/\/i0.wp.com\/larevistadigital.com.ar\/blog\/wp-content\/uploads\/20230826151604_cientifica.jpg?fit=880%2C512&ssl=1&resize=525%2C300 1.5x, https:\/\/i0.wp.com\/larevistadigital.com.ar\/blog\/wp-content\/uploads\/20230826151604_cientifica.jpg?fit=880%2C512&ssl=1&resize=700%2C400 2x"},"classes":[]},{"id":25120,"url":"https:\/\/larevistadigital.com.ar\/blog\/chascomus-encuentran-un-hombre-fallecido-en-su-casa\/","url_meta":{"origin":30432,"position":2},"title":"CHASCOM\u00daS: ENCUENTRAN UN HOMBRE FALLECIDO EN SU CASA","author":"Alejandro Sosa Ruda","date":"17 abril, 2022","format":false,"excerpt":"Fue en la ma\u00f1ana de ayer. El hombre estaba muerto dentro de su domicilio y lo descubrieron los vecinos. CHASCOM\u00daS -\u00a0 Durante la ma\u00f1ana del s\u00e1bado 16\/4, y luego de un llamado de vecinos, un patrullero se hizo presente en calle Scalabrini Ortiz, entre Gardel e Yrigoyen, donde los mismos\u2026","rel":"","context":"En \u00abCHASCOM\u00daS\u00bb","block_context":{"text":"CHASCOM\u00daS","link":"https:\/\/larevistadigital.com.ar\/blog\/category\/chascomus\/"},"img":{"alt_text":"","src":"https:\/\/i0.wp.com\/larevistadigital.com.ar\/blog\/wp-content\/uploads\/policia-mardelplata.jpg?fit=1200%2C800&ssl=1&resize=350%2C200","width":350,"height":200,"srcset":"https:\/\/i0.wp.com\/larevistadigital.com.ar\/blog\/wp-content\/uploads\/policia-mardelplata.jpg?fit=1200%2C800&ssl=1&resize=350%2C200 1x, https:\/\/i0.wp.com\/larevistadigital.com.ar\/blog\/wp-content\/uploads\/policia-mardelplata.jpg?fit=1200%2C800&ssl=1&resize=525%2C300 1.5x, https:\/\/i0.wp.com\/larevistadigital.com.ar\/blog\/wp-content\/uploads\/policia-mardelplata.jpg?fit=1200%2C800&ssl=1&resize=700%2C400 2x, https:\/\/i0.wp.com\/larevistadigital.com.ar\/blog\/wp-content\/uploads\/policia-mardelplata.jpg?fit=1200%2C800&ssl=1&resize=1050%2C600 3x"},"classes":[]},{"id":36886,"url":"https:\/\/larevistadigital.com.ar\/blog\/pinamar-detienen-al-padre-de-la-familia-tras-el-tragico-incendio-en-ostende\/","url_meta":{"origin":30432,"position":3},"title":"PINAMAR: DETIENEN AL PADRE DE LA FAMILIA TRAS EL TR\u00c1GICO INCENDIO EN OSTENDE","author":"Alejandro Sosa Ruda","date":"3 agosto, 2024","format":false,"excerpt":"En un giro inesperado, el \u00fanico sobreviviente del incendio que cobr\u00f3 la vida de su familia el pasado 11 de julio en Ostende, Pinamar, fue detenido mientras intentaba tomar un vuelo hacia Tucum\u00e1n. PINAMAR -\u00a0 El detenido, un hombre de 26 a\u00f1os, logr\u00f3 escapar ileso del incendio que consumi\u00f3 la\u2026","rel":"","context":"En \u00abPOLICIALES\u00bb","block_context":{"text":"POLICIALES","link":"https:\/\/larevistadigital.com.ar\/blog\/category\/policiales\/"},"img":{"alt_text":"","src":"https:\/\/i0.wp.com\/larevistadigital.com.ar\/blog\/wp-content\/uploads\/7caf4855692354f8a6500f206e29dd206135645d.jpg?fit=1140%2C642&ssl=1&resize=350%2C200","width":350,"height":200,"srcset":"https:\/\/i0.wp.com\/larevistadigital.com.ar\/blog\/wp-content\/uploads\/7caf4855692354f8a6500f206e29dd206135645d.jpg?fit=1140%2C642&ssl=1&resize=350%2C200 1x, https:\/\/i0.wp.com\/larevistadigital.com.ar\/blog\/wp-content\/uploads\/7caf4855692354f8a6500f206e29dd206135645d.jpg?fit=1140%2C642&ssl=1&resize=525%2C300 1.5x, https:\/\/i0.wp.com\/larevistadigital.com.ar\/blog\/wp-content\/uploads\/7caf4855692354f8a6500f206e29dd206135645d.jpg?fit=1140%2C642&ssl=1&resize=700%2C400 2x, https:\/\/i0.wp.com\/larevistadigital.com.ar\/blog\/wp-content\/uploads\/7caf4855692354f8a6500f206e29dd206135645d.jpg?fit=1140%2C642&ssl=1&resize=1050%2C600 3x"},"classes":[]},{"id":12073,"url":"https:\/\/larevistadigital.com.ar\/blog\/segun-la-autopsia-navila-murio-salvajemente-golpeada\/","url_meta":{"origin":30432,"position":4},"title":"SEG\u00daN LA AUTOPSIA, NAVILA MURI\u00d3 SALVAJEMENTE GOLPEADA","author":"Alejandro Sosa Ruda","date":"15 septiembre, 2019","format":false,"excerpt":"Fuentes judiciales informaron que, de acuerdo a los forenses, la muerte de la chica se dio por un paro cardiorrespiratorio traum\u00e1tico tras una \"hemorragia cerebral masiva\" producto de \"m\u00faltiples fracturas con hundimiento de cr\u00e1neo\". Seg\u00fan una de las fuentes consultadas, la autopsia fue realizada en la morgue del hospital de\u2026","rel":"","context":"En \u00abCHASCOM\u00daS\u00bb","block_context":{"text":"CHASCOM\u00daS","link":"https:\/\/larevistadigital.com.ar\/blog\/category\/chascomus\/"},"img":{"alt_text":"","src":"https:\/\/i0.wp.com\/larevistadigital.com.ar\/blog\/wp-content\/uploads\/Screenshot_4-9.jpg?fit=685%2C380&ssl=1&resize=350%2C200","width":350,"height":200,"srcset":"https:\/\/i0.wp.com\/larevistadigital.com.ar\/blog\/wp-content\/uploads\/Screenshot_4-9.jpg?fit=685%2C380&ssl=1&resize=350%2C200 1x, https:\/\/i0.wp.com\/larevistadigital.com.ar\/blog\/wp-content\/uploads\/Screenshot_4-9.jpg?fit=685%2C380&ssl=1&resize=525%2C300 1.5x"},"classes":[]},{"id":15333,"url":"https:\/\/larevistadigital.com.ar\/blog\/murio-ricardo-barreda-tristemente-celebre-por-asesinar-a-su-mujer-suegra-y-dos-hijas\/","url_meta":{"origin":30432,"position":5},"title":"MURI\u00d3 RICARDO BARREDA. TRISTEMENTE C\u00c9LEBRE POR ASESINAR A SU MUJER, SUEGRA Y DOS HIJAS","author":"Alejandro Sosa Ruda","date":"25 mayo, 2020","format":false,"excerpt":"El cu\u00e1druple femicida platense Ricardo Barreda muri\u00f3 hoy de un paro card\u00edaco a los 83 a\u00f1os en un geri\u00e1trico del partido de San Mart\u00edn en el que se hallaba alojado desde hac\u00eda varios meses, informaron fuentes policiales. En la noche de este lunes, se confirm\u00f3 la muerte del femicida Ricardo\u2026","rel":"","context":"En \u00abINTERES GENERAL\u00bb","block_context":{"text":"INTERES GENERAL","link":"https:\/\/larevistadigital.com.ar\/blog\/category\/interes-general\/"},"img":{"alt_text":"","src":"https:\/\/i0.wp.com\/larevistadigital.com.ar\/blog\/wp-content\/uploads\/720.jpeg?fit=1200%2C673&ssl=1&resize=350%2C200","width":350,"height":200,"srcset":"https:\/\/i0.wp.com\/larevistadigital.com.ar\/blog\/wp-content\/uploads\/720.jpeg?fit=1200%2C673&ssl=1&resize=350%2C200 1x, https:\/\/i0.wp.com\/larevistadigital.com.ar\/blog\/wp-content\/uploads\/720.jpeg?fit=1200%2C673&ssl=1&resize=525%2C300 1.5x, https:\/\/i0.wp.com\/larevistadigital.com.ar\/blog\/wp-content\/uploads\/720.jpeg?fit=1200%2C673&ssl=1&resize=700%2C400 2x, https:\/\/i0.wp.com\/larevistadigital.com.ar\/blog\/wp-content\/uploads\/720.jpeg?fit=1200%2C673&ssl=1&resize=1050%2C600 3x"},"classes":[]}],"_links":{"self":[{"href":"https:\/\/larevistadigital.com.ar\/blog\/wp-json\/wp\/v2\/posts\/30432","targetHints":{"allow":["GET"]}}],"collection":[{"href":"https:\/\/larevistadigital.com.ar\/blog\/wp-json\/wp\/v2\/posts"}],"about":[{"href":"https:\/\/larevistadigital.com.ar\/blog\/wp-json\/wp\/v2\/types\/post"}],"author":[{"embeddable":true,"href":"https:\/\/larevistadigital.com.ar\/blog\/wp-json\/wp\/v2\/users\/3"}],"replies":[{"embeddable":true,"href":"https:\/\/larevistadigital.com.ar\/blog\/wp-json\/wp\/v2\/comments?post=30432"}],"version-history":[{"count":1,"href":"https:\/\/larevistadigital.com.ar\/blog\/wp-json\/wp\/v2\/posts\/30432\/revisions"}],"predecessor-version":[{"id":30434,"href":"https:\/\/larevistadigital.com.ar\/blog\/wp-json\/wp\/v2\/posts\/30432\/revisions\/30434"}],"wp:featuredmedia":[{"embeddable":true,"href":"https:\/\/larevistadigital.com.ar\/blog\/wp-json\/wp\/v2\/media\/23109"}],"wp:attachment":[{"href":"https:\/\/larevistadigital.com.ar\/blog\/wp-json\/wp\/v2\/media?parent=30432"}],"wp:term":[{"taxonomy":"category","embeddable":true,"href":"https:\/\/larevistadigital.com.ar\/blog\/wp-json\/wp\/v2\/categories?post=30432"},{"taxonomy":"post_tag","embeddable":true,"href":"https:\/\/larevistadigital.com.ar\/blog\/wp-json\/wp\/v2\/tags?post=30432"}],"curies":[{"name":"wp","href":"https:\/\/api.w.org\/{rel}","templated":true}]}}