{"id":30436,"date":"2023-03-07T12:08:54","date_gmt":"2023-03-07T12:08:54","guid":{"rendered":"https:\/\/larevistadigital.com.ar\/blog\/?p=30436"},"modified":"2023-03-07T12:08:54","modified_gmt":"2023-03-07T12:08:54","slug":"esto-paso-un-dia-como-hoy-7-de-marzo","status":"publish","type":"post","link":"https:\/\/larevistadigital.com.ar\/blog\/esto-paso-un-dia-como-hoy-7-de-marzo\/","title":{"rendered":"ESTO PAS\u00d3 UN D\u00cdA COMO HOY, 7 DE MARZO&#8230;"},"content":{"rendered":"<p class=\"paragraph\" data-mrf-recirculation=\"Links inline\"><b>El 7 de marzo<\/b>\u00a0ha sido fecha de incontables hechos que marcaron a la humanidad a tal grado que son anotados en los calendarios e internacionalmente conocidos como\u00a0<b>efem\u00e9rides<\/b>.<\/p>\n<p class=\"paragraph\" data-mrf-recirculation=\"Links inline\">Estos acontecimientos incluyen desde eventos\u00a0<b>legendarios, tristes tragedias y avances cient\u00edficos<\/b>, hasta\u00a0<b>nacimientos y muertes<\/b>\u00a0de personajes relevantes como\u00a0<b>l\u00edderes sociales, cient\u00edficos y artistas<\/b>, es lo que nos traen las efem\u00e9rides de este martes.<\/p>\n<div class=\"inline ad-wrapper\">\n<div class=\"dfpAd ad-inline\"><\/div>\n<\/div>\n<p class=\"paragraph\" data-mrf-recirculation=\"Links inline\"><b>1541<\/b>: En Chile, el conquistador espa\u00f1ol Pedro de Valdivia funda el Primer Cabildo de Santiago, que se compuso de dos alcaldes y seis regidores. Fue la primera instituci\u00f3n de tipo occidental que tuvo ese pa\u00eds.<\/p>\n<p class=\"paragraph\" data-mrf-recirculation=\"Links inline\"><b>1814<\/b>: En Chile, Antonio Jos\u00e9 de Irisarri asume como primer director supremo.<\/p>\n<p class=\"paragraph\" data-mrf-recirculation=\"Links inline\"><b>1815<\/b>: En Ario, Michoac\u00e1n, M\u00e9xico, se lleva a cabo la instalaci\u00f3n del Supremo Tribunal de Justicia, antecedente hist\u00f3rico de la Suprema Corte de Justicia de la Naci\u00f3n.<\/p>\n<p class=\"paragraph\" data-mrf-recirculation=\"Links inline\"><b>1827<\/b>: En el cerro de la Caballada, en el extremo sur de la provincia de Buenos Aires (Argentina) se enfrentan las fuerzas del Imperio de Brasil \u2015comandadas por el capit\u00e1n James Shepherd\u2015 con la guarnici\u00f3n del Fuerte del Carmen \u2015comandada por el coronel Mart\u00edn Lacarra\u2015, en lo que se dio en llamar Batalla de Carmen de Patagones.<\/p>\n<p class=\"paragraph\" data-mrf-recirculation=\"Links inline\"><b>1835<\/b>: En Argentina comienza el segundo Gobierno de Juan Manuel de Rosas.<\/p>\n<p class=\"paragraph\" data-mrf-recirculation=\"Links inline\"><b>1847<\/b>: En M\u00e9xico, las tropas estadounidenses ocupan la ciudad Veracruz.<\/p>\n<p class=\"paragraph\" data-mrf-recirculation=\"Links inline\"><b>1849<\/b>: En Colombia, Jos\u00e9 Hilario L\u00f3pez, candidato radical, es nombrado presidente del Gobierno.<\/p>\n<p class=\"paragraph\" data-mrf-recirculation=\"Links inline\"><b>1849<\/b>: En Santiago de Chile, Alejandro Cicarelli \u2015pintor italiano establecido en Chile\u2015, funda la primera academia de pintura de ese pa\u00eds.<\/p>\n<p class=\"paragraph\" data-mrf-recirculation=\"Links inline\"><b>1902<\/b>: En Tweebosch (Transvaal) \u2015en el marco de las Guerras de los B\u00f3er\u2015 los afrik\u00e1neres vencen a los brit\u00e1nicos, capturan a su general y a 200 de sus hombres.<\/p>\n<p class=\"paragraph\" data-mrf-recirculation=\"Links inline\"><b>1912<\/b>: Roald Amundsen anuncia el descubrimiento del polo sur.<\/p>\n<p class=\"paragraph\" data-mrf-recirculation=\"Links inline\"><b>1924<\/b>: Karl Wilhelm Reinmuth descubre el asteroide Arcadia (1020).<\/p>\n<p class=\"paragraph\" data-mrf-recirculation=\"Links inline\"><b>1936<\/b>: La Wehrmacht entra a la Renania desmilitarizada.<\/p>\n<p class=\"paragraph\" data-mrf-recirculation=\"Links inline\"><b>1938<\/b>: En el marco de la guerra civil espa\u00f1ola, hundimiento del crucero Baleares.<\/p>\n<p class=\"paragraph\" data-mrf-recirculation=\"Links inline\"><b>1939<\/b>: En el marco de la guerra civil espa\u00f1ola, se produce el hundimiento por parte de las defensas costeras de Cartagena, del buque mercante, utilizado como transporte de tropas Castillo de Olite, convirti\u00e9ndose en el hundimiento de un solo buque con m\u00e1s v\u00edctimas mortales de la historia de Espa\u00f1a; 1476\u00a0fallecidos.<\/p>\n<p class=\"paragraph\" data-mrf-recirculation=\"Links inline\"><b>1945<\/b>: En el marco de la Segunda Guerra Mundial los aliados toman el puente de Remagen el \u00faltimo puente sobre el r\u00edo Rin.<\/p>\n<p class=\"paragraph\" data-mrf-recirculation=\"Links inline\"><b>1955<\/b>: En el Sitio de pruebas de Nevada, Estados Unidos detona su bomba at\u00f3mica Turk, de 43\u00a0kilotones, la cuarta de las 14 de la operaci\u00f3n Teapot. Es la bomba n.\u00ba\u00a055 de las 1132 que Estados Unidos deton\u00f3 entre 1945 y 1992.<\/p>\n<p class=\"paragraph\" data-mrf-recirculation=\"Links inline\"><b>1958<\/b>: En Buenos Aires (Argentina) se funda la Universidad Cat\u00f3lica Argentina (UCA).<\/p>\n<p class=\"paragraph\" data-mrf-recirculation=\"Links inline\"><b>1965<\/b>: En Selma, Alabama, Estados Unidos, un grupo de m\u00e1s de 600 manifestantes pac\u00edficos marchan para cruzar el puente de Edmund Pettus, encabezados por John Lewis y Hosea Williams, con intenci\u00f3n de denunciar la falta de derechos electorales en el estado y demandar el voto para las personas de raza negra. La polic\u00eda estatal de Alabama carga contra los manifestantes, dando pie a una brutal confrontaci\u00f3n que pasar\u00eda a conocerse como el Domingo Sangriento. Las retransmisiones y las fotograf\u00edas que dieron fe de la absurda crueldad del Sur segregacionista contribuyeron a que se aprobara la ley de derecho al voto de 1965.<\/p>\n<p class=\"paragraph\" data-mrf-recirculation=\"Links inline\"><b>1967<\/b>: En los Estados Unidos, el sindicalista Jimmy Hoffa empieza su sentencia de ocho a\u00f1os por intentar sobornar a un jurado.<\/p>\n<p class=\"paragraph\" data-mrf-recirculation=\"Links inline\"><b>1972<\/b>: En Espa\u00f1a, el cardenal Vicente Enrique y Taranc\u00f3n es nombrado presidente de la Conferencia Episcopal Espa\u00f1ola.<\/p>\n<p class=\"paragraph\" data-mrf-recirculation=\"Links inline\"><b>1978<\/b>: En Argentina, en la localidad cordobesa de Morteros sucede un tornado\u00a0F4, dejando 6\u00a0muertos, m\u00e1s de 200\u00a0heridos y gran cantidad de da\u00f1os materiales.<\/p>\n<p class=\"paragraph\" data-mrf-recirculation=\"Links inline\"><b>1978<\/b>: El sencillo \u00abNight Fever\u00bb de Los Bee Gees fue el sencillo n\u00famero uno del Billboard Hot 100 por ocho semanas en 1978.<\/p>\n<p class=\"paragraph\" data-mrf-recirculation=\"Links inline\"><b>1981<\/b>: Se lanzaba con \u00e9xito desde Cabo Ca\u00f1averal, en un cohete Thor-Delta 301\/D8, el primer observatorio solar orbitado por los Estados Unidos, (OSO-1).<\/p>\n<p class=\"paragraph\" data-mrf-recirculation=\"Links inline\"><b>1989<\/b>: Ir\u00e1n rompe relaciones diplom\u00e1ticas con Gran Breta\u00f1a debido a la novela de Salman Rushdie Versos sat\u00e1nicos.<\/p>\n<p class=\"paragraph\" data-mrf-recirculation=\"Links inline\"><b>1990<\/b>: En Suiza se estrena el primer episodio de la serie infantil Pingu, hecha en stop motion.<\/p>\n<p class=\"paragraph\" data-mrf-recirculation=\"Links inline\"><b>1991<\/b>: En Espa\u00f1a, el Congreso aprueba la creaci\u00f3n del Instituto Cervantes.<\/p>\n<p class=\"paragraph\" data-mrf-recirculation=\"Links inline\"><b>1992<\/b>: Sale al aire por primera vez el primer cap\u00edtulo de la exitosa serie de anime, Sailor Moon.<\/p>\n<p class=\"paragraph\" data-mrf-recirculation=\"Links inline\"><b>1996<\/b>: Palestina elige su primer parlamento democr\u00e1ticamente.<\/p>\n<p class=\"paragraph\" data-mrf-recirculation=\"Links inline\"><b>1996<\/b>: Santa Fe (Argentina) La polic\u00eda de la Provincia de Santa Fe, reprime una movilizaci\u00f3n de trabajadores bancarios que enfrentaban el proyecto de privatizaci\u00f3n del entonces Banco Provincial de Santa Fe, dejando por lo menos dos heridos de bala.<\/p>\n<p class=\"paragraph\" data-mrf-recirculation=\"Links inline\"><b>1999<\/b>: En El Salvador, Francisco Flores, candidato presidencial del partido oficial, ARENA, derrota con el 52\u00a0% de los votos en las elecciones presidenciales celebradas en ese mismo d\u00eda a Facundo Guardado, candidato presidencial del partido de oposici\u00f3n FMLN.<\/p>\n<p class=\"paragraph\" data-mrf-recirculation=\"Links inline\"><b>1999<\/b>: En la ciudad de Avellaneda (Gran Buenos Aires, Argentina), se celebra el D\u00eda del Hincha de Racing. Al no estar habilitado el club para jugar la primera fecha del torneo debido a la quiebra econ\u00f3mica de este, los hinchas llenaron el Cilindro de Avellaneda sin que su equipo juegue en forma de apoyo.<\/p>\n<p class=\"paragraph\" data-mrf-recirculation=\"Links inline\"><b>2000<\/b>: En La Habana Vieja (Cuba) se inaugura el Acuario de La Habana Vieja.<\/p>\n<p class=\"paragraph\" data-mrf-recirculation=\"Links inline\"><b>2008<\/b>: En la localidad guipuzcoana de Mondrag\u00f3n, la banda terrorista ETA asesina al exconcejal socialista Isa\u00edas Carrasco en la puerta de su casa.<\/p>\n<p class=\"paragraph\" data-mrf-recirculation=\"Links inline\"><b>2010<\/b>: En Los \u00c1ngeles (California), la cineasta Kathryn Bigelow gana el premio \u00d3scar a la mejor direcci\u00f3n por la pel\u00edcula The Hurt Locker, convirti\u00e9ndose en la primera mujer de la historia que gana un \u00d3scar en esa categor\u00eda.<\/p>\n<p class=\"paragraph\" data-mrf-recirculation=\"Links inline\"><b>2019<\/b>: En Venezuela sucede un megaapag\u00f3n en las turbinas del embalse de Guri dejando al pa\u00eds sin luz por 4 d\u00edas<\/p>\n<p class=\"paragraph\" data-mrf-recirculation=\"Links inline\"><b>2021<\/b>: Con motivo del inicio de la Copa Libertadores femenina y de antesala al D\u00eda de la Mujer, la CONMEBOL defini\u00f3 al 7 de marzo oficialmente como el D\u00eda del F\u00fatbol Femenino de Sudam\u00e9rica.<\/p>\n<h2 class=\"header\"><span style=\"color: #ff0000\">Cumplea\u00f1os<\/span><\/h2>\n<p class=\"paragraph\" data-mrf-recirculation=\"Links inline\"><b>150<\/b>: Galeria Lucila, hija del emperador romano Marco Aurelio (f. 182).<\/p>\n<p class=\"paragraph\" data-mrf-recirculation=\"Links inline\"><b>189<\/b>: Geta, emperador romano (f. 211).<\/p>\n<p class=\"paragraph\" data-mrf-recirculation=\"Links inline\"><b>1481<\/b>: Baldassarre Peruzzi, pintor y arquitecto italiano (f. 1536).<\/p>\n<p class=\"paragraph\" data-mrf-recirculation=\"Links inline\"><b>1671<\/b>: Robert Roy MacGregor, h\u00e9roe del folclore escoc\u00e9s (f. 1734).<\/p>\n<p class=\"paragraph\" data-mrf-recirculation=\"Links inline\"><b>1678<\/b>: Filippo Juvara, arquitecto italiano (f. 1736).<\/p>\n<p class=\"paragraph\" data-mrf-recirculation=\"Links inline\"><b>1693<\/b>: Clemente XIII, papa italiano (f. 1769).<\/p>\n<p class=\"paragraph\" data-mrf-recirculation=\"Links inline\"><b>1765<\/b>: Joseph Nic\u00e9phore Ni\u00e9pce, inventor franc\u00e9s (f. 1833).<\/p>\n<p class=\"paragraph\" data-mrf-recirculation=\"Links inline\"><b>1782<\/b>: Angelo Mai, religioso y fil\u00f3logo italiano (f. 1854).<\/p>\n<p class=\"paragraph\" data-mrf-recirculation=\"Links inline\"><b>1785<\/b>: Alessandro Manzoni, escritor italiano (f. 1873).<\/p>\n<p class=\"paragraph\" data-mrf-recirculation=\"Links inline\"><b>1788<\/b>: Antoine C\u00e9sar Becquerel, f\u00edsico franc\u00e9s (f. 1878).<\/p>\n<p class=\"paragraph\" data-mrf-recirculation=\"Links inline\"><b>1792<\/b>: John Herschel, astr\u00f3nomo y matem\u00e1tico brit\u00e1nico (f. 1871).<\/p>\n<p class=\"paragraph\" data-mrf-recirculation=\"Links inline\"><b>1802<\/b>: Edwin Landseer, pintor brit\u00e1nico (f. 1873).<\/p>\n<p class=\"paragraph\" data-mrf-recirculation=\"Links inline\"><b>1805<\/b>: Juana de Vega, escritora espa\u00f1ola (f. 1872).<\/p>\n<p class=\"paragraph\" data-mrf-recirculation=\"Links inline\"><b>1828<\/b>: Manuel Romero Rubio, pol\u00edtico y abogado mexicano (f. 1895).<\/p>\n<p class=\"paragraph\" data-mrf-recirculation=\"Links inline\"><b>1837<\/b>: Henry Draper, m\u00e9dico y astr\u00f3nomo estadounidense (f. 1882).<\/p>\n<p class=\"paragraph\" data-mrf-recirculation=\"Links inline\"><b>1849<\/b>: Luther Burbank, bot\u00e1nico estadounidense (f. 1926).<\/p>\n<p class=\"paragraph\" data-mrf-recirculation=\"Links inline\"><b>1850<\/b>: Tom\u00e1\u0161 Masaryk, presidente checo (f. 1937).<\/p>\n<p class=\"paragraph\" data-mrf-recirculation=\"Links inline\"><b>1857<\/b>: Julius Wagner-Jauregg, m\u00e9dico austriaco, premio nobel de medicina en 1927 (f. 1940).<\/p>\n<p class=\"paragraph\" data-mrf-recirculation=\"Links inline\"><b>1866<\/b>: Hans Fruhstorfer, entom\u00f3logo alem\u00e1n (f. 1922).<\/p>\n<p class=\"paragraph\" data-mrf-recirculation=\"Links inline\"><b>1866<\/b>: Gabriela Laperri\u00e8re de Coni, escritora, periodista, socialista y feminista francoargentina (f. 1907).<\/p>\n<p class=\"paragraph\" data-mrf-recirculation=\"Links inline\"><b>1872<\/b>: Piet Mondrian, pintor neerland\u00e9s (f. 1944).<\/p>\n<p class=\"paragraph\" data-mrf-recirculation=\"Links inline\"><b>1875<\/b>: Maurice Ravel, compositor y pianista franc\u00e9s (f. 1937).<\/p>\n<p class=\"paragraph\" data-mrf-recirculation=\"Links inline\"><b>1876<\/b>: Federico Gonz\u00e1lez Garza, abogado y pol\u00edtico mexicano (f. 1951).<\/p>\n<p class=\"paragraph\" data-mrf-recirculation=\"Links inline\"><b>1879<\/b>: Juan Ventosa, pol\u00edtico y economista espa\u00f1ol (f. 1959).<\/p>\n<p class=\"paragraph\" data-mrf-recirculation=\"Links inline\"><b>1885<\/b>: Stith Thompson, folclorista estadounidense (f. 1976).<\/p>\n<p class=\"paragraph\" data-mrf-recirculation=\"Links inline\"><b>1885<\/b>: Antonio de Zulueta, genetista espa\u00f1ol (f. 1971).<\/p>\n<p class=\"paragraph\" data-mrf-recirculation=\"Links inline\"><b>1886<\/b>: Federico Garc\u00eda Sanchiz, intelectual espa\u00f1ol (f. 1964).<\/p>\n<p class=\"paragraph\" data-mrf-recirculation=\"Links inline\"><b>1895<\/b>: Juan Jos\u00e9 Castro, compositor argentino (f. 1968).<\/p>\n<p class=\"paragraph\" data-mrf-recirculation=\"Links inline\"><b>1897<\/b>: Luis H. Irigoyen, bot\u00e1nico argentino (f. 1977).<\/p>\n<p class=\"paragraph\" data-mrf-recirculation=\"Links inline\"><b>1902<\/b>: Heinz R\u00fchmann, actor alem\u00e1n (f. 1994).<\/p>\n<p class=\"paragraph\" data-mrf-recirculation=\"Links inline\"><b>1904<\/b>: Reinhard Heydrich, pol\u00edtico e ide\u00f3logo nazi alem\u00e1n (f. 1942).<\/p>\n<p class=\"paragraph\" data-mrf-recirculation=\"Links inline\"><b>1906<\/b>: Ram\u00f3n Carrillo, m\u00e9dico y pol\u00edtico argentino (f. 1956).<\/p>\n<p class=\"paragraph\" data-mrf-recirculation=\"Links inline\"><b>1906<\/b>: Alejandro Garc\u00eda Caturla, compositor cubano (f. 1940).<\/p>\n<p class=\"paragraph\" data-mrf-recirculation=\"Links inline\"><b>1907<\/b>: Nita Costa, pol\u00edtica y fil\u00e1ntropa brasile\u00f1a (f. 1963).<\/p>\n<p class=\"paragraph\" data-mrf-recirculation=\"Links inline\"><b>1908<\/b>: Anna Magnani, actriz italiana (f. 1973).<\/p>\n<p class=\"paragraph\" data-mrf-recirculation=\"Links inline\"><b>1909<\/b>: L\u00e9o Malet, novelista franc\u00e9s (f. 1996).<\/p>\n<p class=\"paragraph\" data-mrf-recirculation=\"Links inline\"><b>1915<\/b>: Jacques Chaban-Delmas, pol\u00edtico franc\u00e9s (f. 2000).<\/p>\n<p class=\"paragraph\" data-mrf-recirculation=\"Links inline\"><b>1917<\/b>: \u00c1lvaro Dalmar, cantante y compositor colombiano.<\/p>\n<p class=\"paragraph\" data-mrf-recirculation=\"Links inline\"><b>1921<\/b>: Alejandro Otero, pintor y escultor venezolano (f. 1990).<\/p>\n<p class=\"paragraph\" data-mrf-recirculation=\"Links inline\"><b>1922<\/b>: Olga Lad\u00fdzhenskaya, matem\u00e1tica rusa (f. 2004).<\/p>\n<p class=\"paragraph\" data-mrf-recirculation=\"Links inline\"><b>1924<\/b>: K\u014db\u014d Abe, escritor japon\u00e9s (f. 1993).<\/p>\n<p class=\"paragraph\" data-mrf-recirculation=\"Links inline\"><b>1925<\/b>: Manuel Gago, historietista espa\u00f1ol (f. 1980).<\/p>\n<p class=\"paragraph\" data-mrf-recirculation=\"Links inline\"><b>1927<\/b>: James Broderick, actor estadounidense (f. 1982).<\/p>\n<p class=\"paragraph\" data-mrf-recirculation=\"Links inline\"><b>1928<\/b>: Carlos Zavaleta Rivera, escritor y diplom\u00e1tico peruano (f. 2011).<\/p>\n<p class=\"paragraph\" data-mrf-recirculation=\"Links inline\"><b>1930<\/b>: Stanley Miller, cient\u00edfico estadounidense (f. 2007).<\/p>\n<p class=\"paragraph\" data-mrf-recirculation=\"Links inline\"><b>1931<\/b>: Mady Mespl\u00e9, soprano ligera de coloratura francesa.<\/p>\n<p class=\"paragraph\" data-mrf-recirculation=\"Links inline\"><b>1932<\/b>: Lola Beltr\u00e1n, actriz y cantante mexicana (f. 1996).<\/p>\n<p class=\"paragraph\" data-mrf-recirculation=\"Links inline\"><b>1932<\/b>: Norman Erlich, actor y comediante argentino (f. 2007).<\/p>\n<p class=\"paragraph\" data-mrf-recirculation=\"Links inline\"><b>1935<\/b>: Jos\u00e9 del Patrocinio Romero Jim\u00e9nez, pintor y poeta espa\u00f1ol (f. 2006).<\/p>\n<p class=\"paragraph\" data-mrf-recirculation=\"Links inline\"><b>1936<\/b>: Antonio Mercero, director de cine y televisi\u00f3n espa\u00f1ol.<\/p>\n<p class=\"paragraph\" data-mrf-recirculation=\"Links inline\"><b>1936<\/b>: Georges Perec, escritor franc\u00e9s.<\/p>\n<p class=\"paragraph\" data-mrf-recirculation=\"Links inline\"><b>1938<\/b>: David Baltimore, bi\u00f3logo estadounidense, premio nobel de medicina en 1975.<\/p>\n<p class=\"paragraph\" data-mrf-recirculation=\"Links inline\"><b>1938<\/b>: Albert Fert, f\u00edsico franc\u00e9s, premio nobel de f\u00edsica en 2007.<\/p>\n<p class=\"paragraph\" data-mrf-recirculation=\"Links inline\"><b>1940<\/b>: Rudi Dutschke, l\u00edder estudiantil alem\u00e1n (f. 1979).<\/p>\n<p class=\"paragraph\" data-mrf-recirculation=\"Links inline\"><b>1940<\/b>: Daniel J. Travanti, actor estadounidense.<\/p>\n<p class=\"paragraph\" data-mrf-recirculation=\"Links inline\"><b>1940<\/b>: Jaime Santos, humorista y actor colombiano (f. 2019).<\/p>\n<p class=\"paragraph\" data-mrf-recirculation=\"Links inline\"><b>1942<\/b>: Michael Eisner, presidente de Walt Disney Company.<\/p>\n<p class=\"paragraph\" data-mrf-recirculation=\"Links inline\"><b>1943<\/b>: Chris White, m\u00fasico brit\u00e1nico, de la banda The\u00a0Zombies.<\/p>\n<p class=\"paragraph\" data-mrf-recirculation=\"Links inline\"><b>1944<\/b>: Townes Van Zandt, cantautor estadounidense (f. 1997).<\/p>\n<p class=\"paragraph\" data-mrf-recirculation=\"Links inline\"><b>1944<\/b>: Michael Rosbash, genetista estadounidense.<\/p>\n<p class=\"paragraph\" data-mrf-recirculation=\"Links inline\"><b>1945<\/b>: Luis de Alba, actor c\u00f3mico mexicano.<\/p>\n<p class=\"paragraph\" data-mrf-recirculation=\"Links inline\"><b>1945<\/b>: John Heard, actor estadounidense (f. 2017).<\/p>\n<p class=\"paragraph\" data-mrf-recirculation=\"Links inline\"><b>1945<\/b>: Arthur Lee, cantante estadounidense, de la banda Love (f. 2006).<\/p>\n<p class=\"paragraph\" data-mrf-recirculation=\"Links inline\"><b>1946<\/b>: Mora Furtado, modelo, actriz y conductora de televisi\u00f3n argentina.<\/p>\n<p class=\"paragraph\" data-mrf-recirculation=\"Links inline\"><b>1946<\/b>: Michael Chaplin, actor anglo-estadounidense.<\/p>\n<p class=\"paragraph\" data-mrf-recirculation=\"Links inline\"><b>1947<\/b>: Rub\u00e9n Jos\u00e9 Su\u00f1\u00e9, futbolista argentino.<\/p>\n<p class=\"paragraph\" data-mrf-recirculation=\"Links inline\"><b>1947<\/b>: Walter R\u00f6hrl, piloto de rally alem\u00e1n.<\/p>\n<p class=\"paragraph\" data-mrf-recirculation=\"Links inline\"><b>1948<\/b>: Carlos Gianelli, diplom\u00e1tico, pol\u00edtico y abogado uruguayo (f. 2021).<\/p>\n<p class=\"paragraph\" data-mrf-recirculation=\"Links inline\"><b>1948<\/b>: Juan Eslava Gal\u00e1n, escritor espa\u00f1ol.<\/p>\n<p class=\"paragraph\" data-mrf-recirculation=\"Links inline\"><b>1949<\/b>: Fidel Herrera Beltr\u00e1n, pol\u00edtico mexicano.<\/p>\n<p class=\"paragraph\" data-mrf-recirculation=\"Links inline\"><b>1950<\/b>: Iris Chac\u00f3n, bailarina, actriz y cantante puertorrique\u00f1a.<\/p>\n<p class=\"paragraph\" data-mrf-recirculation=\"Links inline\"><b>1955<\/b>: Anupam Kher, actor indio.<\/p>\n<p class=\"paragraph\" data-mrf-recirculation=\"Links inline\"><b>1955<\/b>: An\u00edbal Pachano, core\u00f3grafo, actor, bailar\u00edn, director y arquitecto argentino.<\/p>\n<p class=\"paragraph\" data-mrf-recirculation=\"Links inline\"><b>1956<\/b>: Bryan Cranston, actor estadounidense.<\/p>\n<p class=\"paragraph\" data-mrf-recirculation=\"Links inline\"><b>1956<\/b>: Eduardo Garc\u00eda Serrano, periodista espa\u00f1ol.<\/p>\n<p class=\"paragraph\" data-mrf-recirculation=\"Links inline\"><b>1957<\/b>: Robert Harris, escritor brit\u00e1nico.<\/p>\n<p class=\"paragraph\" data-mrf-recirculation=\"Links inline\"><b>1957<\/b>: Tom\u00e1s Yarrington, pol\u00edtico mexicano.<\/p>\n<p class=\"paragraph\" data-mrf-recirculation=\"Links inline\"><b>1958<\/b>: Alan Hale, astr\u00f3nomo estadounidense.<\/p>\n<p class=\"paragraph\" data-mrf-recirculation=\"Links inline\"><b>1958<\/b>: Rik Mayall, humorista brit\u00e1nico.<\/p>\n<p class=\"paragraph\" data-mrf-recirculation=\"Links inline\"><b>1959<\/b>: Luciano Spalletti, futbolista y entrenador italiano.<\/p>\n<p class=\"paragraph\" data-mrf-recirculation=\"Links inline\"><b>1960<\/b>: Ivan Lendl, tenista checo.<\/p>\n<p class=\"paragraph\" data-mrf-recirculation=\"Links inline\"><b>1961<\/b>: Tom\u00e1s Guitarte, pol\u00edtico espa\u00f1ol.<\/p>\n<p class=\"paragraph\" data-mrf-recirculation=\"Links inline\"><b>1961<\/b>: Luis Doreste, regatista espa\u00f1ol.<\/p>\n<p class=\"paragraph\" data-mrf-recirculation=\"Links inline\"><b>1961<\/b>: Bruno Limido, futbolista italiano.<\/p>\n<p class=\"paragraph\" data-mrf-recirculation=\"Links inline\"><b>1961<\/b>: Warrel Dane, cantante estadounidense, de la banda Nevermore (f. 2017).<\/p>\n<p class=\"paragraph\" data-mrf-recirculation=\"Links inline\"><b>1961<\/b>: Agust\u00edn Bravo, presentador radio televisi\u00f3n espa\u00f1ol.<\/p>\n<p class=\"paragraph\" data-mrf-recirculation=\"Links inline\"><b>1962<\/b>: Taylor Dayne, cantante estadounidense.<\/p>\n<p class=\"paragraph\" data-mrf-recirculation=\"Links inline\"><b>1963<\/b>: Carlos Bardem, actor y guionista espa\u00f1ol.<\/p>\n<p class=\"paragraph\" data-mrf-recirculation=\"Links inline\"><b>1964<\/b>: Bret Easton Ellis, novelista estadounidense.<\/p>\n<p class=\"paragraph\" data-mrf-recirculation=\"Links inline\"><b>1964<\/b>: Wanda Sykes, actriz y comediante estadounidense.<\/p>\n<p class=\"paragraph\" data-mrf-recirculation=\"Links inline\"><b>1967<\/b>: Muhsin Al-Ramli, escritor iraqu\u00ed-espa\u00f1ol.<\/p>\n<p class=\"paragraph\" data-mrf-recirculation=\"Links inline\"><b>1968<\/b>: Jeff Kent, beisbolista estadounidense.<\/p>\n<p class=\"paragraph\" data-mrf-recirculation=\"Links inline\"><b>1969<\/b>: Gaby Cairo, jugador y entrenador argentino de hockey sobre patines.<\/p>\n<p class=\"paragraph\" data-mrf-recirculation=\"Links inline\"><b>1969<\/b>: Cecilia Milone, actriz y cantante argentina.<\/p>\n<p class=\"paragraph\" data-mrf-recirculation=\"Links inline\"><b>1970<\/b>: Janne Tolsa, baterista noruego, de la banda Tarot.<\/p>\n<p class=\"paragraph\" data-mrf-recirculation=\"Links inline\"><b>1970<\/b>: Petra Mede, humorista y presentadora de televisi\u00f3n sueca.<\/p>\n<p class=\"paragraph\" data-mrf-recirculation=\"Links inline\"><b>1971<\/b>: Peter Sarsgaard, actor estadounidense.<\/p>\n<p class=\"paragraph\" data-mrf-recirculation=\"Links inline\"><b>1971<\/b>: Matthew Vaughn, cineasta y productor brit\u00e1nico.<\/p>\n<p class=\"paragraph\" data-mrf-recirculation=\"Links inline\"><b>1971<\/b>: Rachel Weisz, actriz brit\u00e1nica.<\/p>\n<p class=\"paragraph\" data-mrf-recirculation=\"Links inline\"><b>1972<\/b>: Nathalie Poza, actriz espa\u00f1ola.<\/p>\n<p class=\"paragraph\" data-mrf-recirculation=\"Links inline\"><b>1973<\/b>: S\u00e9bastien Izambard, cantante franc\u00e9s, de la banda Il Divo.<\/p>\n<p class=\"paragraph\" data-mrf-recirculation=\"Links inline\"><b>1973<\/b>: \u00c1lex O&#8217;Dogherty, actor espa\u00f1ol.<\/p>\n<p class=\"paragraph\" data-mrf-recirculation=\"Links inline\"><b>1973<\/b>: Tomasz K\u0142os, futbolista polaco.<\/p>\n<p class=\"paragraph\" data-mrf-recirculation=\"Links inline\"><b>1974<\/b>: Jenna Fischer, actriz estadounidense.<\/p>\n<p class=\"paragraph\" data-mrf-recirculation=\"Links inline\"><b>1974<\/b>: Francisco V\u00e1zquez Duckitt, baloncestista espa\u00f1ol.<\/p>\n<p class=\"paragraph\" data-mrf-recirculation=\"Links inline\"><b>1974<\/b>: Facundo Sava, futbolista argentino.<\/p>\n<p class=\"paragraph\" data-mrf-recirculation=\"Links inline\"><b>1976<\/b>: Marcos Bonifacio da Rocha, futbolista brasile\u00f1o.<\/p>\n<p class=\"paragraph\" data-mrf-recirculation=\"Links inline\"><b>1977<\/b>: Paul Cattermole, cantante, actor y bailar\u00edn brit\u00e1nico, de la banda S\u00a0Club\u00a07.<\/p>\n<p class=\"paragraph\" data-mrf-recirculation=\"Links inline\"><b>1977<\/b>: Gianluca Grava, futbolista italiano.<\/p>\n<p class=\"paragraph\" data-mrf-recirculation=\"Links inline\"><b>1977<\/b>: Nunes, futbolista portugu\u00e9s.<\/p>\n<p class=\"paragraph\" data-mrf-recirculation=\"Links inline\"><b>1977<\/b>: Ronan O&#8217;Gara, rugbista irland\u00e9s.<\/p>\n<p class=\"paragraph\" data-mrf-recirculation=\"Links inline\"><b>1977<\/b>: Vin\u00edcius Concei\u00e7\u00e3o da Silva, futbolista brasile\u00f1o.<\/p>\n<p class=\"paragraph\" data-mrf-recirculation=\"Links inline\"><b>1979<\/b>: Rodrigo Bra\u00f1a, futbolista argentino.<\/p>\n<p class=\"paragraph\" data-mrf-recirculation=\"Links inline\"><b>1980<\/b>: Laura Prepon, actriz estadounidense.<\/p>\n<p class=\"paragraph\" data-mrf-recirculation=\"Links inline\"><b>1981<\/b>: Kanga Akal\u00e9, futbolista marfile\u00f1o.<\/p>\n<p class=\"paragraph\" data-mrf-recirculation=\"Links inline\"><b>1981<\/b>: Josip Bari\u0161i\u0107, futbolista croata.<\/p>\n<p class=\"paragraph\" data-mrf-recirculation=\"Links inline\"><b>1982<\/b>: Aar\u00f3n D\u00edaz, actor y cantante mexicano.<\/p>\n<p class=\"paragraph\" data-mrf-recirculation=\"Links inline\"><b>1983<\/b>: Mar\u00eda Nogales, actriz espa\u00f1ola.<\/p>\n<p class=\"paragraph\" data-mrf-recirculation=\"Links inline\"><b>1983<\/b>: Sebasti\u00e1n Viera, futbolista uruguayo.<\/p>\n<p class=\"paragraph\" data-mrf-recirculation=\"Links inline\"><b>1983<\/b>: Manucho, futbolista angole\u00f1o.<\/p>\n<p class=\"paragraph\" data-mrf-recirculation=\"Links inline\"><b>1984<\/b>: Marciano Bruma, futbolista neerland\u00e9s.<\/p>\n<p class=\"paragraph\" data-mrf-recirculation=\"Links inline\"><b>1984<\/b>: Mathieu Flamini, futbolista franc\u00e9s.<\/p>\n<p class=\"paragraph\" data-mrf-recirculation=\"Links inline\"><b>1985<\/b>: L\u00e9o Rocha, futbolista brasile\u00f1o.<\/p>\n<p class=\"paragraph\" data-mrf-recirculation=\"Links inline\"><b>1987<\/b>: Hatem Ben Arfa, futbolista franc\u00e9s.<\/p>\n<p class=\"paragraph\" data-mrf-recirculation=\"Links inline\"><b>1987<\/b>: Aragoney da Silva Santos, futbolista brasile\u00f1o.<\/p>\n<p class=\"paragraph\" data-mrf-recirculation=\"Links inline\"><b>1988<\/b>: Mois\u00e9s Lima Magalh\u00e3es, futbolista brasile\u00f1o.<\/p>\n<p class=\"paragraph\" data-mrf-recirculation=\"Links inline\"><b>1989<\/b>: Cristian Lobato, futbolista espa\u00f1ol.<\/p>\n<p class=\"paragraph\" data-mrf-recirculation=\"Links inline\"><b>1989<\/b>: Roberto Torres Morales, futbolista espa\u00f1ol.<\/p>\n<p class=\"paragraph\" data-mrf-recirculation=\"Links inline\"><b>1989<\/b>: Ante Pavi\u0107, tenista croata.<\/p>\n<p class=\"paragraph\" data-mrf-recirculation=\"Links inline\"><b>1989<\/b>: Nacho Mart\u00ednez Garc\u00eda, futbolista espa\u00f1ol.<\/p>\n<p class=\"paragraph\" data-mrf-recirculation=\"Links inline\"><b>1989<\/b>: Diana G\u00f3mez, actriz espa\u00f1ola.<\/p>\n<p class=\"paragraph\" data-mrf-recirculation=\"Links inline\"><b>1989<\/b>: Ram\u00f3n Soria, futbolista espa\u00f1ol.<\/p>\n<p class=\"paragraph\" data-mrf-recirculation=\"Links inline\"><b>1990<\/b>: Marcos Renan Oliveira Santana, futbolista brasile\u00f1o.<\/p>\n<p class=\"paragraph\" data-mrf-recirculation=\"Links inline\"><b>1991<\/b>: Alexander Tveter, futbolista noruego.<\/p>\n<p class=\"paragraph\" data-mrf-recirculation=\"Links inline\"><b>1991<\/b>: Xavier Chavalerin, futbolista franc\u00e9s.<\/p>\n<p class=\"paragraph\" data-mrf-recirculation=\"Links inline\"><b>1991<\/b>: Michele Rigione, futbolista italiano.<\/p>\n<p class=\"paragraph\" data-mrf-recirculation=\"Links inline\"><b>1992<\/b>: Yulema Corres, futbolista espa\u00f1ola.<\/p>\n<p class=\"paragraph\" data-mrf-recirculation=\"Links inline\"><b>1992<\/b>: Robinson Ferreira, futbolista uruguayo.<\/p>\n<p class=\"paragraph\" data-mrf-recirculation=\"Links inline\"><b>1992<\/b>: Artem Shabanov, futbolista ucraniano.<\/p>\n<p class=\"paragraph\" data-mrf-recirculation=\"Links inline\"><b>1992<\/b>: Bel Powley, actriz brit\u00e1nica.<\/p>\n<p class=\"paragraph\" data-mrf-recirculation=\"Links inline\"><b>1993<\/b>: Andr\u00e9 Biyogo Poko, futbolista gabon\u00e9s.<\/p>\n<p class=\"paragraph\" data-mrf-recirculation=\"Links inline\"><b>1993<\/b>: Jackson Irvine, futbolista australiano.<\/p>\n<p class=\"paragraph\" data-mrf-recirculation=\"Links inline\"><b>1993<\/b>: Jo\u00e3o Tiago Serr\u00e3o Garc\u00eas, futbolista portugu\u00e9s.<\/p>\n<p class=\"paragraph\" data-mrf-recirculation=\"Links inline\"><b>1993<\/b>: Vin\u00edcius de Freitas Ribeiro, futbolista brasile\u00f1o.<\/p>\n<p class=\"paragraph\" data-mrf-recirculation=\"Links inline\"><b>1993<\/b>: Ant\u00f4nio Carlos Cunha Capocasali J\u00fanior, futbolista brasile\u00f1o.<\/p>\n<p class=\"paragraph\" data-mrf-recirculation=\"Links inline\"><b>1994<\/b>: Marvin Ducksch, futbolista alem\u00e1n.<\/p>\n<p class=\"paragraph\" data-mrf-recirculation=\"Links inline\"><b>1995<\/b>: Haley Lu Richardson, actriz estadounidense.<\/p>\n<p class=\"paragraph\" data-mrf-recirculation=\"Links inline\"><b>1995<\/b>: Alberto Grassi, futbolista italiano.<\/p>\n<p class=\"paragraph\" data-mrf-recirculation=\"Links inline\"><b>1996<\/b>: Bart Nieuwkoop, futbolista neerland\u00e9s.<\/p>\n<p class=\"paragraph\" data-mrf-recirculation=\"Links inline\"><b>1997<\/b>: Bad Gyal, cantante espa\u00f1ola.<\/p>\n<p class=\"paragraph\" data-mrf-recirculation=\"Links inline\"><b>1997<\/b>: \u00c1ngel Rodado Jare\u00f1o, futbolista espa\u00f1ol.<\/p>\n<p class=\"paragraph\" data-mrf-recirculation=\"Links inline\"><b>1997<\/b>: Luke Maye, baloncestista estadounidense.<\/p>\n<p class=\"paragraph\" data-mrf-recirculation=\"Links inline\"><b>1999<\/b>: Ronald Ara\u00fajo, futbolista uruguayo.<\/p>\n<p class=\"paragraph\" data-mrf-recirculation=\"Links inline\"><b>2001<\/b>: Nicol\u00f2 Armini, futbolista italiano.<\/p>\n<h2 class=\"header\"><span style=\"color: #ff0000\">Decesos<\/span><\/h2>\n<p class=\"paragraph\" data-mrf-recirculation=\"Links inline\"><b>-322<\/b>: Arist\u00f3teles, pol\u00edmata, fil\u00f3sofo, l\u00f3gico y cient\u00edfico griego (n. 384\u00a0a.\u00a0C.).<\/p>\n<p class=\"paragraph\" data-mrf-recirculation=\"Links inline\"><b>161<\/b>: Antonino P\u00edo, emperador romano (n. 86).<\/p>\n<p class=\"paragraph\" data-mrf-recirculation=\"Links inline\"><b>851<\/b>: Nominoe, rey de Breta\u00f1a.<\/p>\n<p class=\"paragraph\" data-mrf-recirculation=\"Links inline\"><b>974<\/b>: Juan de Gorze, diplom\u00e1tico franco.<\/p>\n<p class=\"paragraph\" data-mrf-recirculation=\"Links inline\"><b>1274<\/b>: Tom\u00e1s de Aquino, escritor, fil\u00f3sofo y te\u00f3logo italiano (n. 1225).<\/p>\n<p class=\"paragraph\" data-mrf-recirculation=\"Links inline\"><b>1517<\/b>: Mar\u00eda de Arag\u00f3n, hija de los Reyes Cat\u00f3licos, infanta de Castilla y Arag\u00f3n y reina consorte de Portugal (n. 1482).<\/p>\n<p class=\"paragraph\" data-mrf-recirculation=\"Links inline\"><b>1724<\/b>: Inocencio XIII, papa italiano (n. 1655).<\/p>\n<p class=\"paragraph\" data-mrf-recirculation=\"Links inline\"><b>1739<\/b>: Anton Maria Maragliano, escultor italiano (n. 1664).<\/p>\n<p class=\"paragraph\" data-mrf-recirculation=\"Links inline\"><b>1802<\/b>: Clotilde de Francia, noble francesa (n. 1759).<\/p>\n<p class=\"paragraph\" data-mrf-recirculation=\"Links inline\"><b>1809<\/b>: Jean Pierre Blanchard, inventor franc\u00e9s (n. 1753).<\/p>\n<p class=\"paragraph\" data-mrf-recirculation=\"Links inline\"><b>1809<\/b>: Johann Georg Albrechtsberger, m\u00fasico y te\u00f3rico austriaco (n. 1736).<\/p>\n<p class=\"paragraph\" data-mrf-recirculation=\"Links inline\"><b>1839<\/b>: Adolphe Nourrit, tenor franc\u00e9s (n. 1802).<\/p>\n<p class=\"paragraph\" data-mrf-recirculation=\"Links inline\"><b>1885<\/b>: Ram\u00f3n Leocadio Bonachea, patriota cubano fusilado por los espa\u00f1oles.<\/p>\n<p class=\"paragraph\" data-mrf-recirculation=\"Links inline\"><b>1890<\/b>: Claudio Moyano, pol\u00edtico espa\u00f1ol (n. 1809).<\/p>\n<p class=\"paragraph\" data-mrf-recirculation=\"Links inline\"><b>1908<\/b>: Manuel Curros Enr\u00edquez, escritor espa\u00f1ol (n. 1851).<\/p>\n<p class=\"paragraph\" data-mrf-recirculation=\"Links inline\"><b>1911<\/b>: Antonio Fogazzaro, escritor italiano (n. 1842).<\/p>\n<p class=\"paragraph\" data-mrf-recirculation=\"Links inline\"><b>1913<\/b>: Abraham Gonz\u00e1lez, pol\u00edtico mexicano (n. 1864).<\/p>\n<p class=\"paragraph\" data-mrf-recirculation=\"Links inline\"><b>1914<\/b>: George William Ross, pol\u00edtico canadiense (n. 1841).<\/p>\n<p class=\"paragraph\" data-mrf-recirculation=\"Links inline\"><b>1931<\/b>: Theo van Doesburg, artista neerland\u00e9s (n. 1883).<\/p>\n<p class=\"paragraph\" data-mrf-recirculation=\"Links inline\"><b>1932<\/b>: Aristide Briand, pol\u00edtico franc\u00e9s, premio nobel de la paz en 1926 (n. 1862).<\/p>\n<p class=\"paragraph\" data-mrf-recirculation=\"Links inline\"><b>1934<\/b>: Ernst Enno, poeta y autor estonio (n. 1875).<\/p>\n<p class=\"paragraph\" data-mrf-recirculation=\"Links inline\"><b>1939<\/b>: Federico Moy\u00faa Salazar, pol\u00edtico espa\u00f1ol (n. 1872).<\/p>\n<p class=\"paragraph\" data-mrf-recirculation=\"Links inline\"><b>1942<\/b>: Lucas Caballero Barrera, pol\u00edtico y empresario colombiano (n. 1869).<\/p>\n<p class=\"paragraph\" data-mrf-recirculation=\"Links inline\"><b>1952<\/b>: Paramahansa Yogananda, gur\u00fa hinduista indio (n. 1893).<\/p>\n<p class=\"paragraph\" data-mrf-recirculation=\"Links inline\"><b>1962<\/b>: Juan Calvo Domenech, actor espa\u00f1ol (n. 1892).<\/p>\n<p class=\"paragraph\" data-mrf-recirculation=\"Links inline\"><b>1975<\/b>: Mijail Bajt\u00edn, cr\u00edtico literario y ling\u00fcista ruso (n. 1895).<\/p>\n<p class=\"paragraph\" data-mrf-recirculation=\"Links inline\"><b>1979<\/b>: Guiomar Novaes, pianista brasile\u00f1a (n. 1895).<\/p>\n<p class=\"paragraph\" data-mrf-recirculation=\"Links inline\"><b>1982<\/b>: Ida Barney, astr\u00f3noma estadounidense (n. 1886).<\/p>\n<p class=\"paragraph\" data-mrf-recirculation=\"Links inline\"><b>1983<\/b>: Igor Markevitch, m\u00fasico italiano de origen ruso (n. 1912).<\/p>\n<p class=\"paragraph\" data-mrf-recirculation=\"Links inline\"><b>1986<\/b>: Georgia O&#8217;Keefe, pintora estadounidense (n. 1887).<\/p>\n<p class=\"paragraph\" data-mrf-recirculation=\"Links inline\"><b>1988<\/b>: Divine, actor y cantante estadounidense (n. 1945).<\/p>\n<p class=\"paragraph\" data-mrf-recirculation=\"Links inline\"><b>1990<\/b>: Pancho C\u00f3rdova, actor y cineasta mexicano (n. 1916).<\/p>\n<p class=\"paragraph\" data-mrf-recirculation=\"Links inline\"><b>1991<\/b>: Carmen Caballero Camarillo, profesora, pol\u00edtica y activista mexicana (n. 1911).<\/p>\n<p class=\"paragraph\" data-mrf-recirculation=\"Links inline\"><b>1993<\/b>: J. Merrill Knapp, music\u00f3logo estadounidense (n. 1914).<\/p>\n<p class=\"paragraph\" data-mrf-recirculation=\"Links inline\"><b>1997<\/b>: Edward Mills Purcell, f\u00edsico estadounidense, premio nobel de f\u00edsica en 1952 (n. 1912).<\/p>\n<p class=\"paragraph\" data-mrf-recirculation=\"Links inline\"><b>1998<\/b>: Josep Escol\u00e0, futbolista espa\u00f1ol (n. 1914).<\/p>\n<p class=\"paragraph\" data-mrf-recirculation=\"Links inline\"><b>1998<\/b>: Leonie Rysanek, soprano austr\u00edaca (n. 1926).<\/p>\n<p class=\"paragraph\" data-mrf-recirculation=\"Links inline\"><b>1999<\/b>: Stanley Kubrick, cineasta estadounidense (n. 1928).<\/p>\n<p class=\"paragraph\" data-mrf-recirculation=\"Links inline\"><b>1999<\/b>: Else Granheim, bibliotecaria y funcionaria noruega (n. 1926).<\/p>\n<p class=\"paragraph\" data-mrf-recirculation=\"Links inline\"><b>2000<\/b>: William Donald Hamilton, bi\u00f3logo brit\u00e1nico (n. 1936).<\/p>\n<p class=\"paragraph\" data-mrf-recirculation=\"Links inline\"><b>2002<\/b>: Mati Klarwein, pintor alem\u00e1n (n. 1932).<\/p>\n<p class=\"paragraph\" data-mrf-recirculation=\"Links inline\"><b>2005<\/b>: John Box, director art\u00edstico brit\u00e1nico, dise\u00f1ador de producciones cinematogr\u00e1ficas (n. 1920).<\/p>\n<p class=\"paragraph\" data-mrf-recirculation=\"Links inline\"><b>2005<\/b>: Debra Hill, productora de cine y guionista estadounidense (n. 1950).<\/p>\n<p class=\"paragraph\" data-mrf-recirculation=\"Links inline\"><b>2007<\/b>: Eduardo Darnauchans, m\u00fasico uruguayo (n. 1953).<\/p>\n<p class=\"paragraph\" data-mrf-recirculation=\"Links inline\"><b>2008<\/b>: Antonio Colino, ling\u00fcista espa\u00f1ol, miembro de la Real Academia Espa\u00f1ola (n. 1914).<\/p>\n<p class=\"paragraph\" data-mrf-recirculation=\"Links inline\"><b>2009<\/b>: Francesco Zagatti, futbolista italiano (n. 1932).<\/p>\n<p class=\"paragraph\" data-mrf-recirculation=\"Links inline\"><b>2010<\/b>: Carlos Alberto Moratorio, militar y deportista argentino (n. 1929).<\/p>\n<p class=\"paragraph\" data-mrf-recirculation=\"Links inline\"><b>2013<\/b>: Damiano Damiani, cineasta italiano (n. 1922).<\/p>\n<p class=\"paragraph\" data-mrf-recirculation=\"Links inline\"><b>2018<\/b>: Reynaldo Bignone, militar argentino, presidente de Argentina entre 1981 y 1982 (n. 1928).<\/p>\n<p class=\"paragraph\" data-mrf-recirculation=\"Links inline\"><b>2019<\/b>: Rub\u00e9n Gonz\u00e1lez Garza, actor y dramaturgo mexicano (n. 1929).<\/p>\n<p class=\"paragraph\" data-mrf-recirculation=\"Links inline\"><b>2020<\/b>: John Manners, jugador de cr\u00edquet y militar estadounidense (n. 1914).<\/p>\n<p class=\"paragraph\" data-mrf-recirculation=\"Links inline\"><b>2022<\/b>: Muhammad Rafiq Tarar, pol\u00edtico paquistan\u00ed, presidente de Pakist\u00e1n entre 1998 y 2001 (n. 1929).<\/p>\n","protected":false},"excerpt":{"rendered":"<div class=\"mh-excerpt\"><p>El 7 de marzo\u00a0ha sido fecha de incontables hechos que marcaron a la humanidad a tal grado que son anotados en los calendarios e internacionalmente conocidos como\u00a0efem\u00e9rides. Estos acontecimientos incluyen desde eventos\u00a0legendarios, tristes tragedias y <a class=\"mh-excerpt-more\" href=\"https:\/\/larevistadigital.com.ar\/blog\/esto-paso-un-dia-como-hoy-7-de-marzo\/\" title=\"ESTO PAS\u00d3 UN D\u00cdA COMO HOY, 7 DE MARZO&#8230;\">[Leer M\u00e1s]<\/a><\/p>\n<\/div>","protected":false},"author":3,"featured_media":16747,"comment_status":"open","ping_status":"open","sticky":false,"template":"","format":"standard","meta":{"_jetpack_memberships_contains_paid_content":false,"footnotes":"","jetpack_publicize_message":"","jetpack_publicize_feature_enabled":true,"jetpack_social_post_already_shared":true,"jetpack_social_options":{"image_generator_settings":{"template":"highway","default_image_id":0,"font":"","enabled":false},"version":2}},"categories":[15],"tags":[],"class_list":{"0":"post-30436","1":"post","2":"type-post","3":"status-publish","4":"format-standard","5":"has-post-thumbnail","7":"category-cultura"},"jetpack_publicize_connections":[],"jetpack_featured_media_url":"https:\/\/i0.wp.com\/larevistadigital.com.ar\/blog\/wp-content\/uploads\/LOGO-EFEMERIDES.jpg?fit=1268%2C664&ssl=1","jetpack_sharing_enabled":true,"jetpack_shortlink":"https:\/\/wp.me\/p8qtrQ-7UU","jetpack-related-posts":[{"id":40913,"url":"https:\/\/larevistadigital.com.ar\/blog\/efemerides-del-14-de-agosto-que-paso-un-dia-como-hoy\/","url_meta":{"origin":30436,"position":0},"title":"Efem\u00e9rides del 14 de agosto: qu\u00e9 pas\u00f3 un d\u00eda como hoy","author":"Alejandro Sosa Ruda","date":"14 agosto, 2025","format":false,"excerpt":"Este 14 de agosto las efem\u00e9rides cuentan el\u00a0D\u00eda del Cerealista, una celebraci\u00f3n argentina que\u00a0saluda a este sector en un nuevo aniversario del primer embarque de trigo al extranjero, que sucedi\u00f3\u00a0un d\u00eda como este en 1926. La fecha tambi\u00e9n es el cumplea\u00f1os de numerosas figuras como\u00a0la leyenda de la NBA \u201cMagic\u201d\u2026","rel":"","context":"En \u00abCULTURA\u00bb","block_context":{"text":"CULTURA","link":"https:\/\/larevistadigital.com.ar\/blog\/category\/cultura\/"},"img":{"alt_text":"","src":"https:\/\/i0.wp.com\/larevistadigital.com.ar\/blog\/wp-content\/uploads\/LOGO-EFEMERIDES.jpg?fit=1200%2C628&ssl=1&resize=350%2C200","width":350,"height":200,"srcset":"https:\/\/i0.wp.com\/larevistadigital.com.ar\/blog\/wp-content\/uploads\/LOGO-EFEMERIDES.jpg?fit=1200%2C628&ssl=1&resize=350%2C200 1x, https:\/\/i0.wp.com\/larevistadigital.com.ar\/blog\/wp-content\/uploads\/LOGO-EFEMERIDES.jpg?fit=1200%2C628&ssl=1&resize=525%2C300 1.5x, https:\/\/i0.wp.com\/larevistadigital.com.ar\/blog\/wp-content\/uploads\/LOGO-EFEMERIDES.jpg?fit=1200%2C628&ssl=1&resize=700%2C400 2x, https:\/\/i0.wp.com\/larevistadigital.com.ar\/blog\/wp-content\/uploads\/LOGO-EFEMERIDES.jpg?fit=1200%2C628&ssl=1&resize=1050%2C600 3x"},"classes":[]},{"id":40698,"url":"https:\/\/larevistadigital.com.ar\/blog\/efemerides-que-sucedio-un-dia-como-hoy-1-de-agosto\/","url_meta":{"origin":30436,"position":1},"title":"Efem\u00e9rides: Qu\u00e9 sucedi\u00f3 un d\u00eda como hoy, 1\u00b0 de agosto&#8230;","author":"Alejandro Sosa Ruda","date":"1 agosto, 2025","format":false,"excerpt":"Este viernes 1\u00b0 de agosto es el D\u00eda de la Pachamama o de la Madre Tierra, entre otros eventos y aniversarios asociados a la fecha. 01 de Agosto de 2025 La fecha, que proviene de los pueblos originarios de varias naciones de\u00a0Am\u00e9rica Latina, consiste en una ofrenda a la\u00a0naturaleza\u00a0personificada como\u2026","rel":"","context":"En \u00abCULTURA\u00bb","block_context":{"text":"CULTURA","link":"https:\/\/larevistadigital.com.ar\/blog\/category\/cultura\/"},"img":{"alt_text":"","src":"https:\/\/i0.wp.com\/larevistadigital.com.ar\/blog\/wp-content\/uploads\/LOGO-EFEMERIDES.jpg?fit=1200%2C628&ssl=1&resize=350%2C200","width":350,"height":200,"srcset":"https:\/\/i0.wp.com\/larevistadigital.com.ar\/blog\/wp-content\/uploads\/LOGO-EFEMERIDES.jpg?fit=1200%2C628&ssl=1&resize=350%2C200 1x, https:\/\/i0.wp.com\/larevistadigital.com.ar\/blog\/wp-content\/uploads\/LOGO-EFEMERIDES.jpg?fit=1200%2C628&ssl=1&resize=525%2C300 1.5x, https:\/\/i0.wp.com\/larevistadigital.com.ar\/blog\/wp-content\/uploads\/LOGO-EFEMERIDES.jpg?fit=1200%2C628&ssl=1&resize=700%2C400 2x, https:\/\/i0.wp.com\/larevistadigital.com.ar\/blog\/wp-content\/uploads\/LOGO-EFEMERIDES.jpg?fit=1200%2C628&ssl=1&resize=1050%2C600 3x"},"classes":[]},{"id":28307,"url":"https:\/\/larevistadigital.com.ar\/blog\/esto-paso-un-dia-como-hoy-5-de-octubre\/","url_meta":{"origin":30436,"position":2},"title":"ESTO PAS\u00d3 UN D\u00cdA COMO HOY, 5 DE OCTUBRE&#8230;","author":"Alejandro Sosa Ruda","date":"5 octubre, 2022","format":false,"excerpt":"En la lista de estos acontecimientos se encuentran\u00a0sucesos legendarios, lastimosas tragedias y avances cient\u00edficos, hasta\u00a0nacimientos y muertes\u00a0de personajes relevantes como\u00a0l\u00edderes sociales, cient\u00edficos y artistas. 05 de octubre de 2022 Para que no se te pase ninguna fecha importante, aqu\u00ed est\u00e1n\u00a0las efem\u00e9rides de este mi\u00e9rcoles 5 de octubre. 1511.- Creada la\u2026","rel":"","context":"En \u00abCULTURA\u00bb","block_context":{"text":"CULTURA","link":"https:\/\/larevistadigital.com.ar\/blog\/category\/cultura\/"},"img":{"alt_text":"","src":"https:\/\/i0.wp.com\/larevistadigital.com.ar\/blog\/wp-content\/uploads\/LOGO-EFEMERIDES.jpg?fit=1200%2C628&ssl=1&resize=350%2C200","width":350,"height":200,"srcset":"https:\/\/i0.wp.com\/larevistadigital.com.ar\/blog\/wp-content\/uploads\/LOGO-EFEMERIDES.jpg?fit=1200%2C628&ssl=1&resize=350%2C200 1x, https:\/\/i0.wp.com\/larevistadigital.com.ar\/blog\/wp-content\/uploads\/LOGO-EFEMERIDES.jpg?fit=1200%2C628&ssl=1&resize=525%2C300 1.5x, https:\/\/i0.wp.com\/larevistadigital.com.ar\/blog\/wp-content\/uploads\/LOGO-EFEMERIDES.jpg?fit=1200%2C628&ssl=1&resize=700%2C400 2x, https:\/\/i0.wp.com\/larevistadigital.com.ar\/blog\/wp-content\/uploads\/LOGO-EFEMERIDES.jpg?fit=1200%2C628&ssl=1&resize=1050%2C600 3x"},"classes":[]},{"id":30642,"url":"https:\/\/larevistadigital.com.ar\/blog\/esto-paso-un-dia-como-hoy-21-de-marzo\/","url_meta":{"origin":30436,"position":3},"title":"ESTO PAS\u00d3 UN D\u00cdA COMO HOY, 21 DE MARZO&#8230;","author":"Alejandro Sosa Ruda","date":"21 marzo, 2023","format":false,"excerpt":"Desde\u00a0sucesos legendarios, infames tragedias e importantes adelantos cient\u00edficos, hasta nacimientos y muertes de personajes relevantes como l\u00edderes sociales, cient\u00edficos y artistas, es lo que nos traen las efem\u00e9rides de este mi\u00e9rcoles. 21 De Marzo de 2023 2019: J\u00f3venes activistas, entre ellos la sueca Greta Thunberg, piden en la Asamblea de\u2026","rel":"","context":"En \u00abCULTURA\u00bb","block_context":{"text":"CULTURA","link":"https:\/\/larevistadigital.com.ar\/blog\/category\/cultura\/"},"img":{"alt_text":"","src":"https:\/\/i0.wp.com\/larevistadigital.com.ar\/blog\/wp-content\/uploads\/LOGO-EFEMERIDES.jpg?fit=1200%2C628&ssl=1&resize=350%2C200","width":350,"height":200,"srcset":"https:\/\/i0.wp.com\/larevistadigital.com.ar\/blog\/wp-content\/uploads\/LOGO-EFEMERIDES.jpg?fit=1200%2C628&ssl=1&resize=350%2C200 1x, https:\/\/i0.wp.com\/larevistadigital.com.ar\/blog\/wp-content\/uploads\/LOGO-EFEMERIDES.jpg?fit=1200%2C628&ssl=1&resize=525%2C300 1.5x, https:\/\/i0.wp.com\/larevistadigital.com.ar\/blog\/wp-content\/uploads\/LOGO-EFEMERIDES.jpg?fit=1200%2C628&ssl=1&resize=700%2C400 2x, https:\/\/i0.wp.com\/larevistadigital.com.ar\/blog\/wp-content\/uploads\/LOGO-EFEMERIDES.jpg?fit=1200%2C628&ssl=1&resize=1050%2C600 3x"},"classes":[]},{"id":40831,"url":"https:\/\/larevistadigital.com.ar\/blog\/efemerides-del-10-de-agosto-que-paso-un-dia-como-hoy\/","url_meta":{"origin":30436,"position":4},"title":"Efem\u00e9rides del 10 de agosto: \u00bfqu\u00e9 pas\u00f3 un d\u00eda como hoy?","author":"Alejandro Sosa Ruda","date":"10 agosto, 2025","format":false,"excerpt":"Las\u00a0efem\u00e9rides del 10 de agosto\u00a0re\u00fanen diferentes eventos que pasaron un d\u00eda como hoy, domingo en que se celebra el\u00a0D\u00eda de la Fuerza A\u00e9rea Argentina. La jornada conmemora la creaci\u00f3n en el a\u00f1o 1912 de la\u00a0Escuela de Aviaci\u00f3n Militar, situada por entonces en la localidad bonaerense de El Palomar. El presidente\u00a0Roque\u2026","rel":"","context":"En \u00abCULTURA\u00bb","block_context":{"text":"CULTURA","link":"https:\/\/larevistadigital.com.ar\/blog\/category\/cultura\/"},"img":{"alt_text":"","src":"https:\/\/i0.wp.com\/larevistadigital.com.ar\/blog\/wp-content\/uploads\/LOGO-EFEMERIDES.jpg?fit=1200%2C628&ssl=1&resize=350%2C200","width":350,"height":200,"srcset":"https:\/\/i0.wp.com\/larevistadigital.com.ar\/blog\/wp-content\/uploads\/LOGO-EFEMERIDES.jpg?fit=1200%2C628&ssl=1&resize=350%2C200 1x, https:\/\/i0.wp.com\/larevistadigital.com.ar\/blog\/wp-content\/uploads\/LOGO-EFEMERIDES.jpg?fit=1200%2C628&ssl=1&resize=525%2C300 1.5x, https:\/\/i0.wp.com\/larevistadigital.com.ar\/blog\/wp-content\/uploads\/LOGO-EFEMERIDES.jpg?fit=1200%2C628&ssl=1&resize=700%2C400 2x, https:\/\/i0.wp.com\/larevistadigital.com.ar\/blog\/wp-content\/uploads\/LOGO-EFEMERIDES.jpg?fit=1200%2C628&ssl=1&resize=1050%2C600 3x"},"classes":[]},{"id":16817,"url":"https:\/\/larevistadigital.com.ar\/blog\/un-dia-como-hoy-efemerides-del-8-de-octubre\/","url_meta":{"origin":30436,"position":5},"title":"\u00abUN D\u00cdA COMO HOY\u00bb&#8230; EFEM\u00c9RIDES DEL 8 DE OCTUBRE","author":"Alejandro Sosa Ruda","date":"8 octubre, 2020","format":false,"excerpt":"\u00a1Nacimos como pa\u00eds! 1860 -\u00a0Se nombr\u00f3 como Rep\u00fablica Argentina\u00a0a nuestro pa\u00eds.\u00a0Mientras estaban en la ciudad de Paran\u00e1, en medio de la reforma constitucional, y seg\u00fan se hab\u00eda propuesto en el Pacto de San Jos\u00e9 de Flores en 1859, se emiti\u00f3 el decreto del entonces Presidente de la Naci\u00f3n\u00a0Santiago Derqui, que\u2026","rel":"","context":"En \u00abSOCIEDAD\u00bb","block_context":{"text":"SOCIEDAD","link":"https:\/\/larevistadigital.com.ar\/blog\/category\/sociedad\/"},"img":{"alt_text":"","src":"https:\/\/i0.wp.com\/larevistadigital.com.ar\/blog\/wp-content\/uploads\/LOGO-EFEMERIDES.jpg?fit=1200%2C628&ssl=1&resize=350%2C200","width":350,"height":200,"srcset":"https:\/\/i0.wp.com\/larevistadigital.com.ar\/blog\/wp-content\/uploads\/LOGO-EFEMERIDES.jpg?fit=1200%2C628&ssl=1&resize=350%2C200 1x, https:\/\/i0.wp.com\/larevistadigital.com.ar\/blog\/wp-content\/uploads\/LOGO-EFEMERIDES.jpg?fit=1200%2C628&ssl=1&resize=525%2C300 1.5x, https:\/\/i0.wp.com\/larevistadigital.com.ar\/blog\/wp-content\/uploads\/LOGO-EFEMERIDES.jpg?fit=1200%2C628&ssl=1&resize=700%2C400 2x, https:\/\/i0.wp.com\/larevistadigital.com.ar\/blog\/wp-content\/uploads\/LOGO-EFEMERIDES.jpg?fit=1200%2C628&ssl=1&resize=1050%2C600 3x"},"classes":[]}],"_links":{"self":[{"href":"https:\/\/larevistadigital.com.ar\/blog\/wp-json\/wp\/v2\/posts\/30436","targetHints":{"allow":["GET"]}}],"collection":[{"href":"https:\/\/larevistadigital.com.ar\/blog\/wp-json\/wp\/v2\/posts"}],"about":[{"href":"https:\/\/larevistadigital.com.ar\/blog\/wp-json\/wp\/v2\/types\/post"}],"author":[{"embeddable":true,"href":"https:\/\/larevistadigital.com.ar\/blog\/wp-json\/wp\/v2\/users\/3"}],"replies":[{"embeddable":true,"href":"https:\/\/larevistadigital.com.ar\/blog\/wp-json\/wp\/v2\/comments?post=30436"}],"version-history":[{"count":1,"href":"https:\/\/larevistadigital.com.ar\/blog\/wp-json\/wp\/v2\/posts\/30436\/revisions"}],"predecessor-version":[{"id":30437,"href":"https:\/\/larevistadigital.com.ar\/blog\/wp-json\/wp\/v2\/posts\/30436\/revisions\/30437"}],"wp:featuredmedia":[{"embeddable":true,"href":"https:\/\/larevistadigital.com.ar\/blog\/wp-json\/wp\/v2\/media\/16747"}],"wp:attachment":[{"href":"https:\/\/larevistadigital.com.ar\/blog\/wp-json\/wp\/v2\/media?parent=30436"}],"wp:term":[{"taxonomy":"category","embeddable":true,"href":"https:\/\/larevistadigital.com.ar\/blog\/wp-json\/wp\/v2\/categories?post=30436"},{"taxonomy":"post_tag","embeddable":true,"href":"https:\/\/larevistadigital.com.ar\/blog\/wp-json\/wp\/v2\/tags?post=30436"}],"curies":[{"name":"wp","href":"https:\/\/api.w.org\/{rel}","templated":true}]}}