{"id":30438,"date":"2023-03-07T12:51:45","date_gmt":"2023-03-07T12:51:45","guid":{"rendered":"https:\/\/larevistadigital.com.ar\/blog\/?p=30438"},"modified":"2023-03-07T12:51:45","modified_gmt":"2023-03-07T12:51:45","slug":"mar-del-plata-asesinan-a-un-hombre-de-tres-balazos","status":"publish","type":"post","link":"https:\/\/larevistadigital.com.ar\/blog\/mar-del-plata-asesinan-a-un-hombre-de-tres-balazos\/","title":{"rendered":"MAR DEL PLATA: ASESINAN A UN HOMBRE DE TRES BALAZOS"},"content":{"rendered":"<h2 class=\"intro\">La v\u00edctima, identificada como Juan David Anchoverri,\u00a0ten\u00eda 30 a\u00f1os y fue encontrada en la calle por personal del Same. Ten\u00eda m\u00faltiples antecedentes penales por diversos delitos.<\/h2>\n<p>7 de marzo de 2023<\/p>\n<p>Un\u00a0<strong>hombre fue asesinado a balazos\u00a0<\/strong>durante la madrugada de este martes en el barrio\u00a0<strong>Parque Las Dalias<\/strong>\u00a0y la justicia investiga las circunstancias del hecho.<\/p>\n<blockquote>\n<h3>El\u00a0<strong>duod\u00e9cimo homicidio<\/strong>\u00a0en lo que va del a\u00f1o qued\u00f3 al descubierto luego de un llamado al 911 en el que informaron a las autoridades que hab\u00eda un hombre tirado en el piso, en\u00a0<strong>Anchorena y Los Duraznos.\u00a0<\/strong><\/h3>\n<\/blockquote>\n<p>La v\u00edctima hallada por los efectivos de la comisar\u00eda decimoquinta fue identificada como\u00a0<strong>Juan David Anchoverri<\/strong>. Personal del Same constat\u00f3 su fallecimiento, mientras que los efectivos de Polic\u00eda Cient\u00edfica constataron que el cad\u00e1ver ten\u00eda tres impactos de arma de fuego: uno en la zona intercostal, otro en la cara y el \u00faltimo en la sien.<\/p>\n<blockquote>\n<h3>Fuentes de la investigaci\u00f3n reportaron que\u00a0<strong>Anchoverri\u00a0<\/strong>ten\u00eda m\u00faltiples antecedentes por delitos cometidos desde 2011 a la fecha. De hecho, el \u00faltimo registro es del 10 de enero de este a\u00f1o, donde qued\u00f3 involucrado en una causa por averiguaci\u00f3n de il\u00edcito.<\/h3>\n<\/blockquote>\n<p>La causa qued\u00f3 a cargo del fiscal en turno,\u00a0<strong>Alejandro Pelegrinelli,\u00a0<\/strong>quien dispuso distintas medidas para intentar esclarecer el\u00a0<strong>duod\u00e9cimo homicidio<\/strong>\u00a0en lo que va del 2023 en la ciudad.<\/p>\n<blockquote>\n<h3>Se conoci\u00f3 que <strong>Anchoverri\u00a0<\/strong>ten\u00eda m\u00faltiples antecedentes por delitos cometidos desde 2011 a la fecha. De hecho, el \u00faltimo registro es del 10 de enero de este a\u00f1o, donde qued\u00f3 involucrado en una causa por averiguaci\u00f3n de il\u00edcito.<\/h3>\n<\/blockquote>\n<p>La causa qued\u00f3 a cargo del fiscal en turno,\u00a0<strong>Alejandro Pelegrinelli,\u00a0<\/strong>quien dispuso distintas medidas para intentar esclarecer el\u00a0<strong>duod\u00e9cimo homicidio<\/strong>\u00a0en lo que va del 2023 en la ciudad.<\/p>\n<p>&nbsp;<\/p>\n","protected":false},"excerpt":{"rendered":"<div class=\"mh-excerpt\"><p>La v\u00edctima, identificada como Juan David Anchoverri,\u00a0ten\u00eda 30 a\u00f1os y fue encontrada en la calle por personal del Same. Ten\u00eda m\u00faltiples antecedentes penales por diversos delitos. 7 de marzo de 2023 Un\u00a0hombre fue asesinado a <a class=\"mh-excerpt-more\" href=\"https:\/\/larevistadigital.com.ar\/blog\/mar-del-plata-asesinan-a-un-hombre-de-tres-balazos\/\" title=\"MAR DEL PLATA: ASESINAN A UN HOMBRE DE TRES BALAZOS\">[Leer M\u00e1s]<\/a><\/p>\n<\/div>","protected":false},"author":3,"featured_media":30439,"comment_status":"open","ping_status":"open","sticky":false,"template":"","format":"standard","meta":{"_jetpack_memberships_contains_paid_content":false,"footnotes":"","jetpack_publicize_message":"","jetpack_publicize_feature_enabled":true,"jetpack_social_post_already_shared":true,"jetpack_social_options":{"image_generator_settings":{"template":"highway","default_image_id":0,"font":"","enabled":false},"version":2}},"categories":[44,51],"tags":[],"class_list":{"0":"post-30438","1":"post","2":"type-post","3":"status-publish","4":"format-standard","5":"has-post-thumbnail","7":"category-policiales","8":"category-regionales"},"jetpack_publicize_connections":[],"jetpack_featured_media_url":"https:\/\/i0.wp.com\/larevistadigital.com.ar\/blog\/wp-content\/uploads\/Captura-de-pantalla-2023-03-07-094721.png?fit=808%2C437&ssl=1","jetpack_sharing_enabled":true,"jetpack_shortlink":"https:\/\/wp.me\/p8qtrQ-7UW","jetpack-related-posts":[{"id":19890,"url":"https:\/\/larevistadigital.com.ar\/blog\/la-plata-conmocion-por-la-muerte-de-un-hombre-en-un-supermercado\/","url_meta":{"origin":30438,"position":0},"title":"LA PLATA: CONMOCI\u00d3N POR LA MUERTE DE UN HOMBRE EN UN SUPERMERCADO","author":"Alejandro Sosa Ruda","date":"28 abril, 2021","format":false,"excerpt":"La v\u00edctima se descompens\u00f3 en el interior del local y falleci\u00f3. Aseguran que ten\u00eda una enfermedad preexistente. Momentos de incertidumbre y conmoci\u00f3n se vivieron\u00a0en un supermercado Disco de La Plata, donde un hombre muri\u00f3 tras sufrir una descompensaci\u00f3n. Seg\u00fan informaron fuentes oficiales, todo sucedi\u00f3 en horas de la tarde de\u2026","rel":"","context":"En \u00abREGIONALES\u00bb","block_context":{"text":"REGIONALES","link":"https:\/\/larevistadigital.com.ar\/blog\/category\/regionales\/"},"img":{"alt_text":"","src":"https:\/\/i0.wp.com\/larevistadigital.com.ar\/blog\/wp-content\/uploads\/1584394848916.jpg?fit=1200%2C797&ssl=1&resize=350%2C200","width":350,"height":200,"srcset":"https:\/\/i0.wp.com\/larevistadigital.com.ar\/blog\/wp-content\/uploads\/1584394848916.jpg?fit=1200%2C797&ssl=1&resize=350%2C200 1x, https:\/\/i0.wp.com\/larevistadigital.com.ar\/blog\/wp-content\/uploads\/1584394848916.jpg?fit=1200%2C797&ssl=1&resize=525%2C300 1.5x, https:\/\/i0.wp.com\/larevistadigital.com.ar\/blog\/wp-content\/uploads\/1584394848916.jpg?fit=1200%2C797&ssl=1&resize=700%2C400 2x, https:\/\/i0.wp.com\/larevistadigital.com.ar\/blog\/wp-content\/uploads\/1584394848916.jpg?fit=1200%2C797&ssl=1&resize=1050%2C600 3x"},"classes":[]},{"id":10609,"url":"https:\/\/larevistadigital.com.ar\/blog\/femicidio-asesino-de-tres-balazos-a-su-ex-pareja-y-luego-se-mato-dentro-del-auto\/","url_meta":{"origin":30438,"position":1},"title":"FEMICIDIO: ASESIN\u00d3 DE TRES BALAZOS A SU EX PAREJA Y LUEGO SE MAT\u00d3 DENTRO DEL AUTO","author":"Alejandro Sosa Ruda","date":"13 junio, 2019","format":false,"excerpt":"Gabriela Scalise ten\u00eda 43 a\u00f1os y fue atacada por su ex cuando intentaba entrar en su casa. Un hombre asesin\u00f3 de tres balazos a su ex pareja\u00a0en la esquina de su casa\u00a0ubicada en\u00a0la ciudad de Chacabuco, provincia de Buenos Aires, y luego de haber cometido el crimen,\u00a0fue hallado sin vida\u2026","rel":"","context":"En \u00abPOLICIALES\u00bb","block_context":{"text":"POLICIALES","link":"https:\/\/larevistadigital.com.ar\/blog\/category\/policiales\/"},"img":{"alt_text":"","src":"https:\/\/i0.wp.com\/larevistadigital.com.ar\/blog\/wp-content\/uploads\/gabi.jpg?fit=461%2C618&ssl=1&resize=350%2C200","width":350,"height":200},"classes":[]},{"id":14088,"url":"https:\/\/larevistadigital.com.ar\/blog\/mar-del-plata-un-hombre-se-cayo-del-techo-y-murio\/","url_meta":{"origin":30438,"position":2},"title":"MAR DEL PLATA: UN HOMBRE SE CAY\u00d3 DEL TECHO Y MURI\u00d3","author":"Alejandro Sosa Ruda","date":"8 enero, 2020","format":false,"excerpt":"Sucedi\u00f3 en una vivienda del barrio Peralta Ramos Oeste. La v\u00edctima ten\u00eda 69 a\u00f1os. Sus familiares lo trasladaron al Higa donde le practicaron maniobras de reanimaci\u00f3n, pero falleci\u00f3. Un\u00a0hombre de 69\u00a0a\u00f1os\u00a0falleci\u00f3 este mi\u00e9rcoles por la tarde en el\u00a0Hospital Interzonal General de Agudos (Higa)\u00a0a donde hab\u00eda sido trasladado\u00a0luego\u00a0caerse del techo\u00a0de una\u2026","rel":"","context":"En \u00abREGIONALES\u00bb","block_context":{"text":"REGIONALES","link":"https:\/\/larevistadigital.com.ar\/blog\/category\/regionales\/"},"img":{"alt_text":"","src":"https:\/\/i0.wp.com\/larevistadigital.com.ar\/blog\/wp-content\/uploads\/Guardia-Higa-0311.jpg?fit=790%2C444&ssl=1&resize=350%2C200","width":350,"height":200,"srcset":"https:\/\/i0.wp.com\/larevistadigital.com.ar\/blog\/wp-content\/uploads\/Guardia-Higa-0311.jpg?fit=790%2C444&ssl=1&resize=350%2C200 1x, https:\/\/i0.wp.com\/larevistadigital.com.ar\/blog\/wp-content\/uploads\/Guardia-Higa-0311.jpg?fit=790%2C444&ssl=1&resize=525%2C300 1.5x, https:\/\/i0.wp.com\/larevistadigital.com.ar\/blog\/wp-content\/uploads\/Guardia-Higa-0311.jpg?fit=790%2C444&ssl=1&resize=700%2C400 2x"},"classes":[]},{"id":15620,"url":"https:\/\/larevistadigital.com.ar\/blog\/acribillan-a-balazos-a-un-hombre-que-sobrevivio-pero-esta-muy-grave\/","url_meta":{"origin":30438,"position":3},"title":"ACRIBILLAN A BALAZOS A UN HOMBRE, QUE SOBREVIVI\u00d3, PERO EST\u00c1 MUY GRAVE","author":"Alejandro Sosa Ruda","date":"12 junio, 2020","format":false,"excerpt":"La v\u00edctima tiene 28 a\u00f1os y recibi\u00f3 nueve heridas de arma de fuego y una de arma blanca.\u00a0 MAR DEL PLATA - Un\u00a0hombre de 28 a\u00f1os\u00a0recibi\u00f3 nueve balazos esta ma\u00f1ana en la zona del complejo habitacional del Centenario y se encuentra internado en grave estado en el Hospital Interzonal. El\u2026","rel":"","context":"En \u00abPOLICIALES\u00bb","block_context":{"text":"POLICIALES","link":"https:\/\/larevistadigital.com.ar\/blog\/category\/policiales\/"},"img":{"alt_text":"","src":"https:\/\/i0.wp.com\/larevistadigital.com.ar\/blog\/wp-content\/uploads\/higa.jpg?fit=1140%2C708&ssl=1&resize=350%2C200","width":350,"height":200,"srcset":"https:\/\/i0.wp.com\/larevistadigital.com.ar\/blog\/wp-content\/uploads\/higa.jpg?fit=1140%2C708&ssl=1&resize=350%2C200 1x, https:\/\/i0.wp.com\/larevistadigital.com.ar\/blog\/wp-content\/uploads\/higa.jpg?fit=1140%2C708&ssl=1&resize=525%2C300 1.5x, https:\/\/i0.wp.com\/larevistadigital.com.ar\/blog\/wp-content\/uploads\/higa.jpg?fit=1140%2C708&ssl=1&resize=700%2C400 2x, https:\/\/i0.wp.com\/larevistadigital.com.ar\/blog\/wp-content\/uploads\/higa.jpg?fit=1140%2C708&ssl=1&resize=1050%2C600 3x"},"classes":[]},{"id":25094,"url":"https:\/\/larevistadigital.com.ar\/blog\/delincuente-ataca-a-un-automovilista-a-piedrazos-para-robarle-y-la-victima-lo-mato-a-balazos\/","url_meta":{"origin":30438,"position":4},"title":"DELINCUENTE ATACA A UN AUTOMOVILISTA A PIEDRAZOS PARA ROBARLE Y LA V\u00cdCTIMA LO MATO A BALAZOS","author":"Alejandro Sosa Ruda","date":"15 abril, 2022","format":false,"excerpt":"Un joven fue asesinado a tiros\u00a0durante un aparente intento de robo en la autopista Rosario-C\u00f3rdoba, antes del ingreso a la ciudad santafesina. El hecho ocurri\u00f3 en la noche del mi\u00e9rcoles, a la altura del Puente Wilde y a 300 metros de la avenida de Circunvalaci\u00f3n. Seg\u00fan el primer reporte policial,\u2026","rel":"","context":"En \u00abINTERES GENERAL\u00bb","block_context":{"text":"INTERES GENERAL","link":"https:\/\/larevistadigital.com.ar\/blog\/category\/interes-general\/"},"img":{"alt_text":"","src":"https:\/\/i0.wp.com\/larevistadigital.com.ar\/blog\/wp-content\/uploads\/PIEDRAS-CONRA-TIROS.jpg?fit=1200%2C591&ssl=1&resize=350%2C200","width":350,"height":200,"srcset":"https:\/\/i0.wp.com\/larevistadigital.com.ar\/blog\/wp-content\/uploads\/PIEDRAS-CONRA-TIROS.jpg?fit=1200%2C591&ssl=1&resize=350%2C200 1x, https:\/\/i0.wp.com\/larevistadigital.com.ar\/blog\/wp-content\/uploads\/PIEDRAS-CONRA-TIROS.jpg?fit=1200%2C591&ssl=1&resize=525%2C300 1.5x, https:\/\/i0.wp.com\/larevistadigital.com.ar\/blog\/wp-content\/uploads\/PIEDRAS-CONRA-TIROS.jpg?fit=1200%2C591&ssl=1&resize=700%2C400 2x, https:\/\/i0.wp.com\/larevistadigital.com.ar\/blog\/wp-content\/uploads\/PIEDRAS-CONRA-TIROS.jpg?fit=1200%2C591&ssl=1&resize=1050%2C600 3x"},"classes":[]},{"id":15890,"url":"https:\/\/larevistadigital.com.ar\/blog\/villa-gesell-asesinan-a-hombre-de-un-balazo-hay-tres-detenidos\/","url_meta":{"origin":30438,"position":5},"title":"VILLA GESELL: ASESINAN A HOMBRE DE UN BALAZO. HAY TRES DETENIDOS","author":"Alejandro Sosa Ruda","date":"10 agosto, 2020","format":false,"excerpt":"La v\u00edctima fue identificada como Gonzalo Romano (42), quien este s\u00e1bado a la noche recibi\u00f3 un tiro en el t\u00f3rax cuando se encontraba en Paseo 126 y avenida de Circunvalaci\u00f3n. La polic\u00eda aprehendi\u00f3 a tres sospechosos: uno es menor. VILLA GESELL- Un hombre fue asesinado de un balazo en el\u2026","rel":"","context":"En \u00abPOLICIALES\u00bb","block_context":{"text":"POLICIALES","link":"https:\/\/larevistadigital.com.ar\/blog\/category\/policiales\/"},"img":{"alt_text":"","src":"https:\/\/i0.wp.com\/larevistadigital.com.ar\/blog\/wp-content\/uploads\/villa-gessel-22.jpg?fit=1200%2C849&ssl=1&resize=350%2C200","width":350,"height":200,"srcset":"https:\/\/i0.wp.com\/larevistadigital.com.ar\/blog\/wp-content\/uploads\/villa-gessel-22.jpg?fit=1200%2C849&ssl=1&resize=350%2C200 1x, https:\/\/i0.wp.com\/larevistadigital.com.ar\/blog\/wp-content\/uploads\/villa-gessel-22.jpg?fit=1200%2C849&ssl=1&resize=525%2C300 1.5x, https:\/\/i0.wp.com\/larevistadigital.com.ar\/blog\/wp-content\/uploads\/villa-gessel-22.jpg?fit=1200%2C849&ssl=1&resize=700%2C400 2x, https:\/\/i0.wp.com\/larevistadigital.com.ar\/blog\/wp-content\/uploads\/villa-gessel-22.jpg?fit=1200%2C849&ssl=1&resize=1050%2C600 3x"},"classes":[]}],"_links":{"self":[{"href":"https:\/\/larevistadigital.com.ar\/blog\/wp-json\/wp\/v2\/posts\/30438","targetHints":{"allow":["GET"]}}],"collection":[{"href":"https:\/\/larevistadigital.com.ar\/blog\/wp-json\/wp\/v2\/posts"}],"about":[{"href":"https:\/\/larevistadigital.com.ar\/blog\/wp-json\/wp\/v2\/types\/post"}],"author":[{"embeddable":true,"href":"https:\/\/larevistadigital.com.ar\/blog\/wp-json\/wp\/v2\/users\/3"}],"replies":[{"embeddable":true,"href":"https:\/\/larevistadigital.com.ar\/blog\/wp-json\/wp\/v2\/comments?post=30438"}],"version-history":[{"count":1,"href":"https:\/\/larevistadigital.com.ar\/blog\/wp-json\/wp\/v2\/posts\/30438\/revisions"}],"predecessor-version":[{"id":30440,"href":"https:\/\/larevistadigital.com.ar\/blog\/wp-json\/wp\/v2\/posts\/30438\/revisions\/30440"}],"wp:featuredmedia":[{"embeddable":true,"href":"https:\/\/larevistadigital.com.ar\/blog\/wp-json\/wp\/v2\/media\/30439"}],"wp:attachment":[{"href":"https:\/\/larevistadigital.com.ar\/blog\/wp-json\/wp\/v2\/media?parent=30438"}],"wp:term":[{"taxonomy":"category","embeddable":true,"href":"https:\/\/larevistadigital.com.ar\/blog\/wp-json\/wp\/v2\/categories?post=30438"},{"taxonomy":"post_tag","embeddable":true,"href":"https:\/\/larevistadigital.com.ar\/blog\/wp-json\/wp\/v2\/tags?post=30438"}],"curies":[{"name":"wp","href":"https:\/\/api.w.org\/{rel}","templated":true}]}}