{"id":30441,"date":"2023-03-07T13:47:19","date_gmt":"2023-03-07T13:47:19","guid":{"rendered":"https:\/\/larevistadigital.com.ar\/blog\/?p=30441"},"modified":"2023-03-07T13:47:19","modified_gmt":"2023-03-07T13:47:19","slug":"detectan-el-primer-caso-de-gripe-aviar-en-mar-del-plata","status":"publish","type":"post","link":"https:\/\/larevistadigital.com.ar\/blog\/detectan-el-primer-caso-de-gripe-aviar-en-mar-del-plata\/","title":{"rendered":"DETECTAN EL PRIMER CASO DE GRIPE AVIAR EN MAR DEL PLATA"},"content":{"rendered":"<h2>Lo confirm\u00f3 el Senasa al informar los an\u00e1lisis diagnosticados por su laboratorio nacional a muestras enviadas desde las distintas provincias.<\/h2>\n<p>7 de marzo de 2023<\/p>\n<p><strong>MAR DEL PLATA &#8211;\u00a0<\/strong> El Servicio Nacional de Sanidad y Calidad Agroalimentaria (Senasa) confirm\u00f3 tres casos positivos de influenza aviar (IA) H5, 2 en aves de granjas comerciales<strong>, una en la provincia de Buenos Aires (en Mar del Plata)<\/strong>\u00a0y una en la de Neuqu\u00e9n, adem\u00e1s de una de traspatio en la provincia de Chaco, con lo que suman 39 las detecciones de la enfermedad en total hasta el momento en todo el pa\u00eds.<\/p>\n<p>De las cinco muestras analizadas ayer por el laboratorio nacional del Senasa, dos tuvieron diagn\u00f3stico negativo y tres positivo a IA H5, dos en aves de<strong>\u00a0granjas comerciales en establecimientos de Mar del Plata y en la localidad neuquina de Senillosa,<\/strong>\u00a0y una de traspatio en la localidad chaque\u00f1a de Avia Terai.<\/p>\n<p>Tras la confirmaci\u00f3n de los casos, agentes de los centros regionales Buenos Aires Sur, Patagonia Norte y Chaco-Formosa del Senasa\u00a0<strong>efectuar\u00e1n las acciones sanitarias correspondientes en los predios afectados.<\/strong>\u00a0A su vez el Senasa se encuentra trabajando en acciones sanitarias y de rastrillaje en todas las regiones donde se realizaron los hallazgos.<\/p>\n<p>El organismo destac\u00f3 el trabajo conjunto que viene realizando con los ministerios nacionales de Salud, Ambiente, la Secretaria de Agricultura, y provinciales de Producci\u00f3n, Salud y Ambiente, los municipios y el sector privado\u00a0<strong>en procura de que la enfermedad se disperse en zonas no afectadas.<\/strong><\/p>\n<p>Adem\u00e1s, habilit\u00f3 un apartado especial en<a href=\"https:\/\/www.argentina.gob.ar\/senasa\" target=\"_blank\" rel=\"noopener\">\u00a0su p\u00e1gina web oficial,\u00a0<\/a>donde se encontrar\u00e1 informaci\u00f3n actualizada tanto sanitaria como normativa y materiales de difusi\u00f3n para la prevenci\u00f3n sobre la influenza aviar.<\/p>\n","protected":false},"excerpt":{"rendered":"<div class=\"mh-excerpt\"><p>Lo confirm\u00f3 el Senasa al informar los an\u00e1lisis diagnosticados por su laboratorio nacional a muestras enviadas desde las distintas provincias. 7 de marzo de 2023 MAR DEL PLATA &#8211;\u00a0 El Servicio Nacional de Sanidad y <a class=\"mh-excerpt-more\" href=\"https:\/\/larevistadigital.com.ar\/blog\/detectan-el-primer-caso-de-gripe-aviar-en-mar-del-plata\/\" title=\"DETECTAN EL PRIMER CASO DE GRIPE AVIAR EN MAR DEL PLATA\">[Leer M\u00e1s]<\/a><\/p>\n<\/div>","protected":false},"author":3,"featured_media":30443,"comment_status":"open","ping_status":"open","sticky":false,"template":"","format":"standard","meta":{"_jetpack_memberships_contains_paid_content":false,"footnotes":"","jetpack_publicize_message":"","jetpack_publicize_feature_enabled":true,"jetpack_social_post_already_shared":true,"jetpack_social_options":{"image_generator_settings":{"template":"highway","default_image_id":0,"font":"","enabled":false},"version":2}},"categories":[51,29],"tags":[],"class_list":{"0":"post-30441","1":"post","2":"type-post","3":"status-publish","4":"format-standard","5":"has-post-thumbnail","7":"category-regionales","8":"category-sociedad"},"jetpack_publicize_connections":[],"jetpack_featured_media_url":"https:\/\/i0.wp.com\/larevistadigital.com.ar\/blog\/wp-content\/uploads\/gallinitas.jpg?fit=700%2C524&ssl=1","jetpack_sharing_enabled":true,"jetpack_shortlink":"https:\/\/wp.me\/p8qtrQ-7UZ","jetpack-related-posts":[{"id":44351,"url":"https:\/\/larevistadigital.com.ar\/blog\/luego-de-ranchos-y-chascomus-detectan-un-caso-de-gripe-aviar-en-mar-del-plata-y-activan-medidas-sanitarias\/","url_meta":{"origin":30441,"position":0},"title":"Luego de Ranchos y Chascom\u00fas, detectan un caso de gripe aviar en Mar del Plata y activan medidas sanitarias","author":"Alejandro Sosa Ruda","date":"6 marzo, 2026","format":false,"excerpt":"El caso confirmado en Mar del Plata se suma a los focos detectados recientemente en Ranchos y Chascom\u00fas. El virus comenzar\u00eda a mostrar una expansi\u00f3n en la regi\u00f3n. 06 de Marzo de 2026 MAR DEL PLATA\u00a0 -\u00a0 \u00a0Un nuevo caso de influenza aviar altamente pat\u00f3gena (IAAP) H5 fue confirmado en\u2026","rel":"","context":"En \u00abDESTACADAS\u00bb","block_context":{"text":"DESTACADAS","link":"https:\/\/larevistadigital.com.ar\/blog\/category\/destacadas\/"},"img":{"alt_text":"","src":"https:\/\/i0.wp.com\/larevistadigital.com.ar\/blog\/wp-content\/uploads\/Captura-de-pantalla-2026-03-06-125609.jpg?fit=818%2C426&ssl=1&resize=350%2C200","width":350,"height":200,"srcset":"https:\/\/i0.wp.com\/larevistadigital.com.ar\/blog\/wp-content\/uploads\/Captura-de-pantalla-2026-03-06-125609.jpg?fit=818%2C426&ssl=1&resize=350%2C200 1x, https:\/\/i0.wp.com\/larevistadigital.com.ar\/blog\/wp-content\/uploads\/Captura-de-pantalla-2026-03-06-125609.jpg?fit=818%2C426&ssl=1&resize=525%2C300 1.5x, https:\/\/i0.wp.com\/larevistadigital.com.ar\/blog\/wp-content\/uploads\/Captura-de-pantalla-2026-03-06-125609.jpg?fit=818%2C426&ssl=1&resize=700%2C400 2x"},"classes":[]},{"id":44166,"url":"https:\/\/larevistadigital.com.ar\/blog\/detectan-influenza-aviar-en-ranchos-y-se-suspenden-exportaciones-de-carne-de-pollo\/","url_meta":{"origin":30441,"position":1},"title":"Detectan influenza aviar en Ranchos y se suspenden exportaciones de carne de pollo","author":"Alejandro Sosa Ruda","date":"24 febrero, 2026","format":false,"excerpt":"El Senasa confirm\u00f3 un caso de IAAP H5 en aves reproductoras en General Paz y activ\u00f3 el protocolo sanitario. Se cerraron temporalmente mercados que exigen estatus de pa\u00eds libre de la enfermedad. 24 de febrero de 2026 La confirmaci\u00f3n de un nuevo caso de influenza aviar altamente pat\u00f3gena (IAAP) H5\u2026","rel":"","context":"En \u00abREGIONALES\u00bb","block_context":{"text":"REGIONALES","link":"https:\/\/larevistadigital.com.ar\/blog\/category\/regionales\/"},"img":{"alt_text":"","src":"https:\/\/i0.wp.com\/larevistadigital.com.ar\/blog\/wp-content\/uploads\/Captura-de-pantalla-2026-02-24-204734.jpg?fit=719%2C402&ssl=1&resize=350%2C200","width":350,"height":200,"srcset":"https:\/\/i0.wp.com\/larevistadigital.com.ar\/blog\/wp-content\/uploads\/Captura-de-pantalla-2026-02-24-204734.jpg?fit=719%2C402&ssl=1&resize=350%2C200 1x, https:\/\/i0.wp.com\/larevistadigital.com.ar\/blog\/wp-content\/uploads\/Captura-de-pantalla-2026-02-24-204734.jpg?fit=719%2C402&ssl=1&resize=525%2C300 1.5x, https:\/\/i0.wp.com\/larevistadigital.com.ar\/blog\/wp-content\/uploads\/Captura-de-pantalla-2026-02-24-204734.jpg?fit=719%2C402&ssl=1&resize=700%2C400 2x"},"classes":[]},{"id":33106,"url":"https:\/\/larevistadigital.com.ar\/blog\/ya-son-mas-de-cien-los-lobos-marinos-muertos-por-gripe-aviar-en-la-costa\/","url_meta":{"origin":30441,"position":2},"title":"YA SON M\u00c1S DE CIEN LOS LOBOS MARINOS MUERTOS POR GRIPE AVIAR EN LA COSTA","author":"Alejandro Sosa Ruda","date":"29 agosto, 2023","format":false,"excerpt":"Se brindaron recomendaciones a la comunidad, por los casos confirmados de \"gripe aviar\". 29 de agosto de 2023 A medida que transcurren los d\u00edas, se constata un aumento en el n\u00famero de lobos marinos fallecidos en la Costa Atl\u00e1ntica debido a la gripe aviar, lo cual ha impulsado a emitir\u2026","rel":"","context":"En \u00abREGIONALES\u00bb","block_context":{"text":"REGIONALES","link":"https:\/\/larevistadigital.com.ar\/blog\/category\/regionales\/"},"img":{"alt_text":"","src":"https:\/\/i0.wp.com\/larevistadigital.com.ar\/blog\/wp-content\/uploads\/11ad56a6c439aabfc4a0d4437629a3eb916ae13d.jpg?fit=1140%2C719&ssl=1&resize=350%2C200","width":350,"height":200,"srcset":"https:\/\/i0.wp.com\/larevistadigital.com.ar\/blog\/wp-content\/uploads\/11ad56a6c439aabfc4a0d4437629a3eb916ae13d.jpg?fit=1140%2C719&ssl=1&resize=350%2C200 1x, https:\/\/i0.wp.com\/larevistadigital.com.ar\/blog\/wp-content\/uploads\/11ad56a6c439aabfc4a0d4437629a3eb916ae13d.jpg?fit=1140%2C719&ssl=1&resize=525%2C300 1.5x, https:\/\/i0.wp.com\/larevistadigital.com.ar\/blog\/wp-content\/uploads\/11ad56a6c439aabfc4a0d4437629a3eb916ae13d.jpg?fit=1140%2C719&ssl=1&resize=700%2C400 2x, https:\/\/i0.wp.com\/larevistadigital.com.ar\/blog\/wp-content\/uploads\/11ad56a6c439aabfc4a0d4437629a3eb916ae13d.jpg?fit=1140%2C719&ssl=1&resize=1050%2C600 3x"},"classes":[]},{"id":44178,"url":"https:\/\/larevistadigital.com.ar\/blog\/brote-de-gripe-aviar-en-ranchos-eliminaron-30-000-aves-y-activaron-un-protocolo-de-60-dias\/","url_meta":{"origin":30441,"position":3},"title":"Brote de gripe aviar en Ranchos: eliminaron 30.000 aves y activaron un protocolo de 60 d\u00edas","author":"Alejandro Sosa Ruda","date":"27 febrero, 2026","format":false,"excerpt":"El secretario de Producci\u00f3n de General Paz confirm\u00f3 que el foco se detect\u00f3 por mortandad reiterada en una \u201cgranja de madres\u201d. No hay contagios humanos y el consumo de pollo y huevos es seguro. 27 de febrero de 2026 \u00a0Tras la detecci\u00f3n de un brote de influenza aviar en un\u2026","rel":"","context":"En \u00abREGIONALES\u00bb","block_context":{"text":"REGIONALES","link":"https:\/\/larevistadigital.com.ar\/blog\/category\/regionales\/"},"img":{"alt_text":"","src":"https:\/\/i0.wp.com\/larevistadigital.com.ar\/blog\/wp-content\/uploads\/Captura-de-pantalla-2026-02-27-020536.jpg?fit=893%2C540&ssl=1&resize=350%2C200","width":350,"height":200,"srcset":"https:\/\/i0.wp.com\/larevistadigital.com.ar\/blog\/wp-content\/uploads\/Captura-de-pantalla-2026-02-27-020536.jpg?fit=893%2C540&ssl=1&resize=350%2C200 1x, https:\/\/i0.wp.com\/larevistadigital.com.ar\/blog\/wp-content\/uploads\/Captura-de-pantalla-2026-02-27-020536.jpg?fit=893%2C540&ssl=1&resize=525%2C300 1.5x, https:\/\/i0.wp.com\/larevistadigital.com.ar\/blog\/wp-content\/uploads\/Captura-de-pantalla-2026-02-27-020536.jpg?fit=893%2C540&ssl=1&resize=700%2C400 2x"},"classes":[]},{"id":44336,"url":"https:\/\/larevistadigital.com.ar\/blog\/fueron-detectadas-en-chascomus-aves-con-gripe-aviar\/","url_meta":{"origin":30441,"position":4},"title":"Fueron detectadas en Chascom\u00fas aves con gripe aviar","author":"Alejandro Sosa Ruda","date":"5 marzo, 2026","format":false,"excerpt":"La Secretar\u00eda de Salud P\u00fablica municipal recibi\u00f3 la confirmaci\u00f3n diagn\u00f3stica sobre el primer caso local de influenza aviar. 05 de marzo de 2026 CHASCOM\u00daS -\u00a0 \u00a0Autoridades del SENASA (Servicio Nacional de Sanidad y Calidad Agroalimentaria) y la responsable de Epidemiologia de la regi\u00f3n Sanitaria XI confirmaron un caso de influenza\u2026","rel":"","context":"En \u00abINTERES GENERAL\u00bb","block_context":{"text":"INTERES GENERAL","link":"https:\/\/larevistadigital.com.ar\/blog\/category\/interes-general\/"},"img":{"alt_text":"","src":"https:\/\/i0.wp.com\/larevistadigital.com.ar\/blog\/wp-content\/uploads\/69a9c33ed2edc.png?fit=668%2C445&ssl=1&resize=350%2C200","width":350,"height":200,"srcset":"https:\/\/i0.wp.com\/larevistadigital.com.ar\/blog\/wp-content\/uploads\/69a9c33ed2edc.png?fit=668%2C445&ssl=1&resize=350%2C200 1x, https:\/\/i0.wp.com\/larevistadigital.com.ar\/blog\/wp-content\/uploads\/69a9c33ed2edc.png?fit=668%2C445&ssl=1&resize=525%2C300 1.5x"},"classes":[]},{"id":41049,"url":"https:\/\/larevistadigital.com.ar\/blog\/los-toldos-detectan-casos-de-gripe-aviar-y-suspenden-exportaciones-de-pollos\/","url_meta":{"origin":30441,"position":5},"title":"Los Toldos: Detectan casos de gripe aviar y suspenden exportaciones de pollos","author":"Alejandro Sosa Ruda","date":"22 agosto, 2025","format":false,"excerpt":"El Gobierno argentino dispuso la suspensi\u00f3n de exportaciones de productos av\u00edcolas tras confirmarse un caso de influenza aviar altamente pat\u00f3gena (IAAP) H5 en un establecimiento de gallinas ponedoras en la localidad bonaerense de Los Toldos. 22 de agosto de 2025 El Senasa confirm\u00f3 el diagn\u00f3stico a partir de estudios de\u2026","rel":"","context":"En \u00abREGIONALES\u00bb","block_context":{"text":"REGIONALES","link":"https:\/\/larevistadigital.com.ar\/blog\/category\/regionales\/"},"img":{"alt_text":"","src":"https:\/\/i0.wp.com\/larevistadigital.com.ar\/blog\/wp-content\/uploads\/20250821102410_detectan-brote-aviar-los-toldos.jpg?fit=880%2C512&ssl=1&resize=350%2C200","width":350,"height":200,"srcset":"https:\/\/i0.wp.com\/larevistadigital.com.ar\/blog\/wp-content\/uploads\/20250821102410_detectan-brote-aviar-los-toldos.jpg?fit=880%2C512&ssl=1&resize=350%2C200 1x, https:\/\/i0.wp.com\/larevistadigital.com.ar\/blog\/wp-content\/uploads\/20250821102410_detectan-brote-aviar-los-toldos.jpg?fit=880%2C512&ssl=1&resize=525%2C300 1.5x, https:\/\/i0.wp.com\/larevistadigital.com.ar\/blog\/wp-content\/uploads\/20250821102410_detectan-brote-aviar-los-toldos.jpg?fit=880%2C512&ssl=1&resize=700%2C400 2x"},"classes":[]}],"_links":{"self":[{"href":"https:\/\/larevistadigital.com.ar\/blog\/wp-json\/wp\/v2\/posts\/30441","targetHints":{"allow":["GET"]}}],"collection":[{"href":"https:\/\/larevistadigital.com.ar\/blog\/wp-json\/wp\/v2\/posts"}],"about":[{"href":"https:\/\/larevistadigital.com.ar\/blog\/wp-json\/wp\/v2\/types\/post"}],"author":[{"embeddable":true,"href":"https:\/\/larevistadigital.com.ar\/blog\/wp-json\/wp\/v2\/users\/3"}],"replies":[{"embeddable":true,"href":"https:\/\/larevistadigital.com.ar\/blog\/wp-json\/wp\/v2\/comments?post=30441"}],"version-history":[{"count":1,"href":"https:\/\/larevistadigital.com.ar\/blog\/wp-json\/wp\/v2\/posts\/30441\/revisions"}],"predecessor-version":[{"id":30444,"href":"https:\/\/larevistadigital.com.ar\/blog\/wp-json\/wp\/v2\/posts\/30441\/revisions\/30444"}],"wp:featuredmedia":[{"embeddable":true,"href":"https:\/\/larevistadigital.com.ar\/blog\/wp-json\/wp\/v2\/media\/30443"}],"wp:attachment":[{"href":"https:\/\/larevistadigital.com.ar\/blog\/wp-json\/wp\/v2\/media?parent=30441"}],"wp:term":[{"taxonomy":"category","embeddable":true,"href":"https:\/\/larevistadigital.com.ar\/blog\/wp-json\/wp\/v2\/categories?post=30441"},{"taxonomy":"post_tag","embeddable":true,"href":"https:\/\/larevistadigital.com.ar\/blog\/wp-json\/wp\/v2\/tags?post=30441"}],"curies":[{"name":"wp","href":"https:\/\/api.w.org\/{rel}","templated":true}]}}