{"id":30449,"date":"2023-03-08T00:10:54","date_gmt":"2023-03-08T00:10:54","guid":{"rendered":"https:\/\/larevistadigital.com.ar\/blog\/?p=30449"},"modified":"2023-03-08T00:10:54","modified_gmt":"2023-03-08T00:10:54","slug":"chascomus-llaman-a-los-bomberos-y-cuando-se-dirigian-al-lugar-les-avisaron-que-no-era-necesario-que-fueran","status":"publish","type":"post","link":"https:\/\/larevistadigital.com.ar\/blog\/chascomus-llaman-a-los-bomberos-y-cuando-se-dirigian-al-lugar-les-avisaron-que-no-era-necesario-que-fueran\/","title":{"rendered":"CHASCOM\u00daS: LLAMAN A LOS BOMBEROS Y CUANDO SE DIRIG\u00cdAN AL LUGAR, LES AVISARON QUE NO ERA NECESARIO QUE FUERAN&#8230;"},"content":{"rendered":"<h2>Fue por un accidente de moto en el kil\u00f3metro 110 de la ruta 2. Fuente Damian Jorquera.<\/h2>\n<p>7 de marzo de 2023<\/p>\n<p><strong>CHASCOM\u00daS &#8211;\u00a0\u00a0<\/strong>A las 18:25 hs del d\u00eda de hoy, los Bomberos Voluntarios de Chascom\u00fas recibieron un llamado pidiendo ayuda, por un accidente en el kil\u00f3metro 110 de la ruta 2, mano a Capital Federal.<\/p>\n<blockquote>\n<h3>As\u00ed fue que salieron hacia el lugarl, pero antes de llegar, recibieron un llamado donde les informaban que su presencia \u00abno era necesaria\u00bb&#8230;<\/h3>\n<h3><img data-recalc-dims=\"1\" loading=\"lazy\" decoding=\"async\" class=\"alignnone size-full wp-image-30451\" src=\"https:\/\/i0.wp.com\/larevistadigital.com.ar\/blog\/wp-content\/uploads\/ACCIDENTE-110.jpg?resize=833%2C480&#038;ssl=1\" alt=\"\" width=\"833\" height=\"480\" srcset=\"https:\/\/i0.wp.com\/larevistadigital.com.ar\/blog\/wp-content\/uploads\/ACCIDENTE-110.jpg?w=833&amp;ssl=1 833w, https:\/\/i0.wp.com\/larevistadigital.com.ar\/blog\/wp-content\/uploads\/ACCIDENTE-110.jpg?resize=300%2C173&amp;ssl=1 300w, https:\/\/i0.wp.com\/larevistadigital.com.ar\/blog\/wp-content\/uploads\/ACCIDENTE-110.jpg?resize=768%2C443&amp;ssl=1 768w\" sizes=\"auto, (max-width: 833px) 100vw, 833px\" \/>Por esta raz\u00f3n, estacionaron unos instantes en el acceso donde est\u00e1 el \u00abMart\u00edn Fierro\u00bb y luego retornaron al cuartel.<\/h3>\n<\/blockquote>\n<p>El accidente aparentemente no revisti\u00f3 gravedad, y eran personas que hab\u00edan ca\u00eddo de una moto de\u00a0 110 cc.<\/p>\n<p>As\u00ed lo hicieron saber en su p\u00e1gina de Facebook<\/p>\n<p><img data-recalc-dims=\"1\" loading=\"lazy\" decoding=\"async\" class=\"alignnone size-full wp-image-30452\" src=\"https:\/\/i0.wp.com\/larevistadigital.com.ar\/blog\/wp-content\/uploads\/bomberos.png?resize=605%2C196&#038;ssl=1\" alt=\"\" width=\"605\" height=\"196\" srcset=\"https:\/\/i0.wp.com\/larevistadigital.com.ar\/blog\/wp-content\/uploads\/bomberos.png?w=605&amp;ssl=1 605w, https:\/\/i0.wp.com\/larevistadigital.com.ar\/blog\/wp-content\/uploads\/bomberos.png?resize=300%2C97&amp;ssl=1 300w\" sizes=\"auto, (max-width: 605px) 100vw, 605px\" \/><\/p>\n","protected":false},"excerpt":{"rendered":"<div class=\"mh-excerpt\"><p>Fue por un accidente de moto en el kil\u00f3metro 110 de la ruta 2. Fuente Damian Jorquera. 7 de marzo de 2023 CHASCOM\u00daS &#8211;\u00a0\u00a0A las 18:25 hs del d\u00eda de hoy, los Bomberos Voluntarios de <a class=\"mh-excerpt-more\" href=\"https:\/\/larevistadigital.com.ar\/blog\/chascomus-llaman-a-los-bomberos-y-cuando-se-dirigian-al-lugar-les-avisaron-que-no-era-necesario-que-fueran\/\" title=\"CHASCOM\u00daS: LLAMAN A LOS BOMBEROS Y CUANDO SE DIRIG\u00cdAN AL LUGAR, LES AVISARON QUE NO ERA NECESARIO QUE FUERAN&#8230;\">[Leer M\u00e1s]<\/a><\/p>\n<\/div>","protected":false},"author":3,"featured_media":30450,"comment_status":"open","ping_status":"open","sticky":false,"template":"","format":"standard","meta":{"_jetpack_memberships_contains_paid_content":false,"footnotes":"","jetpack_publicize_message":"","jetpack_publicize_feature_enabled":true,"jetpack_social_post_already_shared":true,"jetpack_social_options":{"image_generator_settings":{"template":"highway","default_image_id":0,"font":"","enabled":false},"version":2}},"categories":[50],"tags":[],"class_list":{"0":"post-30449","1":"post","2":"type-post","3":"status-publish","4":"format-standard","5":"has-post-thumbnail","7":"category-interes-general"},"jetpack_publicize_connections":[],"jetpack_featured_media_url":"https:\/\/i0.wp.com\/larevistadigital.com.ar\/blog\/wp-content\/uploads\/ACCIDENTE-110-1.jpg?fit=720%2C234&ssl=1","jetpack_sharing_enabled":true,"jetpack_shortlink":"https:\/\/wp.me\/p8qtrQ-7V7","jetpack-related-posts":[{"id":44171,"url":"https:\/\/larevistadigital.com.ar\/blog\/chascomus-tragico-accidente-en-ruta-2-un-fallecido-y-varios-heridos\/","url_meta":{"origin":30449,"position":0},"title":"Chascom\u00fas: Tr\u00e1gico accidente en Ruta 2. un fallecido y varios heridos","author":"Alejandro Sosa Ruda","date":"25 febrero, 2026","format":false,"excerpt":"El siniestro ocurri\u00f3 esta noche y oblig\u00f3 a cortar totalmente la circulaci\u00f3n. Intervinieron ambulancias, Bomberos y personal policial. 25 de febrero de 2026 CHASCOM\u00daS -\u00a0 \u00a0Un grave accidente se registr\u00f3 a las 22:46 en la Ruta 2, a la altura del kil\u00f3metro 120, donde un autom\u00f3vil colision\u00f3 con uno \u2014y\u2026","rel":"","context":"En \u00abDESTACADAS\u00bb","block_context":{"text":"DESTACADAS","link":"https:\/\/larevistadigital.com.ar\/blog\/category\/destacadas\/"},"img":{"alt_text":"","src":"https:\/\/i0.wp.com\/larevistadigital.com.ar\/blog\/wp-content\/uploads\/a30b773731978555863a9cc64d7eb118cc008da6.jpeg?fit=1140%2C855&ssl=1&resize=350%2C200","width":350,"height":200,"srcset":"https:\/\/i0.wp.com\/larevistadigital.com.ar\/blog\/wp-content\/uploads\/a30b773731978555863a9cc64d7eb118cc008da6.jpeg?fit=1140%2C855&ssl=1&resize=350%2C200 1x, https:\/\/i0.wp.com\/larevistadigital.com.ar\/blog\/wp-content\/uploads\/a30b773731978555863a9cc64d7eb118cc008da6.jpeg?fit=1140%2C855&ssl=1&resize=525%2C300 1.5x, https:\/\/i0.wp.com\/larevistadigital.com.ar\/blog\/wp-content\/uploads\/a30b773731978555863a9cc64d7eb118cc008da6.jpeg?fit=1140%2C855&ssl=1&resize=700%2C400 2x, https:\/\/i0.wp.com\/larevistadigital.com.ar\/blog\/wp-content\/uploads\/a30b773731978555863a9cc64d7eb118cc008da6.jpeg?fit=1140%2C855&ssl=1&resize=1050%2C600 3x"},"classes":[]},{"id":44516,"url":"https:\/\/larevistadigital.com.ar\/blog\/despiste-y-choque-contra-un-arbol-en-la-ruta-2-dos-mujeres-fueron-hospitalizadas\/","url_meta":{"origin":30449,"position":1},"title":"Despiste y choque contra un \u00e1rbol en la Ruta 2: dos mujeres fueron hospitalizadas","author":"Alejandro Sosa Ruda","date":"16 marzo, 2026","format":false,"excerpt":"El accidente ocurri\u00f3 a la altura del kil\u00f3metro 99. Bomberos acudieron al lugar para realizar tareas de prevenci\u00f3n tras el siniestro. 16 de marzo de 2026 CHASCOM\u00daS -\u00a0 \u00a0 Un accidente de tr\u00e1nsito se registr\u00f3 durante la ma\u00f1ana del domingo en la Ruta 2, a la altura del kil\u00f3metro 99,\u2026","rel":"","context":"En \u00abDESTACADAS\u00bb","block_context":{"text":"DESTACADAS","link":"https:\/\/larevistadigital.com.ar\/blog\/category\/destacadas\/"},"img":{"alt_text":"","src":"https:\/\/i0.wp.com\/larevistadigital.com.ar\/blog\/wp-content\/uploads\/accidente-ruta-2-domingo.jpg?fit=700%2C640&ssl=1&resize=350%2C200","width":350,"height":200,"srcset":"https:\/\/i0.wp.com\/larevistadigital.com.ar\/blog\/wp-content\/uploads\/accidente-ruta-2-domingo.jpg?fit=700%2C640&ssl=1&resize=350%2C200 1x, https:\/\/i0.wp.com\/larevistadigital.com.ar\/blog\/wp-content\/uploads\/accidente-ruta-2-domingo.jpg?fit=700%2C640&ssl=1&resize=525%2C300 1.5x, https:\/\/i0.wp.com\/larevistadigital.com.ar\/blog\/wp-content\/uploads\/accidente-ruta-2-domingo.jpg?fit=700%2C640&ssl=1&resize=700%2C400 2x"},"classes":[]},{"id":8507,"url":"https:\/\/larevistadigital.com.ar\/blog\/chascmomus-violento-accidente-choque-y-vuelco-en-el-km-110-de-la-autovia-2\/","url_meta":{"origin":30449,"position":2},"title":"CHASCMOM\u00daS: \u00a1VIOLENTO ACCIDENTE! CHOQUE Y VUELCO EN EL KM. 110 DE LA AUTOV\u00cdA 2","author":"Alejandro Sosa Ruda","date":"16 febrero, 2019","format":false,"excerpt":"El cronista de La Revista Digital, Juan Lemik, nos hace llegar una noticia de \u00faltimo momento, ya que hace menos de una hora, (aproximadamente a las 18 hs.) se produjo un accidente en la ruta 2 a la altura del kil\u00f3metro 110. El lamentable accidente sucedi\u00f3 cuando una combi se\u2026","rel":"","context":"En \u00abDESTACADAS\u00bb","block_context":{"text":"DESTACADAS","link":"https:\/\/larevistadigital.com.ar\/blog\/category\/destacadas\/"},"img":{"alt_text":"","src":"https:\/\/i0.wp.com\/larevistadigital.com.ar\/blog\/wp-content\/uploads\/2019\/02\/WhatsApp-Image-2019-02-16-at-18.33.40.jpeg?fit=1200%2C677&ssl=1&resize=350%2C200","width":350,"height":200,"srcset":"https:\/\/i0.wp.com\/larevistadigital.com.ar\/blog\/wp-content\/uploads\/2019\/02\/WhatsApp-Image-2019-02-16-at-18.33.40.jpeg?fit=1200%2C677&ssl=1&resize=350%2C200 1x, https:\/\/i0.wp.com\/larevistadigital.com.ar\/blog\/wp-content\/uploads\/2019\/02\/WhatsApp-Image-2019-02-16-at-18.33.40.jpeg?fit=1200%2C677&ssl=1&resize=525%2C300 1.5x, https:\/\/i0.wp.com\/larevistadigital.com.ar\/blog\/wp-content\/uploads\/2019\/02\/WhatsApp-Image-2019-02-16-at-18.33.40.jpeg?fit=1200%2C677&ssl=1&resize=700%2C400 2x, https:\/\/i0.wp.com\/larevistadigital.com.ar\/blog\/wp-content\/uploads\/2019\/02\/WhatsApp-Image-2019-02-16-at-18.33.40.jpeg?fit=1200%2C677&ssl=1&resize=1050%2C600 3x"},"classes":[]},{"id":23797,"url":"https:\/\/larevistadigital.com.ar\/blog\/por-la-madrugada-vuelco-de-un-camion-en-el-kilometro-97-de-la-ruta-2\/","url_meta":{"origin":30449,"position":3},"title":"POR LA MADRUGADA: VUELCO DE UN CAMI\u00d3N EN EL KIL\u00d3METRO 97 DE LA RUTA 2","author":"Alejandro Sosa Ruda","date":"3 febrero, 2022","format":false,"excerpt":"CHASCOM\u00daS -\u00a0 Anoche, exactamente a las 04:39 hs., nos lleg\u00f3 por whatsapp el aviso de los Bomberos Voluntarios de una intervenci\u00f3n por un accidente en la ruta 2 a la altura del kil\u00f3metro 97. Al llegar al lugar, se encontraron con un cami\u00f3n que volc\u00f3, luego de que su conductor\u2026","rel":"","context":"En \u00abINTERES GENERAL\u00bb","block_context":{"text":"INTERES GENERAL","link":"https:\/\/larevistadigital.com.ar\/blog\/category\/interes-general\/"},"img":{"alt_text":"","src":"https:\/\/i0.wp.com\/larevistadigital.com.ar\/blog\/wp-content\/uploads\/Captura-de-pantalla-2022-02-03-110751.jpg?fit=1117%2C573&ssl=1&resize=350%2C200","width":350,"height":200,"srcset":"https:\/\/i0.wp.com\/larevistadigital.com.ar\/blog\/wp-content\/uploads\/Captura-de-pantalla-2022-02-03-110751.jpg?fit=1117%2C573&ssl=1&resize=350%2C200 1x, https:\/\/i0.wp.com\/larevistadigital.com.ar\/blog\/wp-content\/uploads\/Captura-de-pantalla-2022-02-03-110751.jpg?fit=1117%2C573&ssl=1&resize=525%2C300 1.5x, https:\/\/i0.wp.com\/larevistadigital.com.ar\/blog\/wp-content\/uploads\/Captura-de-pantalla-2022-02-03-110751.jpg?fit=1117%2C573&ssl=1&resize=700%2C400 2x, https:\/\/i0.wp.com\/larevistadigital.com.ar\/blog\/wp-content\/uploads\/Captura-de-pantalla-2022-02-03-110751.jpg?fit=1117%2C573&ssl=1&resize=1050%2C600 3x"},"classes":[]},{"id":23711,"url":"https:\/\/larevistadigital.com.ar\/blog\/chascomus-4-heridos-tras-un-accidente-en-la-ruta-2\/","url_meta":{"origin":30449,"position":4},"title":"CHASCOM\u00daS: 4 HERIDOS TRAS UN ACCIDENTE EN LA RUTA 2","author":"Alejandro Sosa Ruda","date":"31 enero, 2022","format":false,"excerpt":"CHASCOM\u00daS -\u00a0\u00a0Durante la tarde de hoy domingo 30\/1, aproximadamente a las 14 horas, se produjo un accidente en el que cuatro personas resultaron heridas. El hecho ocurri\u00f3 a la altura del kil\u00f3metro 116 de la ruta 2, en la mano que va hacia la Costa Atl\u00e1ntica, y tuvo como protagonistas\u2026","rel":"","context":"En \u00abINTERES GENERAL\u00bb","block_context":{"text":"INTERES GENERAL","link":"https:\/\/larevistadigital.com.ar\/blog\/category\/interes-general\/"},"img":{"alt_text":"","src":"https:\/\/i0.wp.com\/larevistadigital.com.ar\/blog\/wp-content\/uploads\/CHOQUE-116.jpg?fit=1200%2C900&ssl=1&resize=350%2C200","width":350,"height":200,"srcset":"https:\/\/i0.wp.com\/larevistadigital.com.ar\/blog\/wp-content\/uploads\/CHOQUE-116.jpg?fit=1200%2C900&ssl=1&resize=350%2C200 1x, https:\/\/i0.wp.com\/larevistadigital.com.ar\/blog\/wp-content\/uploads\/CHOQUE-116.jpg?fit=1200%2C900&ssl=1&resize=525%2C300 1.5x, https:\/\/i0.wp.com\/larevistadigital.com.ar\/blog\/wp-content\/uploads\/CHOQUE-116.jpg?fit=1200%2C900&ssl=1&resize=700%2C400 2x, https:\/\/i0.wp.com\/larevistadigital.com.ar\/blog\/wp-content\/uploads\/CHOQUE-116.jpg?fit=1200%2C900&ssl=1&resize=1050%2C600 3x"},"classes":[]},{"id":29530,"url":"https:\/\/larevistadigital.com.ar\/blog\/chascomus-galeria-de-fotos-accidente-en-la-ruta-20-mano-a-ranchos\/","url_meta":{"origin":30449,"position":5},"title":"CHASCOMUS: [GALER\u00cdA DE FOTOS] ACCIDENTE EN LA RUTA 20, MANO A RANCHOS.","author":"Alejandro Sosa Ruda","date":"19 diciembre, 2022","format":false,"excerpt":"Viajaba una sola persona y fue derivada al Hospital (Cr\u00f3nica y fotos: Dami\u00e1n Jorquera) 19 de diciembre de 2022 CHASCOM\u00daS -\u00a0 Ayer, aproximadamente a las 17:30hs. ocurri\u00f3 un accidente en la ruta 20, mano a Ranchos que pudo terminar en tragedia. Se trat\u00f3 de un despiste de un autom\u00f3vil\u00a0 en\u2026","rel":"","context":"En \u00abDEPORTES\u00bb","block_context":{"text":"DEPORTES","link":"https:\/\/larevistadigital.com.ar\/blog\/category\/deportes\/"},"img":{"alt_text":"","src":"https:\/\/i0.wp.com\/larevistadigital.com.ar\/blog\/wp-content\/uploads\/3-4.jpg?fit=1156%2C832&ssl=1&resize=350%2C200","width":350,"height":200,"srcset":"https:\/\/i0.wp.com\/larevistadigital.com.ar\/blog\/wp-content\/uploads\/3-4.jpg?fit=1156%2C832&ssl=1&resize=350%2C200 1x, https:\/\/i0.wp.com\/larevistadigital.com.ar\/blog\/wp-content\/uploads\/3-4.jpg?fit=1156%2C832&ssl=1&resize=525%2C300 1.5x, https:\/\/i0.wp.com\/larevistadigital.com.ar\/blog\/wp-content\/uploads\/3-4.jpg?fit=1156%2C832&ssl=1&resize=700%2C400 2x, https:\/\/i0.wp.com\/larevistadigital.com.ar\/blog\/wp-content\/uploads\/3-4.jpg?fit=1156%2C832&ssl=1&resize=1050%2C600 3x"},"classes":[]}],"_links":{"self":[{"href":"https:\/\/larevistadigital.com.ar\/blog\/wp-json\/wp\/v2\/posts\/30449","targetHints":{"allow":["GET"]}}],"collection":[{"href":"https:\/\/larevistadigital.com.ar\/blog\/wp-json\/wp\/v2\/posts"}],"about":[{"href":"https:\/\/larevistadigital.com.ar\/blog\/wp-json\/wp\/v2\/types\/post"}],"author":[{"embeddable":true,"href":"https:\/\/larevistadigital.com.ar\/blog\/wp-json\/wp\/v2\/users\/3"}],"replies":[{"embeddable":true,"href":"https:\/\/larevistadigital.com.ar\/blog\/wp-json\/wp\/v2\/comments?post=30449"}],"version-history":[{"count":1,"href":"https:\/\/larevistadigital.com.ar\/blog\/wp-json\/wp\/v2\/posts\/30449\/revisions"}],"predecessor-version":[{"id":30453,"href":"https:\/\/larevistadigital.com.ar\/blog\/wp-json\/wp\/v2\/posts\/30449\/revisions\/30453"}],"wp:featuredmedia":[{"embeddable":true,"href":"https:\/\/larevistadigital.com.ar\/blog\/wp-json\/wp\/v2\/media\/30450"}],"wp:attachment":[{"href":"https:\/\/larevistadigital.com.ar\/blog\/wp-json\/wp\/v2\/media?parent=30449"}],"wp:term":[{"taxonomy":"category","embeddable":true,"href":"https:\/\/larevistadigital.com.ar\/blog\/wp-json\/wp\/v2\/categories?post=30449"},{"taxonomy":"post_tag","embeddable":true,"href":"https:\/\/larevistadigital.com.ar\/blog\/wp-json\/wp\/v2\/tags?post=30449"}],"curies":[{"name":"wp","href":"https:\/\/api.w.org\/{rel}","templated":true}]}}