{"id":30454,"date":"2023-03-08T12:00:59","date_gmt":"2023-03-08T12:00:59","guid":{"rendered":"https:\/\/larevistadigital.com.ar\/blog\/?p=30454"},"modified":"2023-03-08T12:00:59","modified_gmt":"2023-03-08T12:00:59","slug":"esto-ocurrio-un-dia-como-hoy-8-de-marzo","status":"publish","type":"post","link":"https:\/\/larevistadigital.com.ar\/blog\/esto-ocurrio-un-dia-como-hoy-8-de-marzo\/","title":{"rendered":"ESTO OCURRI\u00d3 UN D\u00cdA COMO HOY, 8 DE MARZO"},"content":{"rendered":"<p class=\"paragraph\" data-mrf-recirculation=\"Links inline\">Hoy podr\u00eda ser un d\u00eda cualquiera, sin embargo, en a\u00f1os, d\u00e9cadas e incluso siglos anteriores en esta misma fecha ocurri\u00f3 un suceso que cambi\u00f3 el transcurso de la humanidad, a tal grado que se convirti\u00f3 en una\u00a0<b>efem\u00e9ride<\/b>.<\/p>\n<p class=\"paragraph\" data-mrf-recirculation=\"Links inline\">Las efem\u00e9rides incluyen desde\u00a0<b>acontecimientos \u00e9picos, despreciables e incre\u00edbles avances cient\u00edficos<\/b>, hasta\u00a0<b>nacimientos y muertes<\/b>\u00a0de personajes importantes como\u00a0<b>l\u00edderes sociales, cient\u00edficos y artistas<\/b>.<\/p>\n<p class=\"paragraph\" data-mrf-recirculation=\"Links inline\">Porque aquel que olvide la historia est\u00e1 condenado a repetirla, aqu\u00ed est\u00e1n\u00a0<b>las efem\u00e9rides m\u00e1s importantes de este mi\u00e9rcoles 8 de marzo<\/b>.<\/p>\n<p class=\"paragraph\" data-mrf-recirculation=\"Links inline\"><b>1126<\/b>: En Espa\u00f1a, Alfonso VII es proclamado rey de Le\u00f3n, tras la muerte de su madre la reina Urraca.<\/p>\n<p class=\"paragraph\" data-mrf-recirculation=\"Links inline\"><b>1545<\/b>: En Paraguay, los esclavistas encomenderos env\u00edan preso a Espa\u00f1a al conquistador \u00c1lvar N\u00fa\u00f1ez Cabeza de Vaca.<\/p>\n<p class=\"paragraph\" data-mrf-recirculation=\"Links inline\"><b>1576<\/b>: Diego Garc\u00eda de Palacio es el primer europeo en dar noticia de la existencia de las ruinas de Cop\u00e1n, al menos por escrito a su majestad el rey Felipe II de Espa\u00f1a, en sus Relatos de Cop\u00e1n.<\/p>\n<p class=\"paragraph\" data-mrf-recirculation=\"Links inline\"><b>1576<\/b>: En la regi\u00f3n de Flandes \u2015en el marco de la Guerra de los Ochenta A\u00f1os en que los Pa\u00edses Bajos se liber\u00f3 de la invasi\u00f3n del Imperio espa\u00f1ol\u2015, tras estar tres\u00a0d\u00edas insepulto por falta de fondos, es enterrado el gobernador espa\u00f1ol Luis de Requesens.<\/p>\n<p class=\"paragraph\" data-mrf-recirculation=\"Links inline\"><b>1610<\/b>: En Madrid (Espa\u00f1a) el rey Felipe\u00a0III dispone que se establezca la Inquisici\u00f3n cat\u00f3lica en Cartagena de Indias (en la actual Colombia).<\/p>\n<p class=\"paragraph\" data-mrf-recirculation=\"Links inline\"><b>1678<\/b>: En los Pa\u00edses Bajos, la ciudad de Gante se rinde ante 40\u00a0000\u00a0soldados franceses.<\/p>\n<p class=\"paragraph\" data-mrf-recirculation=\"Links inline\"><b>1780<\/b>: Declaraci\u00f3n rusa relativa a la neutralidad armada, para limitar la intrusi\u00f3n de la marina brit\u00e1nica en los mares europeos.<\/p>\n<p class=\"paragraph\" data-mrf-recirculation=\"Links inline\"><b>1799<\/b>: En Par\u00eds (Francia), un incendio \u2015al parecer, intencionado\u2015 destruye el Teatro del Ode\u00f3n.<\/p>\n<p class=\"paragraph\" data-mrf-recirculation=\"Links inline\"><b>1801<\/b>: En Alejandr\u00eda (Egipto), los brit\u00e1nicos destruyen la expedici\u00f3n francesa dirigida por Napole\u00f3n.<\/p>\n<p class=\"paragraph\" data-mrf-recirculation=\"Links inline\"><b>1820<\/b>: En Madrid (Espa\u00f1a), Fernando VII jura la Constituci\u00f3n y suprime la Inquisici\u00f3n.<\/p>\n<p class=\"paragraph\" data-mrf-recirculation=\"Links inline\"><b>1836<\/b>: En Madrid (Espa\u00f1a), Juan \u00c1lvarez Mendiz\u00e1bal dispone su tercer decreto, por el que se eliminaban las corporaciones religiosas de cl\u00e9rigos regulares.<\/p>\n<p class=\"paragraph\" data-mrf-recirculation=\"Links inline\"><b>1839<\/b>: En Madrid (Espa\u00f1a) se inaugura la Escuela Normal Central de Maestros.<\/p>\n<p class=\"paragraph\" data-mrf-recirculation=\"Links inline\"><b>1844<\/b>: En Alicante (Espa\u00f1a)se produce un alzamiento liberal conocido como Rebeli\u00f3n de Bon\u00e9, que Gonz\u00e1lez Bravo reprimir\u00e1 con dureza. Morir\u00edan fusilados el l\u00edder Pantale\u00f3n Bon\u00e9 y el resto de militares sublevados, que ser\u00e1n conocidos como los M\u00e1rtires de la Libertad.<\/p>\n<p class=\"paragraph\" data-mrf-recirculation=\"Links inline\"><b>1856<\/b>: En Madrid (Espa\u00f1a) se coloca la primera piedra del Teatro de la Zarzuela.<\/p>\n<p class=\"paragraph\" data-mrf-recirculation=\"Links inline\"><b>1861<\/b>: En las Tuller\u00edas (Francia), Pablo Sarasate da su primer concierto a los 17\u00a0a\u00f1os de edad, ante Napole\u00f3n\u00a0III y su corte.<\/p>\n<p class=\"paragraph\" data-mrf-recirculation=\"Links inline\"><b>1862<\/b>: V\u00edsperas de la batalla naval de los ironclads, nav\u00edos blindados de la Guerra de Secesi\u00f3n estadounidense. El d\u00eda 8, el acorazado confederado Merrimac se present\u00f3 en la rada de Hampton-Roads destruyendo cuatro buques de guerra convencionales. Al d\u00eda siguiente los norte\u00f1os contratacaron con el acorazado Monitor (medio submarino, m\u00e1s peque\u00f1o y m\u00e1s r\u00e1pido).<\/p>\n<p class=\"paragraph\" data-mrf-recirculation=\"Links inline\"><b>1900<\/b>: En la Exposici\u00f3n Universal de Par\u00eds se incendia el Th\u00e9atre Fran\u00e7ais.<\/p>\n<p class=\"paragraph\" data-mrf-recirculation=\"Links inline\"><b>1900<\/b>: Las mujeres alemanas dirigen una serie de peticiones al Reichstag para exigir el acceso a la universidad y la posibilidad de presentarse a oposiciones.<\/p>\n<p class=\"paragraph\" data-mrf-recirculation=\"Links inline\"><b>1904<\/b>: En Alemania, el Bundesrat decide levantar la prohibici\u00f3n de ejercer el ministerio a los jesuitas.<\/p>\n<p class=\"paragraph\" data-mrf-recirculation=\"Links inline\"><b>1907<\/b>: En Austria, los landstag deciden establecer el voto general y obligatorio.<\/p>\n<p class=\"paragraph\" data-mrf-recirculation=\"Links inline\"><b>1909<\/b>: En el Vaticano, el papa P\u00edo X anula la prohibici\u00f3n de matrimonios mixtos en Hungr\u00eda.<\/p>\n<p class=\"paragraph\" data-mrf-recirculation=\"Links inline\"><b>1910<\/b>: En la II\u00a0Conferencia Internacional de Mujeres Socialistas reunida en Copenhague, se reiter\u00f3 la demanda de sufragio universal para todas las mujeres y, a propuesta de Clara Zetkin, se proclam\u00f3 el 8 de marzo como el D\u00eda Internacional de la Mujer.<\/p>\n<p class=\"paragraph\" data-mrf-recirculation=\"Links inline\"><b>1910<\/b>: En Espa\u00f1a, el rey Alfonso\u00a0XIII autoriza que las mujeres espa\u00f1olas realicen estudios superiores.<\/p>\n<p class=\"paragraph\" data-mrf-recirculation=\"Links inline\"><b>1910<\/b>: En Italia, Marinetti publica el Manifesto della letteratura futurista (\u2018Manifiesto de la literatura futurista\u2019). El a\u00f1o anterior hab\u00eda publicado en Le Figaro el manifiesto fundacional del futurismo.<\/p>\n<p class=\"paragraph\" data-mrf-recirculation=\"Links inline\"><b>1914<\/b>: En Alemania, Suecia y Rusia se conmemora por primera vez, de manera oficial, el D\u00eda Internacional de la Mujer Trabajadora.<\/p>\n<p class=\"paragraph\" data-mrf-recirculation=\"Links inline\"><b>1914<\/b>: En Quillota se funda el Instituto Rafael Arizt\u00eda, por la Congregaci\u00f3n de los Hermanos Maristas<\/p>\n<p class=\"paragraph\" data-mrf-recirculation=\"Links inline\"><b>1914<\/b>: En Espa\u00f1a se realizan elecciones de diputados, pr\u00f3digas en protestas, motines, muertos y heridos. El Tribunal Supremo anula 25 actas.<\/p>\n<p class=\"paragraph\" data-mrf-recirculation=\"Links inline\"><b>1917<\/b>: En Rusia, da inicio la Revoluci\u00f3n de Febrero con una manifestaci\u00f3n con motivo del D\u00eda Internacional de la Mujer Trabajadora y se considera un antecedente de la Revoluci\u00f3n Rusa (en octubre de este a\u00f1o).<\/p>\n<p class=\"paragraph\" data-mrf-recirculation=\"Links inline\"><b>1918<\/b>: El gran cuartel general de las fuerzas alemanas se traslada a Spa (B\u00e9lgica).<\/p>\n<p class=\"paragraph\" data-mrf-recirculation=\"Links inline\"><b>1921<\/b>: A la salida del Congreso de los Diputados (en Madrid) es asesinado el presidente del Gobierno, Eduardo Dato.<\/p>\n<p class=\"paragraph\" data-mrf-recirculation=\"Links inline\"><b>1921<\/b>: En la ciudad de It\u00e1 (Paraguay) se crea el club Olimpia.<\/p>\n<p class=\"paragraph\" data-mrf-recirculation=\"Links inline\"><b>1922<\/b>: En Espa\u00f1a cae el Gobierno Maura-Camb\u00f3, que es sustituido por el de Jos\u00e9 S\u00e1nchez Guerra.<\/p>\n<p class=\"paragraph\" data-mrf-recirculation=\"Links inline\"><b>1922<\/b>: En China se celebra por primera vez el D\u00eda Internacional de la Mujer Trabajadora.<\/p>\n<p class=\"paragraph\" data-mrf-recirculation=\"Links inline\"><b>1923<\/b>: En la Universidad Central de Madrid, el f\u00edsico Albert Einstein es investido doctor honoris causa.<\/p>\n<p class=\"paragraph\" data-mrf-recirculation=\"Links inline\"><b>1923<\/b>: En la Uni\u00f3n Sovi\u00e9tica, Lenin se ve obligado a abandonar definitivamente el poder a causa de su enfermedad.<\/p>\n<p class=\"paragraph\" data-mrf-recirculation=\"Links inline\"><b>1927<\/b>: En Hungr\u00eda, la \u00abnueva moral\u00bb decreta confiscar las fotograf\u00edas de muchachas que muestren las rodillas.<\/p>\n<p class=\"paragraph\" data-mrf-recirculation=\"Links inline\"><b>1928<\/b>: El Consejo de la Sociedad de Naciones hace un llamamiento a Espa\u00f1a y Brasil para que no se retiren de la instituci\u00f3n.<\/p>\n<p class=\"paragraph\" data-mrf-recirculation=\"Links inline\"><b>1928<\/b>: En Italia, Benito Mussolini env\u00eda una carta al Parlamento, en la que niega la soberan\u00eda de la C\u00e1mara.<\/p>\n<p class=\"paragraph\" data-mrf-recirculation=\"Links inline\"><b>1933<\/b>: En Austria, el canciller Engelbert Dollfuss se erige en dictador para evitar la absorci\u00f3n de su pa\u00eds por parte de la Alemania nazi.<\/p>\n<p class=\"paragraph\" data-mrf-recirculation=\"Links inline\"><b>1933<\/b>: En el Teatro Beatriz de Madrid, Federico Garc\u00eda Lorca estrena su drama Bodas de sangre.<\/p>\n<p class=\"paragraph\" data-mrf-recirculation=\"Links inline\"><b>1936<\/b>: En Espa\u00f1a se celebra por primera vez el D\u00eda Internacional de la Mujer Trabajadora.<\/p>\n<p class=\"paragraph\" data-mrf-recirculation=\"Links inline\"><b>1937<\/b>: En Espa\u00f1a, comienza la Batalla de Guadalajara.<\/p>\n<p class=\"paragraph\" data-mrf-recirculation=\"Links inline\"><b>1940<\/b>: En la Rep\u00fablica Dominicana asume la presidencia Manuel Jes\u00fas Troncoso de la Concha.<\/p>\n<p class=\"paragraph\" data-mrf-recirculation=\"Links inline\"><b>1941<\/b>: En el norte de los Pa\u00edses Bajos, el Gobierno proclama la ley marcial, a causa de los continuos des\u00f3rdenes.<\/p>\n<p class=\"paragraph\" data-mrf-recirculation=\"Links inline\"><b>1942<\/b>: Los japoneses entran en Rang\u00fan (capital de Birmania), como parte de la campa\u00f1a de Birmania.<\/p>\n<p class=\"paragraph\" data-mrf-recirculation=\"Links inline\"><b>1942<\/b>: Finaliza la Campa\u00f1a de las Indias Orientales Neerlandesas al capitular las fuerzas armadas neerlandesas de Java.<\/p>\n<p class=\"paragraph\" data-mrf-recirculation=\"Links inline\"><b>1943<\/b>: Desde Roma, Juan de Borb\u00f3n y Battenberg, heredero del trono espa\u00f1ol, escribe una carta al general Franco en la que expresa su deseo de un r\u00e1pido retorno a la monarqu\u00eda, simbolizada en su persona.<\/p>\n<p class=\"paragraph\" data-mrf-recirculation=\"Links inline\"><b>1945<\/b>: En Yugoslavia, el dictador Josip Broz Tito forma gobierno.<\/p>\n<p class=\"paragraph\" data-mrf-recirculation=\"Links inline\"><b>1948<\/b>: En Estados Unidos, el Tribunal Supremo declara anticonstitucional la ense\u00f1anza de la religi\u00f3n en las escuelas estatales.<\/p>\n<p class=\"paragraph\" data-mrf-recirculation=\"Links inline\"><b>1950<\/b>: En Alemania, el canciller Konrad Adenauer propone una uni\u00f3n francoalemana.<\/p>\n<p class=\"paragraph\" data-mrf-recirculation=\"Links inline\"><b>1954<\/b>: En Espa\u00f1a, el teniente general Francisco Franco Salgado-Araujo es nombrado nuevo jefe de la casa militar de Francisco Franco.<\/p>\n<p class=\"paragraph\" data-mrf-recirculation=\"Links inline\"><b>1957<\/b>: Egipto reabre el Canal de Suez.<\/p>\n<p class=\"paragraph\" data-mrf-recirculation=\"Links inline\"><b>1957<\/b>: En Roma se inaugura la Primera Semana de Cine Espa\u00f1ol con la pel\u00edcula Tarde de toros.<\/p>\n<p class=\"paragraph\" data-mrf-recirculation=\"Links inline\"><b>1959<\/b>: En M\u00e9xico se publican los poemas Libertad bajo palabra, de Octavio Paz.<\/p>\n<p class=\"paragraph\" data-mrf-recirculation=\"Links inline\"><b>1960<\/b>: En Espa\u00f1a se aprueba el proyecto del t\u00fanel del Guadarrama.<\/p>\n<p class=\"paragraph\" data-mrf-recirculation=\"Links inline\"><b>1962<\/b>: En el Teatro Goya de Madrid se estrena La camisa, de Lauro Olmo.<\/p>\n<p class=\"paragraph\" data-mrf-recirculation=\"Links inline\"><b>1962<\/b>: En Palestina, la regi\u00f3n de Gaza obtiene una relativa autonom\u00eda de Egipto.<\/p>\n<p class=\"paragraph\" data-mrf-recirculation=\"Links inline\"><b>1963<\/b>: En Siria, un golpe militar lleva al poder a un Consejo Nacional formado por generales.<\/p>\n<p class=\"paragraph\" data-mrf-recirculation=\"Links inline\"><b>1963<\/b>: En Montju\u00efc (Barcelona), mueren nueve personas por un desprendimiento de tierra que aplast\u00f3 las barracas donde viv\u00edan.<\/p>\n<p class=\"paragraph\" data-mrf-recirculation=\"Links inline\"><b>1965<\/b>: En el marco de la guerra de Vietnam, llegan a Vietnam las primeras tropas estadounidenses.<\/p>\n<p class=\"paragraph\" data-mrf-recirculation=\"Links inline\"><b>1968<\/b>: En Espa\u00f1a, el INI (Instituto Nacional de Industria) pasa a depender del Ministerio de Industria.<\/p>\n<p class=\"paragraph\" data-mrf-recirculation=\"Links inline\"><b>1969<\/b>: En el Canal de Suez israel\u00edes y egipcios realizan duelos a\u00e9reos y disparos de artiller\u00eda.<\/p>\n<p class=\"paragraph\" data-mrf-recirculation=\"Links inline\"><b>1970<\/b>: En Chipre se realiza un atentado frustrado contra el presidente, el arzobispo Makarios.<\/p>\n<p class=\"paragraph\" data-mrf-recirculation=\"Links inline\"><b>1971<\/b>: En Nueva York, Muhammad Ali es derrotado por el campe\u00f3n del mundo de boxeo de los pesos pesados, Joe Frazier.<\/p>\n<p class=\"paragraph\" data-mrf-recirculation=\"Links inline\"><b>1974<\/b>: En Par\u00eds inaugura el aeropuerto Charles de Gaulle.<\/p>\n<p class=\"paragraph\" data-mrf-recirculation=\"Links inline\"><b>1976<\/b>: Regresa a Espa\u00f1a el antiguo secretario de la FAI, Diego Abad de Santill\u00e1n.<\/p>\n<p class=\"paragraph\" data-mrf-recirculation=\"Links inline\"><b>1977<\/b>: La ONU proclam\u00f3 el 8 de marzo como D\u00eda Internacional por los Derechos de la Mujer y la Paz Internacional.<\/p>\n<p class=\"paragraph\" data-mrf-recirculation=\"Links inline\"><b>1978<\/b>: Las tropas somal\u00edes abandonan el desierto del Ogad\u00e9n.<\/p>\n<p class=\"paragraph\" data-mrf-recirculation=\"Links inline\"><b>1979<\/b>: China retira sus tropas de Vietnam.<\/p>\n<p class=\"paragraph\" data-mrf-recirculation=\"Links inline\"><b>1981<\/b>: En Buenos Aires (Argentina), la Justicia decreta la quiebra de 35 empresas del grupo Sasetru y dicta capturas para varios empresarios.<\/p>\n<p class=\"paragraph\" data-mrf-recirculation=\"Links inline\"><b>1984<\/b>: En Mauritania, Mohamed Khouna Ould Haidalla destituye a Maaouya Ould Sid&#8217;Ahmed Taya.<\/p>\n<p class=\"paragraph\" data-mrf-recirculation=\"Links inline\"><b>1984<\/b>: En Espa\u00f1a es investido nuevo presidente de la Junta de Andaluc\u00eda Jos\u00e9 Rodr\u00edguez de la Borbolla.<\/p>\n<p class=\"paragraph\" data-mrf-recirculation=\"Links inline\"><b>1986<\/b>: En Santiago de Chile se realiza una multitudinaria manifestaci\u00f3n de mujeres contra el dictador Augusto Pinochet, con 101 detenidas y much\u00edsimas heridas.<\/p>\n<p class=\"paragraph\" data-mrf-recirculation=\"Links inline\"><b>1986<\/b>: En Irak, el grupo Yijad Isl\u00e1mica exige la liberaci\u00f3n de dos presos, a cambio de los cuatro periodistas franceses secuestrados.<\/p>\n<p class=\"paragraph\" data-mrf-recirculation=\"Links inline\"><b>1987<\/b>: En Mondrag\u00f3n (Guip\u00fazcoa) es enterrado Domingo Iturbe Abasolo, Txomin, m\u00e1ximo dirigente de ETA.<\/p>\n<p class=\"paragraph\" data-mrf-recirculation=\"Links inline\"><b>1990<\/b>: En Colombia, el Movimiento 19 de Abril entrega las armas en su campamento de Santo Domingo. Termina as\u00ed uno de los pocos procesos de paz exitosos en ese pa\u00eds.<\/p>\n<p class=\"paragraph\" data-mrf-recirculation=\"Links inline\"><b>1990<\/b>: En la Rep\u00fablica Federal Alemana, el Bundestag (asamblea legislativa) acepta las fronteras existentes con Polonia.<\/p>\n<p class=\"paragraph\" data-mrf-recirculation=\"Links inline\"><b>1993<\/b>: En Francia, Tacones lejanos, de Pedro Almod\u00f3var gana el premio C\u00e9sar a la mejor pel\u00edcula extranjera.<\/p>\n<p class=\"paragraph\" data-mrf-recirculation=\"Links inline\"><b>1998<\/b>: Con motivo del D\u00eda Internacional de la Mujer Trabajadora, coincidente este a\u00f1o con el cincuentenario de la Declaraci\u00f3n Universal de los Derechos Humanos, las mujeres de casi todos los pa\u00edses salen a la calle en multitudinarias manifestaciones.<\/p>\n<p class=\"paragraph\" data-mrf-recirculation=\"Links inline\"><b>1998<\/b>: En Colombia, se celebran elecciones tras una ofensiva guerrillera que caus\u00f3 al menos 200\u00a0muertos en la semana previa a los comicios. La victoria es para Ernesto Samper, que obtiene una c\u00f3moda mayor\u00eda en el Senado.<\/p>\n<p class=\"paragraph\" data-mrf-recirculation=\"Links inline\"><b>1999<\/b>: En Ecuador, en plena crisis econ\u00f3mica, el Gobierno decide cerrar todos los bancos, adem\u00e1s la Junta Bancaria declara el Feriado Bancario.<\/p>\n<p class=\"paragraph\" data-mrf-recirculation=\"Links inline\"><b>2000<\/b>: Comienza su andadura el diario en red Libertad Digital.<\/p>\n<p class=\"paragraph\" data-mrf-recirculation=\"Links inline\"><b>2001<\/b>: En Santiago de Chile, la Sala Primera de la Corte de Apelaciones confirma el procesamiento contra el exdictador Augusto Pinochet.<\/p>\n<p class=\"paragraph\" data-mrf-recirculation=\"Links inline\"><b>2001<\/b>: En Cabo Ca\u00f1averal (Florida), el transbordador espacial Discovery parte rumbo a la Estaci\u00f3n Espacial Internacional (ISS) con tres tripulantes a bordo para sustituir a la Expedici\u00f3n Uno.<\/p>\n<p class=\"paragraph\" data-mrf-recirculation=\"Links inline\"><b>2003<\/b>: En la Rep\u00fablica Checa, 17 personas mueren en un accidente de autocar.<\/p>\n<p class=\"paragraph\" data-mrf-recirculation=\"Links inline\"><b>2003<\/b>: Interpol cursa una orden internacional de detenci\u00f3n contra el expresidente peruano Alberto Fujimori.<\/p>\n<p class=\"paragraph\" data-mrf-recirculation=\"Links inline\"><b>2004<\/b>: En Irak, el nuevo Consejo firma una nueva constituci\u00f3n.<\/p>\n<p class=\"paragraph\" data-mrf-recirculation=\"Links inline\"><b>2004<\/b>: En una prisi\u00f3n estadounidense (en Irak) muere por causas naturales Ab\u00fa Abbas, l\u00edder del Frente de Liberaci\u00f3n Palestina (FLP).<\/p>\n<p class=\"paragraph\" data-mrf-recirculation=\"Links inline\"><b>2005<\/b>: En Fuenlabrada (Madrid), un joven marroqu\u00ed es acusado de colaborar con los terroristas del 11-M.<\/p>\n<p class=\"paragraph\" data-mrf-recirculation=\"Links inline\"><b>2005<\/b>: Cinco guardias civiles fallecen atropellados, cuando desmontaban un control antiterrorista en la autov\u00eda de Burgos, por un cami\u00f3n de gran tonelaje, cuyo conductor se durmi\u00f3.<\/p>\n<p class=\"paragraph\" data-mrf-recirculation=\"Links inline\"><b>2005<\/b>: En Espa\u00f1a, Ricardo Bl\u00e1zquez P\u00e9rez, obispo de Bilbao, sustituye al cardenal Rouco Varela al frente de la Conferencia Episcopal Espa\u00f1ola.<\/p>\n<p class=\"paragraph\" data-mrf-recirculation=\"Links inline\"><b>2005<\/b>: Un grupo de arque\u00f3logos descarta que el fara\u00f3n Tutankam\u00f3n fuera asesinado, tras estudiar la momia con modernos esc\u00e1neres.<\/p>\n<p class=\"paragraph\" data-mrf-recirculation=\"Links inline\"><b>2005<\/b>: En Madrid, el pr\u00edncipe de Asturias inaugura la Cumbre Internacional sobre Democracia, Terrorismo y Seguridad.<\/p>\n<p class=\"paragraph\" data-mrf-recirculation=\"Links inline\"><b>2006<\/b>: Wikipedia en espa\u00f1ol alcanza la cifra de 100\u00a0000\u00a0art\u00edculos.<\/p>\n<p class=\"paragraph\" data-mrf-recirculation=\"Links inline\"><b>2006<\/b>: En Israel, la victoria de Ham\u00e1s en las legislativas palestinas y la hospitalizaci\u00f3n de Ariel Sharon marcan el comienzo de la campa\u00f1a electoral en ese pa\u00eds.<\/p>\n<p class=\"paragraph\" data-mrf-recirculation=\"Links inline\"><b>2006<\/b>: La OIEA deja en manos del Consejo de Seguridad de la ONU la gesti\u00f3n de la crisis nuclear con Ir\u00e1n.<\/p>\n<p class=\"paragraph\" data-mrf-recirculation=\"Links inline\"><b>2006<\/b>: En Espa\u00f1a, el Senado aprueba sin enmiendas la reforma del Estatuto valenciano, pactada por el PP y el PSOE.<\/p>\n<p class=\"paragraph\" data-mrf-recirculation=\"Links inline\"><b>2006<\/b>: En Valencia, un juzgado descubre cuatro millones de euros en cuentas bancarias de sociedades supuestamente relacionadas con la ex\u00a0primera ministra pakistan\u00ed, Benazir Bhutto.<\/p>\n<p class=\"paragraph\" data-mrf-recirculation=\"Links inline\"><b>2006<\/b>: En Santo\u00f1a (Espa\u00f1a), la banda terrorista ETA coloca una bomba en la sede de Falange Espa\u00f1ola sin causar da\u00f1os de consideraci\u00f3n.<\/p>\n<p class=\"paragraph\" data-mrf-recirculation=\"Links inline\"><b>2011<\/b>: Se celebra el centenario del D\u00eda Internacional de la Mujer.<\/p>\n<p class=\"paragraph\" data-mrf-recirculation=\"Links inline\"><b>2012<\/b>: En Buenos Aires, 110.000 hinchas de San Lorenzo de Almagro de todo el pa\u00eds, se re\u00fanen en la Plaza de Mayo para reclamar la vuelta a Boedo (cfr.)<\/p>\n<p class=\"paragraph\" data-mrf-recirculation=\"Links inline\"><b>2013<\/b>: Bon Jovi publica su decimosegundo \u00e1lbum de estudio y el \u00faltimo con su guitarrista hist\u00f3rico Richie Sambora, What About Now.<\/p>\n<p class=\"paragraph\" data-mrf-recirculation=\"Links inline\"><b>2014<\/b>: En el oc\u00e9ano \u00cdndico desaparece sin dejar rastro alguno el vuelo 370 de Malaysia Airlines, un Boeing 777-200, que llevaba 227\u00a0pasajeros y 12\u00a0tripulantes. Hasta el d\u00eda de hoy, no se han encontrado restos, ni cuerpos ni la caja negra de la aeronave ya mencionada.<\/p>\n<p class=\"paragraph\" data-mrf-recirculation=\"Links inline\"><b>2017<\/b>: En la Champions League, el Barcelona elimina al Paris Saint Germain en la vuelta de los octavos de final jugada en el Camp Nou, tras ganarle por 6-1, habiendo el equipo franc\u00e9s ganado por 4-0 en la ida jugada en Par\u00eds, para un global de 6-5 a favor de los catalanes, siendo esta la primera y \u00fanica vez en la historia de la competici\u00f3n europea que un equipo logra remontar una eliminatoria en la cual el rival ten\u00eda 4 goles de ventaja para la vuelta.<\/p>\n<p class=\"paragraph\" data-mrf-recirculation=\"Links inline\"><b>2017<\/b>: En el municipio de San Jos\u00e9 Pinula, en el departamento de Guatemala de la Rep\u00fablica de Guatemala ocurre la Tragedia del Hogar Seguro Virgen de la Asunci\u00f3n fue una cat\u00e1strofe incendiaria ocurrida en este albergue de menores. 19 ni\u00f1as se asfixiaron en el lugar y 22 m\u00e1s murieron por las quemaduras.<\/p>\n<p class=\"paragraph\" data-mrf-recirculation=\"Links inline\"><b>2018<\/b>: En Espa\u00f1a tiene lugar la primera huelga general feminista con motivo del D\u00eda Internacional de la Mujer, altamente secundada (5,3 millones de trabajadoras) y dando resultado a multitudinarias manifestaciones a lo largo de toda Espa\u00f1a.<\/p>\n<h2 class=\"header\"><span style=\"color: #ff0000\">Nacimientos<\/span><\/h2>\n<p class=\"paragraph\" data-mrf-recirculation=\"Links inline\"><b>1286<\/b>: Juan\u00a0III, arist\u00f3crata bret\u00f3n.<\/p>\n<p class=\"paragraph\" data-mrf-recirculation=\"Links inline\"><b>1293<\/b>: Beatriz de Castilla, reina consorte de Portugal y Algarve (f. 1359).<\/p>\n<p class=\"paragraph\" data-mrf-recirculation=\"Links inline\"><b>1495<\/b>: Juan de Dios, religioso espa\u00f1ol canonizado por la Iglesia cat\u00f3lica (f. 1550).<\/p>\n<p class=\"paragraph\" data-mrf-recirculation=\"Links inline\"><b>1566<\/b>: Carlo Gesualdo, compositor italiano.<\/p>\n<p class=\"paragraph\" data-mrf-recirculation=\"Links inline\"><b>1712<\/b>: John Fothergill, m\u00e9dico brit\u00e1nico.<\/p>\n<p class=\"paragraph\" data-mrf-recirculation=\"Links inline\"><b>1714<\/b>: Carl Philipp Emanuel Bach, m\u00fasico y compositor alem\u00e1n.<\/p>\n<p class=\"paragraph\" data-mrf-recirculation=\"Links inline\"><b>1736<\/b>: Luc Sim\u00e9on Auguste Dagobert, militar y arist\u00f3crata franc\u00e9s (f. 1794).<\/p>\n<p class=\"paragraph\" data-mrf-recirculation=\"Links inline\"><b>1745<\/b>: Jos\u00e9 de Mazarredo, marino espa\u00f1ol (f. 1812).<\/p>\n<p class=\"paragraph\" data-mrf-recirculation=\"Links inline\"><b>1748<\/b>: Guillermo V de Orange-Nassau, arist\u00f3crata neerland\u00e9s (f. 1806).<\/p>\n<p class=\"paragraph\" data-mrf-recirculation=\"Links inline\"><b>1761<\/b>: Jan Potocki, cient\u00edfico, historiador y novelista polaco (f. 1815).<\/p>\n<p class=\"paragraph\" data-mrf-recirculation=\"Links inline\"><b>1789<\/b>: Miguel Barrag\u00e1n, militar y pol\u00edtico mexicano (f. 1836).<\/p>\n<p class=\"paragraph\" data-mrf-recirculation=\"Links inline\"><b>1803<\/b>: Juan Manuel de Manzanedo, comerciante y banquero espa\u00f1ol (f. 1882).<\/p>\n<p class=\"paragraph\" data-mrf-recirculation=\"Links inline\"><b>1806<\/b>: Antonio Mar\u00eda Esquivel, pintor espa\u00f1ol (f. 1857).<\/p>\n<p class=\"paragraph\" data-mrf-recirculation=\"Links inline\"><b>1807<\/b>: Juan Bautista Thorne, marino y militar argentino-estadounidense (f. 1885).<\/p>\n<p class=\"paragraph\" data-mrf-recirculation=\"Links inline\"><b>1815<\/b>: Juan Mar\u00eda Acebal y Guti\u00e9rrez, escritor asturiano.<\/p>\n<p class=\"paragraph\" data-mrf-recirculation=\"Links inline\"><b>1822<\/b>: Ignacy \u0141ukasiewicz, inventor polaco.<\/p>\n<p class=\"paragraph\" data-mrf-recirculation=\"Links inline\"><b>1827<\/b>: Wilhelm Bleek, ling\u00fcista alem\u00e1n (f. 1875).<\/p>\n<p class=\"paragraph\" data-mrf-recirculation=\"Links inline\"><b>1838<\/b>: Francisco Romero Robledo, pol\u00edtico espa\u00f1ol (f. 1906).<\/p>\n<p class=\"paragraph\" data-mrf-recirculation=\"Links inline\"><b>1839<\/b>: Josephine Cochrane, inventora estadounidense (f. 1913).<\/p>\n<p class=\"paragraph\" data-mrf-recirculation=\"Links inline\"><b>1841<\/b>: Valent\u00edn Almirall, pol\u00edtico y periodista espa\u00f1ol (f. 1904).<\/p>\n<p class=\"paragraph\" data-mrf-recirculation=\"Links inline\"><b>1847<\/b>: Ces\u00e1reo Guillermo y Bastardo, presidente dominicano.<\/p>\n<p class=\"paragraph\" data-mrf-recirculation=\"Links inline\"><b>1859<\/b>: Kenneth Grahame, escritor brit\u00e1nico.<\/p>\n<p class=\"paragraph\" data-mrf-recirculation=\"Links inline\"><b>1867<\/b>: Gregorio de Laferr\u00e8re, pol\u00edtico y dramaturgo argentino (f. 1913).<\/p>\n<p class=\"paragraph\" data-mrf-recirculation=\"Links inline\"><b>1872<\/b>: Anna Held, actriz polaca.<\/p>\n<p class=\"paragraph\" data-mrf-recirculation=\"Links inline\"><b>1875<\/b>: Franco Alfano, compositor y pianista italiano.<\/p>\n<p class=\"paragraph\" data-mrf-recirculation=\"Links inline\"><b>1877<\/b>: Luis Caballero, militar y pol\u00edtico mexicano (f. 1932).<\/p>\n<p class=\"paragraph\" data-mrf-recirculation=\"Links inline\"><b>1879<\/b>: Otto Hahn, qu\u00edmico alem\u00e1n.<\/p>\n<p class=\"paragraph\" data-mrf-recirculation=\"Links inline\"><b>1879<\/b>: Ernesto Laroche, pintor uruguayo (f. 1940).<\/p>\n<p class=\"paragraph\" data-mrf-recirculation=\"Links inline\"><b>1883<\/b>: Nemesio Garc\u00eda Naranjo. abogado, pol\u00edtico, periodista, escritor y catedr\u00e1tico mexicano (f. 1962).<\/p>\n<p class=\"paragraph\" data-mrf-recirculation=\"Links inline\"><b>1885<\/b>: Juan de Dios Filiberto, m\u00fasico argentino (f. 1964).<\/p>\n<p class=\"paragraph\" data-mrf-recirculation=\"Links inline\"><b>1886<\/b>: Edward Calvin Kendall, qu\u00edmico estadounidense, premio nobel de medicina en 1950 (f. 1972).<\/p>\n<p class=\"paragraph\" data-mrf-recirculation=\"Links inline\"><b>1891<\/b>: Sam Jaffe, actor estadounidense (f. 1984).<\/p>\n<p class=\"paragraph\" data-mrf-recirculation=\"Links inline\"><b>1892<\/b>: Mississippi John Hurt, guitarrista y cantante de blues estadounidense (f. 1966).<\/p>\n<p class=\"paragraph\" data-mrf-recirculation=\"Links inline\"><b>1892<\/b>: Juana de Ibarbourou, poetisa uruguaya (f. 1979).<\/p>\n<p class=\"paragraph\" data-mrf-recirculation=\"Links inline\"><b>1897<\/b>: Josep Pla, escritor y periodista catal\u00e1n (f. 1981).<\/p>\n<p class=\"paragraph\" data-mrf-recirculation=\"Links inline\"><b>1907<\/b>: Pl\u00e1cido Domingo Ferrer, bar\u00edtono espa\u00f1ol (f. 1987).<\/p>\n<p class=\"paragraph\" data-mrf-recirculation=\"Links inline\"><b>1907<\/b>: Constantinos Karamanl\u00eds, pol\u00edtico griego (f. 1998).<\/p>\n<p class=\"paragraph\" data-mrf-recirculation=\"Links inline\"><b>1909<\/b>: Beatrice Shilling, ingeniera aeron\u00e1utica y piloto de motos brit\u00e1nica (f. 1990).<\/p>\n<p class=\"paragraph\" data-mrf-recirculation=\"Links inline\"><b>1910<\/b>: Claire Trevor, actriz estadounidense (f. 2000).<\/p>\n<p class=\"paragraph\" data-mrf-recirculation=\"Links inline\"><b>1910<\/b>: Gabriel Par\u00eds, militar y presidente colombiano (f. 2008).<\/p>\n<p class=\"paragraph\" data-mrf-recirculation=\"Links inline\"><b>1911<\/b>: Alan Hovhaness, compositor estadounidense (f. 2000).<\/p>\n<p class=\"paragraph\" data-mrf-recirculation=\"Links inline\"><b>1911<\/b>: Mar\u00eda Bonita (Maria Gomes de Oliveira), forajida brasile\u00f1a (f. 1938).<\/p>\n<p class=\"paragraph\" data-mrf-recirculation=\"Links inline\"><b>1915<\/b>: Tapio Rautavaara, atleta, cantante y actor finland\u00e9s (f. 1979).<\/p>\n<p class=\"paragraph\" data-mrf-recirculation=\"Links inline\"><b>1916<\/b>: Jeanette Campbell, nadadora argentina (f. 2003).<\/p>\n<p class=\"paragraph\" data-mrf-recirculation=\"Links inline\"><b>1917<\/b>: Ernst von Glasersfeld, fil\u00f3sofo alem\u00e1n (f. 2010).<\/p>\n<p class=\"paragraph\" data-mrf-recirculation=\"Links inline\"><b>1921<\/b>: Sergio Onofre Jarpa, diplom\u00e1tico y pol\u00edtico chileno (f. 2020).<\/p>\n<p class=\"paragraph\" data-mrf-recirculation=\"Links inline\"><b>1921<\/b>: Cyd Charisse, bailarina y actriz estadounidense (f. 2008).<\/p>\n<p class=\"paragraph\" data-mrf-recirculation=\"Links inline\"><b>1922<\/b>: Ralph H. Baer, ingeniero, pionero de los videojuegos e ingeniero germano-estadounidense (f. 2014).<\/p>\n<p class=\"paragraph\" data-mrf-recirculation=\"Links inline\"><b>1923<\/b>: Jos\u00e9 Mar\u00eda Forqu\u00e9, director y productor espa\u00f1ol de cine (f. 1995).<\/p>\n<p class=\"paragraph\" data-mrf-recirculation=\"Links inline\"><b>1924<\/b>: Anthony Caro, escultor brit\u00e1nico (f. 2013).<\/p>\n<p class=\"paragraph\" data-mrf-recirculation=\"Links inline\"><b>1925<\/b>: Marta Lynch, escritora argentina (f. 1985).<\/p>\n<p class=\"paragraph\" data-mrf-recirculation=\"Links inline\"><b>1926<\/b>: Josefina Aldecoa, escritora y pedagoga espa\u00f1ola (f. 2011).<\/p>\n<p class=\"paragraph\" data-mrf-recirculation=\"Links inline\"><b>1926<\/b>: Thelma del R\u00edo, actriz y vedette argentina (f. 1998).<\/p>\n<p class=\"paragraph\" data-mrf-recirculation=\"Links inline\"><b>1926<\/b>: Francisco Rabal, actor espa\u00f1ol (f. 2001).<\/p>\n<p class=\"paragraph\" data-mrf-recirculation=\"Links inline\"><b>1927<\/b>: Hugo Avenda\u00f1o, bar\u00edtono y actor mexicano (f. 1998).<\/p>\n<p class=\"paragraph\" data-mrf-recirculation=\"Links inline\"><b>1927<\/b>: Stanis\u0142aw Kania, pol\u00edtico polaco (f. 2020).<\/p>\n<p class=\"paragraph\" data-mrf-recirculation=\"Links inline\"><b>1931<\/b>: Neil Postman, cr\u00edtico cultural estadounidense (f. 2003).<\/p>\n<p class=\"paragraph\" data-mrf-recirculation=\"Links inline\"><b>1932<\/b>: Silvia Derbez, actriz mexicana (f. 2002).<\/p>\n<p class=\"paragraph\" data-mrf-recirculation=\"Links inline\"><b>1933<\/b>: Fernando Gonz\u00e1lez Bern\u00e1ldez, ec\u00f3logo espa\u00f1ol (f. 1992).<\/p>\n<p class=\"paragraph\" data-mrf-recirculation=\"Links inline\"><b>1933<\/b>: Luca Ronconi actor, director de teatro y de \u00f3pera italiano de origen tunecino (f. 2015).<\/p>\n<p class=\"paragraph\" data-mrf-recirculation=\"Links inline\"><b>1934<\/b>: Mart\u00ed Verg\u00e9s, futbolista espa\u00f1ol.<\/p>\n<p class=\"paragraph\" data-mrf-recirculation=\"Links inline\"><b>1935<\/b>: Jos\u00e9 Seg\u00fa, ciclista espa\u00f1ol (f. 2010).<\/p>\n<p class=\"paragraph\" data-mrf-recirculation=\"Links inline\"><b>1936<\/b>: G\u00e1bor Szab\u00f3, guitarrista h\u00fangaro (f. 1982).<\/p>\n<p class=\"paragraph\" data-mrf-recirculation=\"Links inline\"><b>1937<\/b>: Juv\u00e9nal Habyarimana, presidente ruand\u00e9s entre 1973 y 1994 (f. 1994).<\/p>\n<p class=\"paragraph\" data-mrf-recirculation=\"Links inline\"><b>1939<\/b>: Robert Tear, tenor brit\u00e1nico (f. 2011).<\/p>\n<p class=\"paragraph\" data-mrf-recirculation=\"Links inline\"><b>1940<\/b>: Manuel N\u00fa\u00f1ez Encabo, jurista y pol\u00edtico espa\u00f1ol.<\/p>\n<p class=\"paragraph\" data-mrf-recirculation=\"Links inline\"><b>1940<\/b>: Johnny Ventura, cantante y pol\u00edtico dominicano (f. 2021).<\/p>\n<p class=\"paragraph\" data-mrf-recirculation=\"Links inline\"><b>1941<\/b>: Palito Ortega, cantante y pol\u00edtico argentino.<\/p>\n<p class=\"paragraph\" data-mrf-recirculation=\"Links inline\"><b>1942<\/b>: Ann Packer, atleta brit\u00e1nica.<\/p>\n<p class=\"paragraph\" data-mrf-recirculation=\"Links inline\"><b>1943<\/b>: Lynn Redgrave, actriz estadounidense de origen brit\u00e1nico (f. 2010).<\/p>\n<p class=\"paragraph\" data-mrf-recirculation=\"Links inline\"><b>1943<\/b>: Valerio Massimo Manfredi, escritor italiano<\/p>\n<p class=\"paragraph\" data-mrf-recirculation=\"Links inline\"><b>1944<\/b>: Gilbert Chauny de Porturas-Hoyle, diplom\u00e1tico, arquitecto y genealogista peruano (f. 2021).<\/p>\n<p class=\"paragraph\" data-mrf-recirculation=\"Links inline\"><b>1944<\/b>: Pepe Romero, guitarrista espa\u00f1ol.<\/p>\n<p class=\"paragraph\" data-mrf-recirculation=\"Links inline\"><b>1945<\/b>: Micky Dolenz, actor y m\u00fasico estadounidense, de la banda The Monkees.<\/p>\n<p class=\"paragraph\" data-mrf-recirculation=\"Links inline\"><b>1945<\/b>: Anselm Kiefer, pintor alem\u00e1n.<\/p>\n<p class=\"paragraph\" data-mrf-recirculation=\"Links inline\"><b>1946<\/b>: Jos\u00e9 Manuel Lara Bosch, empresario espa\u00f1ol (f. 2015).<\/p>\n<p class=\"paragraph\" data-mrf-recirculation=\"Links inline\"><b>1947<\/b>: Florentino P\u00e9rez, empresario y dirigente futbol\u00edstico espa\u00f1ol.<\/p>\n<p class=\"paragraph\" data-mrf-recirculation=\"Links inline\"><b>1947<\/b>: Carole Bayer Sager, cantautora estadounidense.<\/p>\n<p class=\"paragraph\" data-mrf-recirculation=\"Links inline\"><b>1947<\/b>: Michael S. Hart, escritor, empresario y fil\u00e1ntropo estadounidense (f. 2011).<\/p>\n<p class=\"paragraph\" data-mrf-recirculation=\"Links inline\"><b>1949<\/b>: Te\u00f3filo Cubillas, futbolista peruano.<\/p>\n<p class=\"paragraph\" data-mrf-recirculation=\"Links inline\"><b>1951<\/b>: John McTiernan, cineasta estadounidense.<\/p>\n<p class=\"paragraph\" data-mrf-recirculation=\"Links inline\"><b>1953<\/b>: Armando Jos\u00e9 Sequera, escritor venezolano.<\/p>\n<p class=\"paragraph\" data-mrf-recirculation=\"Links inline\"><b>1954<\/b>: Bob Brozman, guitarrista estadounidense (f. 2013).<\/p>\n<p class=\"paragraph\" data-mrf-recirculation=\"Links inline\"><b>1955<\/b>: M\u00f3nica Guti\u00e9rrez, periodista argentina.<\/p>\n<p class=\"paragraph\" data-mrf-recirculation=\"Links inline\"><b>1955<\/b>: Carmen Santos, escritora espa\u00f1ola.<\/p>\n<p class=\"paragraph\" data-mrf-recirculation=\"Links inline\"><b>1955<\/b>: Carlos Vera, periodista y activista pol\u00edtico ecuatoriano.<\/p>\n<p class=\"paragraph\" data-mrf-recirculation=\"Links inline\"><b>1956<\/b>: Laurie Cunningham, futbolista brit\u00e1nico.<\/p>\n<p class=\"paragraph\" data-mrf-recirculation=\"Links inline\"><b>1957<\/b>: Clive Burr, baterista brit\u00e1nico, de la banda Iron Maiden.<\/p>\n<p class=\"paragraph\" data-mrf-recirculation=\"Links inline\"><b>1957<\/b>: Cynthia Rothrock, actriz y artista marcial estadounidense.<\/p>\n<p class=\"paragraph\" data-mrf-recirculation=\"Links inline\"><b>1957<\/b>: Helga Schauerte-Maubouet organista alemana.<\/p>\n<p class=\"paragraph\" data-mrf-recirculation=\"Links inline\"><b>1958<\/b>: Gary Numan, m\u00fasico brit\u00e1nico.<\/p>\n<p class=\"paragraph\" data-mrf-recirculation=\"Links inline\"><b>1959<\/b>: Aidan Quinn, actor estadounidense.<\/p>\n<p class=\"paragraph\" data-mrf-recirculation=\"Links inline\"><b>1961<\/b>: Camryn Manheim, actriz estadounidense.<\/p>\n<p class=\"paragraph\" data-mrf-recirculation=\"Links inline\"><b>1961<\/b>: Roberto Bland\u00f3n, actor mexicano.<\/p>\n<p class=\"paragraph\" data-mrf-recirculation=\"Links inline\"><b>1964<\/b>: Silvia Mars\u00f3, actriz espa\u00f1ola.<\/p>\n<p class=\"paragraph\" data-mrf-recirculation=\"Links inline\"><b>1965<\/b>: Hamed Bakayoko, pol\u00edtico marfile\u00f1o.<\/p>\n<p class=\"paragraph\" data-mrf-recirculation=\"Links inline\"><b>1967<\/b>: Udo Quellmalz, yudoca alem\u00e1n.<\/p>\n<p class=\"paragraph\" data-mrf-recirculation=\"Links inline\"><b>1968<\/b>: Michael Bartels, piloto de automovilismo alem\u00e1n.<\/p>\n<p class=\"paragraph\" data-mrf-recirculation=\"Links inline\"><b>1971<\/b>: Gabriela Fr\u00edas, periodista y economista mexicana.<\/p>\n<p class=\"paragraph\" data-mrf-recirculation=\"Links inline\"><b>1971<\/b>: Wilmer L\u00f3pez, futbolista costarricense.<\/p>\n<p class=\"paragraph\" data-mrf-recirculation=\"Links inline\"><b>1973<\/b>: Anneke van Giersbergen, cantante neerlandesa, exvocalista de la banda The Gathering.<\/p>\n<p class=\"paragraph\" data-mrf-recirculation=\"Links inline\"><b>1974<\/b>: Carlos Baute, cantante venezolano.<\/p>\n<p class=\"paragraph\" data-mrf-recirculation=\"Links inline\"><b>1975<\/b>: Jenny Cavallo, actriz chilena.<\/p>\n<p class=\"paragraph\" data-mrf-recirculation=\"Links inline\"><b>1975<\/b>: Ana Karina Casanova, modelo y actriz de televisi\u00f3n venezolana.<\/p>\n<p class=\"paragraph\" data-mrf-recirculation=\"Links inline\"><b>1976<\/b>: Gaz Coombes, m\u00fasico brit\u00e1nico, de la banda Supergrass.<\/p>\n<p class=\"paragraph\" data-mrf-recirculation=\"Links inline\"><b>1976<\/b>: Freddie Prinze, Jr., actor estadounidense.<\/p>\n<p class=\"paragraph\" data-mrf-recirculation=\"Links inline\"><b>1977<\/b>: James Van Der Beek, actor estadounidense.<\/p>\n<p class=\"paragraph\" data-mrf-recirculation=\"Links inline\"><b>1977<\/b>: Johann Vogel, futbolista suizo.<\/p>\n<p class=\"paragraph\" data-mrf-recirculation=\"Links inline\"><b>1977<\/b>: Nuria C. Botey, escritora de fantas\u00eda, ciencia ficci\u00f3n y terror espa\u00f1ola.<\/p>\n<p class=\"paragraph\" data-mrf-recirculation=\"Links inline\"><b>1977<\/b>: Petar Angelov, balonmanista macedonio.<\/p>\n<p class=\"paragraph\" data-mrf-recirculation=\"Links inline\"><b>1977<\/b>: Ren\u00e9 Pinochet, actor chileno.<\/p>\n<p class=\"paragraph\" data-mrf-recirculation=\"Links inline\"><b>1978<\/b>: Ana\u00edlson Brito Noleto, futbolista brasile\u00f1o.<\/p>\n<p class=\"paragraph\" data-mrf-recirculation=\"Links inline\"><b>1979<\/b>: Michael Beauchamp, futbolista australiano.<\/p>\n<p class=\"paragraph\" data-mrf-recirculation=\"Links inline\"><b>1979<\/b>: Tom Chaplin, cantante brit\u00e1nico, de la banda Keane.<\/p>\n<p class=\"paragraph\" data-mrf-recirculation=\"Links inline\"><b>1979<\/b>: Carolina Varleta, actriz chilena.<\/p>\n<p class=\"paragraph\" data-mrf-recirculation=\"Links inline\"><b>1979<\/b>: Elexis Monroe, actriz pornogr\u00e1fica y modelo er\u00f3tica estadounidense.<\/p>\n<p class=\"paragraph\" data-mrf-recirculation=\"Links inline\"><b>1980<\/b>: Deili Custodio da Silva, futbolista brasile\u00f1o.<\/p>\n<p class=\"paragraph\" data-mrf-recirculation=\"Links inline\"><b>1980<\/b>: Stephen Milne, futbolista australiano.<\/p>\n<p class=\"paragraph\" data-mrf-recirculation=\"Links inline\"><b>1981<\/b>: Joost Posthuma, ciclista neerland\u00e9s.<\/p>\n<p class=\"paragraph\" data-mrf-recirculation=\"Links inline\"><b>1981<\/b>: Pablo Aurrecochea, futbolista uruguayo.<\/p>\n<p class=\"paragraph\" data-mrf-recirculation=\"Links inline\"><b>1982<\/b>: David Lorenzo Magari\u00f1o, escritor espa\u00f1ol.<\/p>\n<p class=\"paragraph\" data-mrf-recirculation=\"Links inline\"><b>1982<\/b>: Kat Von D, tatuadora mexicana.<\/p>\n<p class=\"paragraph\" data-mrf-recirculation=\"Links inline\"><b>1983<\/b>: Andr\u00e9 Santos, futbolista brasile\u00f1o.<\/p>\n<p class=\"paragraph\" data-mrf-recirculation=\"Links inline\"><b>1984<\/b>: Sasha Vuja\u010di\u0107, baloncestista esloveno.<\/p>\n<p class=\"paragraph\" data-mrf-recirculation=\"Links inline\"><b>1985<\/b>: Ewa Sonnet, cantante y modelo polaca.<\/p>\n<p class=\"paragraph\" data-mrf-recirculation=\"Links inline\"><b>1987<\/b>: Milana Vayntrub, actriz y c\u00f3mica estadounidense de origen uzbeko.<\/p>\n<p class=\"paragraph\" data-mrf-recirculation=\"Links inline\"><b>1987<\/b>: Daniel Quintana Sosa, futbolista espa\u00f1ol.<\/p>\n<p class=\"paragraph\" data-mrf-recirculation=\"Links inline\"><b>1988<\/b>: Diego Biseswar, futbolista neerland\u00e9s.<\/p>\n<p class=\"paragraph\" data-mrf-recirculation=\"Links inline\"><b>1989<\/b>: Ander Iturraspe, futbolista espa\u00f1ol.<\/p>\n<p class=\"paragraph\" data-mrf-recirculation=\"Links inline\"><b>1989<\/b>: Radosav Petrovi\u0107, futbolista serbio.<\/p>\n<p class=\"paragraph\" data-mrf-recirculation=\"Links inline\"><b>1990<\/b>: Petra Kvitov\u00e1, tenista checa.<\/p>\n<p class=\"paragraph\" data-mrf-recirculation=\"Links inline\"><b>1990<\/b>: Asier Illarramendi, futbolista espa\u00f1ol.<\/p>\n<p class=\"paragraph\" data-mrf-recirculation=\"Links inline\"><b>1990<\/b>: Pietro Terracciano, futbolista italiano.<\/p>\n<p class=\"paragraph\" data-mrf-recirculation=\"Links inline\"><b>1991<\/b>: Devon Werkheiser, actor estadounidense.<\/p>\n<p class=\"paragraph\" data-mrf-recirculation=\"Links inline\"><b>1991<\/b>: Axel Sj\u00f6berg, futbolista sueco.<\/p>\n<p class=\"paragraph\" data-mrf-recirculation=\"Links inline\"><b>1991<\/b>: R\u00f3bert Mak, futbolista eslovaco.<\/p>\n<p class=\"paragraph\" data-mrf-recirculation=\"Links inline\"><b>1991<\/b>: Mika, futbolista portugu\u00e9s.<\/p>\n<p class=\"paragraph\" data-mrf-recirculation=\"Links inline\"><b>1992<\/b>: Charlie Ray, actriz estadounidense.<\/p>\n<p class=\"paragraph\" data-mrf-recirculation=\"Links inline\"><b>1992<\/b>: Cedric Mabwati, futbolista congole\u00f1o.<\/p>\n<p class=\"paragraph\" data-mrf-recirculation=\"Links inline\"><b>1993<\/b>: Jos\u00e9 Antonio Caro Mart\u00ednez, futbolista espa\u00f1ol.<\/p>\n<p class=\"paragraph\" data-mrf-recirculation=\"Links inline\"><b>1994<\/b>: Chris Philipps, futbolista luxemburgu\u00e9s.<\/p>\n<p class=\"paragraph\" data-mrf-recirculation=\"Links inline\"><b>1994<\/b>: Duncan Watmore, futbolista ingl\u00e9s.<\/p>\n<p class=\"paragraph\" data-mrf-recirculation=\"Links inline\"><b>1994<\/b>: Pablo Dyego, futbolista brasile\u00f1o.<\/p>\n<p class=\"paragraph\" data-mrf-recirculation=\"Links inline\"><b>1994<\/b>: Dylan Tombides, futbolista australiano (f. 2014).<\/p>\n<p class=\"paragraph\" data-mrf-recirculation=\"Links inline\"><b>1995<\/b>: Keita Bald\u00e9, futbolista hispano-senegal\u00e9s.<\/p>\n<p class=\"paragraph\" data-mrf-recirculation=\"Links inline\"><b>1998<\/b>: Dylan Andrade, futbolista hondure\u00f1o.<\/p>\n<p class=\"paragraph\" data-mrf-recirculation=\"Links inline\"><b>1999<\/b>: Ibrahima Diallo, futbolista franc\u00e9s.<\/p>\n<p class=\"paragraph\" data-mrf-recirculation=\"Links inline\"><b>1999<\/b>: Josep Puerto, baloncestista espa\u00f1ol.<\/p>\n<p class=\"paragraph\" data-mrf-recirculation=\"Links inline\"><b>1999<\/b>: Luis Ureta, futbolista chileno.<\/p>\n<p class=\"paragraph\" data-mrf-recirculation=\"Links inline\"><b>1999<\/b>: David Ledesma, futbolista argentino.<\/p>\n<p class=\"paragraph\" data-mrf-recirculation=\"Links inline\"><b>1999<\/b>: Nazareno Baz\u00e1n, futbolista argentino.<\/p>\n<p class=\"paragraph\" data-mrf-recirculation=\"Links inline\"><b>1999<\/b>: Stacey-Ann Williams, atleta jamaicana.<\/p>\n<p class=\"paragraph\" data-mrf-recirculation=\"Links inline\"><b>2000<\/b>: Jonas David, futbolista alem\u00e1n.<\/p>\n<p class=\"paragraph\" data-mrf-recirculation=\"Links inline\"><b>2000<\/b>: Alan Souza, futbolista brasile\u00f1o.<\/p>\n<p class=\"paragraph\" data-mrf-recirculation=\"Links inline\"><b>2000<\/b>: Rekeem Harper, futbolista brit\u00e1nico.<\/p>\n<p class=\"paragraph\" data-mrf-recirculation=\"Links inline\"><b>2000<\/b>: Keyvan Andres, piloto de automovilismo germano-iran\u00ed.<\/p>\n<p class=\"paragraph\" data-mrf-recirculation=\"Links inline\"><b>2002<\/b>: Tatsuru Saito, yudoca japon\u00e9s.<\/p>\n<h2 class=\"header\"><span style=\"color: #ff0000\">Decesos<\/span><\/h2>\n<p class=\"paragraph\" data-mrf-recirculation=\"Links inline\"><b>415<\/b>: Hipatia de Alejandr\u00eda, fil\u00f3sofa, astr\u00f3noma y escritora egipcio-romana (n. 355).<\/p>\n<p class=\"paragraph\" data-mrf-recirculation=\"Links inline\"><b>819<\/b>: Li Shidao, se\u00f1or de la guerra chino.<\/p>\n<p class=\"paragraph\" data-mrf-recirculation=\"Links inline\"><b>1126<\/b>: Urraca I de Le\u00f3n, reina de le\u00f3n (n. 1081).<\/p>\n<p class=\"paragraph\" data-mrf-recirculation=\"Links inline\"><b>1223<\/b>: Wincenty Kad\u0142ubek, obispo e historiador polaco (n. 1161).<\/p>\n<p class=\"paragraph\" data-mrf-recirculation=\"Links inline\"><b>1365<\/b>: Noguk, reina coreana.<\/p>\n<p class=\"paragraph\" data-mrf-recirculation=\"Links inline\"><b>1441<\/b>: Margarita de Borgo\u00f1a Dampierre, arist\u00f3crata francesa, hija de Felipe II de Borgo\u00f1a.<\/p>\n<p class=\"paragraph\" data-mrf-recirculation=\"Links inline\"><b>1550<\/b>: Juan de Dios, religioso portugu\u00e9s fundador de la Orden Hospitalaria de San Juan de Dios (n. 1495).<\/p>\n<p class=\"paragraph\" data-mrf-recirculation=\"Links inline\"><b>1641<\/b>: Xu Xiake, ge\u00f3grafo y explorador chino (n. 1587).<\/p>\n<p class=\"paragraph\" data-mrf-recirculation=\"Links inline\"><b>1702<\/b>: Guillermo III de Orange, rey brit\u00e1nico (n. 1650).<\/p>\n<p class=\"paragraph\" data-mrf-recirculation=\"Links inline\"><b>1723<\/b>: Christopher Wren, arquitecto ingl\u00e9s (n. 1632).<\/p>\n<p class=\"paragraph\" data-mrf-recirculation=\"Links inline\"><b>1771<\/b>: Louis August le Clerc, escultor y acad\u00e9mico franco-dan\u00e9s (n. 1688).<\/p>\n<p class=\"paragraph\" data-mrf-recirculation=\"Links inline\"><b>1824<\/b>: Jean Jacques R\u00e9gis de Cambac\u00e9r\u00e8s, abogado y pol\u00edtico franc\u00e9s (n. 1753).<\/p>\n<p class=\"paragraph\" data-mrf-recirculation=\"Links inline\"><b>1844<\/b>: Jean Baptiste Bernadotte, mariscal franc\u00e9s, rey de Suecia y Noruega.<\/p>\n<p class=\"paragraph\" data-mrf-recirculation=\"Links inline\"><b>1869<\/b>: Hector Berlioz, compositor franc\u00e9s (n. 1803).<\/p>\n<p class=\"paragraph\" data-mrf-recirculation=\"Links inline\"><b>1874<\/b>: Millard Fillmore, pol\u00edtico estadounidense, 13.\u00ba presidente (n. 1800).<\/p>\n<p class=\"paragraph\" data-mrf-recirculation=\"Links inline\"><b>1888<\/b>: Guillermo\u00a0I, emperador alem\u00e1n (n. 1797).<\/p>\n<p class=\"paragraph\" data-mrf-recirculation=\"Links inline\"><b>1889<\/b>: John Ericsson, ingeniero e inventor sueco.<\/p>\n<p class=\"paragraph\" data-mrf-recirculation=\"Links inline\"><b>1898<\/b>: Frascuelo (Salvador S\u00e1nchez Povedano), torero espa\u00f1ol.<\/p>\n<p class=\"paragraph\" data-mrf-recirculation=\"Links inline\"><b>1917<\/b>: Ferdinand von Zeppelin, inventor alem\u00e1n (n. 1838).<\/p>\n<p class=\"paragraph\" data-mrf-recirculation=\"Links inline\"><b>1920<\/b>: Rafael Obligado, poeta y escritor argentino (n. 1851).<\/p>\n<p class=\"paragraph\" data-mrf-recirculation=\"Links inline\"><b>1921<\/b>: Eduardo Dato Iradier, pol\u00edtico espa\u00f1ol (n. 1856).<\/p>\n<p class=\"paragraph\" data-mrf-recirculation=\"Links inline\"><b>1923<\/b>: Johannes Diderik van der Waals, f\u00edsico neerland\u00e9s, premio nobel de f\u00edsica en 1910 (n. 1837).<\/p>\n<p class=\"paragraph\" data-mrf-recirculation=\"Links inline\"><b>1924<\/b>: Mathilde von Rothschild, compositora, mecenas y baronesa alemana (n. 1832).<\/p>\n<p class=\"paragraph\" data-mrf-recirculation=\"Links inline\"><b>1927<\/b>: Manuel Gondra, pol\u00edtico paraguayo (n. 1871).<\/p>\n<p class=\"paragraph\" data-mrf-recirculation=\"Links inline\"><b>1930<\/b>: William Howard Taft, pol\u00edtico estadounidense, 27.\u00ba presidente (n. 1857).<\/p>\n<p class=\"paragraph\" data-mrf-recirculation=\"Links inline\"><b>1935<\/b>: Hachik\u014d, perro japon\u00e9s que fue la inspiraci\u00f3n de la pel\u00edcula Siempre a tu lado, Hachiko (n. 1923).<\/p>\n<p class=\"paragraph\" data-mrf-recirculation=\"Links inline\"><b>1938<\/b>: Manuel Garc\u00eda Prieto, pol\u00edtico espa\u00f1ol.<\/p>\n<p class=\"paragraph\" data-mrf-recirculation=\"Links inline\"><b>1941<\/b>: Sherwood Anderson, narrador y escritor estadounidense (n. 1876).<\/p>\n<p class=\"paragraph\" data-mrf-recirculation=\"Links inline\"><b>1941<\/b>: Jos\u00e9 Serrano, compositor espa\u00f1ol.<\/p>\n<p class=\"paragraph\" data-mrf-recirculation=\"Links inline\"><b>1942<\/b>: Jos\u00e9 Ra\u00fal Capablanca, ajedrecista cubano (n. 1888).<\/p>\n<p class=\"paragraph\" data-mrf-recirculation=\"Links inline\"><b>1945<\/b>: Frederick Bligh Bond, arque\u00f3logo y arquitecto ingl\u00e9s (n. 1864).<\/p>\n<p class=\"paragraph\" data-mrf-recirculation=\"Links inline\"><b>1957<\/b>: Othmar Schoeck, director de orquesta y compositor suizo.<\/p>\n<p class=\"paragraph\" data-mrf-recirculation=\"Links inline\"><b>1961<\/b>: Thomas Beecham, director de orquesta y m\u00fasico brit\u00e1nico (n. 1879).<\/p>\n<p class=\"paragraph\" data-mrf-recirculation=\"Links inline\"><b>1962<\/b>: Adri\u00e1n Recinos, historiador guatemalteco (n. 1886).<\/p>\n<p class=\"paragraph\" data-mrf-recirculation=\"Links inline\"><b>1971<\/b>: Harold Lloyd, actor c\u00f3mico estadounidense (n. 1893).<\/p>\n<p class=\"paragraph\" data-mrf-recirculation=\"Links inline\"><b>1973<\/b>: Benjam\u00edn de Arriba y Castro, cardenal espa\u00f1ol (n. 1886).<\/p>\n<p class=\"paragraph\" data-mrf-recirculation=\"Links inline\"><b>1975<\/b>: George Stevens, cineasta estadounidense (n. 1904).<\/p>\n<p class=\"paragraph\" data-mrf-recirculation=\"Links inline\"><b>1980<\/b>: Francisco Gaona, educador, activista social, sindicalista e historiador paraguayo (n. 1901).<\/p>\n<p class=\"paragraph\" data-mrf-recirculation=\"Links inline\"><b>1982<\/b>: Walter Plunkett, dise\u00f1ador estadounidense de vestuario de cine (n. 1912).<\/p>\n<p class=\"paragraph\" data-mrf-recirculation=\"Links inline\"><b>1983<\/b>: Chabuca Granda, compositora y cantante peruana (n. 1920).<\/p>\n<p class=\"paragraph\" data-mrf-recirculation=\"Links inline\"><b>1983<\/b>: William Walton, compositor brit\u00e1nico (n. 1902).<\/p>\n<p class=\"paragraph\" data-mrf-recirculation=\"Links inline\"><b>1987<\/b>: Manuel Viola, pintor espa\u00f1ol (n. 1916).<\/p>\n<p class=\"paragraph\" data-mrf-recirculation=\"Links inline\"><b>1989<\/b>: Yelizaveta B\u00fdkova, ajedrecista sovi\u00e9tica (n. 1913).<\/p>\n<p class=\"paragraph\" data-mrf-recirculation=\"Links inline\"><b>1993<\/b>: Billy Eckstine, cantante estadounidense de jazz.<\/p>\n<p class=\"paragraph\" data-mrf-recirculation=\"Links inline\"><b>1995<\/b>: Ingo Schwichtenberg, baterista alem\u00e1n, de la banda Helloween.<\/p>\n<p class=\"paragraph\" data-mrf-recirculation=\"Links inline\"><b>1997<\/b>: Niel Steenbergen, artista neerland\u00e9s (n. 1911).<\/p>\n<p class=\"paragraph\" data-mrf-recirculation=\"Links inline\"><b>1997<\/b>: Carlos Palenque, cantante, presentador de televisi\u00f3n y pol\u00edtico boliviano (n. 1944).<\/p>\n<p class=\"paragraph\" data-mrf-recirculation=\"Links inline\"><b>1999<\/b>: Adolfo Bioy Casares, escritor argentino (n. 1914).<\/p>\n<p class=\"paragraph\" data-mrf-recirculation=\"Links inline\"><b>1999<\/b>: Joe DiMaggio, beisbolista estadounidense (n. 1914).<\/p>\n<p class=\"paragraph\" data-mrf-recirculation=\"Links inline\"><b>2001<\/b>: Ninette de Valois, bailarina brit\u00e1nica (n. 1898).<\/p>\n<p class=\"paragraph\" data-mrf-recirculation=\"Links inline\"><b>2003<\/b>: Karen Morley, actriz estadounidense (n. 1909).<\/p>\n<p class=\"paragraph\" data-mrf-recirculation=\"Links inline\"><b>2003<\/b>: Juan Jos\u00e9 Vega, historiador, catedr\u00e1tico universitario y periodista peruano (n. 1932).<\/p>\n<p class=\"paragraph\" data-mrf-recirculation=\"Links inline\"><b>2005<\/b>: C\u00e9sar Lattes, f\u00edsico brasile\u00f1o (n. 1924).<\/p>\n<p class=\"paragraph\" data-mrf-recirculation=\"Links inline\"><b>2006<\/b>: Jorge Eielson, poeta peruano de la Generaci\u00f3n del Cincuenta (n. 1924).<\/p>\n<p class=\"paragraph\" data-mrf-recirculation=\"Links inline\"><b>2009<\/b>: Hank Locklin, cantautor estadounidense (n. 1918)<\/p>\n<p class=\"paragraph\" data-mrf-recirculation=\"Links inline\"><b>2010<\/b>: Salvador Cardenal, cantautor nicarag\u00fcense (n. 1960).<\/p>\n<p class=\"paragraph\" data-mrf-recirculation=\"Links inline\"><b>2011<\/b>: Mike Starr, bajista estadounidense, de la banda Alice in Chains (n. 1966).<\/p>\n<p class=\"paragraph\" data-mrf-recirculation=\"Links inline\"><b>2012<\/b>: Luz M\u00e9ndez de la Vega, escritora, periodista, actriz y poetisa guatemalteca (n. 1919).<\/p>\n<p class=\"paragraph\" data-mrf-recirculation=\"Links inline\"><b>2013<\/b>: Peter Banks, guitarrista brit\u00e1nico, de la banda Yes (n. 1947).<\/p>\n<p class=\"paragraph\" data-mrf-recirculation=\"Links inline\"><b>2015<\/b>: Sam Simon, guionista y productor de televisi\u00f3n estadounidense (n. 1955).<\/p>\n<p class=\"paragraph\" data-mrf-recirculation=\"Links inline\"><b>2015<\/b>: Gerardo Sofovich, conductor, guionista y productor argentino (n. 1937).<\/p>\n<p class=\"paragraph\" data-mrf-recirculation=\"Links inline\"><b>2016<\/b>: George Martin, productor, m\u00fasico y compositor brit\u00e1nico (n. 1926).<\/p>\n<p class=\"paragraph\" data-mrf-recirculation=\"Links inline\"><b>2018<\/b>: Kate Wilhelm, escritora estadounidense (n. 1928).<\/p>\n<p class=\"paragraph\" data-mrf-recirculation=\"Links inline\"><b>2020<\/b>: Max von Sydow, actor sueco-franc\u00e9s (n. 1929).<\/p>\n<p class=\"paragraph\" data-mrf-recirculation=\"Links inline\"><b>2021<\/b>: Cepill\u00edn, payaso, presentador de televisi\u00f3n y cantante mexicano (n. 1946).<\/p>\n<p class=\"paragraph\" data-mrf-recirculation=\"Links inline\"><b>2022<\/b>: Tom\u00e1s Boy, futbolista retirado y entrenador mexicano (n. 1951).<\/p>\n","protected":false},"excerpt":{"rendered":"<div class=\"mh-excerpt\"><p>Hoy podr\u00eda ser un d\u00eda cualquiera, sin embargo, en a\u00f1os, d\u00e9cadas e incluso siglos anteriores en esta misma fecha ocurri\u00f3 un suceso que cambi\u00f3 el transcurso de la humanidad, a tal grado que se convirti\u00f3 <a class=\"mh-excerpt-more\" href=\"https:\/\/larevistadigital.com.ar\/blog\/esto-ocurrio-un-dia-como-hoy-8-de-marzo\/\" title=\"ESTO OCURRI\u00d3 UN D\u00cdA COMO HOY, 8 DE MARZO\">[Leer M\u00e1s]<\/a><\/p>\n<\/div>","protected":false},"author":3,"featured_media":16747,"comment_status":"open","ping_status":"open","sticky":false,"template":"","format":"standard","meta":{"_jetpack_memberships_contains_paid_content":false,"footnotes":"","jetpack_publicize_message":"","jetpack_publicize_feature_enabled":true,"jetpack_social_post_already_shared":true,"jetpack_social_options":{"image_generator_settings":{"template":"highway","default_image_id":0,"font":"","enabled":false},"version":2}},"categories":[15],"tags":[],"class_list":{"0":"post-30454","1":"post","2":"type-post","3":"status-publish","4":"format-standard","5":"has-post-thumbnail","7":"category-cultura"},"jetpack_publicize_connections":[],"jetpack_featured_media_url":"https:\/\/i0.wp.com\/larevistadigital.com.ar\/blog\/wp-content\/uploads\/LOGO-EFEMERIDES.jpg?fit=1268%2C664&ssl=1","jetpack_sharing_enabled":true,"jetpack_shortlink":"https:\/\/wp.me\/p8qtrQ-7Vc","jetpack-related-posts":[{"id":40831,"url":"https:\/\/larevistadigital.com.ar\/blog\/efemerides-del-10-de-agosto-que-paso-un-dia-como-hoy\/","url_meta":{"origin":30454,"position":0},"title":"Efem\u00e9rides del 10 de agosto: \u00bfqu\u00e9 pas\u00f3 un d\u00eda como hoy?","author":"Alejandro Sosa Ruda","date":"10 agosto, 2025","format":false,"excerpt":"Las\u00a0efem\u00e9rides del 10 de agosto\u00a0re\u00fanen diferentes eventos que pasaron un d\u00eda como hoy, domingo en que se celebra el\u00a0D\u00eda de la Fuerza A\u00e9rea Argentina. La jornada conmemora la creaci\u00f3n en el a\u00f1o 1912 de la\u00a0Escuela de Aviaci\u00f3n Militar, situada por entonces en la localidad bonaerense de El Palomar. El presidente\u00a0Roque\u2026","rel":"","context":"En \u00abCULTURA\u00bb","block_context":{"text":"CULTURA","link":"https:\/\/larevistadigital.com.ar\/blog\/category\/cultura\/"},"img":{"alt_text":"","src":"https:\/\/i0.wp.com\/larevistadigital.com.ar\/blog\/wp-content\/uploads\/LOGO-EFEMERIDES.jpg?fit=1200%2C628&ssl=1&resize=350%2C200","width":350,"height":200,"srcset":"https:\/\/i0.wp.com\/larevistadigital.com.ar\/blog\/wp-content\/uploads\/LOGO-EFEMERIDES.jpg?fit=1200%2C628&ssl=1&resize=350%2C200 1x, https:\/\/i0.wp.com\/larevistadigital.com.ar\/blog\/wp-content\/uploads\/LOGO-EFEMERIDES.jpg?fit=1200%2C628&ssl=1&resize=525%2C300 1.5x, https:\/\/i0.wp.com\/larevistadigital.com.ar\/blog\/wp-content\/uploads\/LOGO-EFEMERIDES.jpg?fit=1200%2C628&ssl=1&resize=700%2C400 2x, https:\/\/i0.wp.com\/larevistadigital.com.ar\/blog\/wp-content\/uploads\/LOGO-EFEMERIDES.jpg?fit=1200%2C628&ssl=1&resize=1050%2C600 3x"},"classes":[]},{"id":40913,"url":"https:\/\/larevistadigital.com.ar\/blog\/efemerides-del-14-de-agosto-que-paso-un-dia-como-hoy\/","url_meta":{"origin":30454,"position":1},"title":"Efem\u00e9rides del 14 de agosto: qu\u00e9 pas\u00f3 un d\u00eda como hoy","author":"Alejandro Sosa Ruda","date":"14 agosto, 2025","format":false,"excerpt":"Este 14 de agosto las efem\u00e9rides cuentan el\u00a0D\u00eda del Cerealista, una celebraci\u00f3n argentina que\u00a0saluda a este sector en un nuevo aniversario del primer embarque de trigo al extranjero, que sucedi\u00f3\u00a0un d\u00eda como este en 1926. La fecha tambi\u00e9n es el cumplea\u00f1os de numerosas figuras como\u00a0la leyenda de la NBA \u201cMagic\u201d\u2026","rel":"","context":"En \u00abCULTURA\u00bb","block_context":{"text":"CULTURA","link":"https:\/\/larevistadigital.com.ar\/blog\/category\/cultura\/"},"img":{"alt_text":"","src":"https:\/\/i0.wp.com\/larevistadigital.com.ar\/blog\/wp-content\/uploads\/LOGO-EFEMERIDES.jpg?fit=1200%2C628&ssl=1&resize=350%2C200","width":350,"height":200,"srcset":"https:\/\/i0.wp.com\/larevistadigital.com.ar\/blog\/wp-content\/uploads\/LOGO-EFEMERIDES.jpg?fit=1200%2C628&ssl=1&resize=350%2C200 1x, https:\/\/i0.wp.com\/larevistadigital.com.ar\/blog\/wp-content\/uploads\/LOGO-EFEMERIDES.jpg?fit=1200%2C628&ssl=1&resize=525%2C300 1.5x, https:\/\/i0.wp.com\/larevistadigital.com.ar\/blog\/wp-content\/uploads\/LOGO-EFEMERIDES.jpg?fit=1200%2C628&ssl=1&resize=700%2C400 2x, https:\/\/i0.wp.com\/larevistadigital.com.ar\/blog\/wp-content\/uploads\/LOGO-EFEMERIDES.jpg?fit=1200%2C628&ssl=1&resize=1050%2C600 3x"},"classes":[]},{"id":16777,"url":"https:\/\/larevistadigital.com.ar\/blog\/las-efemerides-de-un-dia-como-hoy-6-10\/","url_meta":{"origin":30454,"position":2},"title":"LAS EFEM\u00c9RIDES DE UN D\u00cdA COMO HOY&#8230;6\/10","author":"Alejandro Sosa Ruda","date":"6 octubre, 2020","format":false,"excerpt":"El D\u00eda del Circo 1858 -\u00a0Se celebra en esta fecha el D\u00eda del Circo,\u00a0debido al natalicio del uruguayo\u00a0Jos\u00e9 Juan\u00a0\"Pepe\"\u00a0Podest\u00e1, quien naci\u00f3 en la ciudad de Montevideo y supo desarrollar aqu\u00ed en nuestro pa\u00eds una inmensa tarea dentro de la actividad circense. A\u00f1os m\u00e1s tarde entra\u00f1ar\u00eda al payaso Pepino el 88,\u2026","rel":"","context":"En \u00abSOCIEDAD\u00bb","block_context":{"text":"SOCIEDAD","link":"https:\/\/larevistadigital.com.ar\/blog\/category\/sociedad\/"},"img":{"alt_text":"","src":"https:\/\/i0.wp.com\/larevistadigital.com.ar\/blog\/wp-content\/uploads\/LOGO-EFEMERIDES.jpg?fit=1200%2C628&ssl=1&resize=350%2C200","width":350,"height":200,"srcset":"https:\/\/i0.wp.com\/larevistadigital.com.ar\/blog\/wp-content\/uploads\/LOGO-EFEMERIDES.jpg?fit=1200%2C628&ssl=1&resize=350%2C200 1x, https:\/\/i0.wp.com\/larevistadigital.com.ar\/blog\/wp-content\/uploads\/LOGO-EFEMERIDES.jpg?fit=1200%2C628&ssl=1&resize=525%2C300 1.5x, https:\/\/i0.wp.com\/larevistadigital.com.ar\/blog\/wp-content\/uploads\/LOGO-EFEMERIDES.jpg?fit=1200%2C628&ssl=1&resize=700%2C400 2x, https:\/\/i0.wp.com\/larevistadigital.com.ar\/blog\/wp-content\/uploads\/LOGO-EFEMERIDES.jpg?fit=1200%2C628&ssl=1&resize=1050%2C600 3x"},"classes":[]},{"id":27084,"url":"https:\/\/larevistadigital.com.ar\/blog\/esto-paso-un-dia-como-hoy-12-8\/","url_meta":{"origin":30454,"position":3},"title":"ESTO PAS\u00d3 UN D\u00cdA COMO HOY, 12\/8","author":"Alejandro Sosa Ruda","date":"12 agosto, 2022","format":false,"excerpt":"Una de las efem\u00e9rides\u00a0que el mundo celebra este\u00a012 de agosto\u00a0es el\u00a0D\u00eda Internacional de la Juventud, designado por la Asamblea General de las Naciones Unidas para celebrar esta etapa de la vida y concientizar sobre las personas de estas edades que atraviesan situaciones de vulnerabilidad en todo el mundo. Adem\u00e1s, en\u2026","rel":"","context":"En \u00abCULTURA\u00bb","block_context":{"text":"CULTURA","link":"https:\/\/larevistadigital.com.ar\/blog\/category\/cultura\/"},"img":{"alt_text":"","src":"https:\/\/i0.wp.com\/larevistadigital.com.ar\/blog\/wp-content\/uploads\/LOGO-EFEMERIDES.jpg?fit=1200%2C628&ssl=1&resize=350%2C200","width":350,"height":200,"srcset":"https:\/\/i0.wp.com\/larevistadigital.com.ar\/blog\/wp-content\/uploads\/LOGO-EFEMERIDES.jpg?fit=1200%2C628&ssl=1&resize=350%2C200 1x, https:\/\/i0.wp.com\/larevistadigital.com.ar\/blog\/wp-content\/uploads\/LOGO-EFEMERIDES.jpg?fit=1200%2C628&ssl=1&resize=525%2C300 1.5x, https:\/\/i0.wp.com\/larevistadigital.com.ar\/blog\/wp-content\/uploads\/LOGO-EFEMERIDES.jpg?fit=1200%2C628&ssl=1&resize=700%2C400 2x, https:\/\/i0.wp.com\/larevistadigital.com.ar\/blog\/wp-content\/uploads\/LOGO-EFEMERIDES.jpg?fit=1200%2C628&ssl=1&resize=1050%2C600 3x"},"classes":[]},{"id":40698,"url":"https:\/\/larevistadigital.com.ar\/blog\/efemerides-que-sucedio-un-dia-como-hoy-1-de-agosto\/","url_meta":{"origin":30454,"position":4},"title":"Efem\u00e9rides: Qu\u00e9 sucedi\u00f3 un d\u00eda como hoy, 1\u00b0 de agosto&#8230;","author":"Alejandro Sosa Ruda","date":"1 agosto, 2025","format":false,"excerpt":"Este viernes 1\u00b0 de agosto es el D\u00eda de la Pachamama o de la Madre Tierra, entre otros eventos y aniversarios asociados a la fecha. 01 de Agosto de 2025 La fecha, que proviene de los pueblos originarios de varias naciones de\u00a0Am\u00e9rica Latina, consiste en una ofrenda a la\u00a0naturaleza\u00a0personificada como\u2026","rel":"","context":"En \u00abCULTURA\u00bb","block_context":{"text":"CULTURA","link":"https:\/\/larevistadigital.com.ar\/blog\/category\/cultura\/"},"img":{"alt_text":"","src":"https:\/\/i0.wp.com\/larevistadigital.com.ar\/blog\/wp-content\/uploads\/LOGO-EFEMERIDES.jpg?fit=1200%2C628&ssl=1&resize=350%2C200","width":350,"height":200,"srcset":"https:\/\/i0.wp.com\/larevistadigital.com.ar\/blog\/wp-content\/uploads\/LOGO-EFEMERIDES.jpg?fit=1200%2C628&ssl=1&resize=350%2C200 1x, https:\/\/i0.wp.com\/larevistadigital.com.ar\/blog\/wp-content\/uploads\/LOGO-EFEMERIDES.jpg?fit=1200%2C628&ssl=1&resize=525%2C300 1.5x, https:\/\/i0.wp.com\/larevistadigital.com.ar\/blog\/wp-content\/uploads\/LOGO-EFEMERIDES.jpg?fit=1200%2C628&ssl=1&resize=700%2C400 2x, https:\/\/i0.wp.com\/larevistadigital.com.ar\/blog\/wp-content\/uploads\/LOGO-EFEMERIDES.jpg?fit=1200%2C628&ssl=1&resize=1050%2C600 3x"},"classes":[]},{"id":30642,"url":"https:\/\/larevistadigital.com.ar\/blog\/esto-paso-un-dia-como-hoy-21-de-marzo\/","url_meta":{"origin":30454,"position":5},"title":"ESTO PAS\u00d3 UN D\u00cdA COMO HOY, 21 DE MARZO&#8230;","author":"Alejandro Sosa Ruda","date":"21 marzo, 2023","format":false,"excerpt":"Desde\u00a0sucesos legendarios, infames tragedias e importantes adelantos cient\u00edficos, hasta nacimientos y muertes de personajes relevantes como l\u00edderes sociales, cient\u00edficos y artistas, es lo que nos traen las efem\u00e9rides de este mi\u00e9rcoles. 21 De Marzo de 2023 2019: J\u00f3venes activistas, entre ellos la sueca Greta Thunberg, piden en la Asamblea de\u2026","rel":"","context":"En \u00abCULTURA\u00bb","block_context":{"text":"CULTURA","link":"https:\/\/larevistadigital.com.ar\/blog\/category\/cultura\/"},"img":{"alt_text":"","src":"https:\/\/i0.wp.com\/larevistadigital.com.ar\/blog\/wp-content\/uploads\/LOGO-EFEMERIDES.jpg?fit=1200%2C628&ssl=1&resize=350%2C200","width":350,"height":200,"srcset":"https:\/\/i0.wp.com\/larevistadigital.com.ar\/blog\/wp-content\/uploads\/LOGO-EFEMERIDES.jpg?fit=1200%2C628&ssl=1&resize=350%2C200 1x, https:\/\/i0.wp.com\/larevistadigital.com.ar\/blog\/wp-content\/uploads\/LOGO-EFEMERIDES.jpg?fit=1200%2C628&ssl=1&resize=525%2C300 1.5x, https:\/\/i0.wp.com\/larevistadigital.com.ar\/blog\/wp-content\/uploads\/LOGO-EFEMERIDES.jpg?fit=1200%2C628&ssl=1&resize=700%2C400 2x, https:\/\/i0.wp.com\/larevistadigital.com.ar\/blog\/wp-content\/uploads\/LOGO-EFEMERIDES.jpg?fit=1200%2C628&ssl=1&resize=1050%2C600 3x"},"classes":[]}],"_links":{"self":[{"href":"https:\/\/larevistadigital.com.ar\/blog\/wp-json\/wp\/v2\/posts\/30454","targetHints":{"allow":["GET"]}}],"collection":[{"href":"https:\/\/larevistadigital.com.ar\/blog\/wp-json\/wp\/v2\/posts"}],"about":[{"href":"https:\/\/larevistadigital.com.ar\/blog\/wp-json\/wp\/v2\/types\/post"}],"author":[{"embeddable":true,"href":"https:\/\/larevistadigital.com.ar\/blog\/wp-json\/wp\/v2\/users\/3"}],"replies":[{"embeddable":true,"href":"https:\/\/larevistadigital.com.ar\/blog\/wp-json\/wp\/v2\/comments?post=30454"}],"version-history":[{"count":1,"href":"https:\/\/larevistadigital.com.ar\/blog\/wp-json\/wp\/v2\/posts\/30454\/revisions"}],"predecessor-version":[{"id":30455,"href":"https:\/\/larevistadigital.com.ar\/blog\/wp-json\/wp\/v2\/posts\/30454\/revisions\/30455"}],"wp:featuredmedia":[{"embeddable":true,"href":"https:\/\/larevistadigital.com.ar\/blog\/wp-json\/wp\/v2\/media\/16747"}],"wp:attachment":[{"href":"https:\/\/larevistadigital.com.ar\/blog\/wp-json\/wp\/v2\/media?parent=30454"}],"wp:term":[{"taxonomy":"category","embeddable":true,"href":"https:\/\/larevistadigital.com.ar\/blog\/wp-json\/wp\/v2\/categories?post=30454"},{"taxonomy":"post_tag","embeddable":true,"href":"https:\/\/larevistadigital.com.ar\/blog\/wp-json\/wp\/v2\/tags?post=30454"}],"curies":[{"name":"wp","href":"https:\/\/api.w.org\/{rel}","templated":true}]}}