{"id":30459,"date":"2023-03-08T15:10:07","date_gmt":"2023-03-08T15:10:07","guid":{"rendered":"https:\/\/larevistadigital.com.ar\/blog\/?p=30459"},"modified":"2023-03-08T15:10:07","modified_gmt":"2023-03-08T15:10:07","slug":"dolores-muere-una-mujer-en-un-accidente-fatal-en-la-ruta-63","status":"publish","type":"post","link":"https:\/\/larevistadigital.com.ar\/blog\/dolores-muere-una-mujer-en-un-accidente-fatal-en-la-ruta-63\/","title":{"rendered":"DOLORES: MUERE UNA MUJER EN UN ACCIDENTE FATAL  EN LA RUTA 63"},"content":{"rendered":"<h2 class=\"nota__hero__summary\">La joven de 26 a\u00f1os perdi\u00f3 el control del veh\u00edculo, despist\u00f3 y volc\u00f3.<\/h2>\n<p>8 de marzo de 2023<\/p>\n<p><strong>DOLORES &#8211;\u00a0<\/strong> Una mujer de 26 a\u00f1os, falleci\u00f3 como consecuencia de un tr\u00e1gico accidente se registr\u00f3 en la <strong>Ruta 63 a la altura de Dolores.<\/strong><\/p>\n<blockquote>\n<h3>La joven perdi\u00f3 el control del veh\u00edculo, despist\u00f3 y termin\u00f3 volcando en la banquina, por causas que a\u00fan se tratan de establecer.<\/h3>\n<\/blockquote>\n<p>La chica, era oriunda de Capital Federal, y fue trasladada al Hospital San Roque, donde lamentablemente\u00a0<strong>falleci\u00f3 por las graves heridas<\/strong>\u00a0que sufri\u00f3.<\/p>\n<p>En el lugar trabajaron efectivos de la Polic\u00eda Vial de Dolores, Sistema de Emergencias y personal de AUBASA,<\/p>\n<p>fuente e imagen: entrel\u00edneas.info<\/p>\n","protected":false},"excerpt":{"rendered":"<div class=\"mh-excerpt\"><p>La joven de 26 a\u00f1os perdi\u00f3 el control del veh\u00edculo, despist\u00f3 y volc\u00f3. 8 de marzo de 2023 DOLORES &#8211;\u00a0 Una mujer de 26 a\u00f1os, falleci\u00f3 como consecuencia de un tr\u00e1gico accidente se registr\u00f3 en <a class=\"mh-excerpt-more\" href=\"https:\/\/larevistadigital.com.ar\/blog\/dolores-muere-una-mujer-en-un-accidente-fatal-en-la-ruta-63\/\" title=\"DOLORES: MUERE UNA MUJER EN UN ACCIDENTE FATAL  EN LA RUTA 63\">[Leer M\u00e1s]<\/a><\/p>\n<\/div>","protected":false},"author":3,"featured_media":30460,"comment_status":"open","ping_status":"open","sticky":false,"template":"","format":"standard","meta":{"_jetpack_memberships_contains_paid_content":false,"footnotes":"","jetpack_publicize_message":"","jetpack_publicize_feature_enabled":true,"jetpack_social_post_already_shared":true,"jetpack_social_options":{"image_generator_settings":{"template":"highway","default_image_id":0,"font":"","enabled":false},"version":2}},"categories":[43,44,51],"tags":[],"class_list":{"0":"post-30459","1":"post","2":"type-post","3":"status-publish","4":"format-standard","5":"has-post-thumbnail","7":"category-dolores","8":"category-policiales","9":"category-regionales"},"jetpack_publicize_connections":[],"jetpack_featured_media_url":"https:\/\/i0.wp.com\/larevistadigital.com.ar\/blog\/wp-content\/uploads\/f63ea82b4e3f22caa1f2022f314c373f8fb7eb32.jpg?fit=1140%2C706&ssl=1","jetpack_sharing_enabled":true,"jetpack_shortlink":"https:\/\/wp.me\/p8qtrQ-7Vh","jetpack-related-posts":[{"id":27844,"url":"https:\/\/larevistadigital.com.ar\/blog\/violento-accidente-en-la-ruta-63-no-hubo-heridos\/","url_meta":{"origin":30459,"position":0},"title":"VIOLENTO ACCIDENTE EN LA RUTA 63. NO HUBO HERIDOS","author":"Alejandro Sosa Ruda","date":"19 septiembre, 2022","format":false,"excerpt":"Un dolorense conduc\u00eda el auto, y pudo salir por sus propios medios. 18 de septiembre de 2022 DOLORES -\u00a0 Un fuerte accidente de tr\u00e1nsito se produjo a la altura del kil\u00f3metro 1;5 de la Ruta 63 en jurisdicci\u00f3n de Dolores. Por cuestiones que se tratan de establecer, quien conduc\u00eda perdi\u00f3\u2026","rel":"","context":"En \u00abDOLORES\u00bb","block_context":{"text":"DOLORES","link":"https:\/\/larevistadigital.com.ar\/blog\/category\/dolores\/"},"img":{"alt_text":"","src":"https:\/\/i0.wp.com\/larevistadigital.com.ar\/blog\/wp-content\/uploads\/Diseno-sin-titulo-15.png?fit=1200%2C675&ssl=1&resize=350%2C200","width":350,"height":200,"srcset":"https:\/\/i0.wp.com\/larevistadigital.com.ar\/blog\/wp-content\/uploads\/Diseno-sin-titulo-15.png?fit=1200%2C675&ssl=1&resize=350%2C200 1x, https:\/\/i0.wp.com\/larevistadigital.com.ar\/blog\/wp-content\/uploads\/Diseno-sin-titulo-15.png?fit=1200%2C675&ssl=1&resize=525%2C300 1.5x, https:\/\/i0.wp.com\/larevistadigital.com.ar\/blog\/wp-content\/uploads\/Diseno-sin-titulo-15.png?fit=1200%2C675&ssl=1&resize=700%2C400 2x, https:\/\/i0.wp.com\/larevistadigital.com.ar\/blog\/wp-content\/uploads\/Diseno-sin-titulo-15.png?fit=1200%2C675&ssl=1&resize=1050%2C600 3x"},"classes":[]},{"id":35759,"url":"https:\/\/larevistadigital.com.ar\/blog\/dolores-violento-vuelco-con-cuatro-heridos\/","url_meta":{"origin":30459,"position":1},"title":"DOLORES: VIOLENTO VUELCO CON CUATRO HERIDOS","author":"Alejandro Sosa Ruda","date":"4 abril, 2024","format":false,"excerpt":"As\u00ed lo inform\u00f3 el portal \"entrel\u00edneas\". El siniestro, ocurri\u00f3 en horas de la tarde. Se mont\u00f3 un importante operativo para rescatar a los ocupantes del veh\u00edculo. 4 de abril de 2024 DOLORES -\u00a0 Un impactante accidente de tr\u00e1nsito se produjo este mi\u00e9rcoles por la tarde a la altura del\u00a0kil\u00f3metro 15\u2026","rel":"","context":"En \u00abPOLICIALES\u00bb","block_context":{"text":"POLICIALES","link":"https:\/\/larevistadigital.com.ar\/blog\/category\/policiales\/"},"img":{"alt_text":"","src":"https:\/\/i0.wp.com\/larevistadigital.com.ar\/blog\/wp-content\/uploads\/dc8cb3ef042368cb1cde98bafc7d0374a5347965.jpg?fit=1140%2C854&ssl=1&resize=350%2C200","width":350,"height":200,"srcset":"https:\/\/i0.wp.com\/larevistadigital.com.ar\/blog\/wp-content\/uploads\/dc8cb3ef042368cb1cde98bafc7d0374a5347965.jpg?fit=1140%2C854&ssl=1&resize=350%2C200 1x, https:\/\/i0.wp.com\/larevistadigital.com.ar\/blog\/wp-content\/uploads\/dc8cb3ef042368cb1cde98bafc7d0374a5347965.jpg?fit=1140%2C854&ssl=1&resize=525%2C300 1.5x, https:\/\/i0.wp.com\/larevistadigital.com.ar\/blog\/wp-content\/uploads\/dc8cb3ef042368cb1cde98bafc7d0374a5347965.jpg?fit=1140%2C854&ssl=1&resize=700%2C400 2x, https:\/\/i0.wp.com\/larevistadigital.com.ar\/blog\/wp-content\/uploads\/dc8cb3ef042368cb1cde98bafc7d0374a5347965.jpg?fit=1140%2C854&ssl=1&resize=1050%2C600 3x"},"classes":[]},{"id":40215,"url":"https:\/\/larevistadigital.com.ar\/blog\/dolores-una-pareja-perdio-la-vida-en-un-vuelco-en-la-ruta-2\/","url_meta":{"origin":30459,"position":2},"title":"Dolores: Una pareja perdi\u00f3 la vida en un vuelco en la Ruta 2","author":"Alejandro Sosa Ruda","date":"30 junio, 2025","format":false,"excerpt":"El fatal accidente ocurri\u00f3 en el kil\u00f3metro 222 de la Autov\u00eda 2. Pese al trabajo de los rescatistas, ambos ocupantes del veh\u00edculo fallecieron. 30 de Junio de 2025 DOLORES -\u00a0 Una nueva tragedia vial enluta a la regi\u00f3n. Este domingo, en horas de la tarde, un veh\u00edculo Ford Ecosport gris\u2026","rel":"","context":"En \u00abDOLORES\u00bb","block_context":{"text":"DOLORES","link":"https:\/\/larevistadigital.com.ar\/blog\/category\/dolores\/"},"img":{"alt_text":"","src":"https:\/\/i0.wp.com\/larevistadigital.com.ar\/blog\/wp-content\/uploads\/6c45eeca3dc84fec720f29cf711eb7429f22def6.jpg?fit=1140%2C649&ssl=1&resize=350%2C200","width":350,"height":200,"srcset":"https:\/\/i0.wp.com\/larevistadigital.com.ar\/blog\/wp-content\/uploads\/6c45eeca3dc84fec720f29cf711eb7429f22def6.jpg?fit=1140%2C649&ssl=1&resize=350%2C200 1x, https:\/\/i0.wp.com\/larevistadigital.com.ar\/blog\/wp-content\/uploads\/6c45eeca3dc84fec720f29cf711eb7429f22def6.jpg?fit=1140%2C649&ssl=1&resize=525%2C300 1.5x, https:\/\/i0.wp.com\/larevistadigital.com.ar\/blog\/wp-content\/uploads\/6c45eeca3dc84fec720f29cf711eb7429f22def6.jpg?fit=1140%2C649&ssl=1&resize=700%2C400 2x, https:\/\/i0.wp.com\/larevistadigital.com.ar\/blog\/wp-content\/uploads\/6c45eeca3dc84fec720f29cf711eb7429f22def6.jpg?fit=1140%2C649&ssl=1&resize=1050%2C600 3x"},"classes":[]},{"id":30820,"url":"https:\/\/larevistadigital.com.ar\/blog\/ruta-2-fallece-un-joven-y-hay-tres-heridos-en-un-vuelco\/","url_meta":{"origin":30459,"position":3},"title":"RUTA 2: FALLECE UN JOVEN Y HAY TRES HERIDOS EN UN VUELCO","author":"Alejandro Sosa Ruda","date":"31 marzo, 2023","format":false,"excerpt":"Ten\u00eda 17 a\u00f1os y falleci\u00f3 producto de las heridas sufridas en el vuelco del auto, ocurrido en el kil\u00f3metro 188. El conductor se encuentra grave y los otros dos ocupantes est\u00e1n fuera de peligro. 31 de marzo de 2023 CASTELLI -\u00a0 Durante la madrugada se produjo un fatal accidente a\u2026","rel":"","context":"En \u00abPOLICIALES\u00bb","block_context":{"text":"POLICIALES","link":"https:\/\/larevistadigital.com.ar\/blog\/category\/policiales\/"},"img":{"alt_text":"","src":"https:\/\/i0.wp.com\/larevistadigital.com.ar\/blog\/wp-content\/uploads\/e2d35f4119020ddf797dcdc9e7a8a1e4275c0e16.jpg?fit=1140%2C661&ssl=1&resize=350%2C200","width":350,"height":200,"srcset":"https:\/\/i0.wp.com\/larevistadigital.com.ar\/blog\/wp-content\/uploads\/e2d35f4119020ddf797dcdc9e7a8a1e4275c0e16.jpg?fit=1140%2C661&ssl=1&resize=350%2C200 1x, https:\/\/i0.wp.com\/larevistadigital.com.ar\/blog\/wp-content\/uploads\/e2d35f4119020ddf797dcdc9e7a8a1e4275c0e16.jpg?fit=1140%2C661&ssl=1&resize=525%2C300 1.5x, https:\/\/i0.wp.com\/larevistadigital.com.ar\/blog\/wp-content\/uploads\/e2d35f4119020ddf797dcdc9e7a8a1e4275c0e16.jpg?fit=1140%2C661&ssl=1&resize=700%2C400 2x, https:\/\/i0.wp.com\/larevistadigital.com.ar\/blog\/wp-content\/uploads\/e2d35f4119020ddf797dcdc9e7a8a1e4275c0e16.jpg?fit=1140%2C661&ssl=1&resize=1050%2C600 3x"},"classes":[]},{"id":18891,"url":"https:\/\/larevistadigital.com.ar\/blog\/terrible-accidente-en-la-ruta-63\/","url_meta":{"origin":30459,"position":4},"title":"TERRIBLE ACCIDENTE EN LA RUTA 63","author":"Alejandro Sosa Ruda","date":"17 febrero, 2021","format":false,"excerpt":"Ocurri\u00f3 en el kil\u00f3metro 19, mano a la Ciudad de Buenos Aires, cuando un auto se despist\u00f3 y choc\u00f3 contra un \u00e1rbol. Dos mayores y tres menores fueron trasladados al Hospital de Dolores. Un grave accidente se produjo esta ma\u00f1ana en el kil\u00f3metro 19 de la Ruta 63, mano a\u2026","rel":"","context":"En \u00abDOLORES\u00bb","block_context":{"text":"DOLORES","link":"https:\/\/larevistadigital.com.ar\/blog\/category\/dolores\/"},"img":{"alt_text":"","src":"https:\/\/i0.wp.com\/larevistadigital.com.ar\/blog\/wp-content\/uploads\/a4add3d875f4cf80d6d734ea9f21ae5b6d0a44a9.jpeg?fit=1140%2C640&ssl=1&resize=350%2C200","width":350,"height":200,"srcset":"https:\/\/i0.wp.com\/larevistadigital.com.ar\/blog\/wp-content\/uploads\/a4add3d875f4cf80d6d734ea9f21ae5b6d0a44a9.jpeg?fit=1140%2C640&ssl=1&resize=350%2C200 1x, https:\/\/i0.wp.com\/larevistadigital.com.ar\/blog\/wp-content\/uploads\/a4add3d875f4cf80d6d734ea9f21ae5b6d0a44a9.jpeg?fit=1140%2C640&ssl=1&resize=525%2C300 1.5x, https:\/\/i0.wp.com\/larevistadigital.com.ar\/blog\/wp-content\/uploads\/a4add3d875f4cf80d6d734ea9f21ae5b6d0a44a9.jpeg?fit=1140%2C640&ssl=1&resize=700%2C400 2x, https:\/\/i0.wp.com\/larevistadigital.com.ar\/blog\/wp-content\/uploads\/a4add3d875f4cf80d6d734ea9f21ae5b6d0a44a9.jpeg?fit=1140%2C640&ssl=1&resize=1050%2C600 3x"},"classes":[]},{"id":19309,"url":"https:\/\/larevistadigital.com.ar\/blog\/dolores-dos-vuelcos-complicaron-el-transito-en-las-rutas-2-y-63\/","url_meta":{"origin":30459,"position":5},"title":"DOLORES: DOS VUELCOS COMPLICARON EL TR\u00c1NSITO EN LAS RUTAS 2 Y 63","author":"Alejandro Sosa Ruda","date":"18 marzo, 2021","format":false,"excerpt":"En uno de los accidentes un cami\u00f3n termin\u00f3 atravesado sobre la calzada y perdi\u00f3 su carga de aceite. DOLORES - Un impresionante vuelco tuvo lugar en la ruta 2, a la altura del kil\u00f3metro 200 cuando, por causas que se tratan de establecer, un camionero perdi\u00f3 el control de su\u2026","rel":"","context":"En \u00abINTERES GENERAL\u00bb","block_context":{"text":"INTERES GENERAL","link":"https:\/\/larevistadigital.com.ar\/blog\/category\/interes-general\/"},"img":{"alt_text":"","src":"https:\/\/i0.wp.com\/larevistadigital.com.ar\/blog\/wp-content\/uploads\/dd3cb59f2a150c342889415ecfab1dd5dfd4b14b.jpg?fit=1140%2C702&ssl=1&resize=350%2C200","width":350,"height":200,"srcset":"https:\/\/i0.wp.com\/larevistadigital.com.ar\/blog\/wp-content\/uploads\/dd3cb59f2a150c342889415ecfab1dd5dfd4b14b.jpg?fit=1140%2C702&ssl=1&resize=350%2C200 1x, https:\/\/i0.wp.com\/larevistadigital.com.ar\/blog\/wp-content\/uploads\/dd3cb59f2a150c342889415ecfab1dd5dfd4b14b.jpg?fit=1140%2C702&ssl=1&resize=525%2C300 1.5x, https:\/\/i0.wp.com\/larevistadigital.com.ar\/blog\/wp-content\/uploads\/dd3cb59f2a150c342889415ecfab1dd5dfd4b14b.jpg?fit=1140%2C702&ssl=1&resize=700%2C400 2x, https:\/\/i0.wp.com\/larevistadigital.com.ar\/blog\/wp-content\/uploads\/dd3cb59f2a150c342889415ecfab1dd5dfd4b14b.jpg?fit=1140%2C702&ssl=1&resize=1050%2C600 3x"},"classes":[]}],"_links":{"self":[{"href":"https:\/\/larevistadigital.com.ar\/blog\/wp-json\/wp\/v2\/posts\/30459","targetHints":{"allow":["GET"]}}],"collection":[{"href":"https:\/\/larevistadigital.com.ar\/blog\/wp-json\/wp\/v2\/posts"}],"about":[{"href":"https:\/\/larevistadigital.com.ar\/blog\/wp-json\/wp\/v2\/types\/post"}],"author":[{"embeddable":true,"href":"https:\/\/larevistadigital.com.ar\/blog\/wp-json\/wp\/v2\/users\/3"}],"replies":[{"embeddable":true,"href":"https:\/\/larevistadigital.com.ar\/blog\/wp-json\/wp\/v2\/comments?post=30459"}],"version-history":[{"count":1,"href":"https:\/\/larevistadigital.com.ar\/blog\/wp-json\/wp\/v2\/posts\/30459\/revisions"}],"predecessor-version":[{"id":30461,"href":"https:\/\/larevistadigital.com.ar\/blog\/wp-json\/wp\/v2\/posts\/30459\/revisions\/30461"}],"wp:featuredmedia":[{"embeddable":true,"href":"https:\/\/larevistadigital.com.ar\/blog\/wp-json\/wp\/v2\/media\/30460"}],"wp:attachment":[{"href":"https:\/\/larevistadigital.com.ar\/blog\/wp-json\/wp\/v2\/media?parent=30459"}],"wp:term":[{"taxonomy":"category","embeddable":true,"href":"https:\/\/larevistadigital.com.ar\/blog\/wp-json\/wp\/v2\/categories?post=30459"},{"taxonomy":"post_tag","embeddable":true,"href":"https:\/\/larevistadigital.com.ar\/blog\/wp-json\/wp\/v2\/tags?post=30459"}],"curies":[{"name":"wp","href":"https:\/\/api.w.org\/{rel}","templated":true}]}}