{"id":30462,"date":"2023-03-08T15:14:02","date_gmt":"2023-03-08T15:14:02","guid":{"rendered":"https:\/\/larevistadigital.com.ar\/blog\/?p=30462"},"modified":"2023-03-08T15:14:02","modified_gmt":"2023-03-08T15:14:02","slug":"dolores-inusual-seguidilla-de-cuentos-del-tio-causa-preocupacion-y-alerta-policial","status":"publish","type":"post","link":"https:\/\/larevistadigital.com.ar\/blog\/dolores-inusual-seguidilla-de-cuentos-del-tio-causa-preocupacion-y-alerta-policial\/","title":{"rendered":"DOLORES: INUSUAL SEGUIDILLA DE \u00abCUENTOS DEL T\u00cdO\u00bb CAUSA PREOCUPACI\u00d3N Y ALERTA POLICIAL."},"content":{"rendered":"<h2 class=\"nota__hero__summary\">Las autoridades policiales difundieron recomendaciones para actuar ante este tipo de estafas, que en los \u00faltimos tiempos recrudecieron en la Regi\u00f3n.<\/h2>\n<p>8 de marzo de 2023<\/p>\n<p><strong>DOLORES &#8211;\u00a0 <\/strong>La estrategia es repetida: alguien realiza un llamado haci\u00e9ndose pasar por un familiar y le dice a la persona que alguien pasar\u00e1 a buscar dinero. \u00bfLa excusa? Que hay que cambiarlo porque saldr\u00e1n de funcionamiento o algo similar; que hay que ponerlo en una cuenta para que no se desvalorice. En otras oportunidades, m\u00e1s amenazante, se finge un secuestro. En todos los casos, se denomina popularmnete como \u00ab<strong>cuento del t\u00edo<\/strong>\u00ab.<\/p>\n<blockquote>\n<h3>Esto se ha repetido varias veces en los \u00faltimos d\u00edas en la Regi\u00f3n, por lo que desde la\u00a0<strong>Comisaria de Dolores<\/strong>\u00a0difundieron algunas\u00a0<strong>recomendaciones\u00a0<\/strong>para no ser v\u00edctimas de este tipo de estafa. Las autoridades policiales informaron que, ante este tipo de llamados se debe\u00a0<strong>actuar con tranquilidad, cortar la comunicaci\u00f3n, contactarse con alg\u00fan familiar y dar aviso a la polic\u00eda<\/strong>\u00a0del intento de estafa.<\/h3>\n<\/blockquote>\n<p>Adem\u00e1s remarcaron que, los vecinos deben tener en cuenta las siguientes recomendaciones:<strong>\u00a0no brindar datos personales ni bancarios<\/strong>,<strong>\u00a0no ir a cajeros autom\u00e1ticos<\/strong>\u00a0ante el requerimiento del llamado telef\u00f3nico,\u00a0<strong>no entregar dinero a desconocidos<\/strong>\u00a0y no ingresar o realizar operaciones a trav\u00e9s de links desconocidos.<\/p>\n<p>Finalmente, se remarc\u00f3 la importancia, ante este tipo de llamados, que tiene realizar de inmediato la correspondiente denuncia.<\/p>\n<p>publicado en entrel\u00edneas.info<\/p>\n","protected":false},"excerpt":{"rendered":"<div class=\"mh-excerpt\"><p>Las autoridades policiales difundieron recomendaciones para actuar ante este tipo de estafas, que en los \u00faltimos tiempos recrudecieron en la Regi\u00f3n. 8 de marzo de 2023 DOLORES &#8211;\u00a0 La estrategia es repetida: alguien realiza un <a class=\"mh-excerpt-more\" href=\"https:\/\/larevistadigital.com.ar\/blog\/dolores-inusual-seguidilla-de-cuentos-del-tio-causa-preocupacion-y-alerta-policial\/\" title=\"DOLORES: INUSUAL SEGUIDILLA DE \u00abCUENTOS DEL T\u00cdO\u00bb CAUSA PREOCUPACI\u00d3N Y ALERTA POLICIAL.\">[Leer M\u00e1s]<\/a><\/p>\n<\/div>","protected":false},"author":3,"featured_media":30463,"comment_status":"open","ping_status":"open","sticky":false,"template":"","format":"standard","meta":{"_jetpack_memberships_contains_paid_content":false,"footnotes":"","jetpack_publicize_message":"","jetpack_publicize_feature_enabled":true,"jetpack_social_post_already_shared":true,"jetpack_social_options":{"image_generator_settings":{"template":"highway","default_image_id":0,"font":"","enabled":false},"version":2}},"categories":[43,44,51],"tags":[],"class_list":{"0":"post-30462","1":"post","2":"type-post","3":"status-publish","4":"format-standard","5":"has-post-thumbnail","7":"category-dolores","8":"category-policiales","9":"category-regionales"},"jetpack_publicize_connections":[],"jetpack_featured_media_url":"https:\/\/i0.wp.com\/larevistadigital.com.ar\/blog\/wp-content\/uploads\/cuento.jpg?fit=999%2C666&ssl=1","jetpack_sharing_enabled":true,"jetpack_shortlink":"https:\/\/wp.me\/p8qtrQ-7Vk","jetpack-related-posts":[{"id":23501,"url":"https:\/\/larevistadigital.com.ar\/blog\/continua-la-ola-de-estafas-en-la-region-ahora-le-robaron-1700-dolares-a-una-mujer-en-dolores\/","url_meta":{"origin":30462,"position":0},"title":"CONTIN\u00daA LA OLA DE ESTAFAS EN LA REGI\u00d3N. AHORA LE ROBARON 1700 D\u00d3LARES A UNA MUJER EN DOLORES","author":"Alejandro Sosa Ruda","date":"22 enero, 2022","format":false,"excerpt":"Una persona se hizo pasar por su sobrina y le dijo que deb\u00eda cambiar el dinero. Dos hombres fueron los c\u00f3mplices. Luego, la mujer habl\u00f3 con otro familiar y advirti\u00f3 que hab\u00eda sido enga\u00f1ada y v\u00edctima de un robo. DOLORES -\u00a0Una docente jubilada de Dolores fue v\u00edctima de un enga\u00f1o\u2026","rel":"","context":"En \u00abDOLORES\u00bb","block_context":{"text":"DOLORES","link":"https:\/\/larevistadigital.com.ar\/blog\/category\/dolores\/"},"img":{"alt_text":"","src":"https:\/\/i0.wp.com\/larevistadigital.com.ar\/blog\/wp-content\/uploads\/20220121184129_cuentodeltiojpg.jpg?fit=880%2C512&ssl=1&resize=350%2C200","width":350,"height":200,"srcset":"https:\/\/i0.wp.com\/larevistadigital.com.ar\/blog\/wp-content\/uploads\/20220121184129_cuentodeltiojpg.jpg?fit=880%2C512&ssl=1&resize=350%2C200 1x, https:\/\/i0.wp.com\/larevistadigital.com.ar\/blog\/wp-content\/uploads\/20220121184129_cuentodeltiojpg.jpg?fit=880%2C512&ssl=1&resize=525%2C300 1.5x, https:\/\/i0.wp.com\/larevistadigital.com.ar\/blog\/wp-content\/uploads\/20220121184129_cuentodeltiojpg.jpg?fit=880%2C512&ssl=1&resize=700%2C400 2x"},"classes":[]},{"id":25036,"url":"https:\/\/larevistadigital.com.ar\/blog\/dolores-dos-detenidos-tras-un-nuevo-intento-de-cuento-del-tio\/","url_meta":{"origin":30462,"position":1},"title":"DOLORES: DOS DETENIDOS TRAS UN NUEVO INTENTO DE \u00abCUENTO DEL T\u00cdO\u00bb","author":"Alejandro Sosa Ruda","date":"11 abril, 2022","format":false,"excerpt":"Fueron interceptados en la Ruta 2 tras un gran operativo cerrojo. DOLORES -\u00a0 En las \u00faltimas horas, fueron detenidos dos hombres oriundos de Capital Federal, con antecedentes por delitos de estafa. En esta oportunidad,\u00a0 un remisero de Dolores, que hab\u00eda sido v\u00edctima del \"cuento del t\u00edo\", recibi\u00f3 un llamado para\u2026","rel":"","context":"En \u00abDOLORES\u00bb","block_context":{"text":"DOLORES","link":"https:\/\/larevistadigital.com.ar\/blog\/category\/dolores\/"},"img":{"alt_text":"","src":"https:\/\/i0.wp.com\/larevistadigital.com.ar\/blog\/wp-content\/uploads\/88381adc587fa8a1e6a1dc82a6ca4e1b93ba1bbe.jpg?fit=1140%2C757&ssl=1&resize=350%2C200","width":350,"height":200,"srcset":"https:\/\/i0.wp.com\/larevistadigital.com.ar\/blog\/wp-content\/uploads\/88381adc587fa8a1e6a1dc82a6ca4e1b93ba1bbe.jpg?fit=1140%2C757&ssl=1&resize=350%2C200 1x, https:\/\/i0.wp.com\/larevistadigital.com.ar\/blog\/wp-content\/uploads\/88381adc587fa8a1e6a1dc82a6ca4e1b93ba1bbe.jpg?fit=1140%2C757&ssl=1&resize=525%2C300 1.5x, https:\/\/i0.wp.com\/larevistadigital.com.ar\/blog\/wp-content\/uploads\/88381adc587fa8a1e6a1dc82a6ca4e1b93ba1bbe.jpg?fit=1140%2C757&ssl=1&resize=700%2C400 2x, https:\/\/i0.wp.com\/larevistadigital.com.ar\/blog\/wp-content\/uploads\/88381adc587fa8a1e6a1dc82a6ca4e1b93ba1bbe.jpg?fit=1140%2C757&ssl=1&resize=1050%2C600 3x"},"classes":[]},{"id":40353,"url":"https:\/\/larevistadigital.com.ar\/blog\/incendio-arraso-con-una-vivienda-en-dolores-perdidas-totales\/","url_meta":{"origin":30462,"position":2},"title":"Incendio arras\u00f3 con una vivienda en Dolores: p\u00e9rdidas totales","author":"Alejandro Sosa Ruda","date":"6 julio, 2025","format":false,"excerpt":"Un voraz incendio destruy\u00f3 por completo una vivienda ubicada sobre la continuaci\u00f3n de calle Pilotto, en la zona rural de Dolores, generando profunda preocupaci\u00f3n en la comunidad local. 06 de Julio de 2025 DOLORES -\u00a0 El siniestro se produjo en la noche del s\u00e1bado. El propietario del inmueble fue quien\u2026","rel":"","context":"En \u00abDOLORES\u00bb","block_context":{"text":"DOLORES","link":"https:\/\/larevistadigital.com.ar\/blog\/category\/dolores\/"},"img":{"alt_text":"","src":"https:\/\/i0.wp.com\/larevistadigital.com.ar\/blog\/wp-content\/uploads\/INCENDIO-DOLORES.jpg?fit=1140%2C526&ssl=1&resize=350%2C200","width":350,"height":200,"srcset":"https:\/\/i0.wp.com\/larevistadigital.com.ar\/blog\/wp-content\/uploads\/INCENDIO-DOLORES.jpg?fit=1140%2C526&ssl=1&resize=350%2C200 1x, https:\/\/i0.wp.com\/larevistadigital.com.ar\/blog\/wp-content\/uploads\/INCENDIO-DOLORES.jpg?fit=1140%2C526&ssl=1&resize=525%2C300 1.5x, https:\/\/i0.wp.com\/larevistadigital.com.ar\/blog\/wp-content\/uploads\/INCENDIO-DOLORES.jpg?fit=1140%2C526&ssl=1&resize=700%2C400 2x, https:\/\/i0.wp.com\/larevistadigital.com.ar\/blog\/wp-content\/uploads\/INCENDIO-DOLORES.jpg?fit=1140%2C526&ssl=1&resize=1050%2C600 3x"},"classes":[]},{"id":20448,"url":"https:\/\/larevistadigital.com.ar\/blog\/dolores-robaron-en-el-hospital-san-roque\/","url_meta":{"origin":30462,"position":3},"title":"DOLORES: ROBARON EN EL HOSPITAL SAN ROQUE","author":"Alejandro Sosa Ruda","date":"25 mayo, 2021","format":false,"excerpt":"DOLORES - Durante la jornada del lunes advirtieron que ladrones hab\u00edan robado en el Hospital San Roque de Dolores. Los delincuentes ingresaron a una dependencia que queda sobre calle Montes y se robaron una computadora y un televisor. En ese sector se atiende una especialidad por lo que hay personal\u2026","rel":"","context":"En \u00abDOLORES\u00bb","block_context":{"text":"DOLORES","link":"https:\/\/larevistadigital.com.ar\/blog\/category\/dolores\/"},"img":{"alt_text":"","src":"https:\/\/i0.wp.com\/larevistadigital.com.ar\/blog\/wp-content\/uploads\/fb24ad4196c02f0bea3588c2f5c7a593aed421f6.jpg?fit=1140%2C758&ssl=1&resize=350%2C200","width":350,"height":200,"srcset":"https:\/\/i0.wp.com\/larevistadigital.com.ar\/blog\/wp-content\/uploads\/fb24ad4196c02f0bea3588c2f5c7a593aed421f6.jpg?fit=1140%2C758&ssl=1&resize=350%2C200 1x, https:\/\/i0.wp.com\/larevistadigital.com.ar\/blog\/wp-content\/uploads\/fb24ad4196c02f0bea3588c2f5c7a593aed421f6.jpg?fit=1140%2C758&ssl=1&resize=525%2C300 1.5x, https:\/\/i0.wp.com\/larevistadigital.com.ar\/blog\/wp-content\/uploads\/fb24ad4196c02f0bea3588c2f5c7a593aed421f6.jpg?fit=1140%2C758&ssl=1&resize=700%2C400 2x, https:\/\/i0.wp.com\/larevistadigital.com.ar\/blog\/wp-content\/uploads\/fb24ad4196c02f0bea3588c2f5c7a593aed421f6.jpg?fit=1140%2C758&ssl=1&resize=1050%2C600 3x"},"classes":[]},{"id":25137,"url":"https:\/\/larevistadigital.com.ar\/blog\/policias-de-dolores-viajaron-a-comprar-un-automovil-y-terminaron-a-los-tiros-con-delincuentes\/","url_meta":{"origin":30462,"position":4},"title":"POLIC\u00cdAS DE DOLORES, VIAJARON A COMPRAR UN AUTOMOVIL Y TERMINARON A LOS TIROS CON DELINCUENTES","author":"Alejandro Sosa Ruda","date":"18 abril, 2022","format":false,"excerpt":"DOLORES\u00a0 - Una pareja de\u00a0efectivos policiales dolorenses viaj\u00f3 a comprar un auto y todo termin\u00f3 en un tiroteo\u00a0tras un intento de robo. Los j\u00f3venes hab\u00edan acordado un punto de encuentro en inmediaciones del puente Pueyrred\u00f3n, hacia donde viajaron en una camioneta prestada. Pero, mientras esperaban para concretar el negocio\u00a0fueron interceptados\u2026","rel":"","context":"En \u00abPOLICIALES\u00bb","block_context":{"text":"POLICIALES","link":"https:\/\/larevistadigital.com.ar\/blog\/category\/policiales\/"},"img":{"alt_text":"","src":"https:\/\/i0.wp.com\/larevistadigital.com.ar\/blog\/wp-content\/uploads\/2017\/03\/policia-nino-mata.jpg?fit=745%2C574&ssl=1&resize=350%2C200","width":350,"height":200,"srcset":"https:\/\/i0.wp.com\/larevistadigital.com.ar\/blog\/wp-content\/uploads\/2017\/03\/policia-nino-mata.jpg?fit=745%2C574&ssl=1&resize=350%2C200 1x, https:\/\/i0.wp.com\/larevistadigital.com.ar\/blog\/wp-content\/uploads\/2017\/03\/policia-nino-mata.jpg?fit=745%2C574&ssl=1&resize=525%2C300 1.5x, https:\/\/i0.wp.com\/larevistadigital.com.ar\/blog\/wp-content\/uploads\/2017\/03\/policia-nino-mata.jpg?fit=745%2C574&ssl=1&resize=700%2C400 2x"},"classes":[]},{"id":21844,"url":"https:\/\/larevistadigital.com.ar\/blog\/alerta-a-toda-la-region-un-peligroso-delincuente-se-escapo-de-la-sede-de-la-policia-federal-en-dolores\/","url_meta":{"origin":30462,"position":5},"title":"ALERTA A TODA LA REGI\u00d3N: UN PELIGROSO DELINCUENTE SE ESCAP\u00d3 DE LA SEDE DE LA POLIC\u00cdA FEDERAL EN DOLORES","author":"Alejandro Sosa Ruda","date":"4 septiembre, 2021","format":false,"excerpt":"El portal colega Infozona, public\u00f3 la noticia del escape de un delincuente muy peligroso, llevando la alerta a toda la regi\u00f3n DOLORES - Inform\u00f3 el portal de noticias Infozona, que desde la ma\u00f1ana distintas fuerzas policiales de la ciudad de Dolores, est\u00e1n buscando intensamente a un delincuente que se fug\u00f3\u2026","rel":"","context":"En \u00abINTERES GENERAL\u00bb","block_context":{"text":"INTERES GENERAL","link":"https:\/\/larevistadigital.com.ar\/blog\/category\/interes-general\/"},"img":{"alt_text":"","src":"https:\/\/i0.wp.com\/larevistadigital.com.ar\/blog\/wp-content\/uploads\/Captura-de-pantalla-2021-09-03-211505.png?fit=907%2C626&ssl=1&resize=350%2C200","width":350,"height":200,"srcset":"https:\/\/i0.wp.com\/larevistadigital.com.ar\/blog\/wp-content\/uploads\/Captura-de-pantalla-2021-09-03-211505.png?fit=907%2C626&ssl=1&resize=350%2C200 1x, https:\/\/i0.wp.com\/larevistadigital.com.ar\/blog\/wp-content\/uploads\/Captura-de-pantalla-2021-09-03-211505.png?fit=907%2C626&ssl=1&resize=525%2C300 1.5x, https:\/\/i0.wp.com\/larevistadigital.com.ar\/blog\/wp-content\/uploads\/Captura-de-pantalla-2021-09-03-211505.png?fit=907%2C626&ssl=1&resize=700%2C400 2x"},"classes":[]}],"_links":{"self":[{"href":"https:\/\/larevistadigital.com.ar\/blog\/wp-json\/wp\/v2\/posts\/30462","targetHints":{"allow":["GET"]}}],"collection":[{"href":"https:\/\/larevistadigital.com.ar\/blog\/wp-json\/wp\/v2\/posts"}],"about":[{"href":"https:\/\/larevistadigital.com.ar\/blog\/wp-json\/wp\/v2\/types\/post"}],"author":[{"embeddable":true,"href":"https:\/\/larevistadigital.com.ar\/blog\/wp-json\/wp\/v2\/users\/3"}],"replies":[{"embeddable":true,"href":"https:\/\/larevistadigital.com.ar\/blog\/wp-json\/wp\/v2\/comments?post=30462"}],"version-history":[{"count":1,"href":"https:\/\/larevistadigital.com.ar\/blog\/wp-json\/wp\/v2\/posts\/30462\/revisions"}],"predecessor-version":[{"id":30464,"href":"https:\/\/larevistadigital.com.ar\/blog\/wp-json\/wp\/v2\/posts\/30462\/revisions\/30464"}],"wp:featuredmedia":[{"embeddable":true,"href":"https:\/\/larevistadigital.com.ar\/blog\/wp-json\/wp\/v2\/media\/30463"}],"wp:attachment":[{"href":"https:\/\/larevistadigital.com.ar\/blog\/wp-json\/wp\/v2\/media?parent=30462"}],"wp:term":[{"taxonomy":"category","embeddable":true,"href":"https:\/\/larevistadigital.com.ar\/blog\/wp-json\/wp\/v2\/categories?post=30462"},{"taxonomy":"post_tag","embeddable":true,"href":"https:\/\/larevistadigital.com.ar\/blog\/wp-json\/wp\/v2\/tags?post=30462"}],"curies":[{"name":"wp","href":"https:\/\/api.w.org\/{rel}","templated":true}]}}