{"id":30466,"date":"2023-03-08T15:51:32","date_gmt":"2023-03-08T15:51:32","guid":{"rendered":"https:\/\/larevistadigital.com.ar\/blog\/?p=30466"},"modified":"2023-03-08T15:51:32","modified_gmt":"2023-03-08T15:51:32","slug":"horror-muere-nino-de-8-anos-al-tocar-el-alambrado-electrico-de-su-casa","status":"publish","type":"post","link":"https:\/\/larevistadigital.com.ar\/blog\/horror-muere-nino-de-8-anos-al-tocar-el-alambrado-electrico-de-su-casa\/","title":{"rendered":"HORROR: MUERE NI\u00d1O DE 8 A\u00d1OS AL TOCAR EL ALAMBRADO EL\u00c9CTRICO DE SU CASA."},"content":{"rendered":"<h2 class=\"fparrafo ctext fz18 lh25\">El menor ingres\u00f3 de urgencia al hospital municipal Francisco Caram, donde fue llevado por sus propios padres. El peque\u00f1o estaba en estado inconsciente y con importantes quemaduras en su cuerpo. Pese a los intentos de los m\u00e9dicos por salvarle la vida, la v\u00edctima falleci\u00f3.<\/h2>\n<p>8 de marzo de 2023<\/p>\n<p><strong>BRANDSEN &#8211;\u00a0<\/strong> Un nene de 8 a\u00f1os muri\u00f3 al tocar un cerco el\u00e9ctrico en Brandsen. Sus padres aseguraron que se trat\u00f3 de un accidente luego de que dejar\u00e1n encendido por olvido el dispositivo que usaban para que no se les escapen los perros.<\/p>\n<blockquote>\n<h3 class=\"selectionShareable\">La tragedia tuvo lugar en una casa rural. De acuerdo a la publicaci\u00f3n del portal Detrasdelanoticia, el menor ingres\u00f3 de urgencia cerca de las 15 horas al hospital municipal Francisco Caram, donde fue llevado por sus propios padres.<\/h3>\n<\/blockquote>\n<p class=\"selectionShareable\">El menor estaba en estado inconsciente y con importantes quemaduras en su cuerpo. Pese a los intentos de los m\u00e9dicos por salvarle la vida, la v\u00edctima falleci\u00f3.<\/p>\n<blockquote>\n<h3 class=\"selectionShareable\">La mam\u00e1 del ni\u00f1o cont\u00f3 que su hijo se encontraba jugando y que por accidente toc\u00f3 el boyero del cerco el\u00e9ctrico. Lo m\u00e1s llamativo es que el cerco estaba conectado a 220 kv.<\/h3>\n<\/blockquote>\n<p class=\"selectionShareable\">Su padre agreg\u00f3 que el dispositivo estaba conectado desde la noche anterior y que se <strong>\u201chab\u00edan olvidado de apagarlo\u201d<\/strong>, ya que lo dejan encendido para que <strong>\u201clos perros no se escapen\u201d<\/strong>. (<b>InfoGEI<\/b>) Mg<\/p>\n","protected":false},"excerpt":{"rendered":"<div class=\"mh-excerpt\"><p>El menor ingres\u00f3 de urgencia al hospital municipal Francisco Caram, donde fue llevado por sus propios padres. El peque\u00f1o estaba en estado inconsciente y con importantes quemaduras en su cuerpo. Pese a los intentos de <a class=\"mh-excerpt-more\" href=\"https:\/\/larevistadigital.com.ar\/blog\/horror-muere-nino-de-8-anos-al-tocar-el-alambrado-electrico-de-su-casa\/\" title=\"HORROR: MUERE NI\u00d1O DE 8 A\u00d1OS AL TOCAR EL ALAMBRADO EL\u00c9CTRICO DE SU CASA.\">[Leer M\u00e1s]<\/a><\/p>\n<\/div>","protected":false},"author":3,"featured_media":30467,"comment_status":"open","ping_status":"open","sticky":false,"template":"","format":"standard","meta":{"_jetpack_memberships_contains_paid_content":false,"footnotes":"","jetpack_publicize_message":"","jetpack_publicize_feature_enabled":true,"jetpack_social_post_already_shared":true,"jetpack_social_options":{"image_generator_settings":{"template":"highway","default_image_id":0,"font":"","enabled":false},"version":2}},"categories":[44,51],"tags":[],"class_list":{"0":"post-30466","1":"post","2":"type-post","3":"status-publish","4":"format-standard","5":"has-post-thumbnail","7":"category-policiales","8":"category-regionales"},"jetpack_publicize_connections":[],"jetpack_featured_media_url":"https:\/\/i0.wp.com\/larevistadigital.com.ar\/blog\/wp-content\/uploads\/20230307152235_caram.jpg?fit=880%2C512&ssl=1","jetpack_sharing_enabled":true,"jetpack_shortlink":"https:\/\/wp.me\/p8qtrQ-7Vo","jetpack-related-posts":[{"id":11113,"url":"https:\/\/larevistadigital.com.ar\/blog\/brandsen-bombero-iba-a-toque-de-sirena-y-choco-hay-una-nena-de-3-anos-grave\/","url_meta":{"origin":30466,"position":0},"title":"BRANDSEN: BOMBERO IBA A TOQUE DE SIRENA Y CHOC\u00d3. HAY UNA NENA DE 3 A\u00d1OS GRAVE","author":"Alejandro Sosa Ruda","date":"7 julio, 2019","format":false,"excerpt":"Ocurri\u00f3 en el sem\u00e1foro de ruta 215 e intersecci\u00f3n con calle Castelli. La mam\u00e1 de la menor tambi\u00e9n result\u00f3 herida y tuvo que ser trasladada de urgencia. Pasadas las 13:00 horas de este domingo 7 de julio, los bomberos fueron convocados por un incendio de vivienda camino hacia \u201cMonte\u00a0 Viejo\u201d.\u2026","rel":"","context":"En \u00abREGIONALES\u00bb","block_context":{"text":"REGIONALES","link":"https:\/\/larevistadigital.com.ar\/blog\/category\/regionales\/"},"img":{"alt_text":"","src":"https:\/\/i0.wp.com\/larevistadigital.com.ar\/blog\/wp-content\/uploads\/20190707_153840_wm.jpg?fit=1024%2C566&ssl=1&resize=350%2C200","width":350,"height":200,"srcset":"https:\/\/i0.wp.com\/larevistadigital.com.ar\/blog\/wp-content\/uploads\/20190707_153840_wm.jpg?fit=1024%2C566&ssl=1&resize=350%2C200 1x, https:\/\/i0.wp.com\/larevistadigital.com.ar\/blog\/wp-content\/uploads\/20190707_153840_wm.jpg?fit=1024%2C566&ssl=1&resize=525%2C300 1.5x, https:\/\/i0.wp.com\/larevistadigital.com.ar\/blog\/wp-content\/uploads\/20190707_153840_wm.jpg?fit=1024%2C566&ssl=1&resize=700%2C400 2x"},"classes":[]},{"id":11646,"url":"https:\/\/larevistadigital.com.ar\/blog\/brandsen-fue-a-atenderse-al-hospital-y-le-robo-el-celular-al-medico\/","url_meta":{"origin":30466,"position":1},"title":"BRANDSEN: FUE A ATENDERSE AL HOSPITAL Y LE ROB\u00d3 EL CELULAR AL M\u00c9DICO","author":"Alejandro Sosa Ruda","date":"31 julio, 2019","format":false,"excerpt":"Lograron detener al delincuente de 43 a\u00f1os siguiendo el GPS del celular. En la tarde de este martes 30 de Julio, una persona oriunda de esta ciudad\u00a0ingres\u00f3 a la guardia del Hospital Municipal Francisco Caram, por distintos malestares. Finalizada la revisi\u00f3n m\u00e9dica, el paciente se retira y el m\u00e9dico se\u2026","rel":"","context":"En \u00abREGIONALES\u00bb","block_context":{"text":"REGIONALES","link":"https:\/\/larevistadigital.com.ar\/blog\/category\/regionales\/"},"img":{"alt_text":"","src":"https:\/\/i0.wp.com\/larevistadigital.com.ar\/blog\/wp-content\/uploads\/Incluir-Salud_2.jpg?fit=640%2C560&ssl=1&resize=350%2C200","width":350,"height":200,"srcset":"https:\/\/i0.wp.com\/larevistadigital.com.ar\/blog\/wp-content\/uploads\/Incluir-Salud_2.jpg?fit=640%2C560&ssl=1&resize=350%2C200 1x, https:\/\/i0.wp.com\/larevistadigital.com.ar\/blog\/wp-content\/uploads\/Incluir-Salud_2.jpg?fit=640%2C560&ssl=1&resize=525%2C300 1.5x"},"classes":[]},{"id":3088,"url":"https:\/\/larevistadigital.com.ar\/blog\/investigan-la-muerte-de-una-nina-que-sus-padres-llevaron-sin-signos-vitales-al-hospital\/","url_meta":{"origin":30466,"position":2},"title":"Investigan la muerte de una ni\u00f1a que sus padres llevaron sin signos vitales al Hospital","author":"admin","date":"11 agosto, 2017","format":false,"excerpt":"El pasado viernes 4 del corriente, un matrimonio oriundo de la ciudad de Monte Grande ingres\u00f3 al Hospital \u201cCampomar\u201d de la ciudad de Ranchos una menor de edad sin signos vitales, informaron las autoridades policiales del distrito. Explicaron los padres de la ni\u00f1a que estaba siendo tratada por alg\u00fan tipo\u2026","rel":"","context":"En \u00abRANCHOS\u00bb","block_context":{"text":"RANCHOS","link":"https:\/\/larevistadigital.com.ar\/blog\/category\/ranchos\/"},"img":{"alt_text":"","src":"https:\/\/i0.wp.com\/larevistadigital.com.ar\/blog\/wp-content\/uploads\/2017\/08\/ranchos_10deagostode2017_elfuerte.jpg?fit=737%2C415&ssl=1&resize=350%2C200","width":350,"height":200,"srcset":"https:\/\/i0.wp.com\/larevistadigital.com.ar\/blog\/wp-content\/uploads\/2017\/08\/ranchos_10deagostode2017_elfuerte.jpg?fit=737%2C415&ssl=1&resize=350%2C200 1x, https:\/\/i0.wp.com\/larevistadigital.com.ar\/blog\/wp-content\/uploads\/2017\/08\/ranchos_10deagostode2017_elfuerte.jpg?fit=737%2C415&ssl=1&resize=525%2C300 1.5x, https:\/\/i0.wp.com\/larevistadigital.com.ar\/blog\/wp-content\/uploads\/2017\/08\/ranchos_10deagostode2017_elfuerte.jpg?fit=737%2C415&ssl=1&resize=700%2C400 2x"},"classes":[]},{"id":15593,"url":"https:\/\/larevistadigital.com.ar\/blog\/un-joven-quiso-sacar-frutas-de-un-arbol-y-se-electrocuto-esta-grave\/","url_meta":{"origin":30466,"position":3},"title":"UN JOVEN QUISO SACAR FRUTAS DE UN \u00c1RBOL Y SE ELECTROCUT\u00d3. EST\u00c1 GRAVE","author":"Alejandro Sosa Ruda","date":"11 junio, 2020","format":false,"excerpt":"La v\u00edctima es un adolescente de 15 a\u00f1os que toc\u00f3 la reja de una casa que, al parecer, estaba electrificada. Est\u00e1 internado en el hospital Iturraspe. SANTA FE - Un joven de 15 a\u00f1os se encuentra en grave estado tras sufrir una potente descarga el\u00e9ctrica mientras intentaba bajar naranjas de\u2026","rel":"","context":"En \u00abINTERES GENERAL\u00bb","block_context":{"text":"INTERES GENERAL","link":"https:\/\/larevistadigital.com.ar\/blog\/category\/interes-general\/"},"img":{"alt_text":"","src":"https:\/\/i0.wp.com\/larevistadigital.com.ar\/blog\/wp-content\/uploads\/Screenshot_2-95.jpg?fit=786%2C498&ssl=1&resize=350%2C200","width":350,"height":200,"srcset":"https:\/\/i0.wp.com\/larevistadigital.com.ar\/blog\/wp-content\/uploads\/Screenshot_2-95.jpg?fit=786%2C498&ssl=1&resize=350%2C200 1x, https:\/\/i0.wp.com\/larevistadigital.com.ar\/blog\/wp-content\/uploads\/Screenshot_2-95.jpg?fit=786%2C498&ssl=1&resize=525%2C300 1.5x, https:\/\/i0.wp.com\/larevistadigital.com.ar\/blog\/wp-content\/uploads\/Screenshot_2-95.jpg?fit=786%2C498&ssl=1&resize=700%2C400 2x"},"classes":[]},{"id":11710,"url":"https:\/\/larevistadigital.com.ar\/blog\/brandsen-convoca-a-pediatras\/","url_meta":{"origin":30466,"position":4},"title":"BRANDSEN CONVOCA A PEDIATRAS","author":"Alejandro Sosa Ruda","date":"2 agosto, 2019","format":false,"excerpt":"La Municipalidad de Brandsen,\u00a0 a trav\u00e9s de la Secretaria de Salud convoca a M\u00e9dico\/a Pediatra para formar parte de la Atenci\u00f3n Primaria de la Salud. Las personas interesadas pueden comunicarse v\u00eda mail: salud@brandsen.gob.ar A los tel\u00e9fonos: 2223. 44.3193 o 44.2774, o bien dirigirse a la Oficina de Salud que se\u2026","rel":"","context":"En \u00abREGIONALES\u00bb","block_context":{"text":"REGIONALES","link":"https:\/\/larevistadigital.com.ar\/blog\/category\/regionales\/"},"img":{"alt_text":"","src":"https:\/\/i0.wp.com\/larevistadigital.com.ar\/blog\/wp-content\/uploads\/20190802_115538.jpg?fit=1080%2C703&ssl=1&resize=350%2C200","width":350,"height":200,"srcset":"https:\/\/i0.wp.com\/larevistadigital.com.ar\/blog\/wp-content\/uploads\/20190802_115538.jpg?fit=1080%2C703&ssl=1&resize=350%2C200 1x, https:\/\/i0.wp.com\/larevistadigital.com.ar\/blog\/wp-content\/uploads\/20190802_115538.jpg?fit=1080%2C703&ssl=1&resize=525%2C300 1.5x, https:\/\/i0.wp.com\/larevistadigital.com.ar\/blog\/wp-content\/uploads\/20190802_115538.jpg?fit=1080%2C703&ssl=1&resize=700%2C400 2x, https:\/\/i0.wp.com\/larevistadigital.com.ar\/blog\/wp-content\/uploads\/20190802_115538.jpg?fit=1080%2C703&ssl=1&resize=1050%2C600 3x"},"classes":[]},{"id":24639,"url":"https:\/\/larevistadigital.com.ar\/blog\/brandsen-terrible-perdio-el-control-de-su-auto-y-se-incrusto-contra-un-supermercado\/","url_meta":{"origin":30466,"position":5},"title":"BRANDSEN: \u00a1TERRIBLE! PERDI\u00d3 EL CONTROL DE SU AUTO Y SE INCRUST\u00d3 CONTRA UN SUPERMERCADO","author":"Alejandro Sosa Ruda","date":"18 marzo, 2022","format":false,"excerpt":"Ocurri\u00f3 en pleno centro de la ciudad. La camioneta era conducida por una mujer mayor de edad. BRANDSEN -\u00a0 En la tarde de este martes 15 de marzo se produjo un impactante choque en la esquina de Av. Saenz Pe\u00f1a y Paso de la localidad bonaerense de Brandsen. Por causas\u2026","rel":"","context":"En \u00abREGIONALES\u00bb","block_context":{"text":"REGIONALES","link":"https:\/\/larevistadigital.com.ar\/blog\/category\/regionales\/"},"img":{"alt_text":"","src":"https:\/\/i0.wp.com\/larevistadigital.com.ar\/blog\/wp-content\/uploads\/20220315_183312-2048x1152-1.jpg?fit=1200%2C675&ssl=1&resize=350%2C200","width":350,"height":200,"srcset":"https:\/\/i0.wp.com\/larevistadigital.com.ar\/blog\/wp-content\/uploads\/20220315_183312-2048x1152-1.jpg?fit=1200%2C675&ssl=1&resize=350%2C200 1x, https:\/\/i0.wp.com\/larevistadigital.com.ar\/blog\/wp-content\/uploads\/20220315_183312-2048x1152-1.jpg?fit=1200%2C675&ssl=1&resize=525%2C300 1.5x, https:\/\/i0.wp.com\/larevistadigital.com.ar\/blog\/wp-content\/uploads\/20220315_183312-2048x1152-1.jpg?fit=1200%2C675&ssl=1&resize=700%2C400 2x, https:\/\/i0.wp.com\/larevistadigital.com.ar\/blog\/wp-content\/uploads\/20220315_183312-2048x1152-1.jpg?fit=1200%2C675&ssl=1&resize=1050%2C600 3x"},"classes":[]}],"_links":{"self":[{"href":"https:\/\/larevistadigital.com.ar\/blog\/wp-json\/wp\/v2\/posts\/30466","targetHints":{"allow":["GET"]}}],"collection":[{"href":"https:\/\/larevistadigital.com.ar\/blog\/wp-json\/wp\/v2\/posts"}],"about":[{"href":"https:\/\/larevistadigital.com.ar\/blog\/wp-json\/wp\/v2\/types\/post"}],"author":[{"embeddable":true,"href":"https:\/\/larevistadigital.com.ar\/blog\/wp-json\/wp\/v2\/users\/3"}],"replies":[{"embeddable":true,"href":"https:\/\/larevistadigital.com.ar\/blog\/wp-json\/wp\/v2\/comments?post=30466"}],"version-history":[{"count":1,"href":"https:\/\/larevistadigital.com.ar\/blog\/wp-json\/wp\/v2\/posts\/30466\/revisions"}],"predecessor-version":[{"id":30468,"href":"https:\/\/larevistadigital.com.ar\/blog\/wp-json\/wp\/v2\/posts\/30466\/revisions\/30468"}],"wp:featuredmedia":[{"embeddable":true,"href":"https:\/\/larevistadigital.com.ar\/blog\/wp-json\/wp\/v2\/media\/30467"}],"wp:attachment":[{"href":"https:\/\/larevistadigital.com.ar\/blog\/wp-json\/wp\/v2\/media?parent=30466"}],"wp:term":[{"taxonomy":"category","embeddable":true,"href":"https:\/\/larevistadigital.com.ar\/blog\/wp-json\/wp\/v2\/categories?post=30466"},{"taxonomy":"post_tag","embeddable":true,"href":"https:\/\/larevistadigital.com.ar\/blog\/wp-json\/wp\/v2\/tags?post=30466"}],"curies":[{"name":"wp","href":"https:\/\/api.w.org\/{rel}","templated":true}]}}