{"id":30469,"date":"2023-03-08T16:10:45","date_gmt":"2023-03-08T16:10:45","guid":{"rendered":"https:\/\/larevistadigital.com.ar\/blog\/?p=30469"},"modified":"2023-03-08T16:10:45","modified_gmt":"2023-03-08T16:10:45","slug":"mar-del-plata-un-jubilado-atropello-a-un-cuidacohes-en-el-centro","status":"publish","type":"post","link":"https:\/\/larevistadigital.com.ar\/blog\/mar-del-plata-un-jubilado-atropello-a-un-cuidacohes-en-el-centro\/","title":{"rendered":"MAR DEL PLATA: UN JUBILADO ATROPELL\u00d3 A UN CUIDACOHES EN EL CENTRO"},"content":{"rendered":"<h2>Un autom\u00f3vil conducido por un jubilado de 84 a\u00f1os\u00a0<strong>pis\u00f3 a un cuidacoches<\/strong>\u00a0de 21 en el centro de la ciudad.<\/h2>\n<p>8 de marzo de 2023<\/p>\n<p><strong>MAR DEL PLATA &#8211;\u00a0<\/strong> El hecho ocurri\u00f3 en <strong>Entre R\u00edos, entre Bol\u00edvar y Moreno<\/strong>, y la v\u00edctima sufri\u00f3 lesiones leves, producto de las cuales recibi\u00f3 atenci\u00f3n m\u00e9dica del\u00a0<strong>SAME<\/strong>. Por su parte, inspectores de tr\u00e1nsito le hicieron el test de alcoholemia al anciano, que dio resultado negativo.<\/p>\n<p>Seg\u00fan informaron desde la\u00a0<strong>Jefatura Departamental<\/strong>, en el lugar trabaj\u00f3 personal de la\u00a0<strong>subcomisar\u00eda Casino<\/strong>, que dio cuenta de que se trat\u00f3 de un accidente en el que el veh\u00edculo marca Renault Oroch de color blanco del hombre pas\u00f3 sobre el pie del cuidacoches. Como consecuencia de lo ocurrido, se inici\u00f3 una causa caratulada \u201cLesiones culposas\u201d, a cargo del\u00a0<strong>fiscal Pablo Cistoldi.<\/strong><\/p>\n<p>publicado en diario La Capital<\/p>\n","protected":false},"excerpt":{"rendered":"<div class=\"mh-excerpt\"><p>Un autom\u00f3vil conducido por un jubilado de 84 a\u00f1os\u00a0pis\u00f3 a un cuidacoches\u00a0de 21 en el centro de la ciudad. 8 de marzo de 2023 MAR DEL PLATA &#8211;\u00a0 El hecho ocurri\u00f3 en Entre R\u00edos, entre <a class=\"mh-excerpt-more\" href=\"https:\/\/larevistadigital.com.ar\/blog\/mar-del-plata-un-jubilado-atropello-a-un-cuidacohes-en-el-centro\/\" title=\"MAR DEL PLATA: UN JUBILADO ATROPELL\u00d3 A UN CUIDACOHES EN EL CENTRO\">[Leer M\u00e1s]<\/a><\/p>\n<\/div>","protected":false},"author":3,"featured_media":30470,"comment_status":"open","ping_status":"open","sticky":false,"template":"","format":"standard","meta":{"_jetpack_memberships_contains_paid_content":false,"footnotes":"","jetpack_publicize_message":"","jetpack_publicize_feature_enabled":true,"jetpack_social_post_already_shared":true,"jetpack_social_options":{"image_generator_settings":{"template":"highway","default_image_id":0,"font":"","enabled":false},"version":2}},"categories":[44,51],"tags":[],"class_list":{"0":"post-30469","1":"post","2":"type-post","3":"status-publish","4":"format-standard","5":"has-post-thumbnail","7":"category-policiales","8":"category-regionales"},"jetpack_publicize_connections":[],"jetpack_featured_media_url":"https:\/\/i0.wp.com\/larevistadigital.com.ar\/blog\/wp-content\/uploads\/Captura-de-pantalla-2023-03-08-130303.png?fit=798%2C446&ssl=1","jetpack_sharing_enabled":true,"jetpack_shortlink":"https:\/\/wp.me\/p8qtrQ-7Vr","jetpack-related-posts":[{"id":30919,"url":"https:\/\/larevistadigital.com.ar\/blog\/mar-del-plata-pelea-de-cuidacoches-termina-con-uno-de-ellos-con-un-corte-en-la-yugular\/","url_meta":{"origin":30469,"position":0},"title":"MAR DEL PLATA: PELEA DE CUIDACOCHES TERMINA CON UNO DE ELLOS CON UN CORTE EN LA YUGULAR","author":"Alejandro Sosa Ruda","date":"6 abril, 2023","format":false,"excerpt":"Ocurri\u00f3 el mi\u00e9rcoles a la noche en Moreno y Entre R\u00edos. La v\u00edctima fue caminando hasta la casa de la ex pareja y lo trasladaron al hospital. 6 de abril de 2023 MAR DEL PLATA -\u00a0 Una pelea entre cuidacoches en el centro termin\u00f3 con uno de ellos gravemente herido\u2026","rel":"","context":"En \u00abPOLICIALES\u00bb","block_context":{"text":"POLICIALES","link":"https:\/\/larevistadigital.com.ar\/blog\/category\/policiales\/"},"img":{"alt_text":"","src":"https:\/\/i0.wp.com\/larevistadigital.com.ar\/blog\/wp-content\/uploads\/Guardia-Higa-0311.jpg?fit=790%2C444&ssl=1&resize=350%2C200","width":350,"height":200,"srcset":"https:\/\/i0.wp.com\/larevistadigital.com.ar\/blog\/wp-content\/uploads\/Guardia-Higa-0311.jpg?fit=790%2C444&ssl=1&resize=350%2C200 1x, https:\/\/i0.wp.com\/larevistadigital.com.ar\/blog\/wp-content\/uploads\/Guardia-Higa-0311.jpg?fit=790%2C444&ssl=1&resize=525%2C300 1.5x, https:\/\/i0.wp.com\/larevistadigital.com.ar\/blog\/wp-content\/uploads\/Guardia-Higa-0311.jpg?fit=790%2C444&ssl=1&resize=700%2C400 2x"},"classes":[]},{"id":35193,"url":"https:\/\/larevistadigital.com.ar\/blog\/mar-del-plata-cuidacoches-rompio-el-capo-de-un-taxi-tras-una-discusion\/","url_meta":{"origin":30469,"position":1},"title":"MAR DEL PLATA: CUIDACOCHES ROMPI\u00d3 EL CAPO DE UN TAXI TRAS UNA DISCUSI\u00d3N","author":"Alejandro Sosa Ruda","date":"7 febrero, 2024","format":false,"excerpt":"Sucedi\u00f3 en la zona de la vieja terminal. Qued\u00f3 alojado en el Centro Especializado en Aprehensi\u00f3n (CEA). MAR DEL PLATA -\u00a0 Un adolescente de 17 a\u00f1os\u00a0que cuida autos en la zona de la vieja terminal fue aprehendido el martes a la tarde por personal policial luego de da\u00f1ar el capot\u2026","rel":"","context":"En \u00abPOLICIALES\u00bb","block_context":{"text":"POLICIALES","link":"https:\/\/larevistadigital.com.ar\/blog\/category\/policiales\/"},"img":{"alt_text":"","src":"https:\/\/i0.wp.com\/larevistadigital.com.ar\/blog\/wp-content\/uploads\/Captura-de-pantalla-2024-02-07-101425.png?fit=810%2C332&ssl=1&resize=350%2C200","width":350,"height":200,"srcset":"https:\/\/i0.wp.com\/larevistadigital.com.ar\/blog\/wp-content\/uploads\/Captura-de-pantalla-2024-02-07-101425.png?fit=810%2C332&ssl=1&resize=350%2C200 1x, https:\/\/i0.wp.com\/larevistadigital.com.ar\/blog\/wp-content\/uploads\/Captura-de-pantalla-2024-02-07-101425.png?fit=810%2C332&ssl=1&resize=525%2C300 1.5x, https:\/\/i0.wp.com\/larevistadigital.com.ar\/blog\/wp-content\/uploads\/Captura-de-pantalla-2024-02-07-101425.png?fit=810%2C332&ssl=1&resize=700%2C400 2x"},"classes":[]},{"id":14527,"url":"https:\/\/larevistadigital.com.ar\/blog\/mar-del-plata-apunalan-a-un-cuidacoches-en-la-puerta-del-hospital-materno\/","url_meta":{"origin":30469,"position":2},"title":"MAR DEL PLATA: APU\u00d1ALAN A UN CUIDACOCHES EN LA PUERTA DEL HOSPITAL MATERNO","author":"Alejandro Sosa Ruda","date":"2 febrero, 2020","format":false,"excerpt":"Fue durante una pelea con otros hombres. La v\u00edctima recibi\u00f3 dos puntazos y fue trasladada al Hospital Interzonal General de Agudos: se encuentra en grave estado. Un cuidacoches de 20 a\u00f1os fue apu\u00f1alado este domingo a la tarde en las inmediaciones del Hospital Materno Infantil durante una violenta confrontaci\u00f3n con\u2026","rel":"","context":"En \u00abPOLICIALES\u00bb","block_context":{"text":"POLICIALES","link":"https:\/\/larevistadigital.com.ar\/blog\/category\/policiales\/"},"img":{"alt_text":"","src":"https:\/\/i0.wp.com\/larevistadigital.com.ar\/blog\/wp-content\/uploads\/Screenshot_3-39.jpg?fit=600%2C684&ssl=1&resize=350%2C200","width":350,"height":200,"srcset":"https:\/\/i0.wp.com\/larevistadigital.com.ar\/blog\/wp-content\/uploads\/Screenshot_3-39.jpg?fit=600%2C684&ssl=1&resize=350%2C200 1x, https:\/\/i0.wp.com\/larevistadigital.com.ar\/blog\/wp-content\/uploads\/Screenshot_3-39.jpg?fit=600%2C684&ssl=1&resize=525%2C300 1.5x"},"classes":[]},{"id":31000,"url":"https:\/\/larevistadigital.com.ar\/blog\/mar-del-plata-turistas-encontraron-el-cadaver-de-un-hombre-que-se-habia-tirado-al-mar\/","url_meta":{"origin":30469,"position":3},"title":"MAR DEL PLATA: TURISTAS ENCONTRARON EL CADAVER DE UN HOMBRE QUE SE HAB\u00cdA TIRADO AL MAR","author":"Alejandro Sosa Ruda","date":"12 abril, 2023","format":false,"excerpt":"MAR DEL PLATA -\u00a0 Luego de m\u00e1s de 24 hs. de b\u00fasqueda, finalmente encontraron en Mar del Plata el cuerpo de un hombre de 33 a\u00f1os de edad, que el d\u00eda viernes a la madrugada se arroj\u00f3 al mar para escapar de la polic\u00eda, que lo persegu\u00eda por el robo\u2026","rel":"","context":"En \u00abPOLICIALES\u00bb","block_context":{"text":"POLICIALES","link":"https:\/\/larevistadigital.com.ar\/blog\/category\/policiales\/"},"img":{"alt_text":"","src":"https:\/\/i0.wp.com\/larevistadigital.com.ar\/blog\/wp-content\/uploads\/fotojet_x98x_1.jpg_1833193316.jpg?fit=720%2C406&ssl=1&resize=350%2C200","width":350,"height":200,"srcset":"https:\/\/i0.wp.com\/larevistadigital.com.ar\/blog\/wp-content\/uploads\/fotojet_x98x_1.jpg_1833193316.jpg?fit=720%2C406&ssl=1&resize=350%2C200 1x, https:\/\/i0.wp.com\/larevistadigital.com.ar\/blog\/wp-content\/uploads\/fotojet_x98x_1.jpg_1833193316.jpg?fit=720%2C406&ssl=1&resize=525%2C300 1.5x, https:\/\/i0.wp.com\/larevistadigital.com.ar\/blog\/wp-content\/uploads\/fotojet_x98x_1.jpg_1833193316.jpg?fit=720%2C406&ssl=1&resize=700%2C400 2x"},"classes":[]},{"id":25692,"url":"https:\/\/larevistadigital.com.ar\/blog\/encontraron-en-balcarce-al-jubilado-que-era-buscado-desde-el-domingo-en-mar-del-plata\/","url_meta":{"origin":30469,"position":4},"title":"ENCONTRARON EN BALCARCE AL JUBILADO QUE ERA BUSCADO DESDE EL DOMINGO EN MAR DEL PLATA","author":"Alejandro Sosa Ruda","date":"8 junio, 2022","format":false,"excerpt":"Fue encontrado en su auto en la ruta 226 luego de tres d\u00edas de b\u00fasqueda. Estaba desorientado. Un hombre de 84 a\u00f1os que era buscado desde el domingo por su familia en Berisso\u00a0fue hallado este martes a bordo de su autom\u00f3vil en la ruta 226. Santiago Roque Llanos\u00a0apareci\u00f3 este martes\u2026","rel":"","context":"En \u00abREGIONALES\u00bb","block_context":{"text":"REGIONALES","link":"https:\/\/larevistadigital.com.ar\/blog\/category\/regionales\/"},"img":{"alt_text":"","src":"https:\/\/i0.wp.com\/larevistadigital.com.ar\/blog\/wp-content\/uploads\/Captura-de-pantalla-2022-06-08-095524.png?fit=798%2C491&ssl=1&resize=350%2C200","width":350,"height":200,"srcset":"https:\/\/i0.wp.com\/larevistadigital.com.ar\/blog\/wp-content\/uploads\/Captura-de-pantalla-2022-06-08-095524.png?fit=798%2C491&ssl=1&resize=350%2C200 1x, https:\/\/i0.wp.com\/larevistadigital.com.ar\/blog\/wp-content\/uploads\/Captura-de-pantalla-2022-06-08-095524.png?fit=798%2C491&ssl=1&resize=525%2C300 1.5x, https:\/\/i0.wp.com\/larevistadigital.com.ar\/blog\/wp-content\/uploads\/Captura-de-pantalla-2022-06-08-095524.png?fit=798%2C491&ssl=1&resize=700%2C400 2x"},"classes":[]},{"id":20769,"url":"https:\/\/larevistadigital.com.ar\/blog\/la-plata-violento-asalto-a-mano-armada-a-un-jubilado\/","url_meta":{"origin":30469,"position":5},"title":"LA PLATA: VIOLENTO ASALTO A MANO ARMADA A UN JUBILADO","author":"Alejandro Sosa Ruda","date":"18 junio, 2021","format":false,"excerpt":"El brutal asalto tuvo lugar\u00a0el 10 de junio pasado en Villa Elvira. Ahora, tras una investigaci\u00f3n, la Polic\u00eda lo atrap\u00f3 en Villa Ponsati y qued\u00f3 detenido. LA PLATA - En las \u00faltimas horas la Polic\u00eda de la provincia de Buenos Aires detuvo a un ladr\u00f3n que dos semanas atr\u00e1s enca\u00f1on\u00f3\u2026","rel":"","context":"En \u00abPOLICIALES\u00bb","block_context":{"text":"POLICIALES","link":"https:\/\/larevistadigital.com.ar\/blog\/category\/policiales\/"},"img":{"alt_text":"","src":"https:\/\/i0.wp.com\/larevistadigital.com.ar\/blog\/wp-content\/uploads\/1620734311775.jpg?fit=1200%2C777&ssl=1&resize=350%2C200","width":350,"height":200,"srcset":"https:\/\/i0.wp.com\/larevistadigital.com.ar\/blog\/wp-content\/uploads\/1620734311775.jpg?fit=1200%2C777&ssl=1&resize=350%2C200 1x, https:\/\/i0.wp.com\/larevistadigital.com.ar\/blog\/wp-content\/uploads\/1620734311775.jpg?fit=1200%2C777&ssl=1&resize=525%2C300 1.5x, https:\/\/i0.wp.com\/larevistadigital.com.ar\/blog\/wp-content\/uploads\/1620734311775.jpg?fit=1200%2C777&ssl=1&resize=700%2C400 2x, https:\/\/i0.wp.com\/larevistadigital.com.ar\/blog\/wp-content\/uploads\/1620734311775.jpg?fit=1200%2C777&ssl=1&resize=1050%2C600 3x"},"classes":[]}],"_links":{"self":[{"href":"https:\/\/larevistadigital.com.ar\/blog\/wp-json\/wp\/v2\/posts\/30469","targetHints":{"allow":["GET"]}}],"collection":[{"href":"https:\/\/larevistadigital.com.ar\/blog\/wp-json\/wp\/v2\/posts"}],"about":[{"href":"https:\/\/larevistadigital.com.ar\/blog\/wp-json\/wp\/v2\/types\/post"}],"author":[{"embeddable":true,"href":"https:\/\/larevistadigital.com.ar\/blog\/wp-json\/wp\/v2\/users\/3"}],"replies":[{"embeddable":true,"href":"https:\/\/larevistadigital.com.ar\/blog\/wp-json\/wp\/v2\/comments?post=30469"}],"version-history":[{"count":1,"href":"https:\/\/larevistadigital.com.ar\/blog\/wp-json\/wp\/v2\/posts\/30469\/revisions"}],"predecessor-version":[{"id":30471,"href":"https:\/\/larevistadigital.com.ar\/blog\/wp-json\/wp\/v2\/posts\/30469\/revisions\/30471"}],"wp:featuredmedia":[{"embeddable":true,"href":"https:\/\/larevistadigital.com.ar\/blog\/wp-json\/wp\/v2\/media\/30470"}],"wp:attachment":[{"href":"https:\/\/larevistadigital.com.ar\/blog\/wp-json\/wp\/v2\/media?parent=30469"}],"wp:term":[{"taxonomy":"category","embeddable":true,"href":"https:\/\/larevistadigital.com.ar\/blog\/wp-json\/wp\/v2\/categories?post=30469"},{"taxonomy":"post_tag","embeddable":true,"href":"https:\/\/larevistadigital.com.ar\/blog\/wp-json\/wp\/v2\/tags?post=30469"}],"curies":[{"name":"wp","href":"https:\/\/api.w.org\/{rel}","templated":true}]}}