{"id":30472,"date":"2023-03-08T16:23:09","date_gmt":"2023-03-08T16:23:09","guid":{"rendered":"https:\/\/larevistadigital.com.ar\/blog\/?p=30472"},"modified":"2023-03-08T16:25:59","modified_gmt":"2023-03-08T16:25:59","slug":"lomas-de-zamora-barras-de-los-andes-se-enfrentaron-a-tiros-en-la-puerta-del-colegio-del-club","status":"publish","type":"post","link":"https:\/\/larevistadigital.com.ar\/blog\/lomas-de-zamora-barras-de-los-andes-se-enfrentaron-a-tiros-en-la-puerta-del-colegio-del-club\/","title":{"rendered":"LOMAS DE ZAMORA: BARRAS DE LOS ANDES SE ENFRENTARON A TIROS EN LA PUERTA DEL COLEGIO DEL CLUB"},"content":{"rendered":"<h2>Ocurri\u00f3 en la entrada de la Escuela Secundaria Ej\u00e9rcito de Los Andes. La balacera se desat\u00f3 cuando hab\u00eda alumnos llegando al establecimiento educativo. Varias familias tuvieron que refugiarse. Ocurre pocos d\u00edas despu\u00e9s de que el senador provincial Omar Plaini ganara las eleciones en el club \u00abMilrayita\u00bb.<\/h2>\n<p>8 de marzo de 2023<\/p>\n<p><strong>LOMAS DE ZAMORA-\u00a0 <\/strong>Dos facciones de la barra brava del club Los Andes\u00a0se enfrentaron a los tiros en la puerta del colegio del club, en la localidad de Lomas de Zamora. Todo sucedi\u00f3 este martes en horas del mediod\u00eda y ocurri\u00f3 cerca de una escuela cercana al lugar de los hechos.<\/p>\n<p>El violento episodio tuvo lugar en la puerta de la Escuela Secundaria Ej\u00e9rcito de Los Andes. En el mismo momento en que se desat\u00f3 la balacera, hab\u00eda alumnos que estaban arribando al establecimiento educativo. Fue por ese motivo que se vivieron momentos de tensi\u00f3n.<\/p>\n<div class=\"twitter-tweet twitter-tweet-rendered\"><\/div>\n<blockquote>\n<h3>De acuerdo a la versi\u00f3n de los testigos, se escucharon m\u00e1s de 20 disparos en la v\u00eda p\u00fablica. Todav\u00eda se desconoce el motivo o la interna entre ambos bandos. No se reportaron heridos entre aquellas personas que transitaban por las cercan\u00edas a la escuela.<\/h3>\n<\/blockquote>\n<p>El hecho ocurri\u00f3 pocos d\u00edas despu\u00e9s de que Omar Plaini, dirigente sindical del gremio de Canillitas y senador provincial bonaerense, se convirti\u00f3 en el nuevo presidente del Club Atl\u00e9tico Los Andes, tras ganar las elecciones con el 66% de los votos .<\/p>\n","protected":false},"excerpt":{"rendered":"<div class=\"mh-excerpt\"><p>Ocurri\u00f3 en la entrada de la Escuela Secundaria Ej\u00e9rcito de Los Andes. La balacera se desat\u00f3 cuando hab\u00eda alumnos llegando al establecimiento educativo. Varias familias tuvieron que refugiarse. Ocurre pocos d\u00edas despu\u00e9s de que el <a class=\"mh-excerpt-more\" href=\"https:\/\/larevistadigital.com.ar\/blog\/lomas-de-zamora-barras-de-los-andes-se-enfrentaron-a-tiros-en-la-puerta-del-colegio-del-club\/\" title=\"LOMAS DE ZAMORA: BARRAS DE LOS ANDES SE ENFRENTARON A TIROS EN LA PUERTA DEL COLEGIO DEL CLUB\">[Leer M\u00e1s]<\/a><\/p>\n<\/div>","protected":false},"author":3,"featured_media":30477,"comment_status":"open","ping_status":"open","sticky":false,"template":"","format":"standard","meta":{"_jetpack_memberships_contains_paid_content":false,"footnotes":"","jetpack_publicize_message":"","jetpack_publicize_feature_enabled":true,"jetpack_social_post_already_shared":true,"jetpack_social_options":{"image_generator_settings":{"template":"highway","default_image_id":0,"font":"","enabled":false},"version":2}},"categories":[41,44],"tags":[],"class_list":{"0":"post-30472","1":"post","2":"type-post","3":"status-publish","4":"format-standard","5":"has-post-thumbnail","7":"category-destacadas","8":"category-policiales"},"jetpack_publicize_connections":[],"jetpack_featured_media_url":"https:\/\/i0.wp.com\/larevistadigital.com.ar\/blog\/wp-content\/uploads\/colegio-lomas.jpg?fit=700%2C524&ssl=1","jetpack_sharing_enabled":true,"jetpack_shortlink":"https:\/\/wp.me\/p8qtrQ-7Vu","jetpack-related-posts":[{"id":5617,"url":"https:\/\/larevistadigital.com.ar\/blog\/boxeadores-de-chascomus-se-presentan-en-el-festival-de-lomas-de-zamora\/","url_meta":{"origin":30472,"position":0},"title":"BOXEADORES DE CHASCOMUS SE PRESENTAN EN EL FESTIVAL DE LOMAS DE ZAMORA","author":"Alejandro Sosa Ruda","date":"22 mayo, 2018","format":false,"excerpt":"Boxeadores del Club de Pelota Chascom\u00fas, entrenados por Daniel Britos, se presentar\u00e1n el pr\u00f3ximo s\u00e1bado en Lomas de Zamora. Nicol\u00e1s Barrios pelear\u00e1 en la categor\u00eda de los sesenta y siete kilos; Lautaro Benedetti en los 68 kilogramos; Mat\u00edas Villarruel en los setenta kilos y Priscila Larraula lo har\u00e1 en la\u2026","rel":"","context":"En \u00abCHASCOM\u00daS\u00bb","block_context":{"text":"CHASCOM\u00daS","link":"https:\/\/larevistadigital.com.ar\/blog\/category\/chascomus\/"},"img":{"alt_text":"","src":"https:\/\/i0.wp.com\/larevistadigital.com.ar\/blog\/wp-content\/uploads\/2018\/05\/boxeo_1.jpg?fit=1200%2C799&ssl=1&resize=350%2C200","width":350,"height":200,"srcset":"https:\/\/i0.wp.com\/larevistadigital.com.ar\/blog\/wp-content\/uploads\/2018\/05\/boxeo_1.jpg?fit=1200%2C799&ssl=1&resize=350%2C200 1x, https:\/\/i0.wp.com\/larevistadigital.com.ar\/blog\/wp-content\/uploads\/2018\/05\/boxeo_1.jpg?fit=1200%2C799&ssl=1&resize=525%2C300 1.5x, https:\/\/i0.wp.com\/larevistadigital.com.ar\/blog\/wp-content\/uploads\/2018\/05\/boxeo_1.jpg?fit=1200%2C799&ssl=1&resize=700%2C400 2x, https:\/\/i0.wp.com\/larevistadigital.com.ar\/blog\/wp-content\/uploads\/2018\/05\/boxeo_1.jpg?fit=1200%2C799&ssl=1&resize=1050%2C600 3x"},"classes":[]},{"id":30174,"url":"https:\/\/larevistadigital.com.ar\/blog\/balean-a-un-agente-para-robarle-la-moto-en-lomas-de-zamora\/","url_meta":{"origin":30472,"position":1},"title":"BALEAN A UN AGENTE PARA ROBARLE LA MOTO EN LOMAS DE ZAMORA","author":"Alejandro Sosa Ruda","date":"15 febrero, 2023","format":false,"excerpt":"Gustavo Bombace\u00a0fue sorprendido por dos delincuentes\u00a0que intentaron robarle su moto. Durante el ataque recibi\u00f3 un disparo en la cadera. La v\u00edctima fue trasladada al Hospital Gandulfo. Ocurri\u00f3 poco despu\u00e9s del asesinato de\u00a0otra Polic\u00eda de la Ciudad en Retiro. 15 de febrero de 2023 LOMAS DE ZAMORA -\u00a0 Un efectivo de\u2026","rel":"","context":"En \u00abPOLICIALES\u00bb","block_context":{"text":"POLICIALES","link":"https:\/\/larevistadigital.com.ar\/blog\/category\/policiales\/"},"img":{"alt_text":"","src":"https:\/\/i0.wp.com\/larevistadigital.com.ar\/blog\/wp-content\/uploads\/hospital-gandulfo.jpg?fit=750%2C499&ssl=1&resize=350%2C200","width":350,"height":200,"srcset":"https:\/\/i0.wp.com\/larevistadigital.com.ar\/blog\/wp-content\/uploads\/hospital-gandulfo.jpg?fit=750%2C499&ssl=1&resize=350%2C200 1x, https:\/\/i0.wp.com\/larevistadigital.com.ar\/blog\/wp-content\/uploads\/hospital-gandulfo.jpg?fit=750%2C499&ssl=1&resize=525%2C300 1.5x, https:\/\/i0.wp.com\/larevistadigital.com.ar\/blog\/wp-content\/uploads\/hospital-gandulfo.jpg?fit=750%2C499&ssl=1&resize=700%2C400 2x"},"classes":[]},{"id":11713,"url":"https:\/\/larevistadigital.com.ar\/blog\/lomas-de-zamora-desesperada-busqueda-de-una-menor-que-desaparecio-el-domingo\/","url_meta":{"origin":30472,"position":2},"title":"LOMAS DE ZAMORA: DESESPERADA B\u00daSQUEDA DE UNA MENOR QUE DESAPARECI\u00d3 EL DOMINGO","author":"Alejandro Sosa Ruda","date":"3 agosto, 2019","format":false,"excerpt":"Familiares, amigos y docentes de Nadia Varela, una adolescente de 16 a\u00f1os que desapareci\u00f3 de su casa de Lomas de Zamora el \u00faltimo domingo, la buscan intensamente y solicitan que quien la haya visto aporte informaci\u00f3n para dar con ella. La menor desapareci\u00f3 de su hogar \u2013 ubicado cerca de\u2026","rel":"","context":"En \u00abINTERES GENERAL\u00bb","block_context":{"text":"INTERES GENERAL","link":"https:\/\/larevistadigital.com.ar\/blog\/category\/interes-general\/"},"img":{"alt_text":"","src":"https:\/\/i0.wp.com\/larevistadigital.com.ar\/blog\/wp-content\/uploads\/1564607942642.jpg?fit=1200%2C674&ssl=1&resize=350%2C200","width":350,"height":200,"srcset":"https:\/\/i0.wp.com\/larevistadigital.com.ar\/blog\/wp-content\/uploads\/1564607942642.jpg?fit=1200%2C674&ssl=1&resize=350%2C200 1x, https:\/\/i0.wp.com\/larevistadigital.com.ar\/blog\/wp-content\/uploads\/1564607942642.jpg?fit=1200%2C674&ssl=1&resize=525%2C300 1.5x, https:\/\/i0.wp.com\/larevistadigital.com.ar\/blog\/wp-content\/uploads\/1564607942642.jpg?fit=1200%2C674&ssl=1&resize=700%2C400 2x, https:\/\/i0.wp.com\/larevistadigital.com.ar\/blog\/wp-content\/uploads\/1564607942642.jpg?fit=1200%2C674&ssl=1&resize=1050%2C600 3x"},"classes":[]},{"id":8956,"url":"https:\/\/larevistadigital.com.ar\/blog\/video-impresionante-venganza-gremial-se-incendiaron-al-menos-30-colectivos-de-la-empresa-expreso-lomas\/","url_meta":{"origin":30472,"position":3},"title":"VIDEO IMPRESIONANTE. \u00bfVENGANZA GREMIAL?: SE INCENDIARON AL MENOS 30 COLECTIVOS DE LA EMPRESA \u00abEXPRESO LOMAS\u00bb","author":"Alejandro Sosa Ruda","date":"9 marzo, 2019","format":false,"excerpt":"En las \u00faltimas horas,\u00a0se incendiaron\u00a0al menos\u00a020 colectivos de la empresa Expreso Lomas (l\u00edneas 165, 112 y 243). Dichas l\u00edneas circulan por Almirante\u00a0Brown y Lomas de Zamora.El fuego se desat\u00f3 en la\u00a0terminal ubicada en 9 de Abril, partido de Esteban Echeverr\u00eda. Los Bomberos acudieron al lugar para sofocar el\u00a0fuego, que consumi\u00f3\u00a0una\u00a0gran\u2026","rel":"","context":"En \u00abPOLICIALES\u00bb","block_context":{"text":"POLICIALES","link":"https:\/\/larevistadigital.com.ar\/blog\/category\/policiales\/"},"img":{"alt_text":"","src":"https:\/\/i0.wp.com\/larevistadigital.com.ar\/blog\/wp-content\/uploads\/2019\/03\/bondi-quemdado.jpg?fit=1040%2C650&ssl=1&resize=350%2C200","width":350,"height":200,"srcset":"https:\/\/i0.wp.com\/larevistadigital.com.ar\/blog\/wp-content\/uploads\/2019\/03\/bondi-quemdado.jpg?fit=1040%2C650&ssl=1&resize=350%2C200 1x, https:\/\/i0.wp.com\/larevistadigital.com.ar\/blog\/wp-content\/uploads\/2019\/03\/bondi-quemdado.jpg?fit=1040%2C650&ssl=1&resize=525%2C300 1.5x, https:\/\/i0.wp.com\/larevistadigital.com.ar\/blog\/wp-content\/uploads\/2019\/03\/bondi-quemdado.jpg?fit=1040%2C650&ssl=1&resize=700%2C400 2x"},"classes":[]},{"id":8124,"url":"https:\/\/larevistadigital.com.ar\/blog\/mar-del-plata-asaltan-casas-de-turistas-mientras-estos-estaban-en-la-playa\/","url_meta":{"origin":30472,"position":4},"title":"MAR DEL PLATA: ASALTAN CASAS DE TURISTAS MIENTRAS ESTOS ESTABAN EN LA PLAYA","author":"Alejandro Sosa Ruda","date":"4 febrero, 2019","format":false,"excerpt":"Ocurri\u00f3 en el barrio Constituci\u00f3n. Los delincuentes forzaron una puerta y robaron celulares, computadoras y dinero en efectivo. \"No sabemos si vamos a poder seguir vacacionando\", dijo una de las v\u00edctimas, oriunda de Lomas de Zamora. Las vacaciones dos familias de turistas de Lomas de Zamora fueron arruinadas por unos\u2026","rel":"","context":"En \u00abPOLICIALES\u00bb","block_context":{"text":"POLICIALES","link":"https:\/\/larevistadigital.com.ar\/blog\/category\/policiales\/"},"img":{"alt_text":"","src":"https:\/\/i0.wp.com\/larevistadigital.com.ar\/blog\/wp-content\/uploads\/2019\/02\/0004949208.jpg?fit=1140%2C760&ssl=1&resize=350%2C200","width":350,"height":200,"srcset":"https:\/\/i0.wp.com\/larevistadigital.com.ar\/blog\/wp-content\/uploads\/2019\/02\/0004949208.jpg?fit=1140%2C760&ssl=1&resize=350%2C200 1x, https:\/\/i0.wp.com\/larevistadigital.com.ar\/blog\/wp-content\/uploads\/2019\/02\/0004949208.jpg?fit=1140%2C760&ssl=1&resize=525%2C300 1.5x, https:\/\/i0.wp.com\/larevistadigital.com.ar\/blog\/wp-content\/uploads\/2019\/02\/0004949208.jpg?fit=1140%2C760&ssl=1&resize=700%2C400 2x, https:\/\/i0.wp.com\/larevistadigital.com.ar\/blog\/wp-content\/uploads\/2019\/02\/0004949208.jpg?fit=1140%2C760&ssl=1&resize=1050%2C600 3x"},"classes":[]},{"id":26632,"url":"https:\/\/larevistadigital.com.ar\/blog\/destituyeron-a-un-fiscal-de-lomas-de-zamora\/","url_meta":{"origin":30472,"position":5},"title":"DESTITUYERON A UN FISCAL DE LOMAS DE ZAMORA","author":"Alejandro Sosa Ruda","date":"16 julio, 2022","format":false,"excerpt":"El Jurado de Enjuiciamiento de Magistrados de la provincia de Buenos Aires destituy\u00f3 por unanimidad al agente fiscal Oscar David Acevedo, que se desempe\u00f1aba en una Fiscal\u00eda en lo Correccional del Departamento Judicial Lomas de Zamora, al comprobar que cometi\u00f3 distintos delitos en el ejercicio de sus funciones tales como\u2026","rel":"","context":"En \u00abINTERES GENERAL\u00bb","block_context":{"text":"INTERES GENERAL","link":"https:\/\/larevistadigital.com.ar\/blog\/category\/interes-general\/"},"img":{"alt_text":"","src":"https:\/\/i0.wp.com\/larevistadigital.com.ar\/blog\/wp-content\/uploads\/20220714115234_destituyeron-a-un-fiscal-de-lomas-de-zamora.jpg?fit=880%2C512&ssl=1&resize=350%2C200","width":350,"height":200,"srcset":"https:\/\/i0.wp.com\/larevistadigital.com.ar\/blog\/wp-content\/uploads\/20220714115234_destituyeron-a-un-fiscal-de-lomas-de-zamora.jpg?fit=880%2C512&ssl=1&resize=350%2C200 1x, https:\/\/i0.wp.com\/larevistadigital.com.ar\/blog\/wp-content\/uploads\/20220714115234_destituyeron-a-un-fiscal-de-lomas-de-zamora.jpg?fit=880%2C512&ssl=1&resize=525%2C300 1.5x, https:\/\/i0.wp.com\/larevistadigital.com.ar\/blog\/wp-content\/uploads\/20220714115234_destituyeron-a-un-fiscal-de-lomas-de-zamora.jpg?fit=880%2C512&ssl=1&resize=700%2C400 2x"},"classes":[]}],"_links":{"self":[{"href":"https:\/\/larevistadigital.com.ar\/blog\/wp-json\/wp\/v2\/posts\/30472","targetHints":{"allow":["GET"]}}],"collection":[{"href":"https:\/\/larevistadigital.com.ar\/blog\/wp-json\/wp\/v2\/posts"}],"about":[{"href":"https:\/\/larevistadigital.com.ar\/blog\/wp-json\/wp\/v2\/types\/post"}],"author":[{"embeddable":true,"href":"https:\/\/larevistadigital.com.ar\/blog\/wp-json\/wp\/v2\/users\/3"}],"replies":[{"embeddable":true,"href":"https:\/\/larevistadigital.com.ar\/blog\/wp-json\/wp\/v2\/comments?post=30472"}],"version-history":[{"count":1,"href":"https:\/\/larevistadigital.com.ar\/blog\/wp-json\/wp\/v2\/posts\/30472\/revisions"}],"predecessor-version":[{"id":30475,"href":"https:\/\/larevistadigital.com.ar\/blog\/wp-json\/wp\/v2\/posts\/30472\/revisions\/30475"}],"wp:featuredmedia":[{"embeddable":true,"href":"https:\/\/larevistadigital.com.ar\/blog\/wp-json\/wp\/v2\/media\/30477"}],"wp:attachment":[{"href":"https:\/\/larevistadigital.com.ar\/blog\/wp-json\/wp\/v2\/media?parent=30472"}],"wp:term":[{"taxonomy":"category","embeddable":true,"href":"https:\/\/larevistadigital.com.ar\/blog\/wp-json\/wp\/v2\/categories?post=30472"},{"taxonomy":"post_tag","embeddable":true,"href":"https:\/\/larevistadigital.com.ar\/blog\/wp-json\/wp\/v2\/tags?post=30472"}],"curies":[{"name":"wp","href":"https:\/\/api.w.org\/{rel}","templated":true}]}}