{"id":30478,"date":"2023-03-08T16:36:20","date_gmt":"2023-03-08T16:36:20","guid":{"rendered":"https:\/\/larevistadigital.com.ar\/blog\/?p=30478"},"modified":"2023-03-08T16:36:20","modified_gmt":"2023-03-08T16:36:20","slug":"macri-esta-furioso-con-los-radicales-de-tucuman-porque-rompieron-juntos","status":"publish","type":"post","link":"https:\/\/larevistadigital.com.ar\/blog\/macri-esta-furioso-con-los-radicales-de-tucuman-porque-rompieron-juntos\/","title":{"rendered":"MACRI EST\u00c1 FURIOSO CON LOS RADICALES DE TUCUM\u00c1N PORQUE \u00abROMPIERON JUNTOS\u00bb"},"content":{"rendered":"<p><strong>Mauricio Macri<\/strong> intervino directamente en la negociaci\u00f3n de las candidaturas en Tucum\u00e1n y no pudo impedir la ruptura de Juntos por el Cambio por el rechazo del radical <strong>Roberto S\u00e1nchez<\/strong> a permitir la candidatura del peronista <strong>Germ\u00e1n Alfaro<\/strong>.<\/p>\n<p>Como anticip\u00f3 el portal LPO, el PRO y la UCR no hab\u00edan llegado a un acuerdo a horas del cierre del plazo para la inscripci\u00f3n de los frentes. Por eso el ex presidente llam\u00f3 directamente a S\u00e1nchez para pedirle que se baje y deje que el candidato sea el actual intendente de la capital tucumana, que tiene el apoyo de <strong>Horacio Rodr\u00edguez Larreta y Patricia Bullrich.<\/strong><\/p>\n<blockquote>\n<h3>Para intentar evitar la ruptura del frente, Alfaro y S\u00e1nchez se reunieron este lunes a las 15.30 en el hotel Hilton. De la cumbre participaron el radical Jos\u00e9 Cano y tres representantes del PRO: Marcelo Wechsler y Eduardo Machiavelli por Larreta y Pablo Walter, el interventor del partido en Tucum\u00e1n, por Bullrich.<\/h3>\n<\/blockquote>\n<p class=\"authorquote\">En medio del encuentro, <strong>Cano<\/strong> revel\u00f3 el di\u00e1logo de <strong>Macri<\/strong> con <strong>S\u00e1nchez<\/strong>, que luego desminti\u00f3 a una radio local. <strong>Macri<\/strong>, que considera que ayud\u00f3 mucho a <strong>S\u00e1nchez<\/strong> desde la Rosada cuando el radical era intendente, llam\u00f3 al diputado desde Europa y le dijo que se ten\u00eda que bajar.<\/p>\n<p>La reuni\u00f3n tuvo un clima de tensi\u00f3n inusual y termin\u00f3 mal. <strong>Alfaro<\/strong> propuso definir el candidato a gobernador por encuestas, pero <strong>S\u00e1nchez<\/strong> se neg\u00f3. El intendente de San Miguel reproch\u00f3 a los radicales por haber inscripto el frente en la provincia sin incluir su partido: <em><strong>\u00abeso es romper la confianza, yo nunca lo hubiera hecho\u00bb<\/strong><\/em>, le reproch\u00f3. <strong>S\u00e1nchez<\/strong> permaneci\u00f3 callado.<\/p>\n<p><strong>S\u00e1nchez<\/strong>, ex intendente de Concepci\u00f3n, dijo que si \u00e9l aceptaba bajarse e ir como candidato a vicegobernador, Alfaro ten\u00eda que cederle la candidatura a intendente de la capital provincial, que quedar\u00eda para el ex diputado Jos\u00e9 Cano. <em><strong>\u00ab\u00bfY por qu\u00e9 yo tengo que entregar la intendencia y vos no me dej\u00e1s poner el candidato en Concepci\u00f3n o en Yerba Buena (el otro municipio importante que gobiernan los radicales\u00bb?\u00bb<\/strong><\/em>, lo cruz\u00f3 <strong>Alfaro y S\u00e1nchez<\/strong> volvi\u00f3 a hacer silencio.<\/p>\n<blockquote>\n<h3>La discusi\u00f3n se trab\u00f3 porque en efecto Cano quiere ser el candidato en San Miguel, pero con la boleta de Alfaro gobernador, porque sabe que si van divididos no tienen chances de retener la capital, pero Alfaro no est\u00e1 dispuesto a ceder la candidatura de su distrito.<\/h3>\n<\/blockquote>\n<p><strong><em>\u00abHagamos encuesta para gobernador y candidatos a intendente\u00bb<\/em><\/strong>, propuso entonces<strong> Alfaro<\/strong> para evitar que naufragara la reuni\u00f3n. Pero <strong>S\u00e1nchez<\/strong> dijo que no y el candidato de <strong>Larreta<\/strong> y <strong>Bullrich<\/strong> se par\u00f3 y se fue. La ruptura ya era un hecho.<\/p>\n<blockquote>\n<h3 class=\"authorquote\" title=\"Mauricio Macri a Roberto S\u00e1nchez.\">Tucum\u00e1n es Tucum\u00e1n, y no estamos para una aventura, p\u00f3nganse de acuerdo.<\/h3>\n<\/blockquote>\n<p>En medio del encuentro, Cano revel\u00f3 el di\u00e1logo de <strong>Macri<\/strong> con <strong>S\u00e1nchez<\/strong> que luego desminti\u00f3 a una radio local. <strong>Macri<\/strong>, que considera que ayud\u00f3 mucho a <strong>S\u00e1nchez<\/strong> desde la Rosada cuando el radical era intendente, llam\u00f3 al diputado desde Europa y le dijo que se ten\u00eda que bajar.<\/p>\n<p><em><strong>\u00abTucum\u00e1n es Tucum\u00e1n, y no estamos para una aventura\u00bb<\/strong><\/em>, le dijo el ex presidente a <strong>S\u00e1nchez<\/strong> y agreg\u00f3 <strong><em>\u00abp\u00f3nganse de acuerdo\u00bb<\/em><\/strong>. El mensaje era obvio. Pero <strong>S\u00e1nchez<\/strong> resisti\u00f3. <em><strong>\u00abNo puedo, nosotros queremos poner el candidato a intendente de la capital\u00bb<\/strong><\/em>, le respondi\u00f3 <strong>S\u00e1nchez. Macri<\/strong> le dijo que el candidato de San Miguel lo iba a poner \u00e9l y <strong>S\u00e1nchez<\/strong> le contest\u00f3 que no pod\u00eda aceptar eso porque ten\u00eda compromisos con <strong>Cano y Silvia El\u00edas de P\u00e9rez.<\/strong><\/p>\n<p><strong>\u00abLamento mucho que me digas eso\u00bb<\/strong>, dijo <strong>Macri<\/strong> y cort\u00f3, sabiendo que <strong>S\u00e1nchez<\/strong> no le era sincero: <strong>Cano<\/strong> quiere ir con <strong>Alfaro<\/strong> y <strong>Elias de P\u00e9rez<\/strong> va a ser candidata a legisladora provincial en cualquier escenario.\u00a0Ahora el PRO quiere plantar candidatos en todos los municipios gobernados por la UCR.<\/p>\n<figure class=\"vsmimage\"><img data-recalc-dims=\"1\" loading=\"lazy\" decoding=\"async\" id=\"vsmv92865v59\" src=\"https:\/\/i0.wp.com\/www.lapoliticaonline.com\/files\/image\/175\/175721\/638010280d4c7_950_627%21.jpg?resize=950%2C627&#038;ssl=1\" alt=\"Germ\u00e1n Alfaro\" width=\"950\" height=\"627\" data-vsmid=\"175721\" data-owidth=\"1280\" data-oheight=\"853\" data-index=\"1\" \/><\/p>\n<div class=\"media-footer gallery\">\n<div class=\"caption\">Germ\u00e1n Alfaro<\/div>\n<\/div>\n<\/figure>\n<p>&nbsp;<\/p>\n<p>El escenario se torn\u00f3 sombr\u00edo para Juntos y no s\u00f3lo en Tucum\u00e1n: en las reuniones en Capital,<strong> Alfaro<\/strong> le dijo a <strong>Larreta<\/strong> y compa\u00f1\u00eda que tengan cuidado, porque si acumulan estas frustraciones en las provincias el peronismo les puede dar una sorpresa en octubre, a nivel nacional.<\/p>\n<p>En tanto que los radicales tambi\u00e9n salieron heridos:<strong> Cano<\/strong> no s\u00f3lo se fue sin su candidatura sino que su plan B, que es ser funcionario nacional de un hipot\u00e9tico presidente salido del PRO, qued\u00f3 en el abismo. <strong>Mariano Campero<\/strong>, el principal aliado de S\u00e1nchez, ahora tendr\u00e1 serios riesgos de perder el control de Yerba Buena contra el candidato del PRO, Mariano Malmierca.<\/p>\n","protected":false},"excerpt":{"rendered":"<div class=\"mh-excerpt\"><p>Mauricio Macri intervino directamente en la negociaci\u00f3n de las candidaturas en Tucum\u00e1n y no pudo impedir la ruptura de Juntos por el Cambio por el rechazo del radical Roberto S\u00e1nchez a permitir la candidatura del <a class=\"mh-excerpt-more\" href=\"https:\/\/larevistadigital.com.ar\/blog\/macri-esta-furioso-con-los-radicales-de-tucuman-porque-rompieron-juntos\/\" title=\"MACRI EST\u00c1 FURIOSO CON LOS RADICALES DE TUCUM\u00c1N PORQUE \u00abROMPIERON JUNTOS\u00bb\">[Leer M\u00e1s]<\/a><\/p>\n<\/div>","protected":false},"author":3,"featured_media":30479,"comment_status":"open","ping_status":"open","sticky":false,"template":"","format":"standard","meta":{"_jetpack_memberships_contains_paid_content":false,"footnotes":"","jetpack_publicize_message":"","jetpack_publicize_feature_enabled":true,"jetpack_social_post_already_shared":true,"jetpack_social_options":{"image_generator_settings":{"template":"highway","default_image_id":0,"font":"","enabled":false},"version":2}},"categories":[50,12],"tags":[],"class_list":{"0":"post-30478","1":"post","2":"type-post","3":"status-publish","4":"format-standard","5":"has-post-thumbnail","7":"category-interes-general","8":"category-politica"},"jetpack_publicize_connections":[],"jetpack_featured_media_url":"https:\/\/i0.wp.com\/larevistadigital.com.ar\/blog\/wp-content\/uploads\/6182bfb71cf67_940_529.jpg?fit=940%2C529&ssl=1","jetpack_sharing_enabled":true,"jetpack_shortlink":"https:\/\/wp.me\/p8qtrQ-7VA","jetpack-related-posts":[{"id":25770,"url":"https:\/\/larevistadigital.com.ar\/blog\/franco-flexas-el-intendente-radical-que-se-le-planto-a-macri-le-vamos-a-poner-los-puntos\/","url_meta":{"origin":30478,"position":0},"title":"FRANCO FLEXAS: EL INTENDENTE RADICAL QUE SE LE PLANT\u00d3 A MACRI \u00abLE VAMOS A PONER LOS PUNTOS\u00bb","author":"Alejandro Sosa Ruda","date":"10 junio, 2022","format":false,"excerpt":"Las repercusiones por el exabrupto de Mauricio Macri sobre la figura de Hip\u00f3lito Yrigoyen y el centenario partido radical, no cesa: es m\u00e1s, desde la UCR hacen cola para pegarle. Esta vez fue el Intendente de General Viamonte, Franco Flexas, quien se sum\u00f3 a las cr\u00edticas contra el controvertido l\u00edder\u2026","rel":"","context":"En \u00abINTERES GENERAL\u00bb","block_context":{"text":"INTERES GENERAL","link":"https:\/\/larevistadigital.com.ar\/blog\/category\/interes-general\/"},"img":{"alt_text":"","src":"https:\/\/i0.wp.com\/larevistadigital.com.ar\/blog\/wp-content\/uploads\/20220610182336_franco-flexas-ucr-viamonte-macri.jpg?fit=880%2C512&ssl=1&resize=350%2C200","width":350,"height":200,"srcset":"https:\/\/i0.wp.com\/larevistadigital.com.ar\/blog\/wp-content\/uploads\/20220610182336_franco-flexas-ucr-viamonte-macri.jpg?fit=880%2C512&ssl=1&resize=350%2C200 1x, https:\/\/i0.wp.com\/larevistadigital.com.ar\/blog\/wp-content\/uploads\/20220610182336_franco-flexas-ucr-viamonte-macri.jpg?fit=880%2C512&ssl=1&resize=525%2C300 1.5x, https:\/\/i0.wp.com\/larevistadigital.com.ar\/blog\/wp-content\/uploads\/20220610182336_franco-flexas-ucr-viamonte-macri.jpg?fit=880%2C512&ssl=1&resize=700%2C400 2x"},"classes":[]},{"id":34203,"url":"https:\/\/larevistadigital.com.ar\/blog\/sanz-advierte-una-ruptura-de-jxc-si-el-pro-decide-apoyar-a-javier-milei\/","url_meta":{"origin":30478,"position":1},"title":"SANZ ADVIERTE UNA RUPTURA DE JXC SI EL PRO DECIDE APOYAR A JAVIER MILEI","author":"Alejandro Sosa Ruda","date":"25 octubre, 2023","format":false,"excerpt":"\u201cSi las partes empiezan a decidir cosas diferentes, es obvio que se rompe; las coaliciones viven los que sus miembros quieren, no viven eternamente\u201d, dijo el ex titular de la UCR, 25 de Octubre de 2023 Ernesto Sanz, destacado ex senador y ex presidente de la Uni\u00f3n C\u00edvica Radical (UCR),\u2026","rel":"","context":"En \u00abINTERES GENERAL\u00bb","block_context":{"text":"INTERES GENERAL","link":"https:\/\/larevistadigital.com.ar\/blog\/category\/interes-general\/"},"img":{"alt_text":"","src":"https:\/\/i0.wp.com\/larevistadigital.com.ar\/blog\/wp-content\/uploads\/Captura-de-pantalla-2023-10-25-112931.png?fit=797%2C501&ssl=1&resize=350%2C200","width":350,"height":200,"srcset":"https:\/\/i0.wp.com\/larevistadigital.com.ar\/blog\/wp-content\/uploads\/Captura-de-pantalla-2023-10-25-112931.png?fit=797%2C501&ssl=1&resize=350%2C200 1x, https:\/\/i0.wp.com\/larevistadigital.com.ar\/blog\/wp-content\/uploads\/Captura-de-pantalla-2023-10-25-112931.png?fit=797%2C501&ssl=1&resize=525%2C300 1.5x, https:\/\/i0.wp.com\/larevistadigital.com.ar\/blog\/wp-content\/uploads\/Captura-de-pantalla-2023-10-25-112931.png?fit=797%2C501&ssl=1&resize=700%2C400 2x"},"classes":[]},{"id":25544,"url":"https:\/\/larevistadigital.com.ar\/blog\/descontentos-con-el-intendente-radical-el-pro-se-separo-de-la-ucr-en-arrecifes\/","url_meta":{"origin":30478,"position":2},"title":"DESCONTENTOS CON EL INTENDENTE RADICAL, EL PRO SE SEPAR\u00d3 DE LA UCR EN ARRECIFES","author":"Alejandro Sosa Ruda","date":"1 junio, 2022","format":false,"excerpt":"Mediante un comunicado, el PRO arrecife\u00f1o, que desde 2015 integraba la alianza Juntos por el Cambio con la UCR, acuerdo que les permiti\u00f3 acceder al gobierno municipal, hizo conocer su decisi\u00f3n de separarse del oficialismo. Su referente y Concejal Fernando Bouvier, junto con Gustavo Picoy, tendr\u00e1 un bloque propio representando\u2026","rel":"","context":"En \u00abPOLITICA\u00bb","block_context":{"text":"POLITICA","link":"https:\/\/larevistadigital.com.ar\/blog\/category\/politica\/"},"img":{"alt_text":"","src":"https:\/\/i0.wp.com\/larevistadigital.com.ar\/blog\/wp-content\/uploads\/20220601182151_pro-arrecifes-ruptura.jpg?fit=880%2C512&ssl=1&resize=350%2C200","width":350,"height":200,"srcset":"https:\/\/i0.wp.com\/larevistadigital.com.ar\/blog\/wp-content\/uploads\/20220601182151_pro-arrecifes-ruptura.jpg?fit=880%2C512&ssl=1&resize=350%2C200 1x, https:\/\/i0.wp.com\/larevistadigital.com.ar\/blog\/wp-content\/uploads\/20220601182151_pro-arrecifes-ruptura.jpg?fit=880%2C512&ssl=1&resize=525%2C300 1.5x, https:\/\/i0.wp.com\/larevistadigital.com.ar\/blog\/wp-content\/uploads\/20220601182151_pro-arrecifes-ruptura.jpg?fit=880%2C512&ssl=1&resize=700%2C400 2x"},"classes":[]},{"id":28782,"url":"https:\/\/larevistadigital.com.ar\/blog\/la-bancaria-tucuman-se-inicio-un-importante-curso-de-marketing-digital\/","url_meta":{"origin":30478,"position":3},"title":"LA BANCARIA TUCUM\u00c1N: SE INICI\u00d3 UN IMPORTANTE CURSO DE MARKETING DIGITAL","author":"Alejandro Sosa Ruda","date":"4 noviembre, 2022","format":false,"excerpt":"Lo dicta una prestigios\u00edsima Universidad P\u00fablica de New York. Una propuesta que promete seguir para los trabajadores bancarios. 4 de noviembre de 2022 TUCUM\u00c1N -\u00a0 En la instalaciones de la Asociaci\u00f3n Bancaria Seccional Tucum\u00e1n, se inici\u00f3 la capacitaci\u00f3n en Marketing Digital para sus miembros, en articulaci\u00f3n con el City College\u2026","rel":"","context":"En \u00abGREMIALES\u00bb","block_context":{"text":"GREMIALES","link":"https:\/\/larevistadigital.com.ar\/blog\/category\/gremiales\/"},"img":{"alt_text":"","src":"https:\/\/i0.wp.com\/larevistadigital.com.ar\/blog\/wp-content\/uploads\/FglgudIXoAM_4Lk.jpg?fit=1069%2C714&ssl=1&resize=350%2C200","width":350,"height":200,"srcset":"https:\/\/i0.wp.com\/larevistadigital.com.ar\/blog\/wp-content\/uploads\/FglgudIXoAM_4Lk.jpg?fit=1069%2C714&ssl=1&resize=350%2C200 1x, https:\/\/i0.wp.com\/larevistadigital.com.ar\/blog\/wp-content\/uploads\/FglgudIXoAM_4Lk.jpg?fit=1069%2C714&ssl=1&resize=525%2C300 1.5x, https:\/\/i0.wp.com\/larevistadigital.com.ar\/blog\/wp-content\/uploads\/FglgudIXoAM_4Lk.jpg?fit=1069%2C714&ssl=1&resize=700%2C400 2x, https:\/\/i0.wp.com\/larevistadigital.com.ar\/blog\/wp-content\/uploads\/FglgudIXoAM_4Lk.jpg?fit=1069%2C714&ssl=1&resize=1050%2C600 3x"},"classes":[]},{"id":17494,"url":"https:\/\/larevistadigital.com.ar\/blog\/el-gobernador-de-tucuman-recibio-al-diputado-cisneros-y-a-la-sec-general-y-sec-de-gremiales-de-la-bancaria-tucuman\/","url_meta":{"origin":30478,"position":4},"title":"EL GOBERNADOR DE TUCUM\u00c1N RECIBI\u00d3 AL DIPUTADO CISNEROS, Y A LA SEC. GENERAL Y SEC. DE GREMIALES DE LA BANCARIA TUCUM\u00c1N","author":"Alejandro Sosa Ruda","date":"8 noviembre, 2020","format":false,"excerpt":"En el contexto del \"d\u00eda del bancario\", el gobernador tucumano mantuvo una reuni\u00f3n con el Diputado Cisneros, la Secretaria General del gremio en Tucum\u00e1n, Cecilia S\u00e1nchez Blas, y el secretario gremial Hugo Ledesma. El gobernador de la provincia de Tucum\u00e1n, Juan Luis Manzur, recibi\u00f3 al Diputado Carlos Cisneros y a\u2026","rel":"","context":"En \u00abGREMIALES\u00bb","block_context":{"text":"GREMIALES","link":"https:\/\/larevistadigital.com.ar\/blog\/category\/gremiales\/"},"img":{"alt_text":"","src":"https:\/\/i0.wp.com\/larevistadigital.com.ar\/blog\/wp-content\/uploads\/cisneros-con-gobernador.jpg?fit=1000%2C573&ssl=1&resize=350%2C200","width":350,"height":200,"srcset":"https:\/\/i0.wp.com\/larevistadigital.com.ar\/blog\/wp-content\/uploads\/cisneros-con-gobernador.jpg?fit=1000%2C573&ssl=1&resize=350%2C200 1x, https:\/\/i0.wp.com\/larevistadigital.com.ar\/blog\/wp-content\/uploads\/cisneros-con-gobernador.jpg?fit=1000%2C573&ssl=1&resize=525%2C300 1.5x, https:\/\/i0.wp.com\/larevistadigital.com.ar\/blog\/wp-content\/uploads\/cisneros-con-gobernador.jpg?fit=1000%2C573&ssl=1&resize=700%2C400 2x"},"classes":[]},{"id":25618,"url":"https:\/\/larevistadigital.com.ar\/blog\/chascomus-el-diputado-nacional-fabio-quetglas-visitara-el-comite-desde-las-19-hs\/","url_meta":{"origin":30478,"position":5},"title":"CHASCOM\u00daS: EL DIPUTADO NACIONAL FABIO QUETGLAS VISITARA EL COMITE DESDE LAS 19 HS.","author":"Alejandro Sosa Ruda","date":"6 junio, 2022","format":false,"excerpt":"CHASCOM\u00daS -\u00a0 El Diputado Nacional Fabio Quetglas, se har\u00e1 presente el d\u00eda de hoy en el Comit\u00e9 Radical de calle Mazzini desde las 19 hs. para dialogar acerca de actualidad nacional, y del partido radical, con la presencia de los dos \"casi seguros\" pre-candidatos: Santiago Dos Santos y Gustavo L\u00f3pez,\u2026","rel":"","context":"En \u00abCHASCOM\u00daS\u00bb","block_context":{"text":"CHASCOM\u00daS","link":"https:\/\/larevistadigital.com.ar\/blog\/category\/chascomus\/"},"img":{"alt_text":"","src":"https:\/\/i0.wp.com\/larevistadigital.com.ar\/blog\/wp-content\/uploads\/WhatsApp-Image-2022-06-06-at-8.48.31-AM.jpeg?fit=1080%2C1080&ssl=1&resize=350%2C200","width":350,"height":200,"srcset":"https:\/\/i0.wp.com\/larevistadigital.com.ar\/blog\/wp-content\/uploads\/WhatsApp-Image-2022-06-06-at-8.48.31-AM.jpeg?fit=1080%2C1080&ssl=1&resize=350%2C200 1x, https:\/\/i0.wp.com\/larevistadigital.com.ar\/blog\/wp-content\/uploads\/WhatsApp-Image-2022-06-06-at-8.48.31-AM.jpeg?fit=1080%2C1080&ssl=1&resize=525%2C300 1.5x, https:\/\/i0.wp.com\/larevistadigital.com.ar\/blog\/wp-content\/uploads\/WhatsApp-Image-2022-06-06-at-8.48.31-AM.jpeg?fit=1080%2C1080&ssl=1&resize=700%2C400 2x, https:\/\/i0.wp.com\/larevistadigital.com.ar\/blog\/wp-content\/uploads\/WhatsApp-Image-2022-06-06-at-8.48.31-AM.jpeg?fit=1080%2C1080&ssl=1&resize=1050%2C600 3x"},"classes":[]}],"_links":{"self":[{"href":"https:\/\/larevistadigital.com.ar\/blog\/wp-json\/wp\/v2\/posts\/30478","targetHints":{"allow":["GET"]}}],"collection":[{"href":"https:\/\/larevistadigital.com.ar\/blog\/wp-json\/wp\/v2\/posts"}],"about":[{"href":"https:\/\/larevistadigital.com.ar\/blog\/wp-json\/wp\/v2\/types\/post"}],"author":[{"embeddable":true,"href":"https:\/\/larevistadigital.com.ar\/blog\/wp-json\/wp\/v2\/users\/3"}],"replies":[{"embeddable":true,"href":"https:\/\/larevistadigital.com.ar\/blog\/wp-json\/wp\/v2\/comments?post=30478"}],"version-history":[{"count":1,"href":"https:\/\/larevistadigital.com.ar\/blog\/wp-json\/wp\/v2\/posts\/30478\/revisions"}],"predecessor-version":[{"id":30480,"href":"https:\/\/larevistadigital.com.ar\/blog\/wp-json\/wp\/v2\/posts\/30478\/revisions\/30480"}],"wp:featuredmedia":[{"embeddable":true,"href":"https:\/\/larevistadigital.com.ar\/blog\/wp-json\/wp\/v2\/media\/30479"}],"wp:attachment":[{"href":"https:\/\/larevistadigital.com.ar\/blog\/wp-json\/wp\/v2\/media?parent=30478"}],"wp:term":[{"taxonomy":"category","embeddable":true,"href":"https:\/\/larevistadigital.com.ar\/blog\/wp-json\/wp\/v2\/categories?post=30478"},{"taxonomy":"post_tag","embeddable":true,"href":"https:\/\/larevistadigital.com.ar\/blog\/wp-json\/wp\/v2\/tags?post=30478"}],"curies":[{"name":"wp","href":"https:\/\/api.w.org\/{rel}","templated":true}]}}