{"id":30481,"date":"2023-03-08T23:10:09","date_gmt":"2023-03-08T23:10:09","guid":{"rendered":"https:\/\/larevistadigital.com.ar\/blog\/?p=30481"},"modified":"2023-03-08T23:10:09","modified_gmt":"2023-03-08T23:10:09","slug":"segun-una-encuesta-alberto-fernandez-es-el-candidato-que-menos-mide-dentro-del-peronismo","status":"publish","type":"post","link":"https:\/\/larevistadigital.com.ar\/blog\/segun-una-encuesta-alberto-fernandez-es-el-candidato-que-menos-mide-dentro-del-peronismo\/","title":{"rendered":"SEG\u00daN UNA ENCUESTA, ALBERTO FERNANDEZ ES EL CANDIDATO QUE MENOS MIDE DENTRO DEL PERONISMO"},"content":{"rendered":"<h2>Tambi\u00e9n la muestra deja un \u00abempate t\u00e9cnico\u00bb entre Patricia Bullrich y Horacio Rodriguez Larreta, pero el Jefe de Gobierno mide m\u00e1s en un ballotage.<\/h2>\n<p>8 de marzo de 2023<\/p>\n<p>Seg\u00fan publican en el sitio \u00abLa Pol\u00edtica Online\u00bb, se realiz\u00f3 una encuesta que revel\u00f3 que <strong>Alberto Fern\u00e1ndez<\/strong> es el candidato del peronismo que peor mide detr\u00e1s de <strong>Axel Kicillof<\/strong> y <strong>Sergio Massa<\/strong>.<\/p>\n<blockquote>\n<h3>La medici\u00f3n, fue realizada por la consultora Innovaci\u00f3n, Pol\u00edtica y Desarrollo (IPD) y se\u00f1ala que en un escenario sin la participaci\u00f3n de <strong>Cristina Kirchner<\/strong>, <strong>Kicillof<\/strong> se impone en la interna con el 11%, sobre <strong>Massa<\/strong> (10%) y <strong>Alberto<\/strong> (7%).<\/h3>\n<\/blockquote>\n<p>Pese a haberse \u00abautolanzado\u00bb a la presidencia, no fue medido \u00abWado\u00bb De Pedro. Recordemos que el presidente hab\u00eda manifestado en la Mesa del Frente de Todos que se bajar\u00eda si alg\u00fan otro candidato del espacio mide m\u00e1s. Hasta ahora <strong>Alberto Fernandez<\/strong>, no gana en ninguna.<\/p>\n<blockquote>\n<h3>Por el lado de <strong>Axel Kicillof<\/strong>, pretende ir nuevamente por la gobernaci\u00f3n de la provincia, y se niega a ser candidato a Presidente, aunque algunos sostienen que siendo el candidato que m\u00e1s mide en el espacio, deber\u00eda ir por la presidencia. <strong>Massa<\/strong> tiene m\u00e1s techo que <strong>Kicillof<\/strong>, (36% a 34%) pero ambos son superados por <strong>Cristina<\/strong> con un 38%.<\/h3>\n<\/blockquote>\n<p>Con respecto a la oposici\u00f3n, la encuesta muestra un empate t\u00e9cnico entre <strong>Rodriquez Larreta<\/strong>\u00a0y <strong>Patricia Bullrich<\/strong> para las <strong>PASO<\/strong>. <strong>Larreta<\/strong> se impone con 16% en la interna de JxC sobre <strong>Bullrich<\/strong> 15%, lo que <span style=\"color: #ff0000\"><strong>considerando el margen de error de las encuestas representa un empate t\u00e9cnico<\/strong><\/span>. Lejos quedan <strong>Elisa Carri\u00f3<\/strong> (5%) y <strong>Facundo Manes<\/strong> (3%).<\/p>\n<p><strong>Larreta<\/strong> es el referente de Juntos con m\u00e1s potencial para ganar una segunda vuelta: seg\u00fan el informe, <strong>se impone con el 44% frente a Kicillof (33%) y con el 42% frente a Massa (36%)<\/strong>. Adem\u00e1s tiene un techo de 46 puntos, m\u00e1s que cualquier otro candidato. <strong>Bullrich<\/strong> tambi\u00e9n se impondr\u00eda por 43 a 31 a <strong>Kicillof<\/strong> y con un margen mucho m\u00e1s ajustado, por 38 a 36, a <strong>Massa<\/strong>.<\/p>\n<p>La encuesta muestra que <strong><span style=\"color: #ff0000\">Javier Milei se quedar\u00eda en segundo lugar si se mide nombre por nombre<\/span><\/strong> y dejar\u00eda a <strong>Kicillof<\/strong> en tercer lugar. Pero cuando se mide por frentes, el oficialismo supera claramente a los libertarios y queda en segundo lugar a cuatro puntos de Juntos por el Cambio.<\/p>\n<p>fuente e imagen: LPO \/ lapol\u00edticaonline<\/p>\n<p>&nbsp;<\/p>\n","protected":false},"excerpt":{"rendered":"<div class=\"mh-excerpt\"><p>Tambi\u00e9n la muestra deja un \u00abempate t\u00e9cnico\u00bb entre Patricia Bullrich y Horacio Rodriguez Larreta, pero el Jefe de Gobierno mide m\u00e1s en un ballotage. 8 de marzo de 2023 Seg\u00fan publican en el sitio \u00abLa <a class=\"mh-excerpt-more\" href=\"https:\/\/larevistadigital.com.ar\/blog\/segun-una-encuesta-alberto-fernandez-es-el-candidato-que-menos-mide-dentro-del-peronismo\/\" title=\"SEG\u00daN UNA ENCUESTA, ALBERTO FERNANDEZ ES EL CANDIDATO QUE MENOS MIDE DENTRO DEL PERONISMO\">[Leer M\u00e1s]<\/a><\/p>\n<\/div>","protected":false},"author":3,"featured_media":30482,"comment_status":"open","ping_status":"open","sticky":false,"template":"","format":"standard","meta":{"_jetpack_memberships_contains_paid_content":false,"footnotes":"","jetpack_publicize_message":"","jetpack_publicize_feature_enabled":true,"jetpack_social_post_already_shared":true,"jetpack_social_options":{"image_generator_settings":{"template":"highway","default_image_id":0,"font":"","enabled":false},"version":2}},"categories":[50,12],"tags":[],"class_list":{"0":"post-30481","1":"post","2":"type-post","3":"status-publish","4":"format-standard","5":"has-post-thumbnail","7":"category-interes-general","8":"category-politica"},"jetpack_publicize_connections":[],"jetpack_featured_media_url":"https:\/\/i0.wp.com\/larevistadigital.com.ar\/blog\/wp-content\/uploads\/63dfe51e1e6c3_940_529.jpg?fit=940%2C529&ssl=1","jetpack_sharing_enabled":true,"jetpack_shortlink":"https:\/\/wp.me\/p8qtrQ-7VD","jetpack-related-posts":[{"id":40218,"url":"https:\/\/larevistadigital.com.ar\/blog\/peronismo-bonaerense-en-marcha-kicillof-massa-y-maximo-acuerdan-una-estrategia-electoral-conjunta\/","url_meta":{"origin":30481,"position":0},"title":"Peronismo bonaerense en marcha: Kicillof, Massa y M\u00e1ximo acuerdan una estrategia electoral conjunta","author":"Alejandro Sosa Ruda","date":"30 junio, 2025","format":false,"excerpt":"Con miras a las elecciones provinciales de septiembre, las principales figuras del peronismo se reunieron en La Plata y definieron presentar los candidatos m\u00e1s competitivos por secci\u00f3n electoral. Un frente com\u00fan contra el ajuste y la \u201cmotosierra\u201d. 30 de Junio de 2025 BUENOS AIRES -\u00a0 En una cumbre pol\u00edtica cargada\u2026","rel":"","context":"En \u00abDESTACADAS\u00bb","block_context":{"text":"DESTACADAS","link":"https:\/\/larevistadigital.com.ar\/blog\/category\/destacadas\/"},"img":{"alt_text":"","src":"https:\/\/i0.wp.com\/larevistadigital.com.ar\/blog\/wp-content\/uploads\/Captura-de-pantalla-2025-06-30-121836.jpg?fit=689%2C384&ssl=1&resize=350%2C200","width":350,"height":200,"srcset":"https:\/\/i0.wp.com\/larevistadigital.com.ar\/blog\/wp-content\/uploads\/Captura-de-pantalla-2025-06-30-121836.jpg?fit=689%2C384&ssl=1&resize=350%2C200 1x, https:\/\/i0.wp.com\/larevistadigital.com.ar\/blog\/wp-content\/uploads\/Captura-de-pantalla-2025-06-30-121836.jpg?fit=689%2C384&ssl=1&resize=525%2C300 1.5x"},"classes":[]},{"id":12801,"url":"https:\/\/larevistadigital.com.ar\/blog\/12801-2\/","url_meta":{"origin":30481,"position":1},"title":"NUTRIDO ENCUENTRO PERONISTA PARA APOYAR A GASTON, KICILLOF Y FERNANDEZ\u00bb","author":"Alejandro Sosa Ruda","date":"25 octubre, 2019","format":false,"excerpt":"Referentes del peronismo de la ciudad de Chascomus realizaron un encuentro de militantes, vecinos y dirigentes sociales para brindar\u00a0\u201cratificar su apoyo a la candidatura del Intendente Javier Chapa Gast\u00f3n, y las candidaturas a Presidente de Alberto Fern\u00e1ndez y Axel kicillof en la provincia\u201d seg\u00fan informaron los organizadores. Convocados por un\u2026","rel":"","context":"En \u00abCHASCOM\u00daS\u00bb","block_context":{"text":"CHASCOM\u00daS","link":"https:\/\/larevistadigital.com.ar\/blog\/category\/chascomus\/"},"img":{"alt_text":"","src":"https:\/\/i0.wp.com\/larevistadigital.com.ar\/blog\/wp-content\/uploads\/WhatsApp-Image-2019-10-24-at-14.17.21.jpeg?fit=1024%2C768&ssl=1&resize=350%2C200","width":350,"height":200,"srcset":"https:\/\/i0.wp.com\/larevistadigital.com.ar\/blog\/wp-content\/uploads\/WhatsApp-Image-2019-10-24-at-14.17.21.jpeg?fit=1024%2C768&ssl=1&resize=350%2C200 1x, https:\/\/i0.wp.com\/larevistadigital.com.ar\/blog\/wp-content\/uploads\/WhatsApp-Image-2019-10-24-at-14.17.21.jpeg?fit=1024%2C768&ssl=1&resize=525%2C300 1.5x, https:\/\/i0.wp.com\/larevistadigital.com.ar\/blog\/wp-content\/uploads\/WhatsApp-Image-2019-10-24-at-14.17.21.jpeg?fit=1024%2C768&ssl=1&resize=700%2C400 2x"},"classes":[]},{"id":11806,"url":"https:\/\/larevistadigital.com.ar\/blog\/fernandez-se-impondria-con-amplitud-sobre-macri-kicillof-habria-ganado-en-provincia-y-en-chascomus-el-ganador-seria-tambien-el-frente-de-todos\/","url_meta":{"origin":30481,"position":2},"title":"FERNANDEZ SE IMPONDR\u00cdA CON AMPLITUD SOBRE MACRI, KICILLOF HABR\u00cdA GANADO EN PROVINCIA, Y EN CHASCOM\u00daS EL GANADOR SER\u00cdA TAMBI\u00c9N EL FRENTE DE TODOS","author":"Alejandro Sosa Ruda","date":"11 agosto, 2019","format":false,"excerpt":"Los primeros datos extraoficiales, indicar\u00edan que el triunfo en estas PASO ser\u00eda de la f\u00f3rmula Alberto Fern\u00e1ndez y Cristina Kirchner, como tambi\u00e9n en la provincia, pero por menor margen se habr\u00eda impuesto el candidato K, Axel Kicillof. En la ciudad de Chascom\u00fas, el actual intendente y candidato del Frente de\u2026","rel":"","context":"En \u00abDESTACADAS\u00bb","block_context":{"text":"DESTACADAS","link":"https:\/\/larevistadigital.com.ar\/blog\/category\/destacadas\/"},"img":{"alt_text":"","src":"https:\/\/i0.wp.com\/larevistadigital.com.ar\/blog\/wp-content\/uploads\/elecciones-2019.jpg?fit=791%2C445&ssl=1&resize=350%2C200","width":350,"height":200,"srcset":"https:\/\/i0.wp.com\/larevistadigital.com.ar\/blog\/wp-content\/uploads\/elecciones-2019.jpg?fit=791%2C445&ssl=1&resize=350%2C200 1x, https:\/\/i0.wp.com\/larevistadigital.com.ar\/blog\/wp-content\/uploads\/elecciones-2019.jpg?fit=791%2C445&ssl=1&resize=525%2C300 1.5x, https:\/\/i0.wp.com\/larevistadigital.com.ar\/blog\/wp-content\/uploads\/elecciones-2019.jpg?fit=791%2C445&ssl=1&resize=700%2C400 2x"},"classes":[]},{"id":12889,"url":"https:\/\/larevistadigital.com.ar\/blog\/contundente-triunfo-de-kicillof-que-sera-el-gobernador-de-buenos-aires\/","url_meta":{"origin":30481,"position":3},"title":"CONTUNDENTE TRIUNFO DE KICILLOF QUE SER\u00c1 EL GOBERNADOR DE BUENOS AIRES","author":"Alejandro Sosa Ruda","date":"28 octubre, 2019","format":false,"excerpt":"El candidato del Frente de Todos se impone por una amplia diferencia en la provincia m\u00e1s poblada del pa\u00eds. El peronismo vuelve a gobernar el territorio bonaerense despu\u00e9s de 4 a\u00f1os El ex ministro de Econom\u00eda y candidato del Frente de Todos,\u00a0Axel Kicillof, logra una amplia victoria sobre la gobernadora\u00a0Mar\u00eda\u2026","rel":"","context":"En \u00abINTERES GENERAL\u00bb","block_context":{"text":"INTERES GENERAL","link":"https:\/\/larevistadigital.com.ar\/blog\/category\/interes-general\/"},"img":{"alt_text":"","src":"https:\/\/i0.wp.com\/larevistadigital.com.ar\/blog\/wp-content\/uploads\/Screenshot_3-21.jpg?fit=929%2C578&ssl=1&resize=350%2C200","width":350,"height":200,"srcset":"https:\/\/i0.wp.com\/larevistadigital.com.ar\/blog\/wp-content\/uploads\/Screenshot_3-21.jpg?fit=929%2C578&ssl=1&resize=350%2C200 1x, https:\/\/i0.wp.com\/larevistadigital.com.ar\/blog\/wp-content\/uploads\/Screenshot_3-21.jpg?fit=929%2C578&ssl=1&resize=525%2C300 1.5x, https:\/\/i0.wp.com\/larevistadigital.com.ar\/blog\/wp-content\/uploads\/Screenshot_3-21.jpg?fit=929%2C578&ssl=1&resize=700%2C400 2x"},"classes":[]},{"id":1906,"url":"https:\/\/larevistadigital.com.ar\/blog\/cristina-y-lilita-cabeza-a-cabeza-en-la-provincia\/","url_meta":{"origin":30481,"position":4},"title":"CRISTINA Y LILITA CABEZA A CABEZA EN LA PROVINCIA","author":"Alejandro Sosa Ruda","date":"7 abril, 2017","format":false,"excerpt":"Seg\u00fan informa el sitio web latecla.info se dio a conocer una encuesta preelectoral de la consultora \u201cOpina Argentina\u201d en la que d\u00e1 como resultado un empate t\u00e9cnico entre Elisa Carri\u00f3 y Cristina Fern\u00e1ndez de Kirchner en un eventual cruce en las pr\u00f3ximas elecciones legislativas en la provincia de Buenos Aires.\u2026","rel":"","context":"En \u00abDESTACADAS\u00bb","block_context":{"text":"DESTACADAS","link":"https:\/\/larevistadigital.com.ar\/blog\/category\/destacadas\/"},"img":{"alt_text":"","src":"https:\/\/i0.wp.com\/larevistadigital.com.ar\/blog\/wp-content\/uploads\/2017\/04\/68584_3.jpg?fit=728%2C500&ssl=1&resize=350%2C200","width":350,"height":200,"srcset":"https:\/\/i0.wp.com\/larevistadigital.com.ar\/blog\/wp-content\/uploads\/2017\/04\/68584_3.jpg?fit=728%2C500&ssl=1&resize=350%2C200 1x, https:\/\/i0.wp.com\/larevistadigital.com.ar\/blog\/wp-content\/uploads\/2017\/04\/68584_3.jpg?fit=728%2C500&ssl=1&resize=525%2C300 1.5x, https:\/\/i0.wp.com\/larevistadigital.com.ar\/blog\/wp-content\/uploads\/2017\/04\/68584_3.jpg?fit=728%2C500&ssl=1&resize=700%2C400 2x"},"classes":[]},{"id":12930,"url":"https:\/\/larevistadigital.com.ar\/blog\/castelli-echarren-fue-el-intendente-mas-votado-de-la-seccion\/","url_meta":{"origin":30481,"position":5},"title":"CASTELLI: ECHARREN FUE EL INTENDENTE M\u00c1S VOTADO DE LA SECCI\u00d3N","author":"Alejandro Sosa Ruda","date":"29 octubre, 2019","format":false,"excerpt":"El jefe comunal de Castelli fue el intendente m\u00e1s votado la Quinta Secci\u00f3n Electoral obteniendo 65 puntos. Detr\u00e1s de \u00e9l se ubicaron Javier Gast\u00f3n de Chascomus y Gustavo Walker de Pila ambos con 63 puntos. Los datos son tomados del escrutinio publicado este 28 de octubre, un dia despu\u00e9s de\u2026","rel":"","context":"En \u00abINTERES GENERAL\u00bb","block_context":{"text":"INTERES GENERAL","link":"https:\/\/larevistadigital.com.ar\/blog\/category\/interes-general\/"},"img":{"alt_text":"","src":"https:\/\/i0.wp.com\/larevistadigital.com.ar\/blog\/wp-content\/uploads\/2017\/11\/echarren.jpg?fit=512%2C512&ssl=1&resize=350%2C200","width":350,"height":200},"classes":[]}],"_links":{"self":[{"href":"https:\/\/larevistadigital.com.ar\/blog\/wp-json\/wp\/v2\/posts\/30481","targetHints":{"allow":["GET"]}}],"collection":[{"href":"https:\/\/larevistadigital.com.ar\/blog\/wp-json\/wp\/v2\/posts"}],"about":[{"href":"https:\/\/larevistadigital.com.ar\/blog\/wp-json\/wp\/v2\/types\/post"}],"author":[{"embeddable":true,"href":"https:\/\/larevistadigital.com.ar\/blog\/wp-json\/wp\/v2\/users\/3"}],"replies":[{"embeddable":true,"href":"https:\/\/larevistadigital.com.ar\/blog\/wp-json\/wp\/v2\/comments?post=30481"}],"version-history":[{"count":1,"href":"https:\/\/larevistadigital.com.ar\/blog\/wp-json\/wp\/v2\/posts\/30481\/revisions"}],"predecessor-version":[{"id":30483,"href":"https:\/\/larevistadigital.com.ar\/blog\/wp-json\/wp\/v2\/posts\/30481\/revisions\/30483"}],"wp:featuredmedia":[{"embeddable":true,"href":"https:\/\/larevistadigital.com.ar\/blog\/wp-json\/wp\/v2\/media\/30482"}],"wp:attachment":[{"href":"https:\/\/larevistadigital.com.ar\/blog\/wp-json\/wp\/v2\/media?parent=30481"}],"wp:term":[{"taxonomy":"category","embeddable":true,"href":"https:\/\/larevistadigital.com.ar\/blog\/wp-json\/wp\/v2\/categories?post=30481"},{"taxonomy":"post_tag","embeddable":true,"href":"https:\/\/larevistadigital.com.ar\/blog\/wp-json\/wp\/v2\/tags?post=30481"}],"curies":[{"name":"wp","href":"https:\/\/api.w.org\/{rel}","templated":true}]}}