{"id":30484,"date":"2023-03-08T23:18:28","date_gmt":"2023-03-08T23:18:28","guid":{"rendered":"https:\/\/larevistadigital.com.ar\/blog\/?p=30484"},"modified":"2023-03-08T23:18:28","modified_gmt":"2023-03-08T23:18:28","slug":"el-bayern-munich-dejo-afuera-de-la-champions-al-psg-de-messi-y-mbappe","status":"publish","type":"post","link":"https:\/\/larevistadigital.com.ar\/blog\/el-bayern-munich-dejo-afuera-de-la-champions-al-psg-de-messi-y-mbappe\/","title":{"rendered":"EL BAYERN MUNICH DEJ\u00d3 AFUERA DE LA CHAMPIONS AL PSG DE MESSI Y MBAPPE"},"content":{"rendered":"<h2>Se jug\u00f3 en Alemania, y el resultado fue 2 a 0. De esta manera redonde\u00f3 un 3 a 0 en el global de la serie. El equipo franc\u00e9s fue totalmente dominado. Milan elimin\u00f3 al Tottenham en la otra serie.<\/h2>\n<p>8 de marzo de 2023<\/p>\n<p><strong>MUNICH &#8211;\u00a0 <\/strong><strong>Bayern Munich elimin\u00f3 este mi\u00e9rcoles al PSG de Lionel Messi y Mbapp\u00e9, al ganarle 2 a 0 en Alemania el partido de vuelta de los octavos de final de la Liga de Campeones.<\/strong>\u00a0El equipo teut\u00f3n, que tambi\u00e9n se hab\u00eda impuesto por 1 a 0 en Par\u00eds, redonde\u00f3 un global de 3-0 que evidenci\u00f3 su superioridad en la serie.<\/p>\n<blockquote>\n<h3>Choupo-Moting y Gnabry marcaron los goles del conjunto germano, que se instal\u00f3 as\u00ed en los cuartos de final una vez m\u00e1s.<\/h3>\n<\/blockquote>\n<p>En el otro partido de los octavos disputado este mi\u00e9rcoles, Tottenham no pudo dar vuelta la serie ante Milan, al igualar sin goles en Inglaterra. El elenco italiano hab\u00eda ganado 1-0 el partido de ida.<\/p>\n<blockquote>\n<h3>El defensor argentino\u00a0<strong>Cristian \u201cCuti\u201d Romero fue expulsado<\/strong>\u00a0a los 32\u2032 del complemento por doble amarilla en el Tottenham.<\/h3>\n<\/blockquote>\n<p>Milan y Bayern Munich se suman as\u00ed a Benfica y Chelsea, los dos primeros equipos clasificados a cuartos de final el martes.<\/p>\n<blockquote>\n<h3>La semana pr\u00f3xima se definir\u00e1n las otras cuatro series. El martes, Porto recibir\u00e1 a Inter, que gan\u00f3 1-0 la ida en Italia, y Manchester City ser\u00e1 local ante el Leipzig tras el 1-1 en Alemania.<\/h3>\n<\/blockquote>\n<p>Y el mi\u00e9rcoles, Real Madrid buscar\u00e1 sellar su pasaje a cuartos ante el Liverpool, al que gole\u00f3 5-2 en Inglaterra, y N\u00e1poli recibir\u00e1 al Frankfurt, al que venci\u00f3 2-0 en Alemania.<\/p>\n","protected":false},"excerpt":{"rendered":"<div class=\"mh-excerpt\"><p>Se jug\u00f3 en Alemania, y el resultado fue 2 a 0. De esta manera redonde\u00f3 un 3 a 0 en el global de la serie. El equipo franc\u00e9s fue totalmente dominado. Milan elimin\u00f3 al Tottenham <a class=\"mh-excerpt-more\" href=\"https:\/\/larevistadigital.com.ar\/blog\/el-bayern-munich-dejo-afuera-de-la-champions-al-psg-de-messi-y-mbappe\/\" title=\"EL BAYERN MUNICH DEJ\u00d3 AFUERA DE LA CHAMPIONS AL PSG DE MESSI Y MBAPPE\">[Leer M\u00e1s]<\/a><\/p>\n<\/div>","protected":false},"author":3,"featured_media":30485,"comment_status":"open","ping_status":"open","sticky":false,"template":"","format":"standard","meta":{"_jetpack_memberships_contains_paid_content":false,"footnotes":"","jetpack_publicize_message":"","jetpack_publicize_feature_enabled":true,"jetpack_social_post_already_shared":true,"jetpack_social_options":{"image_generator_settings":{"template":"highway","default_image_id":0,"font":"","enabled":false},"version":2}},"categories":[8,50],"tags":[],"class_list":{"0":"post-30484","1":"post","2":"type-post","3":"status-publish","4":"format-standard","5":"has-post-thumbnail","7":"category-deportes","8":"category-interes-general"},"jetpack_publicize_connections":[],"jetpack_featured_media_url":"https:\/\/i0.wp.com\/larevistadigital.com.ar\/blog\/wp-content\/uploads\/PSG-BAYERN.png?fit=805%2C508&ssl=1","jetpack_sharing_enabled":true,"jetpack_shortlink":"https:\/\/wp.me\/p8qtrQ-7VG","jetpack-related-posts":[{"id":43518,"url":"https:\/\/larevistadigital.com.ar\/blog\/franco-mastantuono-se-estreno-como-goleador-en-la-champions-league-y-brillo-en-la-goleada-del-real-madrid\/","url_meta":{"origin":30484,"position":0},"title":"Franco Mastantuono se estren\u00f3 como goleador en la Champions League y brill\u00f3 en la goleada del Real Madrid","author":"Alejandro Sosa Ruda","date":"20 enero, 2026","format":false,"excerpt":"El ex River fue titular ante el M\u00f3naco, marc\u00f3 un gol y volvi\u00f3 a ganar protagonismo con la llegada de \u00c1lvaro Arbeloa al banco del conjunto espa\u00f1ol. 20 de enero de 2026 El argentino Franco Mastantuono vivi\u00f3 una noche inolvidable en Europa al convertir su primer gol en la Champions\u2026","rel":"","context":"En \u00abDEPORTES\u00bb","block_context":{"text":"DEPORTES","link":"https:\/\/larevistadigital.com.ar\/blog\/category\/deportes\/"},"img":{"alt_text":"","src":"https:\/\/i0.wp.com\/larevistadigital.com.ar\/blog\/wp-content\/uploads\/Captura-de-pantalla-2026-01-20-211242.jpg?fit=808%2C483&ssl=1&resize=350%2C200","width":350,"height":200,"srcset":"https:\/\/i0.wp.com\/larevistadigital.com.ar\/blog\/wp-content\/uploads\/Captura-de-pantalla-2026-01-20-211242.jpg?fit=808%2C483&ssl=1&resize=350%2C200 1x, https:\/\/i0.wp.com\/larevistadigital.com.ar\/blog\/wp-content\/uploads\/Captura-de-pantalla-2026-01-20-211242.jpg?fit=808%2C483&ssl=1&resize=525%2C300 1.5x, https:\/\/i0.wp.com\/larevistadigital.com.ar\/blog\/wp-content\/uploads\/Captura-de-pantalla-2026-01-20-211242.jpg?fit=808%2C483&ssl=1&resize=700%2C400 2x"},"classes":[]},{"id":30159,"url":"https:\/\/larevistadigital.com.ar\/blog\/te-lo-vas-a-perder-hoy-el-arsenal-vs-manchester-city-de-julian-alvarez-y-otros-duelos-imperdibles-por-la-champions-hora-y-tv-para-disfrutarlos\/","url_meta":{"origin":30484,"position":1},"title":"TE LO VAS A PERDER: HOY EL ARSENAL VS. MANCHESTER CITY DE JULI\u00c1N \u00c1LVAREZ Y OTROS DUELOS IMPERDIBLES POR LA CHAMPIONS. HORA Y TV PARA DISFRUTARLOS","author":"Alejandro Sosa Ruda","date":"15 febrero, 2023","format":false,"excerpt":"Hoy contin\u00faan los partidos de ida de Octavos de Final del certamen continental, y a su vez, el l\u00edder y el escolta de la liga inglesa jugar\u00e1n el pendiente de la fecha 12. 15 de febrero de 2023 El primero de los partidos ser\u00e1\u00a0Arsenal vs Manchester City, que debi\u00f3 jugarse\u2026","rel":"","context":"En \u00abDEPORTES\u00bb","block_context":{"text":"DEPORTES","link":"https:\/\/larevistadigital.com.ar\/blog\/category\/deportes\/"},"img":{"alt_text":"","src":"https:\/\/i0.wp.com\/larevistadigital.com.ar\/blog\/wp-content\/uploads\/63bb25a6508e6_1200.jpg?fit=1200%2C675&ssl=1&resize=350%2C200","width":350,"height":200,"srcset":"https:\/\/i0.wp.com\/larevistadigital.com.ar\/blog\/wp-content\/uploads\/63bb25a6508e6_1200.jpg?fit=1200%2C675&ssl=1&resize=350%2C200 1x, https:\/\/i0.wp.com\/larevistadigital.com.ar\/blog\/wp-content\/uploads\/63bb25a6508e6_1200.jpg?fit=1200%2C675&ssl=1&resize=525%2C300 1.5x, https:\/\/i0.wp.com\/larevistadigital.com.ar\/blog\/wp-content\/uploads\/63bb25a6508e6_1200.jpg?fit=1200%2C675&ssl=1&resize=700%2C400 2x, https:\/\/i0.wp.com\/larevistadigital.com.ar\/blog\/wp-content\/uploads\/63bb25a6508e6_1200.jpg?fit=1200%2C675&ssl=1&resize=1050%2C600 3x"},"classes":[]},{"id":24662,"url":"https:\/\/larevistadigital.com.ar\/blog\/champions-league-todos-los-duelos-de-los-cuartos-de-final\/","url_meta":{"origin":30484,"position":2},"title":"CHAMPIONS LEAGUE: TODOS LOS DUELOS DE LOS CUARTOS DE FINAL","author":"Alejandro Sosa Ruda","date":"18 marzo, 2022","format":false,"excerpt":"Esta ma\u00f1ana (18\/3), se sortearon los cuartos de final de la UEFA Champions League y habr\u00e1 partidos incre\u00edbles. Real Madrid, ir\u00e1 por su revancha ante Chelsea. Ya pasados por los octavos de final, la UEFA se reuni\u00f3 en Suiza y defini\u00f3 la suerte de los equipos y el cuadro hacia\u2026","rel":"","context":"En \u00abDEPORTES\u00bb","block_context":{"text":"DEPORTES","link":"https:\/\/larevistadigital.com.ar\/blog\/category\/deportes\/"},"img":{"alt_text":"","src":"https:\/\/i0.wp.com\/larevistadigital.com.ar\/blog\/wp-content\/uploads\/clasificados-cuartos-europa-league.jpeg?fit=1200%2C675&ssl=1&resize=350%2C200","width":350,"height":200,"srcset":"https:\/\/i0.wp.com\/larevistadigital.com.ar\/blog\/wp-content\/uploads\/clasificados-cuartos-europa-league.jpeg?fit=1200%2C675&ssl=1&resize=350%2C200 1x, https:\/\/i0.wp.com\/larevistadigital.com.ar\/blog\/wp-content\/uploads\/clasificados-cuartos-europa-league.jpeg?fit=1200%2C675&ssl=1&resize=525%2C300 1.5x, https:\/\/i0.wp.com\/larevistadigital.com.ar\/blog\/wp-content\/uploads\/clasificados-cuartos-europa-league.jpeg?fit=1200%2C675&ssl=1&resize=700%2C400 2x, https:\/\/i0.wp.com\/larevistadigital.com.ar\/blog\/wp-content\/uploads\/clasificados-cuartos-europa-league.jpeg?fit=1200%2C675&ssl=1&resize=1050%2C600 3x"},"classes":[]},{"id":29472,"url":"https:\/\/larevistadigital.com.ar\/blog\/qatar-2022-francia-sera-el-rival-de-argentina-en-la-final-del-proximo-domingo\/","url_meta":{"origin":30484,"position":3},"title":"QATAR 2022: FRANCIA SER\u00c1 EL RIVAL DE ARGENTINA EN LA FINAL DEL PR\u00d3XIMO DOMINGO","author":"Alejandro Sosa Ruda","date":"15 diciembre, 2022","format":false,"excerpt":"Derrot\u00f3 a Marruecos por 2 a 0 que se enfrentar\u00e1 a Croacia por el tercer puesto el d\u00eda s\u00e1bado. 14 de diciembre de 2022 El vigente campe\u00f3n,\u00a0Francia, elimin\u00f3 esta tarde a\u00a0Marruecos\u00a0con una victoria por 2-0, en la\u00a0semifinal\u00a0disputada en\u00a0Al Bayt\u00a0y definir\u00e1 el domingo pr\u00f3ximo con\u00a0Argentina\u00a0el t\u00edtulo del\u00a0Mundial Qatar 2022. El lateral\u00a0Theo\u2026","rel":"","context":"En \u00abDEPORTES\u00bb","block_context":{"text":"DEPORTES","link":"https:\/\/larevistadigital.com.ar\/blog\/category\/deportes\/"},"img":{"alt_text":"","src":"https:\/\/i0.wp.com\/larevistadigital.com.ar\/blog\/wp-content\/uploads\/639a3bb1ba515.r_1671052214804.0-112-1600-1035.jpeg?fit=969%2C559&ssl=1&resize=350%2C200","width":350,"height":200,"srcset":"https:\/\/i0.wp.com\/larevistadigital.com.ar\/blog\/wp-content\/uploads\/639a3bb1ba515.r_1671052214804.0-112-1600-1035.jpeg?fit=969%2C559&ssl=1&resize=350%2C200 1x, https:\/\/i0.wp.com\/larevistadigital.com.ar\/blog\/wp-content\/uploads\/639a3bb1ba515.r_1671052214804.0-112-1600-1035.jpeg?fit=969%2C559&ssl=1&resize=525%2C300 1.5x, https:\/\/i0.wp.com\/larevistadigital.com.ar\/blog\/wp-content\/uploads\/639a3bb1ba515.r_1671052214804.0-112-1600-1035.jpeg?fit=969%2C559&ssl=1&resize=700%2C400 2x"},"classes":[]},{"id":14109,"url":"https:\/\/larevistadigital.com.ar\/blog\/video-con-resumen-y-goles-atletico-madrid-dio-vuelta-un-partidazo-y-dejo-afuera-al-barsa\/","url_meta":{"origin":30484,"position":4},"title":"[VIDEO CON RESUMEN Y GOLES] ATL\u00c9TICO MADRID DIO VUELTA UN PARTIDAZO Y DEJ\u00d3 AFUERA AL BARSA","author":"Alejandro Sosa Ruda","date":"9 enero, 2020","format":false,"excerpt":"El Atl\u00e9tico Madrid se meti\u00f3 in extremis\u00a0este jueves en la\u00a0final\u00a0de la\u00a0Supercopa de Espa\u00f1a\u00a0tras remontar un partido incre\u00edble que le gan\u00f3\u00a03-2\u00a0al\u00a0Barcelona\u00a0en la semifinal disputada en el estadio King Abdullah de la ciudad saud\u00ed de Yed\u00e1. Koke abri\u00f3 el marcador para los rojiblancos (46), pero poco despu\u00e9s Lionel Messi\u00a0igual\u00f3 (51) y Antoine\u2026","rel":"","context":"En \u00abDEPORTES\u00bb","block_context":{"text":"DEPORTES","link":"https:\/\/larevistadigital.com.ar\/blog\/category\/deportes\/"},"img":{"alt_text":"","src":"https:\/\/i0.wp.com\/larevistadigital.com.ar\/blog\/wp-content\/uploads\/atletico-madrid-barcelona-supercopa-ap-09012020.jpg?fit=650%2C446&ssl=1&resize=350%2C200","width":350,"height":200,"srcset":"https:\/\/i0.wp.com\/larevistadigital.com.ar\/blog\/wp-content\/uploads\/atletico-madrid-barcelona-supercopa-ap-09012020.jpg?fit=650%2C446&ssl=1&resize=350%2C200 1x, https:\/\/i0.wp.com\/larevistadigital.com.ar\/blog\/wp-content\/uploads\/atletico-madrid-barcelona-supercopa-ap-09012020.jpg?fit=650%2C446&ssl=1&resize=525%2C300 1.5x"},"classes":[]},{"id":25169,"url":"https:\/\/larevistadigital.com.ar\/blog\/messi-lesionado-no-estara-en-el-partido-que-puede-consagrar-al-psg-como-campeon-de-la-liga-de-francia\/","url_meta":{"origin":30484,"position":5},"title":"MESSI LESIONADO: NO ESTAR\u00c1 EN EL PARTIDO QUE PUEDE CONSAGRAR AL PSG COMO CAMPE\u00d3N DE LA LIGA DE FRANCIA","author":"Alejandro Sosa Ruda","date":"20 abril, 2022","format":false,"excerpt":"El rosarino \u00absigue en tratamiento por una inflamaci\u00f3n del tend\u00f3n de Aquiles izquierdo\u00bb, seg\u00fan indic\u00f3 el parte m\u00e9dico del club. La lesi\u00f3n lo ausentar\u00e1 del partido en el que puede coronarse. El futbolista Lionel Messi sufri\u00f3 una \u00abinflamaci\u00f3n en el tend\u00f3n de Aquiles del pie izquierdo\u00bb y qued\u00f3 descartado para\u2026","rel":"","context":"En \u00abDEPORTES\u00bb","block_context":{"text":"DEPORTES","link":"https:\/\/larevistadigital.com.ar\/blog\/category\/deportes\/"},"img":{"alt_text":"","src":"https:\/\/i0.wp.com\/larevistadigital.com.ar\/blog\/wp-content\/uploads\/messi-lesionado-19-4-2022.jpg?fit=640%2C360&ssl=1&resize=350%2C200","width":350,"height":200,"srcset":"https:\/\/i0.wp.com\/larevistadigital.com.ar\/blog\/wp-content\/uploads\/messi-lesionado-19-4-2022.jpg?fit=640%2C360&ssl=1&resize=350%2C200 1x, https:\/\/i0.wp.com\/larevistadigital.com.ar\/blog\/wp-content\/uploads\/messi-lesionado-19-4-2022.jpg?fit=640%2C360&ssl=1&resize=525%2C300 1.5x"},"classes":[]}],"_links":{"self":[{"href":"https:\/\/larevistadigital.com.ar\/blog\/wp-json\/wp\/v2\/posts\/30484","targetHints":{"allow":["GET"]}}],"collection":[{"href":"https:\/\/larevistadigital.com.ar\/blog\/wp-json\/wp\/v2\/posts"}],"about":[{"href":"https:\/\/larevistadigital.com.ar\/blog\/wp-json\/wp\/v2\/types\/post"}],"author":[{"embeddable":true,"href":"https:\/\/larevistadigital.com.ar\/blog\/wp-json\/wp\/v2\/users\/3"}],"replies":[{"embeddable":true,"href":"https:\/\/larevistadigital.com.ar\/blog\/wp-json\/wp\/v2\/comments?post=30484"}],"version-history":[{"count":1,"href":"https:\/\/larevistadigital.com.ar\/blog\/wp-json\/wp\/v2\/posts\/30484\/revisions"}],"predecessor-version":[{"id":30486,"href":"https:\/\/larevistadigital.com.ar\/blog\/wp-json\/wp\/v2\/posts\/30484\/revisions\/30486"}],"wp:featuredmedia":[{"embeddable":true,"href":"https:\/\/larevistadigital.com.ar\/blog\/wp-json\/wp\/v2\/media\/30485"}],"wp:attachment":[{"href":"https:\/\/larevistadigital.com.ar\/blog\/wp-json\/wp\/v2\/media?parent=30484"}],"wp:term":[{"taxonomy":"category","embeddable":true,"href":"https:\/\/larevistadigital.com.ar\/blog\/wp-json\/wp\/v2\/categories?post=30484"},{"taxonomy":"post_tag","embeddable":true,"href":"https:\/\/larevistadigital.com.ar\/blog\/wp-json\/wp\/v2\/tags?post=30484"}],"curies":[{"name":"wp","href":"https:\/\/api.w.org\/{rel}","templated":true}]}}