{"id":30487,"date":"2023-03-08T23:27:56","date_gmt":"2023-03-08T23:27:56","guid":{"rendered":"https:\/\/larevistadigital.com.ar\/blog\/?p=30487"},"modified":"2023-03-08T23:27:56","modified_gmt":"2023-03-08T23:27:56","slug":"lo-condenaron-a-13-anos-de-prision-por-violar-a-su-hijastra-y-quedo-detenido-luego-de-la-lectura-de-la-sentencia","status":"publish","type":"post","link":"https:\/\/larevistadigital.com.ar\/blog\/lo-condenaron-a-13-anos-de-prision-por-violar-a-su-hijastra-y-quedo-detenido-luego-de-la-lectura-de-la-sentencia\/","title":{"rendered":"LO CONDENARON A 13 A\u00d1OS DE PRISI\u00d3N POR VIOLAR A SU HIJASTRA, Y QUED\u00d3 DETENIDO LUEGO DE LA LECTURA DE LA SENTENCIA"},"content":{"rendered":"<h2 class=\"intro\">Sucedi\u00f3 este mi\u00e9rcoles en el Tribunal Oral en lo Criminal N\u00b03. El imputado cometi\u00f3 los hechos entre 2008 y 2016 en la casa que compart\u00edan, en descampados y en un hotel.<\/h2>\n<p><strong>MAR DEL PLATA &#8211;\u00a0<\/strong> Viol\u00f3 a su hijastra durante 8 a\u00f1os,<strong> cuando esta era adolescente. <\/strong>Los hechos ocurrieron en la casa que compart\u00edan en el barrio Las Am\u00e9ricas, en descampados ubicados en inmediaciones de sus tareas de vendedor ambulante y hasta en un hotel. El perverso, fue <strong>condenado a trece a\u00f1os de prisi\u00f3n\u00a0<\/strong>por el Tribunal Oral en lo Criminal N\u00b03. \u00a0El sujeto hab\u00eda llegado en libertad al debate y fue detenido apenas finaliz\u00f3 la lectura de la sentencia.<\/p>\n<p>Los jueces\u00a0<strong>Juan Manuel Sueyro, Federico Wacker Schrode y Fabi\u00e1n Luis Riquert\u00a0<\/strong>hallaron a L.R.A. \u2013sus datos no se dan de manera completa para no identificar a la v\u00edctima- autor penalmente responsable del delito de\u00a0<span style=\"color: #ff0000\"><strong>abuso sexual con acceso carnal agravado por la relaci\u00f3n de convivencia<\/strong><\/span>, en el per\u00edodo comprendido entre los a\u00f1os 2008 y 2016. En sinton\u00eda con el pedido que hizo el fiscal <strong>Fernando Berlingeri<\/strong>, ordenaron su inmediata detenci\u00f3n y puesta a disposici\u00f3n del Servicio Penitenciario Bonaerense.<\/p>\n<p>En la sentencia a la que tuvo acceso el portal <strong>0223<\/strong>\u00a0se indic\u00f3 que el ahora condenado carece de contenci\u00f3n familiar o cualquier otra raz\u00f3n que asegure el mantenimiento a proceso de su parte. Si bien estuvo a derecho durante todo el tr\u00e1mite de la causa, consideraron que <strong><em>\u201cesta sentencia condenatoria modifica en gran medida las cosas\u00bb. \u00abA partir de este momento estar\u00e1 frente a un pronunciamiento de condena, sentencia que, m\u00e1s all\u00e1 de no estar firme, de seguro te\u00f1ir\u00e1 su horizonte con un color desagradable\u201d<\/em><\/strong>, apuntaron los magistrados.<\/p>\n<h3 class=\"cms_subtitulo\"><span style=\"color: #ff0000\">Amenazas, ataques aberrantes y un\u00a0 embarazo<\/span><\/h3>\n<p>La v\u00edctima relat\u00f3 que viv\u00eda con su madre y sus dos hermanas menores, producto de la relaci\u00f3n de la mujer con el imputado en una casa del barrio Las Am\u00e9ricas. Si bien el primer abuso lo sufri\u00f3 cuando ten\u00eda 14 a\u00f1os, dos a\u00f1os antes el hombre le dijo que las chicas ten\u00edan lindas ropas porque<strong>\u00a0\u201cse dejaban morder las piernas y el trasero, las piernas y el culo\u201d<\/strong>\u00a0y cuando se lo cont\u00f3 a su mam\u00e1 la agarr\u00f3 de los pelos y le peg\u00f3 patadas.<\/p>\n<p>publicado en 0223<\/p>\n","protected":false},"excerpt":{"rendered":"<div class=\"mh-excerpt\"><p>Sucedi\u00f3 este mi\u00e9rcoles en el Tribunal Oral en lo Criminal N\u00b03. El imputado cometi\u00f3 los hechos entre 2008 y 2016 en la casa que compart\u00edan, en descampados y en un hotel. MAR DEL PLATA &#8211;\u00a0 <a class=\"mh-excerpt-more\" href=\"https:\/\/larevistadigital.com.ar\/blog\/lo-condenaron-a-13-anos-de-prision-por-violar-a-su-hijastra-y-quedo-detenido-luego-de-la-lectura-de-la-sentencia\/\" title=\"LO CONDENARON A 13 A\u00d1OS DE PRISI\u00d3N POR VIOLAR A SU HIJASTRA, Y QUED\u00d3 DETENIDO LUEGO DE LA LECTURA DE LA SENTENCIA\">[Leer M\u00e1s]<\/a><\/p>\n<\/div>","protected":false},"author":3,"featured_media":30488,"comment_status":"open","ping_status":"open","sticky":false,"template":"","format":"standard","meta":{"_jetpack_memberships_contains_paid_content":false,"footnotes":"","jetpack_publicize_message":"","jetpack_publicize_feature_enabled":true,"jetpack_social_post_already_shared":true,"jetpack_social_options":{"image_generator_settings":{"template":"highway","default_image_id":0,"font":"","enabled":false},"version":2}},"categories":[44,51],"tags":[],"class_list":{"0":"post-30487","1":"post","2":"type-post","3":"status-publish","4":"format-standard","5":"has-post-thumbnail","7":"category-policiales","8":"category-regionales"},"jetpack_publicize_connections":[],"jetpack_featured_media_url":"https:\/\/i0.wp.com\/larevistadigital.com.ar\/blog\/wp-content\/uploads\/VIOLADOR-1.png?fit=801%2C423&ssl=1","jetpack_sharing_enabled":true,"jetpack_shortlink":"https:\/\/wp.me\/p8qtrQ-7VJ","jetpack-related-posts":[{"id":29187,"url":"https:\/\/larevistadigital.com.ar\/blog\/conocido-periodista-costero-fue-condenado-a-10-anos-de-prision-de-cumplimiento-efectivo-por-abuso-sexual\/","url_meta":{"origin":30487,"position":0},"title":"CONOCIDO PERIODISTA COSTERO FUE CONDENADO A 10 A\u00d1OS DE PRISI\u00d3N DE CUMPLIMIENTO EFECTIVO POR ABUSO SEXUAL","author":"Alejandro Sosa Ruda","date":"30 noviembre, 2022","format":false,"excerpt":"Despu\u00e9s de m\u00e1s de tres a\u00f1os de idas y venidas de la Justicia, finalmente este martes se confirm\u00f3 la condena al periodista costero Eduardo Arias, a quien el Tribunal en lo Criminal N\u00b0 1 de Dolores, lo conden\u00f3 a 10 a\u00f1os de prisi\u00f3n de cumplimiento efectivo, despu\u00e9s de haber sido\u2026","rel":"","context":"En \u00abDOLORES\u00bb","block_context":{"text":"DOLORES","link":"https:\/\/larevistadigital.com.ar\/blog\/category\/dolores\/"},"img":{"alt_text":"","src":"https:\/\/i0.wp.com\/larevistadigital.com.ar\/blog\/wp-content\/uploads\/20221130081057_eduardo-arias-condena.jpg?fit=880%2C512&ssl=1&resize=350%2C200","width":350,"height":200,"srcset":"https:\/\/i0.wp.com\/larevistadigital.com.ar\/blog\/wp-content\/uploads\/20221130081057_eduardo-arias-condena.jpg?fit=880%2C512&ssl=1&resize=350%2C200 1x, https:\/\/i0.wp.com\/larevistadigital.com.ar\/blog\/wp-content\/uploads\/20221130081057_eduardo-arias-condena.jpg?fit=880%2C512&ssl=1&resize=525%2C300 1.5x, https:\/\/i0.wp.com\/larevistadigital.com.ar\/blog\/wp-content\/uploads\/20221130081057_eduardo-arias-condena.jpg?fit=880%2C512&ssl=1&resize=700%2C400 2x"},"classes":[]},{"id":40868,"url":"https:\/\/larevistadigital.com.ar\/blog\/condena-historica-19-anos-de-prision-para-claudio-contardi-por-abuso-sexual-a-julieta-prandi\/","url_meta":{"origin":30487,"position":1},"title":"Condena hist\u00f3rica: 19 a\u00f1os de prisi\u00f3n para Claudio Contardi por abuso sexual a Julieta Prandi","author":"Alejandro Sosa Ruda","date":"13 agosto, 2025","format":false,"excerpt":"El Tribunal Oral en lo Criminal N\u00ba 2 de Z\u00e1rate-Campana orden\u00f3 la detenci\u00f3n inmediata del empresario, exmarido de la actriz, por \u201cabuso sexual con acceso carnal agravado\u201d. 13 de Agosto de 2025 El empresario Claudio Contardi fue condenado este mi\u00e9rcoles a 19 a\u00f1os de prisi\u00f3n tras ser hallado culpable del\u2026","rel":"","context":"En \u00abINTERES GENERAL\u00bb","block_context":{"text":"INTERES GENERAL","link":"https:\/\/larevistadigital.com.ar\/blog\/category\/interes-general\/"},"img":{"alt_text":"","src":"https:\/\/i0.wp.com\/larevistadigital.com.ar\/blog\/wp-content\/uploads\/julieta-Prandi.jpg?fit=686%2C384&ssl=1&resize=350%2C200","width":350,"height":200,"srcset":"https:\/\/i0.wp.com\/larevistadigital.com.ar\/blog\/wp-content\/uploads\/julieta-Prandi.jpg?fit=686%2C384&ssl=1&resize=350%2C200 1x, https:\/\/i0.wp.com\/larevistadigital.com.ar\/blog\/wp-content\/uploads\/julieta-Prandi.jpg?fit=686%2C384&ssl=1&resize=525%2C300 1.5x"},"classes":[]},{"id":40339,"url":"https:\/\/larevistadigital.com.ar\/blog\/mar-de-ajo-durante-9-anos-abuso-de-sus-hijos-e-hijastra-le-dieron-11-anos\/","url_meta":{"origin":30487,"position":2},"title":"Mar de Aj\u00f3: Durante 9 a\u00f1os, abus\u00f3 de sus hijos e hijastra. Le dieron 11 a\u00f1os.","author":"Alejandro Sosa Ruda","date":"5 julio, 2025","format":false,"excerpt":"El fallo fu\u00e9 un\u00e1nime y conden\u00f3 al acusado. \u00bfEs justo? 05 de Julio de 2025 MAR DE AJ\u00d3 -\u00a0 Un sujeto abus\u00f3 sexualmente de sus dos hijos, y una hijastra entre los a\u00f1os 2010 y 2019 en distintas viviendas de la ciudad de Mar de Aj\u00f3 en el Partido de\u2026","rel":"","context":"En \u00abPOLICIALES\u00bb","block_context":{"text":"POLICIALES","link":"https:\/\/larevistadigital.com.ar\/blog\/category\/policiales\/"},"img":{"alt_text":"","src":"https:\/\/i0.wp.com\/larevistadigital.com.ar\/blog\/wp-content\/uploads\/Abusador-de-Mar-de-Ajo.jpg?fit=1140%2C721&ssl=1&resize=350%2C200","width":350,"height":200,"srcset":"https:\/\/i0.wp.com\/larevistadigital.com.ar\/blog\/wp-content\/uploads\/Abusador-de-Mar-de-Ajo.jpg?fit=1140%2C721&ssl=1&resize=350%2C200 1x, https:\/\/i0.wp.com\/larevistadigital.com.ar\/blog\/wp-content\/uploads\/Abusador-de-Mar-de-Ajo.jpg?fit=1140%2C721&ssl=1&resize=525%2C300 1.5x, https:\/\/i0.wp.com\/larevistadigital.com.ar\/blog\/wp-content\/uploads\/Abusador-de-Mar-de-Ajo.jpg?fit=1140%2C721&ssl=1&resize=700%2C400 2x, https:\/\/i0.wp.com\/larevistadigital.com.ar\/blog\/wp-content\/uploads\/Abusador-de-Mar-de-Ajo.jpg?fit=1140%2C721&ssl=1&resize=1050%2C600 3x"},"classes":[]},{"id":26054,"url":"https:\/\/larevistadigital.com.ar\/blog\/con-un-machete-como-arma-robo-y-quiso-escapar-por-los-techos\/","url_meta":{"origin":30487,"position":3},"title":"CON UN MACHETE COMO ARMA, ROB\u00d3 Y QUISO ESCAPAR POR LOS TECHOS","author":"Alejandro Sosa Ruda","date":"23 junio, 2022","format":false,"excerpt":"Lo condenaron a dos a\u00f1os y medio de prisi\u00f3n tras un acuerdo de juicio abreviado. A Luis Alberto Mercado tambi\u00e9n lo declararon reincidente. MAR DEL PLATA -\u00a0 Un hombre que el pasado 22 de enero amenaz\u00f3 a un hombre con un machete para robarle un grupo electr\u00f3geno y que ante\u2026","rel":"","context":"En \u00abPOLICIALES\u00bb","block_context":{"text":"POLICIALES","link":"https:\/\/larevistadigital.com.ar\/blog\/category\/policiales\/"},"img":{"alt_text":"","src":"https:\/\/i0.wp.com\/larevistadigital.com.ar\/blog\/wp-content\/uploads\/Screenshot_1-121.jpg?fit=1007%2C565&ssl=1&resize=350%2C200","width":350,"height":200,"srcset":"https:\/\/i0.wp.com\/larevistadigital.com.ar\/blog\/wp-content\/uploads\/Screenshot_1-121.jpg?fit=1007%2C565&ssl=1&resize=350%2C200 1x, https:\/\/i0.wp.com\/larevistadigital.com.ar\/blog\/wp-content\/uploads\/Screenshot_1-121.jpg?fit=1007%2C565&ssl=1&resize=525%2C300 1.5x, https:\/\/i0.wp.com\/larevistadigital.com.ar\/blog\/wp-content\/uploads\/Screenshot_1-121.jpg?fit=1007%2C565&ssl=1&resize=700%2C400 2x"},"classes":[]},{"id":1462,"url":"https:\/\/larevistadigital.com.ar\/blog\/la-corte-suprema-confirmo-la-condena-del-cura-grassi\/","url_meta":{"origin":30487,"position":4},"title":"LA CORTE SUPREMA CONFIRM\u00d3 LA CONDENA DEL CURA GRASSI","author":"Alejandro Sosa Ruda","date":"21 marzo, 2017","format":false,"excerpt":"De manera un\u00e1nime fueron desestimados todos los recursos planteados por el cura Julio Grassi, por lo que de esta manera qued\u00f3 convalidada la condena de 15 a\u00f1os por uno de los casos en los que se lo ha acusado y juzgado. La sentencia\u00a0dictada por el Tribunal en lo Criminal N\u00b0\u2026","rel":"","context":"En \u00abDESTACADAS\u00bb","block_context":{"text":"DESTACADAS","link":"https:\/\/larevistadigital.com.ar\/blog\/category\/destacadas\/"},"img":{"alt_text":"","src":"https:\/\/i0.wp.com\/larevistadigital.com.ar\/blog\/wp-content\/uploads\/2017\/03\/grassi.jpg?fit=1200%2C672&ssl=1&resize=350%2C200","width":350,"height":200,"srcset":"https:\/\/i0.wp.com\/larevistadigital.com.ar\/blog\/wp-content\/uploads\/2017\/03\/grassi.jpg?fit=1200%2C672&ssl=1&resize=350%2C200 1x, https:\/\/i0.wp.com\/larevistadigital.com.ar\/blog\/wp-content\/uploads\/2017\/03\/grassi.jpg?fit=1200%2C672&ssl=1&resize=525%2C300 1.5x, https:\/\/i0.wp.com\/larevistadigital.com.ar\/blog\/wp-content\/uploads\/2017\/03\/grassi.jpg?fit=1200%2C672&ssl=1&resize=700%2C400 2x, https:\/\/i0.wp.com\/larevistadigital.com.ar\/blog\/wp-content\/uploads\/2017\/03\/grassi.jpg?fit=1200%2C672&ssl=1&resize=1050%2C600 3x"},"classes":[]},{"id":41487,"url":"https:\/\/larevistadigital.com.ar\/blog\/tres-anos-de-condena-condicional-para-un-hombre-acusado-de-abusar-de-su-nieta\/","url_meta":{"origin":30487,"position":5},"title":"Tres a\u00f1os de condena condicional para un hombre acusado de abusar de su nieta","author":"Alejandro Sosa Ruda","date":"16 septiembre, 2025","format":false,"excerpt":"El Tribunal Oral en lo Criminal N\u00b02 conden\u00f3 a Rub\u00e9n Dar\u00edo S\u00e1nchez a tres a\u00f1os de prisi\u00f3n en suspenso tras un acuerdo de juicio abreviado por abuso sexual agravado contra su nieta. 16 de septiembre de 2025 MAR DEL PLATA\u00a0 -\u00a0 \u00a0Un hombre de 67 a\u00f1os, identificado como Rub\u00e9n Dar\u00edo\u2026","rel":"","context":"En \u00abPOLICIALES\u00bb","block_context":{"text":"POLICIALES","link":"https:\/\/larevistadigital.com.ar\/blog\/category\/policiales\/"},"img":{"alt_text":"","src":"https:\/\/i0.wp.com\/larevistadigital.com.ar\/blog\/wp-content\/uploads\/Captura-de-pantalla-2025-09-16-173534.jpg?fit=633%2C406&ssl=1&resize=350%2C200","width":350,"height":200,"srcset":"https:\/\/i0.wp.com\/larevistadigital.com.ar\/blog\/wp-content\/uploads\/Captura-de-pantalla-2025-09-16-173534.jpg?fit=633%2C406&ssl=1&resize=350%2C200 1x, https:\/\/i0.wp.com\/larevistadigital.com.ar\/blog\/wp-content\/uploads\/Captura-de-pantalla-2025-09-16-173534.jpg?fit=633%2C406&ssl=1&resize=525%2C300 1.5x"},"classes":[]}],"_links":{"self":[{"href":"https:\/\/larevistadigital.com.ar\/blog\/wp-json\/wp\/v2\/posts\/30487","targetHints":{"allow":["GET"]}}],"collection":[{"href":"https:\/\/larevistadigital.com.ar\/blog\/wp-json\/wp\/v2\/posts"}],"about":[{"href":"https:\/\/larevistadigital.com.ar\/blog\/wp-json\/wp\/v2\/types\/post"}],"author":[{"embeddable":true,"href":"https:\/\/larevistadigital.com.ar\/blog\/wp-json\/wp\/v2\/users\/3"}],"replies":[{"embeddable":true,"href":"https:\/\/larevistadigital.com.ar\/blog\/wp-json\/wp\/v2\/comments?post=30487"}],"version-history":[{"count":1,"href":"https:\/\/larevistadigital.com.ar\/blog\/wp-json\/wp\/v2\/posts\/30487\/revisions"}],"predecessor-version":[{"id":30489,"href":"https:\/\/larevistadigital.com.ar\/blog\/wp-json\/wp\/v2\/posts\/30487\/revisions\/30489"}],"wp:featuredmedia":[{"embeddable":true,"href":"https:\/\/larevistadigital.com.ar\/blog\/wp-json\/wp\/v2\/media\/30488"}],"wp:attachment":[{"href":"https:\/\/larevistadigital.com.ar\/blog\/wp-json\/wp\/v2\/media?parent=30487"}],"wp:term":[{"taxonomy":"category","embeddable":true,"href":"https:\/\/larevistadigital.com.ar\/blog\/wp-json\/wp\/v2\/categories?post=30487"},{"taxonomy":"post_tag","embeddable":true,"href":"https:\/\/larevistadigital.com.ar\/blog\/wp-json\/wp\/v2\/tags?post=30487"}],"curies":[{"name":"wp","href":"https:\/\/api.w.org\/{rel}","templated":true}]}}