{"id":30490,"date":"2023-03-08T23:40:04","date_gmt":"2023-03-08T23:40:04","guid":{"rendered":"https:\/\/larevistadigital.com.ar\/blog\/?p=30490"},"modified":"2023-03-08T23:40:04","modified_gmt":"2023-03-08T23:40:04","slug":"confirman-el-procesamiento-del-ex-interventor-macrista-de-puertos-por-administracion-fraudulenta","status":"publish","type":"post","link":"https:\/\/larevistadigital.com.ar\/blog\/confirman-el-procesamiento-del-ex-interventor-macrista-de-puertos-por-administracion-fraudulenta\/","title":{"rendered":"CONFIRMAN EL PROCESAMIENTO DEL EX INTERVENTOR MACRISTA DE PUERTOS POR ADMINISTRACI\u00d3N FRAUDULENTA"},"content":{"rendered":"<h2>Gonzalo M\u00f3rtola hab\u00eda contratado de forma directa a la espa\u00f1ola Indra por un mill\u00f3n de d\u00f3lares. Fue una decisi\u00f3n de la Sala I, integrada por Bruglia, Llorens y Bertuzzi.<\/h2>\n<p>8 de marzo de 2023<\/p>\n<p>El sitio lapol\u00edticaonline inform\u00f3 que desde la C\u00e1mara Federal se confirm\u00f3 el procesamiento del ex interventor macrista de Puertos, <strong>Gonzalo M\u00f3rtola<\/strong>. El ex funcionario <strong><span style=\"color: #ff0000\">contrat\u00f3 de manera directa<\/span><\/strong> a la espa\u00f1ola Indra por un mill\u00f3n de d\u00f3lares para que redacte los pliegos de licitaci\u00f3n de las terminales portuarias.<\/p>\n<blockquote>\n<h3>La confirmaci\u00f3n del procesamiento fue dictada por la Sala I, que integran Leopoldo Bruglia, Mariano Llorens y Pablo Bertuzzi, que vot\u00f3 en disidencia. Se trata del tribunal de Comodoro Py m\u00e1s cercano al macrismo.<\/h3>\n<\/blockquote>\n<p><strong>M\u00f3rtola<\/strong> <strong>es un ex rugbier del Club Newman muy cercano a Jos\u00e9 Torello, ex jefe de asesores de Mauricio Macri<\/strong>. En medio de una interna con <strong>Guillermo Dietrich<\/strong> lleg\u00f3 a la Administraci\u00f3n General de Puertos (AGP) sin ninguna experiencia previa en la gesti\u00f3n.<\/p>\n<blockquote>\n<h3>A los pocos meses de comenzar decidi\u00f3 contratar a Indra de forma directa para que realice los pliegos para la licitaci\u00f3n de las terminales de contenedores del Puerto de Buenos Aires. Esa maniobra fue denunciada en 2018 y cuatro a\u00f1os m\u00e1s tarde el juez Marcelo Mart\u00ednez de Giorgi dict\u00f3 su procesamiento y lo embarg\u00f3 por 400 mil pesos.<\/h3>\n<\/blockquote>\n<p>En su dictamen <strong>Bruglia y Llorens<\/strong> destacaron que no se cumpli\u00f3 el reglamento de contrataciones de la AGP en el proceso. Remarcaron que no hubo ning\u00fan informe t\u00e9cnico que fundamente la contrataci\u00f3n de la empresa INDRA (ALG) para la redacci\u00f3n de los pliegos para la licitaci\u00f3n de las terminales de contenedores.<\/p>\n<p>&nbsp;<\/p>\n<p>Para aplicar una contrataci\u00f3n directa hac\u00eda falta explicar la urgencia y los motivos por los que no hab\u00eda otra firma capaz de realizar dichas tareas. Ninguno de estos puntos se cumpli\u00f3.<\/p>\n","protected":false},"excerpt":{"rendered":"<div class=\"mh-excerpt\"><p>Gonzalo M\u00f3rtola hab\u00eda contratado de forma directa a la espa\u00f1ola Indra por un mill\u00f3n de d\u00f3lares. Fue una decisi\u00f3n de la Sala I, integrada por Bruglia, Llorens y Bertuzzi. 8 de marzo de 2023 El <a class=\"mh-excerpt-more\" href=\"https:\/\/larevistadigital.com.ar\/blog\/confirman-el-procesamiento-del-ex-interventor-macrista-de-puertos-por-administracion-fraudulenta\/\" title=\"CONFIRMAN EL PROCESAMIENTO DEL EX INTERVENTOR MACRISTA DE PUERTOS POR ADMINISTRACI\u00d3N FRAUDULENTA\">[Leer M\u00e1s]<\/a><\/p>\n<\/div>","protected":false},"author":3,"featured_media":30491,"comment_status":"open","ping_status":"open","sticky":false,"template":"","format":"standard","meta":{"_jetpack_memberships_contains_paid_content":false,"footnotes":"","jetpack_publicize_message":"","jetpack_publicize_feature_enabled":true,"jetpack_social_post_already_shared":true,"jetpack_social_options":{"image_generator_settings":{"template":"highway","default_image_id":0,"font":"","enabled":false},"version":2}},"categories":[12],"tags":[],"class_list":{"0":"post-30490","1":"post","2":"type-post","3":"status-publish","4":"format-standard","5":"has-post-thumbnail","7":"category-politica"},"jetpack_publicize_connections":[],"jetpack_featured_media_url":"https:\/\/i0.wp.com\/larevistadigital.com.ar\/blog\/wp-content\/uploads\/5d66dd5632166_940_529.png?fit=940%2C529&ssl=1","jetpack_sharing_enabled":true,"jetpack_shortlink":"https:\/\/wp.me\/p8qtrQ-7VM","jetpack-related-posts":[{"id":882,"url":"https:\/\/larevistadigital.com.ar\/blog\/fue-confirmado-procesamiento-anibal-fernandez-jorge-capitanich-luis-segura\/","url_meta":{"origin":30490,"position":0},"title":"Fue confirmado el procesamiento de An\u00edbal Fern\u00e1ndez, Jorge Capitanich, y Luis Segura.","author":"Alejandro Sosa Ruda","date":"9 marzo, 2017","format":false,"excerpt":"La C\u00e1mara Federal\u00a0 y en el marco de la causa que se sigue por las irregularidades en el manejo de los fondos del programa \u201cf\u00fatbol para todos\u201d, dict\u00f3 el procesamiento de An\u00edbal Fern\u00e1ndez, Jorge Capitanich y Luis Segura. Tambi\u00e9n, podemos afirmar que la Sala I del tribunal tambi\u00e9n ratific\u00f3 por\u2026","rel":"","context":"En \u00abDEPORTES\u00bb","block_context":{"text":"DEPORTES","link":"https:\/\/larevistadigital.com.ar\/blog\/category\/deportes\/"},"img":{"alt_text":"","src":"https:\/\/i0.wp.com\/larevistadigital.com.ar\/blog\/wp-content\/uploads\/2017\/03\/f%C3%BAtbol-para-todos.jpg?fit=639%2C322&ssl=1&resize=350%2C200","width":350,"height":200,"srcset":"https:\/\/i0.wp.com\/larevistadigital.com.ar\/blog\/wp-content\/uploads\/2017\/03\/f%C3%BAtbol-para-todos.jpg?fit=639%2C322&ssl=1&resize=350%2C200 1x, https:\/\/i0.wp.com\/larevistadigital.com.ar\/blog\/wp-content\/uploads\/2017\/03\/f%C3%BAtbol-para-todos.jpg?fit=639%2C322&ssl=1&resize=525%2C300 1.5x"},"classes":[]},{"id":1571,"url":"https:\/\/larevistadigital.com.ar\/blog\/bonadio-imputo-a-cristina-kirchner-que-ira-a-juicio-oral\/","url_meta":{"origin":30490,"position":1},"title":"BONADIO IMPUT\u00d3 A CRISTINA KIRCHNER QUE IR\u00c1 A  JUICIO ORAL","author":"Alejandro Sosa Ruda","date":"24 marzo, 2017","format":false,"excerpt":"El juez federal Claudio Bonad\u00edo dio por finalizada la instrucci\u00f3n penal y elev\u00f3 a juicio la causa conocida como \u00a0\u201cd\u00f3lar futuro\u201d en la que la ex presidente Cristina Kirchner fue imputada por el delito de \u201cadministraci\u00f3n infiel\u201d en perjuicio de la administraci\u00f3n p\u00fablica. Aquel procesamiento de Bonadio se\u00f1al\u00f3 que el\u2026","rel":"","context":"En \u00abDESTACADAS\u00bb","block_context":{"text":"DESTACADAS","link":"https:\/\/larevistadigital.com.ar\/blog\/category\/destacadas\/"},"img":{"alt_text":"","src":"https:\/\/i0.wp.com\/larevistadigital.com.ar\/blog\/wp-content\/uploads\/2017\/03\/393531.jpg?fit=1071%2C837&ssl=1&resize=350%2C200","width":350,"height":200,"srcset":"https:\/\/i0.wp.com\/larevistadigital.com.ar\/blog\/wp-content\/uploads\/2017\/03\/393531.jpg?fit=1071%2C837&ssl=1&resize=350%2C200 1x, https:\/\/i0.wp.com\/larevistadigital.com.ar\/blog\/wp-content\/uploads\/2017\/03\/393531.jpg?fit=1071%2C837&ssl=1&resize=525%2C300 1.5x, https:\/\/i0.wp.com\/larevistadigital.com.ar\/blog\/wp-content\/uploads\/2017\/03\/393531.jpg?fit=1071%2C837&ssl=1&resize=700%2C400 2x, https:\/\/i0.wp.com\/larevistadigital.com.ar\/blog\/wp-content\/uploads\/2017\/03\/393531.jpg?fit=1071%2C837&ssl=1&resize=1050%2C600 3x"},"classes":[]},{"id":2480,"url":"https:\/\/larevistadigital.com.ar\/blog\/federico-pinedo-el-de-cristina-fue-un-acto-muy-macrista\/","url_meta":{"origin":30490,"position":2},"title":"FEDERICO PINEDO: \u201cEL DE CRISTINA, FUE UN ACTO MUY MACRISTA\u201d","author":"Alejandro Sosa Ruda","date":"22 junio, 2017","format":false,"excerpt":"El senador nacional calific\u00f3 de esa manera al acto de lanzamiento del frente \u201cUnidad Ciudadana\u201d, del cual la ex presidente y conductora del espacio, fue la \u00fanica oradora. Fue terminante al decir que \"Esto de no generar ataques, de buscar la unidad es una de las tres l\u00edneas de objetivos\u2026","rel":"","context":"En \u00abPOLITICA\u00bb","block_context":{"text":"POLITICA","link":"https:\/\/larevistadigital.com.ar\/blog\/category\/politica\/"},"img":{"alt_text":"","src":"https:\/\/i0.wp.com\/larevistadigital.com.ar\/blog\/wp-content\/uploads\/2017\/06\/2208706.jpg?fit=1200%2C675&ssl=1&resize=350%2C200","width":350,"height":200,"srcset":"https:\/\/i0.wp.com\/larevistadigital.com.ar\/blog\/wp-content\/uploads\/2017\/06\/2208706.jpg?fit=1200%2C675&ssl=1&resize=350%2C200 1x, https:\/\/i0.wp.com\/larevistadigital.com.ar\/blog\/wp-content\/uploads\/2017\/06\/2208706.jpg?fit=1200%2C675&ssl=1&resize=525%2C300 1.5x, https:\/\/i0.wp.com\/larevistadigital.com.ar\/blog\/wp-content\/uploads\/2017\/06\/2208706.jpg?fit=1200%2C675&ssl=1&resize=700%2C400 2x, https:\/\/i0.wp.com\/larevistadigital.com.ar\/blog\/wp-content\/uploads\/2017\/06\/2208706.jpg?fit=1200%2C675&ssl=1&resize=1050%2C600 3x"},"classes":[]},{"id":27659,"url":"https:\/\/larevistadigital.com.ar\/blog\/mar-del-plata-una-empresa-internacional-invertira-240-millones-de-dolares-en-la-ciudad\/","url_meta":{"origin":30490,"position":3},"title":"MAR DEL PLATA: UNA EMPRESA INTERNACIONAL INVERTIR\u00c1 240 MILLONES DE D\u00d3LARES EN LA CIUDAD","author":"Alejandro Sosa Ruda","date":"11 septiembre, 2022","format":false,"excerpt":"La empresa internacional Lamb Weston Holdings anunci\u00f3 una inversi\u00f3n de capital de 240 millones de d\u00f3lares en una nueva l\u00ednea de procesamiento de papas fritas en el Parque Industrial de Mar del Plata. 11 de septiembre de 2022 MAR DEL PLATA -\u00a0 La empresa Lamb Weston Holdings Inc. anunci\u00f3 una\u2026","rel":"","context":"En \u00abREGIONALES\u00bb","block_context":{"text":"REGIONALES","link":"https:\/\/larevistadigital.com.ar\/blog\/category\/regionales\/"},"img":{"alt_text":"","src":"https:\/\/i0.wp.com\/larevistadigital.com.ar\/blog\/wp-content\/uploads\/20220909172007_papas.jpg?fit=880%2C512&ssl=1&resize=350%2C200","width":350,"height":200,"srcset":"https:\/\/i0.wp.com\/larevistadigital.com.ar\/blog\/wp-content\/uploads\/20220909172007_papas.jpg?fit=880%2C512&ssl=1&resize=350%2C200 1x, https:\/\/i0.wp.com\/larevistadigital.com.ar\/blog\/wp-content\/uploads\/20220909172007_papas.jpg?fit=880%2C512&ssl=1&resize=525%2C300 1.5x, https:\/\/i0.wp.com\/larevistadigital.com.ar\/blog\/wp-content\/uploads\/20220909172007_papas.jpg?fit=880%2C512&ssl=1&resize=700%2C400 2x"},"classes":[]},{"id":29503,"url":"https:\/\/larevistadigital.com.ar\/blog\/ingenieros-de-la-unlp-presentaron-un-robot-disenado-para-limpiar-rios-puertos-y-lagunas\/","url_meta":{"origin":30490,"position":4},"title":"INGENIEROS DE LA UNLP PRESENTARON UN ROBOT DISE\u00d1ADO PARA LIMPIAR RIOS, PUERTOS Y LAGUNAS.","author":"Alejandro Sosa Ruda","date":"16 diciembre, 2022","format":false,"excerpt":"El dispositivo fue desarrollado por la empresa Recyclamer Pampa Argentina, dedicada al cuidado del medio ambiente, en conjunto con el Instituto de Investigaciones en Electr\u00f3nica, Control y Procesamiento de Se\u00f1ales (LEICI, CONICET-UNLP) de la unidad acad\u00e9mica. 16 de diciembre de 2022 En la Facultad de Ingenier\u00eda de la Universidad Nacional\u2026","rel":"","context":"En \u00abCULTURA\u00bb","block_context":{"text":"CULTURA","link":"https:\/\/larevistadigital.com.ar\/blog\/category\/cultura\/"},"img":{"alt_text":"","src":"https:\/\/i0.wp.com\/larevistadigital.com.ar\/blog\/wp-content\/uploads\/20221216175815_robot.jpg?fit=880%2C512&ssl=1&resize=350%2C200","width":350,"height":200,"srcset":"https:\/\/i0.wp.com\/larevistadigital.com.ar\/blog\/wp-content\/uploads\/20221216175815_robot.jpg?fit=880%2C512&ssl=1&resize=350%2C200 1x, https:\/\/i0.wp.com\/larevistadigital.com.ar\/blog\/wp-content\/uploads\/20221216175815_robot.jpg?fit=880%2C512&ssl=1&resize=525%2C300 1.5x, https:\/\/i0.wp.com\/larevistadigital.com.ar\/blog\/wp-content\/uploads\/20221216175815_robot.jpg?fit=880%2C512&ssl=1&resize=700%2C400 2x"},"classes":[]},{"id":27497,"url":"https:\/\/larevistadigital.com.ar\/blog\/en-un-accidente-murio-la-mujer-que-denuncio-por-abuso-sexual-al-ex-diputado-manuel-mosca\/","url_meta":{"origin":30490,"position":5},"title":"EN UN ACCIDENTE MURI\u00d3 LA MUJER QUE DENUNCI\u00d3 POR ABUSO SEXUAL AL EX DIPUTADO MANUEL MOSCA","author":"Alejandro Sosa Ruda","date":"2 septiembre, 2022","format":false,"excerpt":"Se trata de la bolivarense Stella Lautre que falleci\u00f3 sin lograr conseguir justicia en su denuncia contra el ex funcionario de Mar\u00eda Eugenia Vidal. Stella Lautre, una\u00a0 conocida vecina de Bolivar y una de las denunciantes por abuso sexual al ex presidente de la C\u00e1mara de Diputados de la provincia\u2026","rel":"","context":"En \u00abPOLICIALES\u00bb","block_context":{"text":"POLICIALES","link":"https:\/\/larevistadigital.com.ar\/blog\/category\/policiales\/"},"img":{"alt_text":"","src":"https:\/\/i0.wp.com\/larevistadigital.com.ar\/blog\/wp-content\/uploads\/20220901180403_accidente-ruta-5-y-30-2.jpg?fit=880%2C512&ssl=1&resize=350%2C200","width":350,"height":200,"srcset":"https:\/\/i0.wp.com\/larevistadigital.com.ar\/blog\/wp-content\/uploads\/20220901180403_accidente-ruta-5-y-30-2.jpg?fit=880%2C512&ssl=1&resize=350%2C200 1x, https:\/\/i0.wp.com\/larevistadigital.com.ar\/blog\/wp-content\/uploads\/20220901180403_accidente-ruta-5-y-30-2.jpg?fit=880%2C512&ssl=1&resize=525%2C300 1.5x, https:\/\/i0.wp.com\/larevistadigital.com.ar\/blog\/wp-content\/uploads\/20220901180403_accidente-ruta-5-y-30-2.jpg?fit=880%2C512&ssl=1&resize=700%2C400 2x"},"classes":[]}],"_links":{"self":[{"href":"https:\/\/larevistadigital.com.ar\/blog\/wp-json\/wp\/v2\/posts\/30490","targetHints":{"allow":["GET"]}}],"collection":[{"href":"https:\/\/larevistadigital.com.ar\/blog\/wp-json\/wp\/v2\/posts"}],"about":[{"href":"https:\/\/larevistadigital.com.ar\/blog\/wp-json\/wp\/v2\/types\/post"}],"author":[{"embeddable":true,"href":"https:\/\/larevistadigital.com.ar\/blog\/wp-json\/wp\/v2\/users\/3"}],"replies":[{"embeddable":true,"href":"https:\/\/larevistadigital.com.ar\/blog\/wp-json\/wp\/v2\/comments?post=30490"}],"version-history":[{"count":1,"href":"https:\/\/larevistadigital.com.ar\/blog\/wp-json\/wp\/v2\/posts\/30490\/revisions"}],"predecessor-version":[{"id":30492,"href":"https:\/\/larevistadigital.com.ar\/blog\/wp-json\/wp\/v2\/posts\/30490\/revisions\/30492"}],"wp:featuredmedia":[{"embeddable":true,"href":"https:\/\/larevistadigital.com.ar\/blog\/wp-json\/wp\/v2\/media\/30491"}],"wp:attachment":[{"href":"https:\/\/larevistadigital.com.ar\/blog\/wp-json\/wp\/v2\/media?parent=30490"}],"wp:term":[{"taxonomy":"category","embeddable":true,"href":"https:\/\/larevistadigital.com.ar\/blog\/wp-json\/wp\/v2\/categories?post=30490"},{"taxonomy":"post_tag","embeddable":true,"href":"https:\/\/larevistadigital.com.ar\/blog\/wp-json\/wp\/v2\/tags?post=30490"}],"curies":[{"name":"wp","href":"https:\/\/api.w.org\/{rel}","templated":true}]}}