{"id":30493,"date":"2023-03-08T23:56:42","date_gmt":"2023-03-08T23:56:42","guid":{"rendered":"https:\/\/larevistadigital.com.ar\/blog\/?p=30493"},"modified":"2023-03-08T23:56:42","modified_gmt":"2023-03-08T23:56:42","slug":"preocupacion-internaron-de-urgencia-a-chiche-gelblung","status":"publish","type":"post","link":"https:\/\/larevistadigital.com.ar\/blog\/preocupacion-internaron-de-urgencia-a-chiche-gelblung\/","title":{"rendered":"PREOCUPACI\u00d3N: INTERNARON DE URGENCIA A \u00abCHICHE\u00bb GELBLUNG"},"content":{"rendered":"<h2>Fue internado por la tarde y caus\u00f3 conmoci\u00f3n entre sus seguidores.<\/h2>\n<p>8 de marzo de 2023<\/p>\n<blockquote>\n<h3>Se dio a conocer por la tarde que el periodista Samuel \u00abChiche\u00bb Gelblung fue internado de urgencia, causando conmoci\u00f3n entre sus seguidores y en el mundo del espect\u00e1culo en general.<\/h3>\n<\/blockquote>\n<p>La noticia fue brindada por \u00abPampito\u00bb, que dijo que la causa por la que recurri\u00f3 al personal m\u00e9dico, es un foco infeccioso.<\/p>\n<blockquote>\n<h3>Asegur\u00f3 que \u00abse encuentra estable, pero debe continuar en observaci\u00f3n\u00bb, ya que viene de una internaci\u00f3n prolongada en 2022 por una intervenci\u00f3n en los ri\u00f1ones.<\/h3>\n<\/blockquote>\n<p>Tambi\u00e9n la periodista <strong>Karina Iav\u00edcolli<\/strong> agreg\u00f3 que <em><strong>\u00abes algo que viene arrastrando hace ocho meses, cuando \u00e9l se lastim\u00f3 la rodilla y no le di\u00f3 bolilla\u00bb<\/strong><\/em><\/p>\n<p><em><strong>\u00abDos por tres le agarra fiebre, lo internan, le hacen un mont\u00f3n de estudios y ven lo que tiene, es un cuadro complejo, hay que prestarle mucha atenci\u00f3n\u00bb<\/strong><\/em>, concluy\u00f3.<\/p>\n<p>Supuestamente ma\u00f1ana jueves le dar\u00edan el alta, por lo que Chiche continuar\u00eda su recuperaci\u00f3n en su casa.<\/p>\n<p>fuente e imagen: El Editor Platense<\/p>\n","protected":false},"excerpt":{"rendered":"<div class=\"mh-excerpt\"><p>Fue internado por la tarde y caus\u00f3 conmoci\u00f3n entre sus seguidores. 8 de marzo de 2023 Se dio a conocer por la tarde que el periodista Samuel \u00abChiche\u00bb Gelblung fue internado de urgencia, causando conmoci\u00f3n <a class=\"mh-excerpt-more\" href=\"https:\/\/larevistadigital.com.ar\/blog\/preocupacion-internaron-de-urgencia-a-chiche-gelblung\/\" title=\"PREOCUPACI\u00d3N: INTERNARON DE URGENCIA A \u00abCHICHE\u00bb GELBLUNG\">[Leer M\u00e1s]<\/a><\/p>\n<\/div>","protected":false},"author":3,"featured_media":30494,"comment_status":"open","ping_status":"open","sticky":false,"template":"","format":"standard","meta":{"_jetpack_memberships_contains_paid_content":false,"footnotes":"","jetpack_publicize_message":"","jetpack_publicize_feature_enabled":true,"jetpack_social_post_already_shared":true,"jetpack_social_options":{"image_generator_settings":{"template":"highway","default_image_id":0,"font":"","enabled":false},"version":2}},"categories":[50],"tags":[],"class_list":{"0":"post-30493","1":"post","2":"type-post","3":"status-publish","4":"format-standard","5":"has-post-thumbnail","7":"category-interes-general"},"jetpack_publicize_connections":[],"jetpack_featured_media_url":"https:\/\/i0.wp.com\/larevistadigital.com.ar\/blog\/wp-content\/uploads\/chiche-800x400-1.jpg?fit=800%2C400&ssl=1","jetpack_sharing_enabled":true,"jetpack_shortlink":"https:\/\/wp.me\/p8qtrQ-7VP","jetpack-related-posts":[{"id":14777,"url":"https:\/\/larevistadigital.com.ar\/blog\/joaquin-sabina-se-cayo-del-escenario-y-debio-ser-internado-de-urgencia\/","url_meta":{"origin":30493,"position":0},"title":"JOAQU\u00cdN SABINA SE CAY\u00d3 DEL ESCENARIO Y DEBI\u00d3 SER INTERNADO DE URGENCIA","author":"Alejandro Sosa Ruda","date":"12 febrero, 2020","format":false,"excerpt":"Ocurri\u00f3 durante un recital en Madrid. El cantante espa\u00f1ol Joaqu\u00edn Sabina vivi\u00f3 una pesadilla en pleno recital durante el festejo de sus 71 a\u00f1os: se cay\u00f3 del escenario y debi\u00f3 ser retirado en camilla. El incidente ocurri\u00f3 en el Wizink Center de Madrid, donde el cantautor daba un concierto en\u2026","rel":"","context":"En \u00abINTERES GENERAL\u00bb","block_context":{"text":"INTERES GENERAL","link":"https:\/\/larevistadigital.com.ar\/blog\/category\/interes-general\/"},"img":{"alt_text":"","src":"https:\/\/i0.wp.com\/larevistadigital.com.ar\/blog\/wp-content\/uploads\/Screenshot_2-88.jpg?fit=1014%2C567&ssl=1&resize=350%2C200","width":350,"height":200,"srcset":"https:\/\/i0.wp.com\/larevistadigital.com.ar\/blog\/wp-content\/uploads\/Screenshot_2-88.jpg?fit=1014%2C567&ssl=1&resize=350%2C200 1x, https:\/\/i0.wp.com\/larevistadigital.com.ar\/blog\/wp-content\/uploads\/Screenshot_2-88.jpg?fit=1014%2C567&ssl=1&resize=525%2C300 1.5x, https:\/\/i0.wp.com\/larevistadigital.com.ar\/blog\/wp-content\/uploads\/Screenshot_2-88.jpg?fit=1014%2C567&ssl=1&resize=700%2C400 2x"},"classes":[]},{"id":10501,"url":"https:\/\/larevistadigital.com.ar\/blog\/ahora-internaron-de-urgencia-a-jorge-lanata-en-terapia-intensiva\/","url_meta":{"origin":30493,"position":1},"title":"AHORA: INTERNARON DE URGENCIA A JORGE LANATA EN TERAPIA INTENSIVA","author":"Alejandro Sosa Ruda","date":"7 junio, 2019","format":false,"excerpt":"El periodista de TN y Canal 13 fue internado de urgencia en terapia intensiva. Esto sucedi\u00f3 anoche, y se supo hace un rato. . Esta vez, fue en el hospital Brit\u00e1nico de la ciudad de Buenos Aires por una infecci\u00f3n respiratoria. \u201cPodr\u00eda ser neumon\u00eda, aunque no est\u00e1 confirmado\u201d, confi\u00f3 un\u2026","rel":"","context":"En \u00abDESTACADAS\u00bb","block_context":{"text":"DESTACADAS","link":"https:\/\/larevistadigital.com.ar\/blog\/category\/destacadas\/"},"img":{"alt_text":"","src":"https:\/\/i0.wp.com\/larevistadigital.com.ar\/blog\/wp-content\/uploads\/QxrkgkXoT_1256x620__1.jpg?fit=1200%2C592&ssl=1&resize=350%2C200","width":350,"height":200,"srcset":"https:\/\/i0.wp.com\/larevistadigital.com.ar\/blog\/wp-content\/uploads\/QxrkgkXoT_1256x620__1.jpg?fit=1200%2C592&ssl=1&resize=350%2C200 1x, https:\/\/i0.wp.com\/larevistadigital.com.ar\/blog\/wp-content\/uploads\/QxrkgkXoT_1256x620__1.jpg?fit=1200%2C592&ssl=1&resize=525%2C300 1.5x, https:\/\/i0.wp.com\/larevistadigital.com.ar\/blog\/wp-content\/uploads\/QxrkgkXoT_1256x620__1.jpg?fit=1200%2C592&ssl=1&resize=700%2C400 2x, https:\/\/i0.wp.com\/larevistadigital.com.ar\/blog\/wp-content\/uploads\/QxrkgkXoT_1256x620__1.jpg?fit=1200%2C592&ssl=1&resize=1050%2C600 3x"},"classes":[]},{"id":18758,"url":"https:\/\/larevistadigital.com.ar\/blog\/fernando-burlando-sufrio-un-accidente-y-fue-internado-de-urgencia\/","url_meta":{"origin":30493,"position":2},"title":"FERNANDO BURLANDO SUFRI\u00d3 UN ACCIDENTE Y FUE INTERNADO DE URGENCIA","author":"Alejandro Sosa Ruda","date":"7 febrero, 2021","format":false,"excerpt":"Sufri\u00f3 un accidente durante un partido de polo, al caer de su caballo, por lo que su estado es delicado. LA PLATA - El conocido abogado Fernando Burlando, se encuentra internado en el Instituto M\u00e9dico Platense, y su estado es delicado, seg\u00fan manifestaron desde su entorno. Burlando\u00a0 fue r\u00e1pidamente internado\u2026","rel":"","context":"En \u00abINTERES GENERAL\u00bb","block_context":{"text":"INTERES GENERAL","link":"https:\/\/larevistadigital.com.ar\/blog\/category\/interes-general\/"},"img":{"alt_text":"","src":"https:\/\/i0.wp.com\/larevistadigital.com.ar\/blog\/wp-content\/uploads\/Captura-3.png?fit=1200%2C590&ssl=1&resize=350%2C200","width":350,"height":200,"srcset":"https:\/\/i0.wp.com\/larevistadigital.com.ar\/blog\/wp-content\/uploads\/Captura-3.png?fit=1200%2C590&ssl=1&resize=350%2C200 1x, https:\/\/i0.wp.com\/larevistadigital.com.ar\/blog\/wp-content\/uploads\/Captura-3.png?fit=1200%2C590&ssl=1&resize=525%2C300 1.5x, https:\/\/i0.wp.com\/larevistadigital.com.ar\/blog\/wp-content\/uploads\/Captura-3.png?fit=1200%2C590&ssl=1&resize=700%2C400 2x, https:\/\/i0.wp.com\/larevistadigital.com.ar\/blog\/wp-content\/uploads\/Captura-3.png?fit=1200%2C590&ssl=1&resize=1050%2C600 3x"},"classes":[]},{"id":35341,"url":"https:\/\/larevistadigital.com.ar\/blog\/horror-en-berisso-un-hombre-mato-a-punaladas-a-su-mujer-delante-de-su-propia-hija\/","url_meta":{"origin":30493,"position":3},"title":"HORROR EN BERISSO: UN HOMBRE MAT\u00d3 A PU\u00d1ALADAS A SU MUJER DELANTE DE SU PROPIA HIJA","author":"Alejandro Sosa Ruda","date":"28 febrero, 2024","format":false,"excerpt":"La joven le cont\u00f3 a la Polic\u00eda todo lo sucedido. El agresor apu\u00f1al\u00f3 a la mujer y luego se lesion\u00f3 a s\u00ed mismo, pero sobrevivi\u00f3 y fue internado de urgencia. 28 de febrero de 2024 BERISSO -\u00a0 Otro brutal femicidio\u00a0sacude a la ciudad de Berisso,\u00a0en particular, y la regi\u00f3n, en\u2026","rel":"","context":"En \u00abPOLICIALES\u00bb","block_context":{"text":"POLICIALES","link":"https:\/\/larevistadigital.com.ar\/blog\/category\/policiales\/"},"img":{"alt_text":"","src":"https:\/\/i0.wp.com\/larevistadigital.com.ar\/blog\/wp-content\/uploads\/Captura-de-pantalla-2024-02-28-120436.png?fit=905%2C454&ssl=1&resize=350%2C200","width":350,"height":200,"srcset":"https:\/\/i0.wp.com\/larevistadigital.com.ar\/blog\/wp-content\/uploads\/Captura-de-pantalla-2024-02-28-120436.png?fit=905%2C454&ssl=1&resize=350%2C200 1x, https:\/\/i0.wp.com\/larevistadigital.com.ar\/blog\/wp-content\/uploads\/Captura-de-pantalla-2024-02-28-120436.png?fit=905%2C454&ssl=1&resize=525%2C300 1.5x, https:\/\/i0.wp.com\/larevistadigital.com.ar\/blog\/wp-content\/uploads\/Captura-de-pantalla-2024-02-28-120436.png?fit=905%2C454&ssl=1&resize=700%2C400 2x"},"classes":[]},{"id":9636,"url":"https:\/\/larevistadigital.com.ar\/blog\/apunalaron-un-joven-en-batan\/","url_meta":{"origin":30493,"position":4},"title":"APU\u00d1ALARON UN JOVEN EN BAT\u00c1N","author":"Alejandro Sosa Ruda","date":"9 abril, 2019","format":false,"excerpt":"Un\u00a0joven de 21 a\u00f1os\u00a0que cumple condena en la\u00a0Unidad Penal 15 de Bat\u00e1n\u00a0fue apu\u00f1alado ayer a la tarde y tuvo que ser trasladado de urgencia al Hospital Interzonal de Agudos, donde permanece internado y fuera de peligro. Fuentes consultadas, informaron que el joven fue herido con un arma blanca en la\u2026","rel":"","context":"En \u00abPOLICIALES\u00bb","block_context":{"text":"POLICIALES","link":"https:\/\/larevistadigital.com.ar\/blog\/category\/policiales\/"},"img":{"alt_text":"","src":"https:\/\/i0.wp.com\/larevistadigital.com.ar\/blog\/wp-content\/uploads\/2019\/04\/Screenshot_3-4.jpg?fit=1010%2C647&ssl=1&resize=350%2C200","width":350,"height":200,"srcset":"https:\/\/i0.wp.com\/larevistadigital.com.ar\/blog\/wp-content\/uploads\/2019\/04\/Screenshot_3-4.jpg?fit=1010%2C647&ssl=1&resize=350%2C200 1x, https:\/\/i0.wp.com\/larevistadigital.com.ar\/blog\/wp-content\/uploads\/2019\/04\/Screenshot_3-4.jpg?fit=1010%2C647&ssl=1&resize=525%2C300 1.5x, https:\/\/i0.wp.com\/larevistadigital.com.ar\/blog\/wp-content\/uploads\/2019\/04\/Screenshot_3-4.jpg?fit=1010%2C647&ssl=1&resize=700%2C400 2x"},"classes":[]},{"id":23673,"url":"https:\/\/larevistadigital.com.ar\/blog\/conmocion-por-la-muerte-en-brasil-de-una-tiktoker-argentina\/","url_meta":{"origin":30493,"position":5},"title":"CONMOCI\u00d3N POR LA MUERTE EN BRASIL DE UNA \u00abTIKTOKER\u00bb ARGENTINA","author":"Alejandro Sosa Ruda","date":"29 enero, 2022","format":false,"excerpt":"Valeria Silvestre, de 23 a\u00f1os, muri\u00f3 de un paro en sus vacaciones en Brasil. Era muy conocida por sus tem\u00e1ticas relacionadas a la literatura y la astrolog\u00eda. Con m\u00e1s de 420.000 seguidores y m\u00e1s de 14 millones de 'Me gusta', Valeria Silvestre, de 23 a\u00f1os, era conocida por sus videos\u2026","rel":"","context":"En \u00abINTERES GENERAL\u00bb","block_context":{"text":"INTERES GENERAL","link":"https:\/\/larevistadigital.com.ar\/blog\/category\/interes-general\/"},"img":{"alt_text":"","src":"https:\/\/i0.wp.com\/larevistadigital.com.ar\/blog\/wp-content\/uploads\/valeria-silvestre-la-tiktoker-argentina___77_MX32Sx_1256x620__1.jpg?fit=1200%2C592&ssl=1&resize=350%2C200","width":350,"height":200,"srcset":"https:\/\/i0.wp.com\/larevistadigital.com.ar\/blog\/wp-content\/uploads\/valeria-silvestre-la-tiktoker-argentina___77_MX32Sx_1256x620__1.jpg?fit=1200%2C592&ssl=1&resize=350%2C200 1x, https:\/\/i0.wp.com\/larevistadigital.com.ar\/blog\/wp-content\/uploads\/valeria-silvestre-la-tiktoker-argentina___77_MX32Sx_1256x620__1.jpg?fit=1200%2C592&ssl=1&resize=525%2C300 1.5x, https:\/\/i0.wp.com\/larevistadigital.com.ar\/blog\/wp-content\/uploads\/valeria-silvestre-la-tiktoker-argentina___77_MX32Sx_1256x620__1.jpg?fit=1200%2C592&ssl=1&resize=700%2C400 2x, https:\/\/i0.wp.com\/larevistadigital.com.ar\/blog\/wp-content\/uploads\/valeria-silvestre-la-tiktoker-argentina___77_MX32Sx_1256x620__1.jpg?fit=1200%2C592&ssl=1&resize=1050%2C600 3x"},"classes":[]}],"_links":{"self":[{"href":"https:\/\/larevistadigital.com.ar\/blog\/wp-json\/wp\/v2\/posts\/30493","targetHints":{"allow":["GET"]}}],"collection":[{"href":"https:\/\/larevistadigital.com.ar\/blog\/wp-json\/wp\/v2\/posts"}],"about":[{"href":"https:\/\/larevistadigital.com.ar\/blog\/wp-json\/wp\/v2\/types\/post"}],"author":[{"embeddable":true,"href":"https:\/\/larevistadigital.com.ar\/blog\/wp-json\/wp\/v2\/users\/3"}],"replies":[{"embeddable":true,"href":"https:\/\/larevistadigital.com.ar\/blog\/wp-json\/wp\/v2\/comments?post=30493"}],"version-history":[{"count":1,"href":"https:\/\/larevistadigital.com.ar\/blog\/wp-json\/wp\/v2\/posts\/30493\/revisions"}],"predecessor-version":[{"id":30495,"href":"https:\/\/larevistadigital.com.ar\/blog\/wp-json\/wp\/v2\/posts\/30493\/revisions\/30495"}],"wp:featuredmedia":[{"embeddable":true,"href":"https:\/\/larevistadigital.com.ar\/blog\/wp-json\/wp\/v2\/media\/30494"}],"wp:attachment":[{"href":"https:\/\/larevistadigital.com.ar\/blog\/wp-json\/wp\/v2\/media?parent=30493"}],"wp:term":[{"taxonomy":"category","embeddable":true,"href":"https:\/\/larevistadigital.com.ar\/blog\/wp-json\/wp\/v2\/categories?post=30493"},{"taxonomy":"post_tag","embeddable":true,"href":"https:\/\/larevistadigital.com.ar\/blog\/wp-json\/wp\/v2\/tags?post=30493"}],"curies":[{"name":"wp","href":"https:\/\/api.w.org\/{rel}","templated":true}]}}