{"id":30498,"date":"2023-03-09T11:45:10","date_gmt":"2023-03-09T11:45:10","guid":{"rendered":"https:\/\/larevistadigital.com.ar\/blog\/?p=30498"},"modified":"2023-03-09T11:45:10","modified_gmt":"2023-03-09T11:45:10","slug":"esto-paso-un-dia-como-hoy-9-de-marzo","status":"publish","type":"post","link":"https:\/\/larevistadigital.com.ar\/blog\/esto-paso-un-dia-como-hoy-9-de-marzo\/","title":{"rendered":"ESTO PAS\u00d3 UN D\u00cdA COMO HOY, 9 DE MARZO"},"content":{"rendered":"<p class=\"paragraph\" data-mrf-recirculation=\"Links inline\">En un 9 de marzo, pero de 1916, Pancho Villa ataca e incendia la ciudad de Columbus (Nuevo M\u00e9xico), en represalia por el apoyo norteamericano al Gobierno de Carranza.<\/p>\n<h3 class=\"paragraph\" data-mrf-recirculation=\"Links inline\"><span style=\"color: #ff0000\">Otras Efem\u00e9rides:<\/span><\/h3>\n<p class=\"paragraph\" data-mrf-recirculation=\"Links inline\">1500.- Zarpa desde Lisboa la flota liderada por el navegante portugu\u00e9s Pedro \u00c1lvarez Cabral rumbo a la India, que finalmente alcanzar\u00e1 la costa noreste de Brasil.<\/p>\n<p class=\"paragraph\" data-mrf-recirculation=\"Links inline\">1812.- El militar Jos\u00e9 de San Mart\u00edn llega al puerto de Buenos Aires (Argentina) en la fragata inglesa \u00abGeorge Canning\u00bb para formar parte de las luchas independentistas americanas contra el Imperio espa\u00f1ol.<\/p>\n<p class=\"paragraph\" data-mrf-recirculation=\"Links inline\">1831.- El rey Luis Felipe de Orle\u00e1ns crea la Legi\u00f3n Extranjera, una unidad de \u00e9lite del ej\u00e9rcito franc\u00e9s integrada por voluntarios for\u00e1neos.<\/p>\n<p class=\"paragraph\" data-mrf-recirculation=\"Links inline\">1842.- El compositor italiano Giuseppe Verdi estrena su \u00f3pera Nabucco en el Teatro de La Scala de Mil\u00e1n.<\/p>\n<p class=\"paragraph\" data-mrf-recirculation=\"Links inline\">1868.- La \u00f3pera Hamlet, basada en la obra de Shakespeare con m\u00fasica del compositor franc\u00e9s Ambroise Thomas, se estrena en Par\u00eds (Francia).<\/p>\n<p class=\"paragraph\" data-mrf-recirculation=\"Links inline\">1916.- Alemania le declara oficialmente la guerra a Portugal, tras la incautaci\u00f3n por parte de los lusos de 72 buques germanos, en el marco de la I Guerra Mundial.<\/p>\n<p class=\"paragraph\" data-mrf-recirculation=\"Links inline\">1917.- Las manifestaciones de miles de obreros contra el zar Nicol\u00e1s II en San Petersburgo se convierten en el inicio de la revoluci\u00f3n rusa.<\/p>\n<p class=\"paragraph\" data-mrf-recirculation=\"Links inline\">1923.- El dirigente revolucionario ruso, Vladimir Lenin, sufre un tercer ataque cerebral y pierde el habla.<\/p>\n<p class=\"paragraph\" data-mrf-recirculation=\"Links inline\">1945.- Las tropas del Imperio japon\u00e9s ocupan militarmente y toman el control de la Indochina francesa.<\/p>\n<p class=\"paragraph\" data-mrf-recirculation=\"Links inline\">1959.- La compa\u00f1\u00eda estadounidense Mattel lanza al mercado la mu\u00f1eca Barbie, una de las mu\u00f1ecas m\u00e1s famosas de la historia.<\/p>\n<p class=\"paragraph\" data-mrf-recirculation=\"Links inline\">1985.- El nuevo parlamento de Uruguay, surgido tras 12 a\u00f1os de dictadura militar, aprueba una ley de indulto para los presos pol\u00edticos encarcelados.<\/p>\n<p class=\"paragraph\" data-mrf-recirculation=\"Links inline\">1990.- El grupo guerrillero M-19 y el Gobierno colombiano firman el acuerdo de paz que avala la desmovilizaci\u00f3n del grupo armado para constituirse en una agrupaci\u00f3n pol\u00edtica legal.<\/p>\n<p class=\"paragraph\" data-mrf-recirculation=\"Links inline\">1998.- El exgeneral paraguayo Lino C\u00e9sar Oviedo es condenado por un tribunal militar a diez a\u00f1os de prisi\u00f3n por intento de golpe de Estado en 1996.<\/p>\n<p class=\"paragraph\" data-mrf-recirculation=\"Links inline\">2001.- Los talibanes destruyen los dos colosos de Buda esculpidos en roca entre los siglos III y IV en la provincia central de Bamiy\u00e1n (Afganist\u00e1n).<\/p>\n<p class=\"paragraph\" data-mrf-recirculation=\"Links inline\">2009.- El presidente de EEUU, Barack Obama, anuncia el fin de las restricciones sobre la financiaci\u00f3n con fondos p\u00fablicos a la investigaci\u00f3n con c\u00e9lulas madre embrionarias.<\/p>\n<p class=\"paragraph\" data-mrf-recirculation=\"Links inline\">2011.- El transbordador espacial Discovery, la nave m\u00e1s veterana de la flota espacial estadounidense, aterriza por \u00faltima vez en el centro espacial Kennedy en Cabo Ca\u00f1averal (Florida).<\/p>\n<p class=\"paragraph\" data-mrf-recirculation=\"Links inline\">2022.- El Ej\u00e9rcito ruso bombardea un hospital infantil en la asediada ciudad de Mariupol (Ucrania), en la costa del mar de Azov.<\/p>\n<h3 class=\"paragraph\" data-mrf-recirculation=\"Links inline\"><strong><span style=\"color: #ff0000\">NACIMIENTOS<\/span><\/strong><\/h3>\n<p class=\"paragraph\" data-mrf-recirculation=\"Links inline\">1451.- Am\u00e9rico Vespucio, navegante italiano, que da nombre al nuevo continente descubierto por Crist\u00f3bal Col\u00f3n.<\/p>\n<p class=\"paragraph\" data-mrf-recirculation=\"Links inline\">1749.- Honor\u00e9 G. Riqueti, conde de Mirabeau, pol\u00edtico franc\u00e9s.<\/p>\n<p class=\"paragraph\" data-mrf-recirculation=\"Links inline\">1879.- Otto Hahn, qu\u00edmico alem\u00e1n, descubridor de la posibilidad de desintegraci\u00f3n del \u00e1tomo de uranio.<\/p>\n<p class=\"paragraph\" data-mrf-recirculation=\"Links inline\">1900.- Howard H. Aiken, ingeniero y militar estadounidense, pionero de la inform\u00e1tica.<\/p>\n<p class=\"paragraph\" data-mrf-recirculation=\"Links inline\">1930.- Ornette Coleman, saxofonista de jazz estadounidense.<\/p>\n<p class=\"paragraph\" data-mrf-recirculation=\"Links inline\">1933.- Lloyd Price, m\u00fasico estadounidense.<\/p>\n<p class=\"paragraph\" data-mrf-recirculation=\"Links inline\">1934.- Yuri Gagarin, cosmonauta ruso, primer hombre que viaj\u00f3 por el espacio.<\/p>\n<p class=\"paragraph\" data-mrf-recirculation=\"Links inline\">1942. John Cale, m\u00fasico estadounidense, miembro de Velvet Underground.<\/p>\n<p class=\"paragraph\" data-mrf-recirculation=\"Links inline\">1943.- Bobby Fisher, ajedrecista estadounidense.<\/p>\n<p class=\"paragraph\" data-mrf-recirculation=\"Links inline\">1948.- Emma Bonino, pol\u00edtica italiana.<\/p>\n<p class=\"paragraph\" data-mrf-recirculation=\"Links inline\">1955.- Ornella Muti, actriz italiana.<\/p>\n<p class=\"paragraph\" data-mrf-recirculation=\"Links inline\">1960.- Zeljko Obradovic, entrenador y jugador de baloncesto serbio.<\/p>\n<p class=\"paragraph\" data-mrf-recirculation=\"Links inline\">1964.- Juliette Binoche, actriz francesa.<\/p>\n<p class=\"paragraph\" data-mrf-recirculation=\"Links inline\">1975.- Juan Sebasti\u00e1n Ver\u00f3n, futbolista argentino.<\/p>\n<p class=\"paragraph\" data-mrf-recirculation=\"Links inline\">1980.- Matthew Gray Gubler, actor, director y modelo estadounidense.<\/p>\n<p class=\"paragraph\" data-mrf-recirculation=\"Links inline\">1986.- Brittany Snow, actriz y modelo estadounidense.<\/p>\n<p class=\"paragraph\" data-mrf-recirculation=\"Links inline\">1987.- Bow Wow, actor y rapero estadounidense.<\/p>\n<p class=\"paragraph\" data-mrf-recirculation=\"Links inline\">1992.- Mar\u00eda Eugenia Su\u00e1rez, actriz, cantante y modelo argentina.<\/p>\n<p class=\"paragraph\" data-mrf-recirculation=\"Links inline\">1995.- \u00c1ngel Correa, futbolista argentino.<\/p>\n<h3 class=\"paragraph\" data-mrf-recirculation=\"Links inline\"><span style=\"color: #ff0000\">DEFUNCIONES<\/span><\/h3>\n<p class=\"paragraph\" data-mrf-recirculation=\"Links inline\">1661.- Julio Mazarino, pol\u00edtico, cardenal, diplom\u00e1tico y gobernante franc\u00e9s.<\/p>\n<p class=\"paragraph\" data-mrf-recirculation=\"Links inline\">1806.- Federico Gravina, marino espa\u00f1ol.<\/p>\n<p class=\"paragraph\" data-mrf-recirculation=\"Links inline\">1851.- Juan Christian Oersted, f\u00edsico dan\u00e9s, descubridor del electromagnetismo.<\/p>\n<p class=\"paragraph\" data-mrf-recirculation=\"Links inline\">1869.- H\u00e9ctor Berlioz, compositor franc\u00e9s.<\/p>\n<p class=\"paragraph\" data-mrf-recirculation=\"Links inline\">1888.- Guillermo I, emperador de Alemania.<\/p>\n<p class=\"paragraph\" data-mrf-recirculation=\"Links inline\">1926.- Mikao Usui, maestro japon\u00e9s, creador del reiki.<\/p>\n<p class=\"paragraph\" data-mrf-recirculation=\"Links inline\">1945.- Margot Frank, estudiante jud\u00eda alemana, hermana de Ana Frank y v\u00edctima del holocausto.<\/p>\n<p class=\"paragraph\" data-mrf-recirculation=\"Links inline\">1952.- Alexandra Kollontai, socialista, revolucionaria y feminista rusa.<\/p>\n<p class=\"paragraph\" data-mrf-recirculation=\"Links inline\">1989.- Robert Mapplethorpe, fot\u00f3grafo estadounidense.<\/p>\n<p class=\"paragraph\" data-mrf-recirculation=\"Links inline\">1992.- Menajem Beguin, pol\u00edtico israel\u00ed.<\/p>\n<p class=\"paragraph\" data-mrf-recirculation=\"Links inline\">1994.- Charles Bukowski, escritor estadounidense.<\/p>\n<p class=\"paragraph\" data-mrf-recirculation=\"Links inline\">1996.- George Burns, actor estadounidense.<\/p>\n<p class=\"paragraph\" data-mrf-recirculation=\"Links inline\">2007.- Gerardo Mello Mourao, escritor brasile\u00f1o.<\/p>\n<p class=\"paragraph\" data-mrf-recirculation=\"Links inline\">2016.- Nan\u00e1 Vasconcelos, m\u00fasico brasile\u00f1o.<\/p>\n<p class=\"paragraph\" data-mrf-recirculation=\"Links inline\">2021.- James Levine, director de orquesta estadounidense.<\/p>\n","protected":false},"excerpt":{"rendered":"<div class=\"mh-excerpt\"><p>En un 9 de marzo, pero de 1916, Pancho Villa ataca e incendia la ciudad de Columbus (Nuevo M\u00e9xico), en represalia por el apoyo norteamericano al Gobierno de Carranza. Otras Efem\u00e9rides: 1500.- Zarpa desde Lisboa <a class=\"mh-excerpt-more\" href=\"https:\/\/larevistadigital.com.ar\/blog\/esto-paso-un-dia-como-hoy-9-de-marzo\/\" title=\"ESTO PAS\u00d3 UN D\u00cdA COMO HOY, 9 DE MARZO\">[Leer M\u00e1s]<\/a><\/p>\n<\/div>","protected":false},"author":3,"featured_media":16747,"comment_status":"open","ping_status":"open","sticky":false,"template":"","format":"standard","meta":{"_jetpack_memberships_contains_paid_content":false,"footnotes":"","jetpack_publicize_message":"","jetpack_publicize_feature_enabled":true,"jetpack_social_post_already_shared":true,"jetpack_social_options":{"image_generator_settings":{"template":"highway","default_image_id":0,"font":"","enabled":false},"version":2}},"categories":[15],"tags":[],"class_list":{"0":"post-30498","1":"post","2":"type-post","3":"status-publish","4":"format-standard","5":"has-post-thumbnail","7":"category-cultura"},"jetpack_publicize_connections":[],"jetpack_featured_media_url":"https:\/\/i0.wp.com\/larevistadigital.com.ar\/blog\/wp-content\/uploads\/LOGO-EFEMERIDES.jpg?fit=1268%2C664&ssl=1","jetpack_sharing_enabled":true,"jetpack_shortlink":"https:\/\/wp.me\/p8qtrQ-7VU","jetpack-related-posts":[{"id":35531,"url":"https:\/\/larevistadigital.com.ar\/blog\/se-inicia-el-cronograma-anual-de-vacunacion-antirrabica-gratuita\/","url_meta":{"origin":30498,"position":0},"title":"SE INICIA EL CRONOGRAMA ANUAL DE VACUNACI\u00d3N ANTIRR\u00c1BICA GRATUITA","author":"Alejandro Sosa Ruda","date":"13 marzo, 2024","format":false,"excerpt":"El pr\u00f3ximo lunes se inicia el calendario de inmunizaci\u00f3n contra la rabia para animales dom\u00e9sticos que lleva adelante cada a\u00f1o la Municipalidad de Chascom\u00fas. 13 de marzo de 2024 CHASCOM\u00daS -\u00a0 Como es habitual, el equipo de la Direcci\u00f3n de Bromatolog\u00eda y Zoonosis recorre los barrios para aplicar las vacunas\u2026","rel":"","context":"En \u00abSin categor\u00eda\u00bb","block_context":{"text":"Sin categor\u00eda","link":"https:\/\/larevistadigital.com.ar\/blog\/category\/sin-categoria\/"},"img":{"alt_text":"","src":"https:\/\/i0.wp.com\/larevistadigital.com.ar\/blog\/wp-content\/uploads\/VACUNACION.jpg?fit=700%2C466&ssl=1&resize=350%2C200","width":350,"height":200,"srcset":"https:\/\/i0.wp.com\/larevistadigital.com.ar\/blog\/wp-content\/uploads\/VACUNACION.jpg?fit=700%2C466&ssl=1&resize=350%2C200 1x, https:\/\/i0.wp.com\/larevistadigital.com.ar\/blog\/wp-content\/uploads\/VACUNACION.jpg?fit=700%2C466&ssl=1&resize=525%2C300 1.5x, https:\/\/i0.wp.com\/larevistadigital.com.ar\/blog\/wp-content\/uploads\/VACUNACION.jpg?fit=700%2C466&ssl=1&resize=700%2C400 2x"},"classes":[]},{"id":838,"url":"https:\/\/larevistadigital.com.ar\/blog\/ahora-llego-acuerdo-vuelve-futbol-todas-las-categorias\/","url_meta":{"origin":30498,"position":1},"title":"Ahora s\u00ed, lleg\u00f3 el acuerdo; Vuelve el f\u00fatbol en todas las categor\u00edas","author":"Alejandro Sosa Ruda","date":"8 marzo, 2017","format":false,"excerpt":"Finalmente las negociaciones que estaban estancadas tuvieron un buen final, y Agremiados levant\u00f3 el paro, Ma\u00f1ana se vuelve a jugar por el campeonato. Aqu\u00ed te informamos como ser\u00e1 la fecha. Luego de varias idas y vueltas, lleg\u00f3 el acuerdo que tantos\u00a0 (y sobre todo los hinchas) estaban esperando. A pesar\u2026","rel":"","context":"En \u00abDEPORTES\u00bb","block_context":{"text":"DEPORTES","link":"https:\/\/larevistadigital.com.ar\/blog\/category\/deportes\/"},"img":{"alt_text":"","src":"https:\/\/i0.wp.com\/larevistadigital.com.ar\/blog\/wp-content\/uploads\/2017\/03\/marchi2.jpg?fit=980%2C550&ssl=1&resize=350%2C200","width":350,"height":200,"srcset":"https:\/\/i0.wp.com\/larevistadigital.com.ar\/blog\/wp-content\/uploads\/2017\/03\/marchi2.jpg?fit=980%2C550&ssl=1&resize=350%2C200 1x, https:\/\/i0.wp.com\/larevistadigital.com.ar\/blog\/wp-content\/uploads\/2017\/03\/marchi2.jpg?fit=980%2C550&ssl=1&resize=525%2C300 1.5x, https:\/\/i0.wp.com\/larevistadigital.com.ar\/blog\/wp-content\/uploads\/2017\/03\/marchi2.jpg?fit=980%2C550&ssl=1&resize=700%2C400 2x"},"classes":[]},{"id":39064,"url":"https:\/\/larevistadigital.com.ar\/blog\/la-muni-cerca-llega-al-barrio-lomas-altas-25-y-26-de-marzo\/","url_meta":{"origin":30498,"position":2},"title":"La Muni Cerca llega al barrio Lomas Altas (25 Y 26 de Marzo)","author":"Alejandro Sosa Ruda","date":"22 marzo, 2025","format":false,"excerpt":"El programa, impulsado por la Municipalidad de Chascom\u00fas, busca descentralizar la gesti\u00f3n y facilitar el acceso a tr\u00e1mites. 22 De Marzo de 2025 CHASCOM\u00daS -\u00a0 El programa \"La Muni Cerca\" se realizar\u00e1 en el barrio Lomas Altas los d\u00edas martes 25 y mi\u00e9rcoles 26 de este mes. El operativo se\u2026","rel":"","context":"En \u00abCHASCOM\u00daS\u00bb","block_context":{"text":"CHASCOM\u00daS","link":"https:\/\/larevistadigital.com.ar\/blog\/category\/chascomus\/"},"img":{"alt_text":"","src":"https:\/\/i0.wp.com\/larevistadigital.com.ar\/blog\/wp-content\/uploads\/67dd9e497ee14.png?fit=668%2C445&ssl=1&resize=350%2C200","width":350,"height":200,"srcset":"https:\/\/i0.wp.com\/larevistadigital.com.ar\/blog\/wp-content\/uploads\/67dd9e497ee14.png?fit=668%2C445&ssl=1&resize=350%2C200 1x, https:\/\/i0.wp.com\/larevistadigital.com.ar\/blog\/wp-content\/uploads\/67dd9e497ee14.png?fit=668%2C445&ssl=1&resize=525%2C300 1.5x"},"classes":[]},{"id":23689,"url":"https:\/\/larevistadigital.com.ar\/blog\/confirman-el-rally-mar-y-sierras-a-general-paz-se-correra-en-marzo\/","url_meta":{"origin":30498,"position":3},"title":"CONFIRMAN EL RALLY MAR Y SIERRAS A GENERAL PAZ, SE CORRER\u00c1 EN MARZO","author":"Alejandro Sosa Ruda","date":"30 enero, 2022","format":false,"excerpt":"El mismo se llevar\u00e1 a cabo en marzo y durar\u00e1 tres d\u00edas. El anuncio se hizo a trav\u00e9s de la p\u00e1gina oficial del municipio. RANCHOS -\u00a0 En una reuni\u00f3n celebrada ayer por la tarde, encabezada por el Intendente Municipal Juan Manuel \u00c1lvarez acompa\u00f1ado por funcionarios y colaboradores, se defini\u00f3 la\u2026","rel":"","context":"En \u00abDEPORTES\u00bb","block_context":{"text":"DEPORTES","link":"https:\/\/larevistadigital.com.ar\/blog\/category\/deportes\/"},"img":{"alt_text":"","src":"https:\/\/i0.wp.com\/larevistadigital.com.ar\/blog\/wp-content\/uploads\/31959496_879056555638707_556163415467360256_n.jpg?fit=800%2C534&ssl=1&resize=350%2C200","width":350,"height":200,"srcset":"https:\/\/i0.wp.com\/larevistadigital.com.ar\/blog\/wp-content\/uploads\/31959496_879056555638707_556163415467360256_n.jpg?fit=800%2C534&ssl=1&resize=350%2C200 1x, https:\/\/i0.wp.com\/larevistadigital.com.ar\/blog\/wp-content\/uploads\/31959496_879056555638707_556163415467360256_n.jpg?fit=800%2C534&ssl=1&resize=525%2C300 1.5x, https:\/\/i0.wp.com\/larevistadigital.com.ar\/blog\/wp-content\/uploads\/31959496_879056555638707_556163415467360256_n.jpg?fit=800%2C534&ssl=1&resize=700%2C400 2x"},"classes":[]},{"id":8737,"url":"https:\/\/larevistadigital.com.ar\/blog\/lezama-se-cubrira-en-marzo-el-cargo-de-cocinero-para-el-nuevo-servicio-de-comedor-escolar-de-el-destino\/","url_meta":{"origin":30498,"position":4},"title":"LEZAMA: SE CUBRIR\u00c1 EN MARZO EL CARGO DE COCINERO PARA EL NUEVO SERVICIO DE COMEDOR ESCOLAR DE \u201cEL DESTINO\u201d","author":"Alejandro Sosa Ruda","date":"26 febrero, 2019","format":false,"excerpt":"El Consejo Escolar de Lezama comunica que el d\u00eda 19 de marzo, a las 14 horas, se realizar\u00e1 en el edificio (Blandengues 271) Ronda de Titulares de auxiliares para cubrir el cargo creado de cocinero para la EP N\u00b0 7 del paraje \"El Destino\". Los interesados deber\u00e1n concurrir con fotocopia\u2026","rel":"","context":"En \u00abLEZAMA\u00bb","block_context":{"text":"LEZAMA","link":"https:\/\/larevistadigital.com.ar\/blog\/category\/lezama\/"},"img":{"alt_text":"","src":"https:\/\/i0.wp.com\/larevistadigital.com.ar\/blog\/wp-content\/uploads\/2019\/02\/Screenshot_4.jpg?fit=728%2C478&ssl=1&resize=350%2C200","width":350,"height":200,"srcset":"https:\/\/i0.wp.com\/larevistadigital.com.ar\/blog\/wp-content\/uploads\/2019\/02\/Screenshot_4.jpg?fit=728%2C478&ssl=1&resize=350%2C200 1x, https:\/\/i0.wp.com\/larevistadigital.com.ar\/blog\/wp-content\/uploads\/2019\/02\/Screenshot_4.jpg?fit=728%2C478&ssl=1&resize=525%2C300 1.5x, https:\/\/i0.wp.com\/larevistadigital.com.ar\/blog\/wp-content\/uploads\/2019\/02\/Screenshot_4.jpg?fit=728%2C478&ssl=1&resize=700%2C400 2x"},"classes":[]},{"id":24220,"url":"https:\/\/larevistadigital.com.ar\/blog\/desde-marzo-aumentan-las-multas-de-transito-en-el-territorio-bonaerense\/","url_meta":{"origin":30498,"position":5},"title":"DESDE MARZO AUMENTAN LAS MULTAS DE TR\u00c1NSITO EN EL TERRITORIO BONAERENSE","author":"Alejandro Sosa Ruda","date":"26 febrero, 2022","format":false,"excerpt":"Para el bimestre comprendido entre los meses de marzo y abril del mismo a\u00f1o, el valor de 1 (una) UF (unidad fija) es la suma de pesos ciento veintitr\u00e9s con cuarenta centavos ($ 123,40.-), seg\u00fan lo informado oportunamente por el Autom\u00f3vil Club Argentino. Mediante un decreto publicado en el Bolet\u00edn\u2026","rel":"","context":"En \u00abPOLITICA PROVINCIAL\u00bb","block_context":{"text":"POLITICA PROVINCIAL","link":"https:\/\/larevistadigital.com.ar\/blog\/category\/politica\/politica-provincial\/"},"img":{"alt_text":"","src":"https:\/\/i0.wp.com\/larevistadigital.com.ar\/blog\/wp-content\/uploads\/20220225195226_mult.jpg?fit=880%2C512&ssl=1&resize=350%2C200","width":350,"height":200,"srcset":"https:\/\/i0.wp.com\/larevistadigital.com.ar\/blog\/wp-content\/uploads\/20220225195226_mult.jpg?fit=880%2C512&ssl=1&resize=350%2C200 1x, https:\/\/i0.wp.com\/larevistadigital.com.ar\/blog\/wp-content\/uploads\/20220225195226_mult.jpg?fit=880%2C512&ssl=1&resize=525%2C300 1.5x, https:\/\/i0.wp.com\/larevistadigital.com.ar\/blog\/wp-content\/uploads\/20220225195226_mult.jpg?fit=880%2C512&ssl=1&resize=700%2C400 2x"},"classes":[]}],"_links":{"self":[{"href":"https:\/\/larevistadigital.com.ar\/blog\/wp-json\/wp\/v2\/posts\/30498","targetHints":{"allow":["GET"]}}],"collection":[{"href":"https:\/\/larevistadigital.com.ar\/blog\/wp-json\/wp\/v2\/posts"}],"about":[{"href":"https:\/\/larevistadigital.com.ar\/blog\/wp-json\/wp\/v2\/types\/post"}],"author":[{"embeddable":true,"href":"https:\/\/larevistadigital.com.ar\/blog\/wp-json\/wp\/v2\/users\/3"}],"replies":[{"embeddable":true,"href":"https:\/\/larevistadigital.com.ar\/blog\/wp-json\/wp\/v2\/comments?post=30498"}],"version-history":[{"count":1,"href":"https:\/\/larevistadigital.com.ar\/blog\/wp-json\/wp\/v2\/posts\/30498\/revisions"}],"predecessor-version":[{"id":30499,"href":"https:\/\/larevistadigital.com.ar\/blog\/wp-json\/wp\/v2\/posts\/30498\/revisions\/30499"}],"wp:featuredmedia":[{"embeddable":true,"href":"https:\/\/larevistadigital.com.ar\/blog\/wp-json\/wp\/v2\/media\/16747"}],"wp:attachment":[{"href":"https:\/\/larevistadigital.com.ar\/blog\/wp-json\/wp\/v2\/media?parent=30498"}],"wp:term":[{"taxonomy":"category","embeddable":true,"href":"https:\/\/larevistadigital.com.ar\/blog\/wp-json\/wp\/v2\/categories?post=30498"},{"taxonomy":"post_tag","embeddable":true,"href":"https:\/\/larevistadigital.com.ar\/blog\/wp-json\/wp\/v2\/tags?post=30498"}],"curies":[{"name":"wp","href":"https:\/\/api.w.org\/{rel}","templated":true}]}}