{"id":30503,"date":"2023-03-09T23:53:59","date_gmt":"2023-03-09T23:53:59","guid":{"rendered":"https:\/\/larevistadigital.com.ar\/blog\/?p=30503"},"modified":"2023-03-10T00:03:27","modified_gmt":"2023-03-10T00:03:27","slug":"chascomus-incluye-audio-imperdible-19-de-marzo-a-las-10-horas","status":"publish","type":"post","link":"https:\/\/larevistadigital.com.ar\/blog\/chascomus-incluye-audio-imperdible-19-de-marzo-a-las-10-horas\/","title":{"rendered":"CHASCOM\u00daS [INCLUYE AUDIO]:  IMPERDIBLE! 19 DE MARZO A LAS 10 HORAS!"},"content":{"rendered":"<h2>Se viene el \u00abDesaf\u00edo MTB Chascom\u00fas\u00bb el pr\u00f3ximo 19 de marzo, y contaron de qu\u00e9 se trata en Radio Chascom\u00fas, Ariel Dalm\u00e1s y Jos\u00e9 Lamarque.<\/h2>\n<p>9 de marzo de 2023<\/p>\n<p><strong>CHASCOM\u00daS &#8211;\u00a0 Ariel Dalm\u00e1s <\/strong>y <strong>Jos\u00e9 Lamarque\u00a0<\/strong>brindaron un reportaje a la <strong>Radio Chascom\u00fas (FM 90.9)<\/strong>, durante el programa <strong>\u00abMarca de Verano\u00bb<\/strong> donde contaron de qu\u00e9 trata el evento que se realizar\u00e1 el pr\u00f3ximo domingo 19 de Mayo.<\/p>\n<blockquote>\n<h3>El evento se realizar\u00e1 en un circuito limitado, en parte de la circunvalaci\u00f3n de la laguna, a partir de las 10 de la ma\u00f1ana.<\/h3>\n<\/blockquote>\n<p>Ser\u00e1 auspiciado por la Municipalidad de Chascom\u00fas, y lo organizan <strong>Dalm\u00e1s y Lamarque<\/strong>, que mencionaron que adem\u00e1s de tener talleres de bicicletas, conforman junto a otras personas un grupo de Mountain Bike.<\/p>\n<blockquote>\n<h3><em>\u00abEs lindo proyecto en conjunto con la Municipalidad, para dar a conocer y fomentar el uso de la Mountain Bike, y en el entorno de la laguna que es hermoso\u00bb<\/em>, aseguraron.<\/h3>\n<\/blockquote>\n<p>Mencionaron que este evento es el primero en Chascom\u00fas, pero que ya se realizan en otros lugares.<\/p>\n<p>Se podr\u00e1 participar, dentro de 2 categor\u00edas. La primera ser\u00e1 la \u00abpromocional\u00bb, m\u00e1s orientada a los amateurs y son 18 kil\u00f3metros, es decir que ser\u00e1n 3 vueltas, y la categor\u00eda competitiva que son 36 km. es decir 6 vueltas para gente que est\u00e1 m\u00e1s entrenada. Aclararon adem\u00e1s que las categor\u00edas estar\u00e1n subdivididas en \u00abMenores de 40&#8243; y Mayores de 40\u00bb.<\/p>\n<blockquote>\n<h3>Las competencias son a partir de las 10 de la ma\u00f1ana, arrancando primero la categor\u00eda \u00abpromocional\u00bb. La gente deber\u00e1n tener adem\u00e1s de una bicicleta, protecci\u00f3n, casco y agua entre otras cosas.<\/h3>\n<\/blockquote>\n<p>Resaltaron que en las Mountain Bike, uno adem\u00e1s del asfalto, puede \u00abmeterse en todo terreno\u00bb, disfrutando de una experiencia distinta.\u00a0<em><strong> \u00abTambi\u00e9n la gente se motiva de participar de una carrera. Te aseguro que los que vienen, en un 90% vuelven\u00bb.<\/strong><\/em><\/p>\n<blockquote>\n<h3>Contaron que entrenan visitando distintos parajes rurales, paseando y recorriendo distintas rutas, haciendo hasta 100 km.<\/h3>\n<\/blockquote>\n<p>Resaltaron que esta actividad adem\u00e1s de se placentera, colabora con el cuidado del medioambiente y es muy favorable para la salud.<\/p>\n<blockquote>\n<h3>La inscripci\u00f3n para participar ser\u00e1 de $2.500.- para la categor\u00eda Promocional y de $3.000.- para la categor\u00eda Competitiva. Agregaron que los participantes contar\u00e1n con hidrataci\u00f3n, fruta, servicio de ambulancia y seguro para los competidores, adem\u00e1s de la entrega de premios y regalos de los sponsors.<\/h3>\n<\/blockquote>\n<p>Culminaron, contando que la idea sali\u00f3 de charlas entre amigos, mientras compart\u00edan la pasi\u00f3n por el ciclismo.<\/p>\n<h3><span style=\"color: #ff0000\">El tel\u00e9fono para consultas e inscripci\u00f3n es 02241-567330<\/span><\/h3>\n<p><strong>LA NOTA<\/strong><\/p>\n<div style=\"width: 690px;\" class=\"wp-video\"><!--[if lt IE 9]><script>document.createElement('video');<\/script><![endif]-->\n<video class=\"wp-video-shortcode\" id=\"video-30503-1\" width=\"690\" height=\"556\" preload=\"metadata\" controls=\"controls\"><source type=\"video\/mp4\" src=\"https:\/\/larevistadigital.com.ar\/blog\/wp-content\/uploads\/WhatsApp-Video-2023-03-07-at-21.39.18.mp4?_=1\" \/><a href=\"https:\/\/larevistadigital.com.ar\/blog\/wp-content\/uploads\/WhatsApp-Video-2023-03-07-at-21.39.18.mp4\">https:\/\/larevistadigital.com.ar\/blog\/wp-content\/uploads\/WhatsApp-Video-2023-03-07-at-21.39.18.mp4<\/a><\/video><\/div>\n","protected":false},"excerpt":{"rendered":"<div class=\"mh-excerpt\"><p>Se viene el \u00abDesaf\u00edo MTB Chascom\u00fas\u00bb el pr\u00f3ximo 19 de marzo, y contaron de qu\u00e9 se trata en Radio Chascom\u00fas, Ariel Dalm\u00e1s y Jos\u00e9 Lamarque. 9 de marzo de 2023 CHASCOM\u00daS &#8211;\u00a0 Ariel Dalm\u00e1s y <a class=\"mh-excerpt-more\" href=\"https:\/\/larevistadigital.com.ar\/blog\/chascomus-incluye-audio-imperdible-19-de-marzo-a-las-10-horas\/\" title=\"CHASCOM\u00daS [INCLUYE AUDIO]:  IMPERDIBLE! 19 DE MARZO A LAS 10 HORAS!\">[Leer M\u00e1s]<\/a><\/p>\n<\/div>","protected":false},"author":3,"featured_media":30504,"comment_status":"open","ping_status":"open","sticky":false,"template":"","format":"standard","meta":{"_jetpack_memberships_contains_paid_content":false,"footnotes":"","jetpack_publicize_message":"","jetpack_publicize_feature_enabled":true,"jetpack_social_post_already_shared":true,"jetpack_social_options":{"image_generator_settings":{"template":"highway","default_image_id":0,"font":"","enabled":false},"version":2}},"categories":[8,50],"tags":[],"class_list":{"0":"post-30503","1":"post","2":"type-post","3":"status-publish","4":"format-standard","5":"has-post-thumbnail","7":"category-deportes","8":"category-interes-general"},"jetpack_publicize_connections":[],"jetpack_featured_media_url":"https:\/\/i0.wp.com\/larevistadigital.com.ar\/blog\/wp-content\/uploads\/WhatsApp-Image-2023-02-28-at-13.40.36-1.jpeg?fit=899%2C1600&ssl=1","jetpack_sharing_enabled":true,"jetpack_shortlink":"https:\/\/wp.me\/p8qtrQ-7VZ","jetpack-related-posts":[{"id":30940,"url":"https:\/\/larevistadigital.com.ar\/blog\/chascomus-se-reprogramo-la-fecha-para-el-desafio-mtb-chascomus\/","url_meta":{"origin":30503,"position":0},"title":"CHASCOM\u00daS: SE REPROGRAM\u00d3 LA FECHA PARA EL #DESAF\u00cdO MTB CHASCOM\u00daS","author":"Alejandro Sosa Ruda","date":"7 abril, 2023","format":false,"excerpt":"Se hab\u00eda suspendido por razones clim\u00e1ticas y ahora se dispuso una nueva fecha, para un imperdible evento que promete repetirse. 6 de abril de 2023 CHASCOM\u00daS -\u00a0 Un evento que fue suspendido hace poco tiempo por las lluvias, ahora ha sido reprogramado para llevarse a cabo el pr\u00f3ximo 23 de\u2026","rel":"","context":"En \u00abCHASCOM\u00daS\u00bb","block_context":{"text":"CHASCOM\u00daS","link":"https:\/\/larevistadigital.com.ar\/blog\/category\/chascomus\/"},"img":{"alt_text":"","src":"https:\/\/i0.wp.com\/larevistadigital.com.ar\/blog\/wp-content\/uploads\/339820172_993021305016311_9189302290776049363_n.jpg?fit=716%2C716&ssl=1&resize=350%2C200","width":350,"height":200,"srcset":"https:\/\/i0.wp.com\/larevistadigital.com.ar\/blog\/wp-content\/uploads\/339820172_993021305016311_9189302290776049363_n.jpg?fit=716%2C716&ssl=1&resize=350%2C200 1x, https:\/\/i0.wp.com\/larevistadigital.com.ar\/blog\/wp-content\/uploads\/339820172_993021305016311_9189302290776049363_n.jpg?fit=716%2C716&ssl=1&resize=525%2C300 1.5x, https:\/\/i0.wp.com\/larevistadigital.com.ar\/blog\/wp-content\/uploads\/339820172_993021305016311_9189302290776049363_n.jpg?fit=716%2C716&ssl=1&resize=700%2C400 2x"},"classes":[]},{"id":41019,"url":"https:\/\/larevistadigital.com.ar\/blog\/abrio-la-inscripcion-a-los-21k-de-chascomus\/","url_meta":{"origin":30503,"position":1},"title":"Abri\u00f3 la inscripci\u00f3n a los 21K de Chascom\u00fas","author":"Alejandro Sosa Ruda","date":"20 agosto, 2025","format":false,"excerpt":"Ya est\u00e1 habilitado el link para ser parte del evento m\u00e1s importante del calendario de running que propone la Municipalidad de Chascom\u00fas. 20 De Agosto de 2025 CHASCOM\u00daS\u00a0 -\u00a0 \u00a0 El pr\u00f3ximo 14 de septiembre se realizar\u00e1 uno de los eventos m\u00e1s esperados del calendario de running de Chascom\u00fas. Los\u2026","rel":"","context":"En \u00abCHASCOM\u00daS\u00bb","block_context":{"text":"CHASCOM\u00daS","link":"https:\/\/larevistadigital.com.ar\/blog\/category\/chascomus\/"},"img":{"alt_text":"","src":"https:\/\/i0.wp.com\/larevistadigital.com.ar\/blog\/wp-content\/uploads\/68a5f8fada22a.png?fit=668%2C445&ssl=1&resize=350%2C200","width":350,"height":200,"srcset":"https:\/\/i0.wp.com\/larevistadigital.com.ar\/blog\/wp-content\/uploads\/68a5f8fada22a.png?fit=668%2C445&ssl=1&resize=350%2C200 1x, https:\/\/i0.wp.com\/larevistadigital.com.ar\/blog\/wp-content\/uploads\/68a5f8fada22a.png?fit=668%2C445&ssl=1&resize=525%2C300 1.5x"},"classes":[]},{"id":8781,"url":"https:\/\/larevistadigital.com.ar\/blog\/chascomus-el-evento-japon-en-chascomus-contara-con-mas-de-100-artistas-numerosas-actividades-y-la-presencia-del-embajador\/","url_meta":{"origin":30503,"position":2},"title":"CHASCOM\u00daS: EL EVENTO \u201cJAP\u00d3N EN CHASCOM\u00daS\u201d CONTAR\u00c1 CON M\u00c1S DE 100 ARTISTAS, NUMEROSAS ACTIVIDADES Y LA PRESENCIA DEL EMBAJADOR","author":"Alejandro Sosa Ruda","date":"27 febrero, 2019","format":false,"excerpt":"Los pr\u00f3ximos 23 y 24 de marzo y con el objetivo de difundir la cultura japonesa en nuestra ciudad, se desarrollar\u00e1 este importante encuentro organizado por la Municipalidad y la Fundaci\u00f3n Cultural Argentino Japonesa, que contar\u00e1 con la presencia del embajador Noriteru Fukushima En el marco de dicho evento, trabajadores\u2026","rel":"","context":"En \u00abCHASCOM\u00daS\u00bb","block_context":{"text":"CHASCOM\u00daS","link":"https:\/\/larevistadigital.com.ar\/blog\/category\/chascomus\/"},"img":{"alt_text":"","src":"https:\/\/i0.wp.com\/larevistadigital.com.ar\/blog\/wp-content\/uploads\/2019\/02\/52789780_2310990982255107_3766035785665478656_o.jpg?fit=1200%2C801&ssl=1&resize=350%2C200","width":350,"height":200,"srcset":"https:\/\/i0.wp.com\/larevistadigital.com.ar\/blog\/wp-content\/uploads\/2019\/02\/52789780_2310990982255107_3766035785665478656_o.jpg?fit=1200%2C801&ssl=1&resize=350%2C200 1x, https:\/\/i0.wp.com\/larevistadigital.com.ar\/blog\/wp-content\/uploads\/2019\/02\/52789780_2310990982255107_3766035785665478656_o.jpg?fit=1200%2C801&ssl=1&resize=525%2C300 1.5x, https:\/\/i0.wp.com\/larevistadigital.com.ar\/blog\/wp-content\/uploads\/2019\/02\/52789780_2310990982255107_3766035785665478656_o.jpg?fit=1200%2C801&ssl=1&resize=700%2C400 2x, https:\/\/i0.wp.com\/larevistadigital.com.ar\/blog\/wp-content\/uploads\/2019\/02\/52789780_2310990982255107_3766035785665478656_o.jpg?fit=1200%2C801&ssl=1&resize=1050%2C600 3x"},"classes":[]},{"id":39792,"url":"https:\/\/larevistadigital.com.ar\/blog\/chascomus-se-conformo-la-mesa-barrial-san-cayetano\/","url_meta":{"origin":30503,"position":3},"title":"Chascom\u00fas: Se conform\u00f3 la Mesa Barrial San Cayetano","author":"Alejandro Sosa Ruda","date":"19 mayo, 2025","format":false,"excerpt":"Distintas instituciones y organizaciones junto al \u00e1rea de la Municipalidad de Chascom\u00fas conforman el nuevo espacio de di\u00e1logo. 19 de Mayo de 2025 CHASCOM\u00daS -\u00a0 \u00a0El pasado viernes se conform\u00f3 la mesa barrial del San Cayetano, al tiempo que tuvo lugar la primera reuni\u00f3n. Se trata de un espacio de\u2026","rel":"","context":"En \u00abCHASCOM\u00daS\u00bb","block_context":{"text":"CHASCOM\u00daS","link":"https:\/\/larevistadigital.com.ar\/blog\/category\/chascomus\/"},"img":{"alt_text":"","src":"https:\/\/i0.wp.com\/larevistadigital.com.ar\/blog\/wp-content\/uploads\/682b68e58ff73.png?fit=668%2C445&ssl=1&resize=350%2C200","width":350,"height":200,"srcset":"https:\/\/i0.wp.com\/larevistadigital.com.ar\/blog\/wp-content\/uploads\/682b68e58ff73.png?fit=668%2C445&ssl=1&resize=350%2C200 1x, https:\/\/i0.wp.com\/larevistadigital.com.ar\/blog\/wp-content\/uploads\/682b68e58ff73.png?fit=668%2C445&ssl=1&resize=525%2C300 1.5x"},"classes":[]},{"id":44154,"url":"https:\/\/larevistadigital.com.ar\/blog\/chascomus-la-municipalidad-abona-asignaciones-familiares-por-mas-de-85-millones-de-pesos-y-actualiza-los-montos-desde-marzo\/","url_meta":{"origin":30503,"position":4},"title":"Chascom\u00fas: La Municipalidad abona asignaciones familiares por m\u00e1s de 85 millones de pesos y actualiza los montos desde marzo","author":"Alejandro Sosa Ruda","date":"24 febrero, 2026","format":false,"excerpt":"El pago alcanza a asignaciones por hijo, hijo con discapacidad, matrimonio, nacimiento y adopci\u00f3n, e implica una fuerte inyecci\u00f3n de recursos en la econom\u00eda local 24 de febrero de 2026 CHASCOM\u00daS -\u00a0 \u00a0La Municipalidad realizar\u00e1 el pago de asignaciones familiares a trabajadores y trabajadoras municipales por un monto total que\u2026","rel":"","context":"En \u00abCHASCOM\u00daS\u00bb","block_context":{"text":"CHASCOM\u00daS","link":"https:\/\/larevistadigital.com.ar\/blog\/category\/chascomus\/"},"img":{"alt_text":"","src":"https:\/\/i0.wp.com\/larevistadigital.com.ar\/blog\/wp-content\/uploads\/699ddb402e29e.png?fit=668%2C445&ssl=1&resize=350%2C200","width":350,"height":200,"srcset":"https:\/\/i0.wp.com\/larevistadigital.com.ar\/blog\/wp-content\/uploads\/699ddb402e29e.png?fit=668%2C445&ssl=1&resize=350%2C200 1x, https:\/\/i0.wp.com\/larevistadigital.com.ar\/blog\/wp-content\/uploads\/699ddb402e29e.png?fit=668%2C445&ssl=1&resize=525%2C300 1.5x"},"classes":[]},{"id":40774,"url":"https:\/\/larevistadigital.com.ar\/blog\/chascomus-la-ciudad-se-prepara-para-los-21k\/","url_meta":{"origin":30503,"position":5},"title":"Chascom\u00fas: La ciudad se prepara para los 21k.","author":"Alejandro Sosa Ruda","date":"5 agosto, 2025","format":false,"excerpt":"El evento m\u00e1s importante del calendario de running abrir\u00e1 inscripciones en los pr\u00f3ximos d\u00edas. 05 de Agosto de 2025 CHASCOM\u00daS -\u00a0 El pr\u00f3ximo 14 de septiembre se realizar\u00e1 uno de los eventos m\u00e1s esperados del calendario de running propuesto por la Municipalidad de Chascom\u00fas. Desde el \u00e1rea de Deportes confirman\u2026","rel":"","context":"En \u00abSin categor\u00eda\u00bb","block_context":{"text":"Sin categor\u00eda","link":"https:\/\/larevistadigital.com.ar\/blog\/category\/sin-categoria\/"},"img":{"alt_text":"","src":"https:\/\/i0.wp.com\/larevistadigital.com.ar\/blog\/wp-content\/uploads\/68923aee4d760.png?fit=668%2C445&ssl=1&resize=350%2C200","width":350,"height":200,"srcset":"https:\/\/i0.wp.com\/larevistadigital.com.ar\/blog\/wp-content\/uploads\/68923aee4d760.png?fit=668%2C445&ssl=1&resize=350%2C200 1x, https:\/\/i0.wp.com\/larevistadigital.com.ar\/blog\/wp-content\/uploads\/68923aee4d760.png?fit=668%2C445&ssl=1&resize=525%2C300 1.5x"},"classes":[]}],"_links":{"self":[{"href":"https:\/\/larevistadigital.com.ar\/blog\/wp-json\/wp\/v2\/posts\/30503","targetHints":{"allow":["GET"]}}],"collection":[{"href":"https:\/\/larevistadigital.com.ar\/blog\/wp-json\/wp\/v2\/posts"}],"about":[{"href":"https:\/\/larevistadigital.com.ar\/blog\/wp-json\/wp\/v2\/types\/post"}],"author":[{"embeddable":true,"href":"https:\/\/larevistadigital.com.ar\/blog\/wp-json\/wp\/v2\/users\/3"}],"replies":[{"embeddable":true,"href":"https:\/\/larevistadigital.com.ar\/blog\/wp-json\/wp\/v2\/comments?post=30503"}],"version-history":[{"count":5,"href":"https:\/\/larevistadigital.com.ar\/blog\/wp-json\/wp\/v2\/posts\/30503\/revisions"}],"predecessor-version":[{"id":30511,"href":"https:\/\/larevistadigital.com.ar\/blog\/wp-json\/wp\/v2\/posts\/30503\/revisions\/30511"}],"wp:featuredmedia":[{"embeddable":true,"href":"https:\/\/larevistadigital.com.ar\/blog\/wp-json\/wp\/v2\/media\/30504"}],"wp:attachment":[{"href":"https:\/\/larevistadigital.com.ar\/blog\/wp-json\/wp\/v2\/media?parent=30503"}],"wp:term":[{"taxonomy":"category","embeddable":true,"href":"https:\/\/larevistadigital.com.ar\/blog\/wp-json\/wp\/v2\/categories?post=30503"},{"taxonomy":"post_tag","embeddable":true,"href":"https:\/\/larevistadigital.com.ar\/blog\/wp-json\/wp\/v2\/tags?post=30503"}],"curies":[{"name":"wp","href":"https:\/\/api.w.org\/{rel}","templated":true}]}}