{"id":30512,"date":"2023-03-10T01:42:08","date_gmt":"2023-03-10T01:42:08","guid":{"rendered":"https:\/\/larevistadigital.com.ar\/blog\/?p=30512"},"modified":"2023-03-10T01:42:08","modified_gmt":"2023-03-10T01:42:08","slug":"chascomus-operativo-y-detencion-de-dos-sujetos","status":"publish","type":"post","link":"https:\/\/larevistadigital.com.ar\/blog\/chascomus-operativo-y-detencion-de-dos-sujetos\/","title":{"rendered":"CHASCOM\u00daS: OPERATIVO Y DETENCI\u00d3N DE DOS SUJETOS"},"content":{"rendered":"<h2>Pese a realizar sendos allanamientos que no arrojaron resultados, al haber una orden de detenci\u00f3n, la polic\u00eda logr\u00f3 ubicarlos y detenerlos.<\/h2>\n<p>9 de marzo de 2023<\/p>\n<p><strong>CHASCOM\u00daS &#8211;<\/strong>\u00a0 A ra\u00edz de las investigaciones respecto de un hecho que fue caratulado como <strong>\u00abRobo Agravado por ser en poblado y en banda, con el uso de arma de fuego y con el uso de arma blanca\u00bb<\/strong>, el Juzgado de Garant\u00edas n\u00b0 5 a cargo del Dr. <strong>Cristian Gasquet<\/strong>, dispuso orden de Allanamiento, Registro, Secuestro y Detenci\u00f3n para los individuos sindicados como responsables del hecho.<\/p>\n<blockquote>\n<h3>En los allanamientos realizados, domicilio de los imputados el resultado fue negativo, ya que no se encontraron elementos que los comprometan en la causa. Pese a esto, la fiscal, Dra. Daniela Bertoletti orden\u00f3 que se lleve a cabo la detenci\u00f3n de los acusados, hecho que se cumpliment\u00f3 en un gimnasio ubicado en calle Garay tomando las medidas de seguridad necesarias.<\/h3>\n<\/blockquote>\n<p>Fue as\u00ed, como se detuvo a <strong>Nicolas Gerardo Mateyka<\/strong> (42) quien dado al factor sorpresa de los agentes del orden, no tuvo posibilidad alguna de fugarse.<\/p>\n<p><img data-recalc-dims=\"1\" loading=\"lazy\" decoding=\"async\" class=\"size-full wp-image-30513 aligncenter\" src=\"https:\/\/i0.wp.com\/larevistadigital.com.ar\/blog\/wp-content\/uploads\/WhatsApp-Image-2023-03-09-at-19.53.40.jpeg?resize=748%2C1025&#038;ssl=1\" alt=\"\" width=\"748\" height=\"1025\" srcset=\"https:\/\/i0.wp.com\/larevistadigital.com.ar\/blog\/wp-content\/uploads\/WhatsApp-Image-2023-03-09-at-19.53.40.jpeg?w=748&amp;ssl=1 748w, https:\/\/i0.wp.com\/larevistadigital.com.ar\/blog\/wp-content\/uploads\/WhatsApp-Image-2023-03-09-at-19.53.40.jpeg?resize=219%2C300&amp;ssl=1 219w\" sizes=\"auto, (max-width: 748px) 100vw, 748px\" \/><\/p>\n<p>Minutos despu\u00e9s, la polic\u00eda realiz\u00f3 una recorrida por calle Garay a la altura de Calle Gral Paz, logr\u00f3 divisar al otro buscado, <strong>Guti\u00e9rrez Jos\u00e9 Eduardo<\/strong> (22) quien de manera inmediata al ver la presencia policial emprende fuga, haciendo caso omiso a la voz de <strong>ALTO<\/strong> y continuando su hu\u00edda por diversos fondos de viviendas del lugar, como tambi\u00e9n por un monte y descampado que exite en la zona, lo que oblig\u00f3 a la polic\u00eda a generar un operativo cerrojo en la zona a fin de lograr al detenci\u00f3n del mismo, alertado todo por Emergencias 911.<\/p>\n<p><img data-recalc-dims=\"1\" loading=\"lazy\" decoding=\"async\" class=\"size-full wp-image-30514 aligncenter\" src=\"https:\/\/i0.wp.com\/larevistadigital.com.ar\/blog\/wp-content\/uploads\/WhatsApp-Image-2023-03-09-at-19.53.41.jpeg?resize=811%2C1112&#038;ssl=1\" alt=\"\" width=\"811\" height=\"1112\" srcset=\"https:\/\/i0.wp.com\/larevistadigital.com.ar\/blog\/wp-content\/uploads\/WhatsApp-Image-2023-03-09-at-19.53.41.jpeg?w=811&amp;ssl=1 811w, https:\/\/i0.wp.com\/larevistadigital.com.ar\/blog\/wp-content\/uploads\/WhatsApp-Image-2023-03-09-at-19.53.41.jpeg?resize=219%2C300&amp;ssl=1 219w, https:\/\/i0.wp.com\/larevistadigital.com.ar\/blog\/wp-content\/uploads\/WhatsApp-Image-2023-03-09-at-19.53.41.jpeg?resize=747%2C1024&amp;ssl=1 747w, https:\/\/i0.wp.com\/larevistadigital.com.ar\/blog\/wp-content\/uploads\/WhatsApp-Image-2023-03-09-at-19.53.41.jpeg?resize=768%2C1053&amp;ssl=1 768w\" sizes=\"auto, (max-width: 811px) 100vw, 811px\" \/><\/p>\n<p>Finalmente fue concretada la detenci\u00f3n luego de varios minutos y del amplio rastrillaje que se efectu\u00f3 en la zona descampada, quien fue rodeado por el gran accionar policial.<\/p>\n","protected":false},"excerpt":{"rendered":"<div class=\"mh-excerpt\"><p>Pese a realizar sendos allanamientos que no arrojaron resultados, al haber una orden de detenci\u00f3n, la polic\u00eda logr\u00f3 ubicarlos y detenerlos. 9 de marzo de 2023 CHASCOM\u00daS &#8211;\u00a0 A ra\u00edz de las investigaciones respecto de <a class=\"mh-excerpt-more\" href=\"https:\/\/larevistadigital.com.ar\/blog\/chascomus-operativo-y-detencion-de-dos-sujetos\/\" title=\"CHASCOM\u00daS: OPERATIVO Y DETENCI\u00d3N DE DOS SUJETOS\">[Leer M\u00e1s]<\/a><\/p>\n<\/div>","protected":false},"author":3,"featured_media":20770,"comment_status":"open","ping_status":"open","sticky":false,"template":"","format":"standard","meta":{"_jetpack_memberships_contains_paid_content":false,"footnotes":"","jetpack_publicize_message":"","jetpack_publicize_feature_enabled":true,"jetpack_social_post_already_shared":true,"jetpack_social_options":{"image_generator_settings":{"template":"highway","default_image_id":0,"font":"","enabled":false},"version":2}},"categories":[41,44],"tags":[],"class_list":{"0":"post-30512","1":"post","2":"type-post","3":"status-publish","4":"format-standard","5":"has-post-thumbnail","7":"category-destacadas","8":"category-policiales"},"jetpack_publicize_connections":[],"jetpack_featured_media_url":"https:\/\/i0.wp.com\/larevistadigital.com.ar\/blog\/wp-content\/uploads\/1620734311775.jpg?fit=1500%2C971&ssl=1","jetpack_sharing_enabled":true,"jetpack_shortlink":"https:\/\/wp.me\/p8qtrQ-7W8","jetpack-related-posts":[{"id":31548,"url":"https:\/\/larevistadigital.com.ar\/blog\/chascomus-se-confirma-la-participacion-y-se-libro-orden-de-detencion-al-responsable-de-distintos-hechos-delictivos\/","url_meta":{"origin":30512,"position":0},"title":"CHASCOM\u00daS: SE CONFIRMA LA PARTICIPACI\u00d3N Y SE LIBR\u00d3 ORDEN DE DETENCI\u00d3N AL RESPONSABLE DE DISTINTOS HECHOS DELICTIVOS.","author":"Alejandro Sosa Ruda","date":"15 mayo, 2023","format":false,"excerpt":"Se llega a la detenci\u00f3n luego de distintas pruebas, y se lo imputa de \"Robo Calificado\". 15 de Mayo de 2023 CHASCOM\u00daS -\u00a0 Finalmente se confirm\u00f3 y notific\u00f3 la detenci\u00f3n de Braian Ezequiel El\u00edas Al\u00ed, de 29 a\u00f1os de edad, imput\u00e1ndosele el delito de \"Robo calificado por escalamiento\". El detenido,\u2026","rel":"","context":"En \u00abINTERES GENERAL\u00bb","block_context":{"text":"INTERES GENERAL","link":"https:\/\/larevistadigital.com.ar\/blog\/category\/interes-general\/"},"img":{"alt_text":"","src":"https:\/\/i0.wp.com\/larevistadigital.com.ar\/blog\/wp-content\/uploads\/2017\/08\/GEO_COMISARIA_1_CHASCOMUS-e1705762962297.jpg?fit=1200%2C548&ssl=1&resize=350%2C200","width":350,"height":200,"srcset":"https:\/\/i0.wp.com\/larevistadigital.com.ar\/blog\/wp-content\/uploads\/2017\/08\/GEO_COMISARIA_1_CHASCOMUS-e1705762962297.jpg?fit=1200%2C548&ssl=1&resize=350%2C200 1x, https:\/\/i0.wp.com\/larevistadigital.com.ar\/blog\/wp-content\/uploads\/2017\/08\/GEO_COMISARIA_1_CHASCOMUS-e1705762962297.jpg?fit=1200%2C548&ssl=1&resize=525%2C300 1.5x, https:\/\/i0.wp.com\/larevistadigital.com.ar\/blog\/wp-content\/uploads\/2017\/08\/GEO_COMISARIA_1_CHASCOMUS-e1705762962297.jpg?fit=1200%2C548&ssl=1&resize=700%2C400 2x, https:\/\/i0.wp.com\/larevistadigital.com.ar\/blog\/wp-content\/uploads\/2017\/08\/GEO_COMISARIA_1_CHASCOMUS-e1705762962297.jpg?fit=1200%2C548&ssl=1&resize=1050%2C600 3x"},"classes":[]},{"id":27822,"url":"https:\/\/larevistadigital.com.ar\/blog\/chascomus-detienen-a-un-individuo-por-robo-agravado-por-el-uso-de-arma-de-fuego\/","url_meta":{"origin":30512,"position":1},"title":"CHASCOM\u00daS: DETIENEN A UN INDIVIDUO POR ROBO AGRAVADO POR EL USO DE ARMA DE FUEGO","author":"Alejandro Sosa Ruda","date":"17 septiembre, 2022","format":false,"excerpt":"CHASCOM\u00daS -\u00a0 Inform\u00f3 la Polic\u00eda Comunal, que durante la jornada de hoy se cumpliment\u00f3 una orden de allanamiento y detenci\u00f3n emanada del Juzgado de Garant\u00edas n\u00b0 5, en relaci\u00f3n a un hecho que fuera denunciado ante la UFI N\u00b0 9 de Chascom\u00fas. El mismo se llev\u00f3 a cabo en calles\u2026","rel":"","context":"En \u00abDESTACADAS\u00bb","block_context":{"text":"DESTACADAS","link":"https:\/\/larevistadigital.com.ar\/blog\/category\/destacadas\/"},"img":{"alt_text":"","src":"https:\/\/i0.wp.com\/larevistadigital.com.ar\/blog\/wp-content\/uploads\/WhatsApp-Image-2022-09-16-at-20.24.19.jpeg?fit=539%2C1200&ssl=1&resize=350%2C200","width":350,"height":200,"srcset":"https:\/\/i0.wp.com\/larevistadigital.com.ar\/blog\/wp-content\/uploads\/WhatsApp-Image-2022-09-16-at-20.24.19.jpeg?fit=539%2C1200&ssl=1&resize=350%2C200 1x, https:\/\/i0.wp.com\/larevistadigital.com.ar\/blog\/wp-content\/uploads\/WhatsApp-Image-2022-09-16-at-20.24.19.jpeg?fit=539%2C1200&ssl=1&resize=525%2C300 1.5x"},"classes":[]},{"id":32394,"url":"https:\/\/larevistadigital.com.ar\/blog\/chascomus-la-policia-cumplio-con-la-orden-de-detencion-de-un-sujeto-en-calle-brasil\/","url_meta":{"origin":30512,"position":2},"title":"CHASCOM\u00daS: LA POLIC\u00cdA CUMPLI\u00d3 CON LA ORDEN DE DETENCI\u00d3N DE UN SUJETO EN CALLE BRASIL","author":"Alejandro Sosa Ruda","date":"13 julio, 2023","format":false,"excerpt":"El detenido est\u00e1 acusado de cuatro hechos de violencia, y se encuentra alojado en la Estaci\u00f3n de Polic\u00eda Comunal \"Chascom\u00fas 1ra.\" 13 de julio de 2023 CHASCOM\u00daS -\u00a0 Inform\u00f3 la Polic\u00eda Comunal que en el d\u00eda de la fecha se recibi\u00f3 orden de allanamiento para un domicilio de calle Brasil\u2026","rel":"","context":"En \u00abINTERES GENERAL\u00bb","block_context":{"text":"INTERES GENERAL","link":"https:\/\/larevistadigital.com.ar\/blog\/category\/interes-general\/"},"img":{"alt_text":"","src":"https:\/\/i0.wp.com\/larevistadigital.com.ar\/blog\/wp-content\/uploads\/policia-5-e1689287159832.jpg?fit=700%2C719&ssl=1&resize=350%2C200","width":350,"height":200,"srcset":"https:\/\/i0.wp.com\/larevistadigital.com.ar\/blog\/wp-content\/uploads\/policia-5-e1689287159832.jpg?fit=700%2C719&ssl=1&resize=350%2C200 1x, https:\/\/i0.wp.com\/larevistadigital.com.ar\/blog\/wp-content\/uploads\/policia-5-e1689287159832.jpg?fit=700%2C719&ssl=1&resize=525%2C300 1.5x, https:\/\/i0.wp.com\/larevistadigital.com.ar\/blog\/wp-content\/uploads\/policia-5-e1689287159832.jpg?fit=700%2C719&ssl=1&resize=700%2C400 2x"},"classes":[]},{"id":15742,"url":"https:\/\/larevistadigital.com.ar\/blog\/allanamientos-y-detencion-en-chascomus-por-la-policia-federal\/","url_meta":{"origin":30512,"position":3},"title":"ALLANAMIENTOS Y DETENCI\u00d3N EN CHASCOM\u00daS POR LA POLIC\u00cdA FEDERAL","author":"Alejandro Sosa Ruda","date":"22 junio, 2020","format":false,"excerpt":"El d\u00eda s\u00e1bado por la ma\u00f1ana, efectivos de la Subdelegaci\u00f3n Chascom\u00fas de la Polic\u00eda Federal Argentina, procedieron a la detenci\u00f3n de dos sujetos mayores de edad, oriundos nuestra ciudad, quienes circulaban a bordo de un veh\u00edculo particular Chevrolet Prisma, transportando gran cantidad de clorhidrato de coca\u00edna, picadura de marihuana y\u2026","rel":"","context":"En \u00abINTERES GENERAL\u00bb","block_context":{"text":"INTERES GENERAL","link":"https:\/\/larevistadigital.com.ar\/blog\/category\/interes-general\/"},"img":{"alt_text":"","src":"https:\/\/i0.wp.com\/larevistadigital.com.ar\/blog\/wp-content\/uploads\/a-12.png?fit=737%2C415&ssl=1&resize=350%2C200","width":350,"height":200,"srcset":"https:\/\/i0.wp.com\/larevistadigital.com.ar\/blog\/wp-content\/uploads\/a-12.png?fit=737%2C415&ssl=1&resize=350%2C200 1x, https:\/\/i0.wp.com\/larevistadigital.com.ar\/blog\/wp-content\/uploads\/a-12.png?fit=737%2C415&ssl=1&resize=525%2C300 1.5x, https:\/\/i0.wp.com\/larevistadigital.com.ar\/blog\/wp-content\/uploads\/a-12.png?fit=737%2C415&ssl=1&resize=700%2C400 2x"},"classes":[]},{"id":14749,"url":"https:\/\/larevistadigital.com.ar\/blog\/chascomus-allanamiento-secuestro-y-detencion-de-una-mujer\/","url_meta":{"origin":30512,"position":4},"title":"CHASCOM\u00daS: ALLANAMIENTO, SECUESTRO Y DETENCI\u00d3N DE UNA MUJER","author":"Alejandro Sosa Ruda","date":"12 febrero, 2020","format":false,"excerpt":"Desde el chat de prensa de la Jefatura Distrital, nos hacen llegar un informe que a continuaci\u00f3n reproducimos: Durante el d\u00eda de ayer,\u00a0 personal de la Comisaria de Chascom\u00fas dio cumplimiento a ORDEN DE ALLANAMIENTO Y SECUESTRO en el domicilio de calle Chubut N\u00ba 833 de Chascom\u00fas, donde procedieron al\u2026","rel":"","context":"En \u00abINTERES GENERAL\u00bb","block_context":{"text":"INTERES GENERAL","link":"https:\/\/larevistadigital.com.ar\/blog\/category\/interes-general\/"},"img":{"alt_text":"","src":"https:\/\/i0.wp.com\/larevistadigital.com.ar\/blog\/wp-content\/uploads\/2017\/08\/comisaria.jpg?fit=640%2C324&ssl=1&resize=350%2C200","width":350,"height":200,"srcset":"https:\/\/i0.wp.com\/larevistadigital.com.ar\/blog\/wp-content\/uploads\/2017\/08\/comisaria.jpg?fit=640%2C324&ssl=1&resize=350%2C200 1x, https:\/\/i0.wp.com\/larevistadigital.com.ar\/blog\/wp-content\/uploads\/2017\/08\/comisaria.jpg?fit=640%2C324&ssl=1&resize=525%2C300 1.5x"},"classes":[]},{"id":30931,"url":"https:\/\/larevistadigital.com.ar\/blog\/chascomus-la-policia-comunal-logro-detener-a-un-individuo-buscado-desde-febrero\/","url_meta":{"origin":30512,"position":5},"title":"CHASCOM\u00daS: LA POLIC\u00cdA COMUNAL LOGR\u00d3 DETENER A UN INDIVIDUO BUSCADO DESDE FEBRERO","author":"Alejandro Sosa Ruda","date":"6 abril, 2023","format":false,"excerpt":"Hab\u00eda cometido un delito en febrero y pesaba sobre el un pedido de detenci\u00f3n. 6 de abril de 2023 CHASCOM\u00daS -\u00a0\u00a0Aproximadamente a las 18 horas, la polic\u00eda logr\u00f3 detener a un individuo que se encontraba en calidad de pr\u00f3fugo y con pedido de detenci\u00f3n por un hecho caratulado como ROBO\u2026","rel":"","context":"En \u00abINTERES GENERAL\u00bb","block_context":{"text":"INTERES GENERAL","link":"https:\/\/larevistadigital.com.ar\/blog\/category\/interes-general\/"},"img":{"alt_text":"","src":"https:\/\/i0.wp.com\/larevistadigital.com.ar\/blog\/wp-content\/uploads\/WhatsApp-Image-2023-04-06-at-18.23.32-e1680818315129.jpeg?fit=818%2C656&ssl=1&resize=350%2C200","width":350,"height":200,"srcset":"https:\/\/i0.wp.com\/larevistadigital.com.ar\/blog\/wp-content\/uploads\/WhatsApp-Image-2023-04-06-at-18.23.32-e1680818315129.jpeg?fit=818%2C656&ssl=1&resize=350%2C200 1x, https:\/\/i0.wp.com\/larevistadigital.com.ar\/blog\/wp-content\/uploads\/WhatsApp-Image-2023-04-06-at-18.23.32-e1680818315129.jpeg?fit=818%2C656&ssl=1&resize=525%2C300 1.5x, https:\/\/i0.wp.com\/larevistadigital.com.ar\/blog\/wp-content\/uploads\/WhatsApp-Image-2023-04-06-at-18.23.32-e1680818315129.jpeg?fit=818%2C656&ssl=1&resize=700%2C400 2x"},"classes":[]}],"_links":{"self":[{"href":"https:\/\/larevistadigital.com.ar\/blog\/wp-json\/wp\/v2\/posts\/30512","targetHints":{"allow":["GET"]}}],"collection":[{"href":"https:\/\/larevistadigital.com.ar\/blog\/wp-json\/wp\/v2\/posts"}],"about":[{"href":"https:\/\/larevistadigital.com.ar\/blog\/wp-json\/wp\/v2\/types\/post"}],"author":[{"embeddable":true,"href":"https:\/\/larevistadigital.com.ar\/blog\/wp-json\/wp\/v2\/users\/3"}],"replies":[{"embeddable":true,"href":"https:\/\/larevistadigital.com.ar\/blog\/wp-json\/wp\/v2\/comments?post=30512"}],"version-history":[{"count":1,"href":"https:\/\/larevistadigital.com.ar\/blog\/wp-json\/wp\/v2\/posts\/30512\/revisions"}],"predecessor-version":[{"id":30515,"href":"https:\/\/larevistadigital.com.ar\/blog\/wp-json\/wp\/v2\/posts\/30512\/revisions\/30515"}],"wp:featuredmedia":[{"embeddable":true,"href":"https:\/\/larevistadigital.com.ar\/blog\/wp-json\/wp\/v2\/media\/20770"}],"wp:attachment":[{"href":"https:\/\/larevistadigital.com.ar\/blog\/wp-json\/wp\/v2\/media?parent=30512"}],"wp:term":[{"taxonomy":"category","embeddable":true,"href":"https:\/\/larevistadigital.com.ar\/blog\/wp-json\/wp\/v2\/categories?post=30512"},{"taxonomy":"post_tag","embeddable":true,"href":"https:\/\/larevistadigital.com.ar\/blog\/wp-json\/wp\/v2\/tags?post=30512"}],"curies":[{"name":"wp","href":"https:\/\/api.w.org\/{rel}","templated":true}]}}