{"id":30516,"date":"2023-03-10T15:55:22","date_gmt":"2023-03-10T15:55:22","guid":{"rendered":"https:\/\/larevistadigital.com.ar\/blog\/?p=30516"},"modified":"2023-03-10T15:55:22","modified_gmt":"2023-03-10T15:55:22","slug":"chascomus-santiago-dos-santos-hablo-de-lo-que-planifica-para-el-hospital-municipal-san-vicente-de-paul","status":"publish","type":"post","link":"https:\/\/larevistadigital.com.ar\/blog\/chascomus-santiago-dos-santos-hablo-de-lo-que-planifica-para-el-hospital-municipal-san-vicente-de-paul\/","title":{"rendered":"CHASCOM\u00daS: SANTIAGO DOS SANTOS HABL\u00d3 DE LO QUE PLANIFICA PARA EL HOSPITAL MUNICIPAL SAN VICENTE DE PAUL"},"content":{"rendered":"<h2>EL cirujano y pre candidato a intendente de Chascom\u00fas, dijo que <em><b>\u201cVamos a hacia un hospital de excelencia, a recuperar los profesionales que fueron forzados a emigrar, y a desarrollar con seriedad el \u00e1rea de salud mental\u201d<\/b><\/em><\/h2>\n<p>10 de marzo de 2023<\/p>\n<p><strong>CHASCOM\u00daS &#8211;\u00a0 <\/strong>El prestigioso m\u00e9dico cirujano <strong>Santiago Dos Santos<\/strong>, y dirigente de <strong>\u00abJUNTOS\u00bb<\/strong> encabez\u00f3 ayer jueves un encuentro junto a su equipo de salud y m\u00e1s de 40 trabajadores del sector sanitario de nuestra ciudad.<\/p>\n<blockquote>\n<h3>En la reuni\u00f3n se discutieron 5 ejes: gesti\u00f3n del recurso humano, descentralizaci\u00f3n hospitalaria, articulaci\u00f3n con el sector privado, regionalizaci\u00f3n de la salud, y salud mental.<\/h3>\n<\/blockquote>\n<p>Participaron adem\u00e1s, en el panel de regionalizaci\u00f3n de la salud, los secretarios de esa \u00e1rea del municipio de Gral Belgrano, <strong>Facundo Arg\u00fcello<\/strong>, de Brandsen, <strong>Alberto Urban<\/strong>, el Secretario de Gobierno de Lezama, <strong>Hernan Allen<\/strong>, y Presidente del circulo medico local, <strong>Pablo Iturregui.<\/strong><\/p>\n<p>El Dr <strong>Dos Santos<\/strong> finaliz\u00f3 el encuentro con un diagn\u00f3stico pormenorizado de las dificultades que tiene el sistema sanitaron de Chascom\u00fas y concluy\u00f3: <em><strong>\u201cseguimos desarrollando ideas para las soluciones que Chascom\u00fas necesita, armando equipos de trabajo en todas las \u00e1reas prioritarias para que nuestra ciudad se desarrolle bien\u201d<\/strong><\/em>.<\/p>\n","protected":false},"excerpt":{"rendered":"<div class=\"mh-excerpt\"><p>EL cirujano y pre candidato a intendente de Chascom\u00fas, dijo que \u201cVamos a hacia un hospital de excelencia, a recuperar los profesionales que fueron forzados a emigrar, y a desarrollar con seriedad el \u00e1rea de <a class=\"mh-excerpt-more\" href=\"https:\/\/larevistadigital.com.ar\/blog\/chascomus-santiago-dos-santos-hablo-de-lo-que-planifica-para-el-hospital-municipal-san-vicente-de-paul\/\" title=\"CHASCOM\u00daS: SANTIAGO DOS SANTOS HABL\u00d3 DE LO QUE PLANIFICA PARA EL HOSPITAL MUNICIPAL SAN VICENTE DE PAUL\">[Leer M\u00e1s]<\/a><\/p>\n<\/div>","protected":false},"author":3,"featured_media":30517,"comment_status":"open","ping_status":"open","sticky":false,"template":"","format":"standard","meta":{"_jetpack_memberships_contains_paid_content":false,"footnotes":"","jetpack_publicize_message":"","jetpack_publicize_feature_enabled":true,"jetpack_social_post_already_shared":true,"jetpack_social_options":{"image_generator_settings":{"template":"highway","default_image_id":0,"font":"","enabled":false},"version":2}},"categories":[50,23],"tags":[],"class_list":{"0":"post-30516","1":"post","2":"type-post","3":"status-publish","4":"format-standard","5":"has-post-thumbnail","7":"category-interes-general","8":"category-politica-local"},"jetpack_publicize_connections":[],"jetpack_featured_media_url":"https:\/\/i0.wp.com\/larevistadigital.com.ar\/blog\/wp-content\/uploads\/Sds-1.jpg?fit=1254%2C939&ssl=1","jetpack_sharing_enabled":true,"jetpack_shortlink":"https:\/\/wp.me\/p8qtrQ-7Wc","jetpack-related-posts":[{"id":34620,"url":"https:\/\/larevistadigital.com.ar\/blog\/hospital-sin-anestesista-grave-denuncia-del-doctor-santiago-dos-santos\/","url_meta":{"origin":30516,"position":0},"title":"\u00bfHOSPITAL SIN ANESTESISTA?: GRAVE DENUNCIA DEL DOCTOR SANTIAGO DOS SANTOS","author":"Alejandro Sosa Ruda","date":"25 noviembre, 2023","format":false,"excerpt":"El cirujano y ex candidato a intendente de Cambiemos, hizo una publicaci\u00f3n en su perfil de Facebook, denunciando una dif\u00edcil e inaceptable situaci\u00f3n en el Hospital Municipal San Vicente de Paul. 25 de Noviembre de 2023 CHASCOM\u00daS -\u00a0 \u00a0El m\u00e9dico cirujano Santiago Dos Santos, hizo publica una denuncia a trav\u00e9s\u2026","rel":"","context":"En \u00abCHASCOM\u00daS\u00bb","block_context":{"text":"CHASCOM\u00daS","link":"https:\/\/larevistadigital.com.ar\/blog\/category\/chascomus\/"},"img":{"alt_text":"","src":"https:\/\/i0.wp.com\/larevistadigital.com.ar\/blog\/wp-content\/uploads\/Captura-de-pantalla-2023-11-25-132236.png?fit=615%2C280&ssl=1&resize=350%2C200","width":350,"height":200,"srcset":"https:\/\/i0.wp.com\/larevistadigital.com.ar\/blog\/wp-content\/uploads\/Captura-de-pantalla-2023-11-25-132236.png?fit=615%2C280&ssl=1&resize=350%2C200 1x, https:\/\/i0.wp.com\/larevistadigital.com.ar\/blog\/wp-content\/uploads\/Captura-de-pantalla-2023-11-25-132236.png?fit=615%2C280&ssl=1&resize=525%2C300 1.5x"},"classes":[]},{"id":3544,"url":"https:\/\/larevistadigital.com.ar\/blog\/chascomus-decidio-renunciar-al-hospital-medico-cirujano-santiago-dos-santos\/","url_meta":{"origin":30516,"position":1},"title":"CHASCOM\u00daS: DECIDI\u00d3 RENUNCIAR AL HOSPITAL EL M\u00c9DICO CIRUJANO SANTIAGO DOS SANTOS","author":"Alejandro Sosa Ruda","date":"20 octubre, 2017","format":false,"excerpt":"POR COMO FUE TRATADO, Y AL CONSIDERAR QUE LA SECRETARIA DE SALUD TIENE UN PROBLEMA PERSONAL CON EL, CONFIRM\u00d3 QUE HAR\u00c1 EFECTIVA SU RENUNCIA EL PR\u00d3XIMO LUNES. Nuevamente \u201cArias lo hizo\u201d.\u00a0 Lamentablemente, el prestigioso m\u00e9dico cirujano, doctor Santiago Dos Santos, le confirm\u00f3 a La Revista Digital que estaba redactando su\u2026","rel":"","context":"En \u00abDESTACADAS\u00bb","block_context":{"text":"DESTACADAS","link":"https:\/\/larevistadigital.com.ar\/blog\/category\/destacadas\/"},"img":{"alt_text":"","src":"https:\/\/i0.wp.com\/larevistadigital.com.ar\/blog\/wp-content\/uploads\/2017\/07\/19601412_10213452250083944_4973836600266300277_n.jpg?fit=960%2C960&ssl=1&resize=350%2C200","width":350,"height":200,"srcset":"https:\/\/i0.wp.com\/larevistadigital.com.ar\/blog\/wp-content\/uploads\/2017\/07\/19601412_10213452250083944_4973836600266300277_n.jpg?fit=960%2C960&ssl=1&resize=350%2C200 1x, https:\/\/i0.wp.com\/larevistadigital.com.ar\/blog\/wp-content\/uploads\/2017\/07\/19601412_10213452250083944_4973836600266300277_n.jpg?fit=960%2C960&ssl=1&resize=525%2C300 1.5x, https:\/\/i0.wp.com\/larevistadigital.com.ar\/blog\/wp-content\/uploads\/2017\/07\/19601412_10213452250083944_4973836600266300277_n.jpg?fit=960%2C960&ssl=1&resize=700%2C400 2x"},"classes":[]},{"id":3595,"url":"https:\/\/larevistadigital.com.ar\/blog\/chascomus-vecinos-autoconvocados-promueven-marcha-al-concejo-deliberante\/","url_meta":{"origin":30516,"position":2},"title":"CHASCOM\u00daS: VECINOS AUTOCONVOCADOS PROMUEVEN MARCHA AL CONCEJO DELIBERANTE","author":"Alejandro Sosa Ruda","date":"24 octubre, 2017","format":false,"excerpt":"En el d\u00eda de hoy, comenz\u00f3 a circular por las redes sociales y los grupos de whats app, una convocatoria a una marcha para el d\u00eda jueves a las 16,30 horas al Concejo Deliberante, ubicado en calle Mitre entre Lastra y Cr\u00e1mer. La consigna se trata de que la sociedad\u2026","rel":"","context":"En \u00abDESTACADAS\u00bb","block_context":{"text":"DESTACADAS","link":"https:\/\/larevistadigital.com.ar\/blog\/category\/destacadas\/"},"img":{"alt_text":"","src":"","width":0,"height":0},"classes":[]},{"id":6246,"url":"https:\/\/larevistadigital.com.ar\/blog\/chascomus-sancionan-a-la-secretaria-de-salud-dra-arias\/","url_meta":{"origin":30516,"position":3},"title":"CHASCOM\u00daS: SANCIONAN A LA SECRETARIA DE SALUD DRA. ARIAS","author":"Alejandro Sosa Ruda","date":"16 agosto, 2018","format":false,"excerpt":"La Revista Digital tuvo en exclusiva acceso a un fallo del Colegio de M\u00e9dicos del IX Distrito, en relaci\u00f3n a la denuncia \u201cDra. ARIAS, Mar\u00eda Esther s\/Presunta infracci\u00f3n a las normas de \u00e9tica profesional\u201d. El fallo, es a ra\u00edz de una denuncia que el m\u00e9dico cirujano Santiago Dos Santos hab\u00eda\u2026","rel":"","context":"En \u00abDESTACADAS\u00bb","block_context":{"text":"DESTACADAS","link":"https:\/\/larevistadigital.com.ar\/blog\/category\/destacadas\/"},"img":{"alt_text":"","src":"https:\/\/i0.wp.com\/larevistadigital.com.ar\/blog\/wp-content\/uploads\/2018\/08\/enfermera-silencio-1.jpg?fit=1200%2C675&ssl=1&resize=350%2C200","width":350,"height":200,"srcset":"https:\/\/i0.wp.com\/larevistadigital.com.ar\/blog\/wp-content\/uploads\/2018\/08\/enfermera-silencio-1.jpg?fit=1200%2C675&ssl=1&resize=350%2C200 1x, https:\/\/i0.wp.com\/larevistadigital.com.ar\/blog\/wp-content\/uploads\/2018\/08\/enfermera-silencio-1.jpg?fit=1200%2C675&ssl=1&resize=525%2C300 1.5x, https:\/\/i0.wp.com\/larevistadigital.com.ar\/blog\/wp-content\/uploads\/2018\/08\/enfermera-silencio-1.jpg?fit=1200%2C675&ssl=1&resize=700%2C400 2x, https:\/\/i0.wp.com\/larevistadigital.com.ar\/blog\/wp-content\/uploads\/2018\/08\/enfermera-silencio-1.jpg?fit=1200%2C675&ssl=1&resize=1050%2C600 3x"},"classes":[]},{"id":3592,"url":"https:\/\/larevistadigital.com.ar\/blog\/ultimo-momento-doctor-santiago-dos-santos-presento-renuncia-al-hospital-municipal\/","url_meta":{"origin":30516,"position":4},"title":"ULTIMO MOMENTO: EL DOCTOR SANTIAGO DOS SANTOS PRESENT\u00d3 SU RENUNCIA AL HOSPITAL MUNICIPAL","author":"Alejandro Sosa Ruda","date":"23 octubre, 2017","format":false,"excerpt":"Tal como lo hab\u00edamos adelantado en una primicia exclusiva de La Revista Digital el d\u00eda viernes pasado, el m\u00e9dico cirujano Santiago Dos Santos present\u00f3 un escrito el d\u00eda de hoy a las 8:30 de la ma\u00f1ana en mesa de entrada del Hospital Municipal San Vicente de Paul, y en la\u2026","rel":"","context":"En \u00abDESTACADAS\u00bb","block_context":{"text":"DESTACADAS","link":"https:\/\/larevistadigital.com.ar\/blog\/category\/destacadas\/"},"img":{"alt_text":"","src":"https:\/\/i0.wp.com\/larevistadigital.com.ar\/blog\/wp-content\/uploads\/2017\/07\/19601412_10213452250083944_4973836600266300277_n.jpg?fit=960%2C960&ssl=1&resize=350%2C200","width":350,"height":200,"srcset":"https:\/\/i0.wp.com\/larevistadigital.com.ar\/blog\/wp-content\/uploads\/2017\/07\/19601412_10213452250083944_4973836600266300277_n.jpg?fit=960%2C960&ssl=1&resize=350%2C200 1x, https:\/\/i0.wp.com\/larevistadigital.com.ar\/blog\/wp-content\/uploads\/2017\/07\/19601412_10213452250083944_4973836600266300277_n.jpg?fit=960%2C960&ssl=1&resize=525%2C300 1.5x, https:\/\/i0.wp.com\/larevistadigital.com.ar\/blog\/wp-content\/uploads\/2017\/07\/19601412_10213452250083944_4973836600266300277_n.jpg?fit=960%2C960&ssl=1&resize=700%2C400 2x"},"classes":[]},{"id":14229,"url":"https:\/\/larevistadigital.com.ar\/blog\/el-doctor-dos-santos-asumio-como-director-del-hospital-de-ranchos\/","url_meta":{"origin":30516,"position":5},"title":"EL DOCTOR DOS SANTOS ASUMI\u00d3 COMO DIRECTOR DEL HOSPITAL DE RANCHOS","author":"Alejandro Sosa Ruda","date":"16 enero, 2020","format":false,"excerpt":"Como lo anticipamos ayer, el m\u00e9dico cirujano Santiago Dos Santos, asumi\u00f3 el rol de Director del Hospital \"Campomar\" de Ranchos, designado por el intendente Juan Manuel \u00c1lvarez. Dos Santos se desempe\u00f1a como m\u00e9dico en Ranchos desde tiempo atr\u00e1s. Adem\u00e1s, cuenta en su curr\u00edculum con la condici\u00f3n de m\u00e9dico cirujano durante\u2026","rel":"","context":"En \u00abRANCHOS\u00bb","block_context":{"text":"RANCHOS","link":"https:\/\/larevistadigital.com.ar\/blog\/category\/ranchos\/"},"img":{"alt_text":"","src":"https:\/\/i0.wp.com\/larevistadigital.com.ar\/blog\/wp-content\/uploads\/hospi.jpg?fit=937%2C527&ssl=1&resize=350%2C200","width":350,"height":200,"srcset":"https:\/\/i0.wp.com\/larevistadigital.com.ar\/blog\/wp-content\/uploads\/hospi.jpg?fit=937%2C527&ssl=1&resize=350%2C200 1x, https:\/\/i0.wp.com\/larevistadigital.com.ar\/blog\/wp-content\/uploads\/hospi.jpg?fit=937%2C527&ssl=1&resize=525%2C300 1.5x, https:\/\/i0.wp.com\/larevistadigital.com.ar\/blog\/wp-content\/uploads\/hospi.jpg?fit=937%2C527&ssl=1&resize=700%2C400 2x"},"classes":[]}],"_links":{"self":[{"href":"https:\/\/larevistadigital.com.ar\/blog\/wp-json\/wp\/v2\/posts\/30516","targetHints":{"allow":["GET"]}}],"collection":[{"href":"https:\/\/larevistadigital.com.ar\/blog\/wp-json\/wp\/v2\/posts"}],"about":[{"href":"https:\/\/larevistadigital.com.ar\/blog\/wp-json\/wp\/v2\/types\/post"}],"author":[{"embeddable":true,"href":"https:\/\/larevistadigital.com.ar\/blog\/wp-json\/wp\/v2\/users\/3"}],"replies":[{"embeddable":true,"href":"https:\/\/larevistadigital.com.ar\/blog\/wp-json\/wp\/v2\/comments?post=30516"}],"version-history":[{"count":1,"href":"https:\/\/larevistadigital.com.ar\/blog\/wp-json\/wp\/v2\/posts\/30516\/revisions"}],"predecessor-version":[{"id":30518,"href":"https:\/\/larevistadigital.com.ar\/blog\/wp-json\/wp\/v2\/posts\/30516\/revisions\/30518"}],"wp:featuredmedia":[{"embeddable":true,"href":"https:\/\/larevistadigital.com.ar\/blog\/wp-json\/wp\/v2\/media\/30517"}],"wp:attachment":[{"href":"https:\/\/larevistadigital.com.ar\/blog\/wp-json\/wp\/v2\/media?parent=30516"}],"wp:term":[{"taxonomy":"category","embeddable":true,"href":"https:\/\/larevistadigital.com.ar\/blog\/wp-json\/wp\/v2\/categories?post=30516"},{"taxonomy":"post_tag","embeddable":true,"href":"https:\/\/larevistadigital.com.ar\/blog\/wp-json\/wp\/v2\/tags?post=30516"}],"curies":[{"name":"wp","href":"https:\/\/api.w.org\/{rel}","templated":true}]}}