{"id":30519,"date":"2023-03-10T16:02:28","date_gmt":"2023-03-10T16:02:28","guid":{"rendered":"https:\/\/larevistadigital.com.ar\/blog\/?p=30519"},"modified":"2023-03-10T16:02:28","modified_gmt":"2023-03-10T16:02:28","slug":"bolivar-se-corto-la-luz-durante-12-horas-y-los-vecinos-explotaron-de-bronca","status":"publish","type":"post","link":"https:\/\/larevistadigital.com.ar\/blog\/bolivar-se-corto-la-luz-durante-12-horas-y-los-vecinos-explotaron-de-bronca\/","title":{"rendered":"BOLIVAR: SE CORT\u00d3 LA LUZ DURANTE 12 HORAS Y LOS VECINOS EXPLOTARON DE BRONCA"},"content":{"rendered":"<h2 class=\"fparrafo ctext fz18 lh25\">M\u00e1s de 300 personas se movilizaron a la puerta de la Cooperativa El\u00e9ctrica para exigir una respuesta por parte del intendente. Hubo un trabajador agredido y pidieron por la intervenci\u00f3n de la empresa prestadora del servicio.<\/h2>\n<p>10 de marzo de 2023<\/p>\n<p class=\"selectionShareable\"><strong>BOLIVAR &#8211; <\/strong>\u00a0Cientos de vecinos de Bol\u00edvar destrozaron la cooperativa el\u00e9ctrica de la ciudad, en medio de una protesta por los continuos cortes de luz. Los manifestantes arrojaron huevos y botellas de vidrio.<\/p>\n<blockquote>\n<h3 class=\"selectionShareable\">Durante la manifestaci\u00f3n, el vicepresidente del Consejo de Administraci\u00f3n, Jorge Campos, abri\u00f3 las puertas de la cooperativa para hablar con los manifestantes. Pero su decisi\u00f3n elev\u00f3 la tensi\u00f3n y pasaron de las agresiones verbales a las f\u00edsicas.<\/h3>\n<\/blockquote>\n<p class=\"selectionShareable\">Luego, los vecinos ingresaron a la sede central y provocaron destrozos dentro del edificio. El lugar qued\u00f3 repleto de papeles administrativos en el suelo, se encontraron piedras que hab\u00edan sido arrojadas minutos previos y tambi\u00e9n tiraron abajo algunas de las paredes de los box en los que atienden los empleados del lugar.<\/p>\n<blockquote>\n<h3 class=\"selectionShareable\">Cerca de las 21:20, Jorge Campos -vicepresidente del Consejo de Administraci\u00f3n de la Cooperativa El\u00e9ctrica- entreg\u00f3 firmada en un papel su renuncia indeclinable. Seg\u00fan medios locales, lo hizo para \u201cdescomprimir la situaci\u00f3n\u201d. Y la medida tuvo efecto porque despu\u00e9s los vecinos se retiraron de la cooperativa.<\/h3>\n<\/blockquote>\n<p class=\"selectionShareable\">Una gran parte de esos manifestantes se dirigi\u00f3 hacia la Municipalidad local, donde continuaron los reclamos contra el intendente Marcos Pisano. (<b>InfoGEI<\/b>) Mg<\/p>\n","protected":false},"excerpt":{"rendered":"<div class=\"mh-excerpt\"><p>M\u00e1s de 300 personas se movilizaron a la puerta de la Cooperativa El\u00e9ctrica para exigir una respuesta por parte del intendente. Hubo un trabajador agredido y pidieron por la intervenci\u00f3n de la empresa prestadora del <a class=\"mh-excerpt-more\" href=\"https:\/\/larevistadigital.com.ar\/blog\/bolivar-se-corto-la-luz-durante-12-horas-y-los-vecinos-explotaron-de-bronca\/\" title=\"BOLIVAR: SE CORT\u00d3 LA LUZ DURANTE 12 HORAS Y LOS VECINOS EXPLOTARON DE BRONCA\">[Leer M\u00e1s]<\/a><\/p>\n<\/div>","protected":false},"author":3,"featured_media":30520,"comment_status":"open","ping_status":"open","sticky":false,"template":"","format":"standard","meta":{"_jetpack_memberships_contains_paid_content":false,"footnotes":"","jetpack_publicize_message":"","jetpack_publicize_feature_enabled":true,"jetpack_social_post_already_shared":true,"jetpack_social_options":{"image_generator_settings":{"template":"highway","default_image_id":0,"font":"","enabled":false},"version":2}},"categories":[51],"tags":[],"class_list":{"0":"post-30519","1":"post","2":"type-post","3":"status-publish","4":"format-standard","5":"has-post-thumbnail","7":"category-regionales"},"jetpack_publicize_connections":[],"jetpack_featured_media_url":"https:\/\/i0.wp.com\/larevistadigital.com.ar\/blog\/wp-content\/uploads\/20230308162519_manifes.jpg?fit=880%2C512&ssl=1","jetpack_sharing_enabled":true,"jetpack_shortlink":"https:\/\/wp.me\/p8qtrQ-7Wf","jetpack-related-posts":[{"id":41323,"url":"https:\/\/larevistadigital.com.ar\/blog\/bolivar-enfermeras-acamparon-toda-la-noche-frente-a-la-municipalidad-en-reclamo-salarial\/","url_meta":{"origin":30519,"position":0},"title":"Bolivar: Enfermeras acamparon toda la noche frente a la Municipalidad en reclamo salarial","author":"Alejandro Sosa Ruda","date":"5 septiembre, 2025","format":false,"excerpt":"Un grupo de enfermeras del hospital municipal, en conflicto con las autoridades locales por mejoras salariales, decidi\u00f3 manifestarse este mi\u00e9rcoles en el Centro C\u00edvico con una sentada pac\u00edfica que deriv\u00f3 en un acampe durante toda la noche, a la espera de una respuesta oficial. Autoridades municipales prometieron una respuesta a\u2026","rel":"","context":"En \u00abREGIONALES\u00bb","block_context":{"text":"REGIONALES","link":"https:\/\/larevistadigital.com.ar\/blog\/category\/regionales\/"},"img":{"alt_text":"","src":"https:\/\/i0.wp.com\/larevistadigital.com.ar\/blog\/wp-content\/uploads\/20250904123613_enfermeras-hospital-municipal-bolivar-reclamo-salarial.jpg?fit=880%2C512&ssl=1&resize=350%2C200","width":350,"height":200,"srcset":"https:\/\/i0.wp.com\/larevistadigital.com.ar\/blog\/wp-content\/uploads\/20250904123613_enfermeras-hospital-municipal-bolivar-reclamo-salarial.jpg?fit=880%2C512&ssl=1&resize=350%2C200 1x, https:\/\/i0.wp.com\/larevistadigital.com.ar\/blog\/wp-content\/uploads\/20250904123613_enfermeras-hospital-municipal-bolivar-reclamo-salarial.jpg?fit=880%2C512&ssl=1&resize=525%2C300 1.5x, https:\/\/i0.wp.com\/larevistadigital.com.ar\/blog\/wp-content\/uploads\/20250904123613_enfermeras-hospital-municipal-bolivar-reclamo-salarial.jpg?fit=880%2C512&ssl=1&resize=700%2C400 2x"},"classes":[]},{"id":37184,"url":"https:\/\/larevistadigital.com.ar\/blog\/villa-gesell-estafan-a-un-vecino-en-mas-de-1-000-000-fingiendo-ser-operadores-de-la-cooperativa-electrica\/","url_meta":{"origin":30519,"position":1},"title":"Villa Gesell: Estafan a un vecino en m\u00e1s de $1.000.000.- fingiendo ser operadores de la Cooperativa El\u00e9ctrica","author":"Alejandro Sosa Ruda","date":"10 septiembre, 2024","format":false,"excerpt":"La v\u00edctima de la estafa fue un hombre de 72 a\u00f1os a quien le ofrecieron un descuenta y la inscripci\u00f3n al registro para mantener los subsidios. 10 De Septiembre de 2024 VILLA GESELL -\u00a0 Un vecino de 72 a\u00f1os de Villa Gesell fue estafado y perdi\u00f3 m\u00e1s de un mill\u00f3n\u2026","rel":"","context":"En \u00abPOLICIALES\u00bb","block_context":{"text":"POLICIALES","link":"https:\/\/larevistadigital.com.ar\/blog\/category\/policiales\/"},"img":{"alt_text":"","src":"https:\/\/i0.wp.com\/larevistadigital.com.ar\/blog\/wp-content\/uploads\/07438ace544514836b1d46cdd2abe9d13ddb6af4.jpg?fit=1140%2C682&ssl=1&resize=350%2C200","width":350,"height":200,"srcset":"https:\/\/i0.wp.com\/larevistadigital.com.ar\/blog\/wp-content\/uploads\/07438ace544514836b1d46cdd2abe9d13ddb6af4.jpg?fit=1140%2C682&ssl=1&resize=350%2C200 1x, https:\/\/i0.wp.com\/larevistadigital.com.ar\/blog\/wp-content\/uploads\/07438ace544514836b1d46cdd2abe9d13ddb6af4.jpg?fit=1140%2C682&ssl=1&resize=525%2C300 1.5x, https:\/\/i0.wp.com\/larevistadigital.com.ar\/blog\/wp-content\/uploads\/07438ace544514836b1d46cdd2abe9d13ddb6af4.jpg?fit=1140%2C682&ssl=1&resize=700%2C400 2x, https:\/\/i0.wp.com\/larevistadigital.com.ar\/blog\/wp-content\/uploads\/07438ace544514836b1d46cdd2abe9d13ddb6af4.jpg?fit=1140%2C682&ssl=1&resize=1050%2C600 3x"},"classes":[]},{"id":19484,"url":"https:\/\/larevistadigital.com.ar\/blog\/las-imagenes-del-temporal-en-castelli\/","url_meta":{"origin":30519,"position":2},"title":"LAS IMAGENES DEL TEMPORAL EN CASTELLI CON 340 MIL\u00cdMETROS DE AGUA CA\u00cdDA","author":"Alejandro Sosa Ruda","date":"28 marzo, 2021","format":false,"excerpt":"CASTELLI - Vecinos de Castelli enviaron im\u00e1genes de la situaci\u00f3n en diferentes sectores de dicha localidad que son afectados por el agua. Como ya se inform\u00f3 es intenso el trabajo de Defensa Civil y de los bomberos voluntarios ya que 8 dotaciones trabajan para asistir a los damnificados. Adem\u00e1s, desde\u2026","rel":"","context":"En \u00abCASTELLI\u00bb","block_context":{"text":"CASTELLI","link":"https:\/\/larevistadigital.com.ar\/blog\/category\/castelli\/"},"img":{"alt_text":"","src":"https:\/\/i0.wp.com\/larevistadigital.com.ar\/blog\/wp-content\/uploads\/165885119_1445355929145258_3261786296343590169_n.jpg?fit=716%2C960&ssl=1&resize=350%2C200","width":350,"height":200,"srcset":"https:\/\/i0.wp.com\/larevistadigital.com.ar\/blog\/wp-content\/uploads\/165885119_1445355929145258_3261786296343590169_n.jpg?fit=716%2C960&ssl=1&resize=350%2C200 1x, https:\/\/i0.wp.com\/larevistadigital.com.ar\/blog\/wp-content\/uploads\/165885119_1445355929145258_3261786296343590169_n.jpg?fit=716%2C960&ssl=1&resize=525%2C300 1.5x, https:\/\/i0.wp.com\/larevistadigital.com.ar\/blog\/wp-content\/uploads\/165885119_1445355929145258_3261786296343590169_n.jpg?fit=716%2C960&ssl=1&resize=700%2C400 2x"},"classes":[]},{"id":28462,"url":"https:\/\/larevistadigital.com.ar\/blog\/chascomus-370-familias-no-pueden-construir-su-casa-y-perdieron-creditos-por-la-insensibilidad-del-municipio\/","url_meta":{"origin":30519,"position":3},"title":"CHASCOM\u00daS: 370 FAMILIAS NO PUEDEN CONSTRU\u00cdR SU CASA, Y PERDIERON CR\u00c9DITOS POR LA INSENSIBILIDAD DEL MUNICIPIO","author":"Alejandro Sosa Ruda","date":"15 octubre, 2022","format":false,"excerpt":"La decisi\u00f3n del municipio de Chascom\u00fas, perjudica gravemente a 370 familias que con pocos recursos tratan de acceder a su vivienda. \u00bfQui\u00e9n se har\u00e1 cargo de las p\u00e9rdidas de los vecinos?... 15 de octubre de 2022 CHASCOM\u00daS -\u00a0\u00a0De manera como m\u00ednimo insensible, la comuna de Chascom\u00fas se muestra inflexible con\u2026","rel":"","context":"En \u00abDESTACADAS\u00bb","block_context":{"text":"DESTACADAS","link":"https:\/\/larevistadigital.com.ar\/blog\/category\/destacadas\/"},"img":{"alt_text":"","src":"https:\/\/i0.wp.com\/larevistadigital.com.ar\/blog\/wp-content\/uploads\/PROHIBIDO-CONSTRUIR.jpg?fit=727%2C408&ssl=1&resize=350%2C200","width":350,"height":200,"srcset":"https:\/\/i0.wp.com\/larevistadigital.com.ar\/blog\/wp-content\/uploads\/PROHIBIDO-CONSTRUIR.jpg?fit=727%2C408&ssl=1&resize=350%2C200 1x, https:\/\/i0.wp.com\/larevistadigital.com.ar\/blog\/wp-content\/uploads\/PROHIBIDO-CONSTRUIR.jpg?fit=727%2C408&ssl=1&resize=525%2C300 1.5x, https:\/\/i0.wp.com\/larevistadigital.com.ar\/blog\/wp-content\/uploads\/PROHIBIDO-CONSTRUIR.jpg?fit=727%2C408&ssl=1&resize=700%2C400 2x"},"classes":[]},{"id":28410,"url":"https:\/\/larevistadigital.com.ar\/blog\/insolito-maanifestantes-que-se-identifican-como-de-una-cooperativa-de-cartoneros-de-ensenada-ingresaron-al-municipio-a-pedir-trabajo-al-intendente\/","url_meta":{"origin":30519,"position":4},"title":"INS\u00d3LITO: [VIDEO] MANIFESTANTES QUE SE IDENTIFICAN COMO DE UNA COOPERATIVA DE \u00abCARTONEROS DE ENSENADA\u00bb INGRESARON AL MUNICIPIO A PEDIR TRABAJO AL INTENDENTE","author":"Alejandro Sosa Ruda","date":"13 octubre, 2022","format":false,"excerpt":"Sucedi\u00f3 hace un rato, y nadie sabe a ciencia cierta qu\u00e9 pas\u00f3 y porqu\u00e9. De pronto ingresaron al Municipio con bombos y carteles. 13 de octubre de 2022 CHASCOM\u00daS -\u00a0\u00a0Hace un rato y de manera inesperada, ingresaron al Palacio Municipal un grupo de personas, que se identifican como miembros de\u2026","rel":"","context":"En \u00abDESTACADAS\u00bb","block_context":{"text":"DESTACADAS","link":"https:\/\/larevistadigital.com.ar\/blog\/category\/destacadas\/"},"img":{"alt_text":"","src":"https:\/\/i0.wp.com\/larevistadigital.com.ar\/blog\/wp-content\/uploads\/WhatsApp-Image-2022-10-13-at-11.44.36-e1665674351286.jpeg?fit=900%2C988&ssl=1&resize=350%2C200","width":350,"height":200,"srcset":"https:\/\/i0.wp.com\/larevistadigital.com.ar\/blog\/wp-content\/uploads\/WhatsApp-Image-2022-10-13-at-11.44.36-e1665674351286.jpeg?fit=900%2C988&ssl=1&resize=350%2C200 1x, https:\/\/i0.wp.com\/larevistadigital.com.ar\/blog\/wp-content\/uploads\/WhatsApp-Image-2022-10-13-at-11.44.36-e1665674351286.jpeg?fit=900%2C988&ssl=1&resize=525%2C300 1.5x, https:\/\/i0.wp.com\/larevistadigital.com.ar\/blog\/wp-content\/uploads\/WhatsApp-Image-2022-10-13-at-11.44.36-e1665674351286.jpeg?fit=900%2C988&ssl=1&resize=700%2C400 2x"},"classes":[]},{"id":5806,"url":"https:\/\/larevistadigital.com.ar\/blog\/la-cooperativa-ajusta-a-instituciones-de-bien-publico\/","url_meta":{"origin":30519,"position":5},"title":"La Cooperativa ajusta a instituciones de bien p\u00fablico","author":"admin","date":"20 junio, 2018","format":false,"excerpt":"\u00a0 El Consejo de Administraci\u00f3n de la Cooperativa de Electricidad de Ranchos amenaza con cobrarles el consumo de energ\u00eda el\u00e9ctrica a Bomberos Voluntarios, parroquia Nuestra Se\u00f1ora del Pilar y Taller Protegido de General Paz, y se desconoce si la misma suerte correr\u00eda LIPOLCC. Como existe un hermetismo medi\u00e1tico por parte\u2026","rel":"","context":"En \u00abRANCHOS\u00bb","block_context":{"text":"RANCHOS","link":"https:\/\/larevistadigital.com.ar\/blog\/category\/ranchos\/"},"img":{"alt_text":"","src":"https:\/\/i0.wp.com\/larevistadigital.com.ar\/blog\/wp-content\/uploads\/2018\/06\/COOPERATIVA-DE-LUZ-DE-RANCHOS.jpg?fit=900%2C509&ssl=1&resize=350%2C200","width":350,"height":200,"srcset":"https:\/\/i0.wp.com\/larevistadigital.com.ar\/blog\/wp-content\/uploads\/2018\/06\/COOPERATIVA-DE-LUZ-DE-RANCHOS.jpg?fit=900%2C509&ssl=1&resize=350%2C200 1x, https:\/\/i0.wp.com\/larevistadigital.com.ar\/blog\/wp-content\/uploads\/2018\/06\/COOPERATIVA-DE-LUZ-DE-RANCHOS.jpg?fit=900%2C509&ssl=1&resize=525%2C300 1.5x, https:\/\/i0.wp.com\/larevistadigital.com.ar\/blog\/wp-content\/uploads\/2018\/06\/COOPERATIVA-DE-LUZ-DE-RANCHOS.jpg?fit=900%2C509&ssl=1&resize=700%2C400 2x"},"classes":[]}],"_links":{"self":[{"href":"https:\/\/larevistadigital.com.ar\/blog\/wp-json\/wp\/v2\/posts\/30519","targetHints":{"allow":["GET"]}}],"collection":[{"href":"https:\/\/larevistadigital.com.ar\/blog\/wp-json\/wp\/v2\/posts"}],"about":[{"href":"https:\/\/larevistadigital.com.ar\/blog\/wp-json\/wp\/v2\/types\/post"}],"author":[{"embeddable":true,"href":"https:\/\/larevistadigital.com.ar\/blog\/wp-json\/wp\/v2\/users\/3"}],"replies":[{"embeddable":true,"href":"https:\/\/larevistadigital.com.ar\/blog\/wp-json\/wp\/v2\/comments?post=30519"}],"version-history":[{"count":1,"href":"https:\/\/larevistadigital.com.ar\/blog\/wp-json\/wp\/v2\/posts\/30519\/revisions"}],"predecessor-version":[{"id":30521,"href":"https:\/\/larevistadigital.com.ar\/blog\/wp-json\/wp\/v2\/posts\/30519\/revisions\/30521"}],"wp:featuredmedia":[{"embeddable":true,"href":"https:\/\/larevistadigital.com.ar\/blog\/wp-json\/wp\/v2\/media\/30520"}],"wp:attachment":[{"href":"https:\/\/larevistadigital.com.ar\/blog\/wp-json\/wp\/v2\/media?parent=30519"}],"wp:term":[{"taxonomy":"category","embeddable":true,"href":"https:\/\/larevistadigital.com.ar\/blog\/wp-json\/wp\/v2\/categories?post=30519"},{"taxonomy":"post_tag","embeddable":true,"href":"https:\/\/larevistadigital.com.ar\/blog\/wp-json\/wp\/v2\/tags?post=30519"}],"curies":[{"name":"wp","href":"https:\/\/api.w.org\/{rel}","templated":true}]}}