{"id":30522,"date":"2023-03-10T16:18:14","date_gmt":"2023-03-10T16:18:14","guid":{"rendered":"https:\/\/larevistadigital.com.ar\/blog\/?p=30522"},"modified":"2023-03-10T16:18:14","modified_gmt":"2023-03-10T16:18:14","slug":"olavarria-encuentran-muerta-dentro-de-un-pozo-ciego-a-la-joven-que-era-buscada-desde-el-sabado","status":"publish","type":"post","link":"https:\/\/larevistadigital.com.ar\/blog\/olavarria-encuentran-muerta-dentro-de-un-pozo-ciego-a-la-joven-que-era-buscada-desde-el-sabado\/","title":{"rendered":"OLAVARRIA: ENCUENTRAN MUERTA DENTRO DE UN POZO CIEGO A LA JOVEN QUE ERA BUSCADA DESDE EL S\u00c1BADO"},"content":{"rendered":"<h2 class=\"fparrafo ctext fz18 lh25\">Una joven de 22 a\u00f1os que estaba desaparecida desde el s\u00e1bado \u00faltimo en el partido bonaerense de Olavarr\u00eda fue encontrada hoy muerta en el pozo ciego de un campo de ese distrito, y los investigadores creen que se trat\u00f3 de un femicidio, informaron fuentes de la investigaci\u00f3n.<\/h2>\n<p>10 de marzo de 2023<\/p>\n<p class=\"selectionShareable\"><strong>OLAVARRIA &#8211;<\/strong>\u00a0 El hallazgo del cuerpo de Sof\u00eda Bel\u00e9n Vicente, quien hab\u00eda sido vista con vida por \u00faltima vez durante el Festival de Doma y Folclore realizado en esa ciudad del centro-bonaerense, ocurri\u00f3 este jueves en un predio situado en avenida Del Valle, prolongaci\u00f3n Oeste, camino a Crotto.<\/p>\n<blockquote>\n<h3 class=\"selectionShareable\">En di\u00e1logo con la periodista Claudia Bilbao del programa <strong><em>\u201cDesayuno con noticias, por Radio M, la Fiscal Paula Serrano habl\u00f3 sobre el femicidio de la mujer se\u00f1alando que, \u201cayer por la tarde nos comunicaron que hab\u00edan hallado un cuerpo en un pozo ciego en desuso en un campo. Fuimos al lugar y ya estaba trabajando patrulla rural\u201d.<\/em><\/strong><\/h3>\n<\/blockquote>\n<p class=\"selectionShareable\">Sobre el lugar del hallazgo del cuerpo, la fiscal indic\u00f3 que, \u201cEstaba en un pozo ciego en desuso que al momento del hallazgo por dos personas que estaban trabajando en el lugar estaba tapado con una piedra, pero afuera hab\u00eda muchos insectos por lo que por el fuerte olor destaparon para ver si hab\u00eda alg\u00fan animal muerto y se encontraron con el cuerpo de Sof\u00eda\u201d.<\/p>\n<blockquote>\n<h3 class=\"selectionShareable\">La fiscal detall\u00f3 que, <em>\u201cSof\u00eda estaba en ropa interior, atada en sus pies, y sus prendas fueron halladas quemadas parcialmente en un tambor\u201d.<\/em><\/h3>\n<\/blockquote>\n<p class=\"selectionShareable\">En ese sentido la fiscal adelant\u00f3 que,<em><strong> \u201cest\u00e1 claro que no es un accidente ni es un suicidio ac\u00e1 hubo la participaci\u00f3n de una o dos personas. A simple vista hubo signos de violencia, pero vamos a ver con la autopsia que se confirma\u201d<\/strong><\/em>, asegurando al respecto que, <strong><em>\u201cmuchas personas brindaron informaci\u00f3n de su b\u00fasqueda por eso se hicieron rastrillajes en algunos lugares. Tenemos una l\u00ednea investigativa concreta pero a\u00fan no podemos adelantar nada\u201d.<\/em><\/strong><\/p>\n<p class=\"selectionShareable\">Sobre la v\u00edctima la fiscal dijo que, <em><strong>\u201cSof\u00eda tiene un hijo de 5 a\u00f1os, ten\u00eda un abordaje de diferentes efectores de la ciudad. Ella estuvo en el Festival de Folklore ayudando a su mama en un puesto de comida y se retir\u00f3 caminando. Estamos analizando c\u00e1maras de seguridad\u201d<\/strong><\/em>. (<b>InfoGEI<\/b>)Jd<\/p>\n","protected":false},"excerpt":{"rendered":"<div class=\"mh-excerpt\"><p>Una joven de 22 a\u00f1os que estaba desaparecida desde el s\u00e1bado \u00faltimo en el partido bonaerense de Olavarr\u00eda fue encontrada hoy muerta en el pozo ciego de un campo de ese distrito, y los investigadores <a class=\"mh-excerpt-more\" href=\"https:\/\/larevistadigital.com.ar\/blog\/olavarria-encuentran-muerta-dentro-de-un-pozo-ciego-a-la-joven-que-era-buscada-desde-el-sabado\/\" title=\"OLAVARRIA: ENCUENTRAN MUERTA DENTRO DE UN POZO CIEGO A LA JOVEN QUE ERA BUSCADA DESDE EL S\u00c1BADO\">[Leer M\u00e1s]<\/a><\/p>\n<\/div>","protected":false},"author":3,"featured_media":30523,"comment_status":"open","ping_status":"open","sticky":false,"template":"","format":"standard","meta":{"_jetpack_memberships_contains_paid_content":false,"footnotes":"","jetpack_publicize_message":"","jetpack_publicize_feature_enabled":true,"jetpack_social_post_already_shared":true,"jetpack_social_options":{"image_generator_settings":{"template":"highway","default_image_id":0,"font":"","enabled":false},"version":2}},"categories":[44,51],"tags":[],"class_list":{"0":"post-30522","1":"post","2":"type-post","3":"status-publish","4":"format-standard","5":"has-post-thumbnail","7":"category-policiales","8":"category-regionales"},"jetpack_publicize_connections":[],"jetpack_featured_media_url":"https:\/\/i0.wp.com\/larevistadigital.com.ar\/blog\/wp-content\/uploads\/20230310095315_femicidio-olavarria.jpg?fit=880%2C512&ssl=1","jetpack_sharing_enabled":true,"jetpack_shortlink":"https:\/\/wp.me\/p8qtrQ-7Wi","jetpack-related-posts":[{"id":25418,"url":"https:\/\/larevistadigital.com.ar\/blog\/dolor-en-la-plata-murio-un-nene-de-tres-anos-que-habia-caido-a-un-pozo-ciego\/","url_meta":{"origin":30522,"position":0},"title":"DOLOR EN LA PLATA: MURI\u00d3 UN NENE DE TRES A\u00d1OS, QUE HAB\u00cdA CA\u00cdDO A UN POZO CIEGO","author":"Alejandro Sosa Ruda","date":"26 mayo, 2022","format":false,"excerpt":"El menor se encontraba grave desde el 16 de mayo, cuando ocurri\u00f3 el accidente en una vivienda de la localidad platense de \u00c1ngel Etcheverry. LA PLATA -\u00a0 Muri\u00f3 un nene de tres a\u00f1os que permaneci\u00f3 diez d\u00edas internado luego de caer a un pozo ciego, en la localidad de Echeverry.\u2026","rel":"","context":"En \u00abPOLICIALES\u00bb","block_context":{"text":"POLICIALES","link":"https:\/\/larevistadigital.com.ar\/blog\/category\/policiales\/"},"img":{"alt_text":"","src":"https:\/\/i0.wp.com\/larevistadigital.com.ar\/blog\/wp-content\/uploads\/45be67733f4dc2f54bcecb1866edd79de4e32b67.jpg?fit=1140%2C642&ssl=1&resize=350%2C200","width":350,"height":200,"srcset":"https:\/\/i0.wp.com\/larevistadigital.com.ar\/blog\/wp-content\/uploads\/45be67733f4dc2f54bcecb1866edd79de4e32b67.jpg?fit=1140%2C642&ssl=1&resize=350%2C200 1x, https:\/\/i0.wp.com\/larevistadigital.com.ar\/blog\/wp-content\/uploads\/45be67733f4dc2f54bcecb1866edd79de4e32b67.jpg?fit=1140%2C642&ssl=1&resize=525%2C300 1.5x, https:\/\/i0.wp.com\/larevistadigital.com.ar\/blog\/wp-content\/uploads\/45be67733f4dc2f54bcecb1866edd79de4e32b67.jpg?fit=1140%2C642&ssl=1&resize=700%2C400 2x, https:\/\/i0.wp.com\/larevistadigital.com.ar\/blog\/wp-content\/uploads\/45be67733f4dc2f54bcecb1866edd79de4e32b67.jpg?fit=1140%2C642&ssl=1&resize=1050%2C600 3x"},"classes":[]},{"id":16975,"url":"https:\/\/larevistadigital.com.ar\/blog\/encuentran-muerta-a-una-mujer-en-empalme-lobos-investigan-si-se-trato-de-un-femicidio\/","url_meta":{"origin":30522,"position":1},"title":"ENCUENTRAN MUERTA A UNA MUJER EN EMPALME LOBOS. INVESTIGAN SI SE TRAT\u00d3 DE UN FEMICIDIO","author":"Alejandro Sosa Ruda","date":"14 octubre, 2020","format":false,"excerpt":"Se trata de una mujer de unos 50 a\u00f1os. Su cuerpo fue encontrado sobre un mont\u00edculo de tierra, aparentemente sin signos de violencia en el cuerpo. El cuerpo de una mujer de unos 50 a\u00f1os fue encontrado este mir\u00e9coles en la localidad bonaerense de Empalme Lobos y se investigan las\u2026","rel":"","context":"En \u00abPOLICIALES\u00bb","block_context":{"text":"POLICIALES","link":"https:\/\/larevistadigital.com.ar\/blog\/category\/policiales\/"},"img":{"alt_text":"","src":"https:\/\/i0.wp.com\/larevistadigital.com.ar\/blog\/wp-content\/uploads\/0038145406.jpg?fit=1140%2C640&ssl=1&resize=350%2C200","width":350,"height":200,"srcset":"https:\/\/i0.wp.com\/larevistadigital.com.ar\/blog\/wp-content\/uploads\/0038145406.jpg?fit=1140%2C640&ssl=1&resize=350%2C200 1x, https:\/\/i0.wp.com\/larevistadigital.com.ar\/blog\/wp-content\/uploads\/0038145406.jpg?fit=1140%2C640&ssl=1&resize=525%2C300 1.5x, https:\/\/i0.wp.com\/larevistadigital.com.ar\/blog\/wp-content\/uploads\/0038145406.jpg?fit=1140%2C640&ssl=1&resize=700%2C400 2x, https:\/\/i0.wp.com\/larevistadigital.com.ar\/blog\/wp-content\/uploads\/0038145406.jpg?fit=1140%2C640&ssl=1&resize=1050%2C600 3x"},"classes":[]},{"id":32569,"url":"https:\/\/larevistadigital.com.ar\/blog\/castelar-encuentran-muerta-una-pareja-de-policias-femicidio-seguido-de-suicidio\/","url_meta":{"origin":30522,"position":2},"title":"CASTELAR: ENCUENTRAN MUERTA UNA PAREJA DE POLICIAS&#8230; \u00bfFEMICIDIO SEGUIDO DE SUICIDIO?","author":"Alejandro Sosa Ruda","date":"24 julio, 2023","format":false,"excerpt":"El hecho ocurri\u00f3 el s\u00e1bado por la noche en la localidad de Castelar. Una vecina de la pareja declar\u00f3 que se escucharon gritos y una discusi\u00f3n en donde la joven pidi\u00f3 ayuda. Seg\u00fan la investigaci\u00f3n, el presunto femicida se habr\u00eda quitado la vida despu\u00e9s del hecho. 24 de julio de\u2026","rel":"","context":"En \u00abPOLICIALES\u00bb","block_context":{"text":"POLICIALES","link":"https:\/\/larevistadigital.com.ar\/blog\/category\/policiales\/"},"img":{"alt_text":"","src":"https:\/\/i0.wp.com\/larevistadigital.com.ar\/blog\/wp-content\/uploads\/20230724145915_policia-buenos-aires-1.jpg?fit=880%2C512&ssl=1&resize=350%2C200","width":350,"height":200,"srcset":"https:\/\/i0.wp.com\/larevistadigital.com.ar\/blog\/wp-content\/uploads\/20230724145915_policia-buenos-aires-1.jpg?fit=880%2C512&ssl=1&resize=350%2C200 1x, https:\/\/i0.wp.com\/larevistadigital.com.ar\/blog\/wp-content\/uploads\/20230724145915_policia-buenos-aires-1.jpg?fit=880%2C512&ssl=1&resize=525%2C300 1.5x, https:\/\/i0.wp.com\/larevistadigital.com.ar\/blog\/wp-content\/uploads\/20230724145915_policia-buenos-aires-1.jpg?fit=880%2C512&ssl=1&resize=700%2C400 2x"},"classes":[]},{"id":41043,"url":"https:\/\/larevistadigital.com.ar\/blog\/impulsan-medidas-cautelares-contra-las-fumigaciones-con-agrotoxicos-en-olavarria-y-junin\/","url_meta":{"origin":30522,"position":3},"title":"Impulsan medidas cautelares contra las fumigaciones con agrot\u00f3xicos en Olavarr\u00eda y Jun\u00edn","author":"Alejandro Sosa Ruda","date":"22 agosto, 2025","format":false,"excerpt":"El Jefe de Fiscales de la Provincia de Buenos Aires, recomend\u00f3 a la Suprema Corte bonaerense suspender art\u00edculos de ordenanzas de Olavarr\u00eda y Jun\u00edn que permiten las fumigaciones a\u00e9reas con agrot\u00f3xicos por debajo del piso provincial y autorizan las terrestres a metros de viviendas, escuelas y pozos de agua, solicitando\u2026","rel":"","context":"En \u00abREGIONALES\u00bb","block_context":{"text":"REGIONALES","link":"https:\/\/larevistadigital.com.ar\/blog\/category\/regionales\/"},"img":{"alt_text":"","src":"https:\/\/i0.wp.com\/larevistadigital.com.ar\/blog\/wp-content\/uploads\/20250821172743_procuderia-fumigaciones-agrotoxicos-olavarria-junin-1.jpg?fit=880%2C512&ssl=1&resize=350%2C200","width":350,"height":200,"srcset":"https:\/\/i0.wp.com\/larevistadigital.com.ar\/blog\/wp-content\/uploads\/20250821172743_procuderia-fumigaciones-agrotoxicos-olavarria-junin-1.jpg?fit=880%2C512&ssl=1&resize=350%2C200 1x, https:\/\/i0.wp.com\/larevistadigital.com.ar\/blog\/wp-content\/uploads\/20250821172743_procuderia-fumigaciones-agrotoxicos-olavarria-junin-1.jpg?fit=880%2C512&ssl=1&resize=525%2C300 1.5x, https:\/\/i0.wp.com\/larevistadigital.com.ar\/blog\/wp-content\/uploads\/20250821172743_procuderia-fumigaciones-agrotoxicos-olavarria-junin-1.jpg?fit=880%2C512&ssl=1&resize=700%2C400 2x"},"classes":[]},{"id":30545,"url":"https:\/\/larevistadigital.com.ar\/blog\/olavarria-murio-la-madre-del-intendente-al-chocar-contra-un-limitador-de-altura\/","url_meta":{"origin":30522,"position":4},"title":"OLAVARRIA: MURI\u00d3 LA MADRE DEL INTENDENTE AL CHOCAR CONTRA UN LIMITADOR DE ALTURA","author":"Alejandro Sosa Ruda","date":"12 marzo, 2023","format":false,"excerpt":"\u00a0 OLAVARR\u00cdA -\u00a0 El hecho ocurri\u00f3 este viernes pasadas las 13.30 horas en el Camino de los Peregrinos. Mar\u00eda Cecilia Moncla, madre del intendente de Olavarr\u00eda Ezequiel Galli, choc\u00f3 a alta velocidad contra la columna de un limitador de altura y perdi\u00f3 la vida. La mujer conduc\u00eda un Volkswagen Nivus\u2026","rel":"","context":"En \u00abINTERES GENERAL\u00bb","block_context":{"text":"INTERES GENERAL","link":"https:\/\/larevistadigital.com.ar\/blog\/category\/interes-general\/"},"img":{"alt_text":"","src":"https:\/\/i0.wp.com\/larevistadigital.com.ar\/blog\/wp-content\/uploads\/20230310182910_limitador.jpg?fit=880%2C512&ssl=1&resize=350%2C200","width":350,"height":200,"srcset":"https:\/\/i0.wp.com\/larevistadigital.com.ar\/blog\/wp-content\/uploads\/20230310182910_limitador.jpg?fit=880%2C512&ssl=1&resize=350%2C200 1x, https:\/\/i0.wp.com\/larevistadigital.com.ar\/blog\/wp-content\/uploads\/20230310182910_limitador.jpg?fit=880%2C512&ssl=1&resize=525%2C300 1.5x, https:\/\/i0.wp.com\/larevistadigital.com.ar\/blog\/wp-content\/uploads\/20230310182910_limitador.jpg?fit=880%2C512&ssl=1&resize=700%2C400 2x"},"classes":[]},{"id":1093,"url":"https:\/\/larevistadigital.com.ar\/blog\/el-documento-que-firmo-la-comuna-de-olavarria-con-el-indio-solari\/","url_meta":{"origin":30522,"position":5},"title":"EL DOCUMENTO QUE FIRM\u00d3 LA COMUNA DE OLAVARR\u00cdA CON EL INDIO SOLARI.","author":"Alejandro Sosa Ruda","date":"13 marzo, 2017","format":false,"excerpt":"El portal INFOBAE present\u00f3 las partes m\u00e1s importantes del contrato firmado entre el municipio de Olavarr\u00eda y el Indio Solari. Una de las cosas m\u00e1s relevantes del documento firmado por el intendente Galli y el Indio Solari, es que la comuna se compromete como fiador de los organizadores del evento.\u2026","rel":"","context":"En \u00abDESTACADAS\u00bb","block_context":{"text":"DESTACADAS","link":"https:\/\/larevistadigital.com.ar\/blog\/category\/destacadas\/"},"img":{"alt_text":"","src":"https:\/\/i0.wp.com\/larevistadigital.com.ar\/blog\/wp-content\/uploads\/2017\/03\/ezequiel-galli-intendente-olavarria-19201-1024x575.jpg?fit=600%2C337&ssl=1&resize=350%2C200","width":350,"height":200,"srcset":"https:\/\/i0.wp.com\/larevistadigital.com.ar\/blog\/wp-content\/uploads\/2017\/03\/ezequiel-galli-intendente-olavarria-19201-1024x575.jpg?fit=600%2C337&ssl=1&resize=350%2C200 1x, https:\/\/i0.wp.com\/larevistadigital.com.ar\/blog\/wp-content\/uploads\/2017\/03\/ezequiel-galli-intendente-olavarria-19201-1024x575.jpg?fit=600%2C337&ssl=1&resize=525%2C300 1.5x"},"classes":[]}],"_links":{"self":[{"href":"https:\/\/larevistadigital.com.ar\/blog\/wp-json\/wp\/v2\/posts\/30522","targetHints":{"allow":["GET"]}}],"collection":[{"href":"https:\/\/larevistadigital.com.ar\/blog\/wp-json\/wp\/v2\/posts"}],"about":[{"href":"https:\/\/larevistadigital.com.ar\/blog\/wp-json\/wp\/v2\/types\/post"}],"author":[{"embeddable":true,"href":"https:\/\/larevistadigital.com.ar\/blog\/wp-json\/wp\/v2\/users\/3"}],"replies":[{"embeddable":true,"href":"https:\/\/larevistadigital.com.ar\/blog\/wp-json\/wp\/v2\/comments?post=30522"}],"version-history":[{"count":1,"href":"https:\/\/larevistadigital.com.ar\/blog\/wp-json\/wp\/v2\/posts\/30522\/revisions"}],"predecessor-version":[{"id":30524,"href":"https:\/\/larevistadigital.com.ar\/blog\/wp-json\/wp\/v2\/posts\/30522\/revisions\/30524"}],"wp:featuredmedia":[{"embeddable":true,"href":"https:\/\/larevistadigital.com.ar\/blog\/wp-json\/wp\/v2\/media\/30523"}],"wp:attachment":[{"href":"https:\/\/larevistadigital.com.ar\/blog\/wp-json\/wp\/v2\/media?parent=30522"}],"wp:term":[{"taxonomy":"category","embeddable":true,"href":"https:\/\/larevistadigital.com.ar\/blog\/wp-json\/wp\/v2\/categories?post=30522"},{"taxonomy":"post_tag","embeddable":true,"href":"https:\/\/larevistadigital.com.ar\/blog\/wp-json\/wp\/v2\/tags?post=30522"}],"curies":[{"name":"wp","href":"https:\/\/api.w.org\/{rel}","templated":true}]}}