{"id":30525,"date":"2023-03-10T16:27:45","date_gmt":"2023-03-10T16:27:45","guid":{"rendered":"https:\/\/larevistadigital.com.ar\/blog\/?p=30525"},"modified":"2023-03-10T16:27:45","modified_gmt":"2023-03-10T16:27:45","slug":"peligro-hablemos-de-contaminacion","status":"publish","type":"post","link":"https:\/\/larevistadigital.com.ar\/blog\/peligro-hablemos-de-contaminacion\/","title":{"rendered":"PELIGRO: HABLEMOS DE CONTAMINACI\u00d3N&#8230;"},"content":{"rendered":"<h2>Un problema cada vez m\u00e1s grave, que nos hace plantear qu\u00e9 nos espera en el futuro.<\/h2>\n<p>de marzo de 2023<\/p>\n<p>La contaminaci\u00f3n es un problema global que afecta tanto a la salud humana como al medio ambiente. Puede ser causada por diferentes tipos de actividades humanas, incluyendo la industria, el transporte, la agricultura y el uso dom\u00e9stico de combustibles f\u00f3siles. La contaminaci\u00f3n puede ser de varios tipos, como la contaminaci\u00f3n del aire, del agua y del suelo, y puede tener consecuencias graves para la salud humana y el medio ambiente.<\/p>\n<p>La contaminaci\u00f3n del aire es una de las formas m\u00e1s peligrosas de contaminaci\u00f3n. Puede ser causada por una variedad de actividades humanas, como la quema de combustibles f\u00f3siles, la industria y el transporte. El di\u00f3xido de carbono, el mon\u00f3xido de carbono y los compuestos org\u00e1nicos vol\u00e1tiles son algunos de los contaminantes del aire m\u00e1s comunes. La contaminaci\u00f3n del aire puede tener efectos graves en la salud humana, incluyendo enfermedades card\u00edacas y respiratorias. Adem\u00e1s, puede contribuir al cambio clim\u00e1tico y afectar a la biodiversidad.<\/p>\n<p>La contaminaci\u00f3n del agua tambi\u00e9n es un problema grave. Puede ser causada por una variedad de actividades humanas, como la agricultura, la industria y la <span style=\"color: #ff0000\"><strong>eliminaci\u00f3n inadecuada de residuos<\/strong><\/span>. Los contaminantes del agua m\u00e1s comunes incluyen los metales pesados, los productos qu\u00edmicos industriales y los productos de desecho org\u00e1nico. La contaminaci\u00f3n del agua puede tener efectos graves en la salud humana, ya que puede causar enfermedades gastrointestinales y da\u00f1os en los ri\u00f1ones. Adem\u00e1s, puede afectar a la vida acu\u00e1tica y contribuir a la p\u00e9rdida de biodiversidad.<\/p>\n<p>La contaminaci\u00f3n del suelo tambi\u00e9n es un problema grave. Puede ser causada por una variedad de actividades humanas, como la agricultura, la miner\u00eda y la eliminaci\u00f3n inadecuada de residuos. Los contaminantes del suelo m\u00e1s comunes incluyen los metales pesados, los productos qu\u00edmicos industriales y los productos de desecho org\u00e1nico. La contaminaci\u00f3n del suelo puede tener efectos graves en la salud humana, ya que puede causar enfermedades gastrointestinales y da\u00f1os en los ri\u00f1ones. Adem\u00e1s, puede afectar a la vida acu\u00e1tica y contribuir a la p\u00e9rdida de biodiversidad.<\/p>\n<p><strong>Existen varias medidas que se pueden tomar para combatir la contaminaci\u00f3n y proteger la salud humana y el medio ambiente. Algunas de estas medidas incluyen:<\/strong><\/p>\n<ol>\n<li>Promover la eficiencia energ\u00e9tica y el uso de energ\u00edas renovables: Esto puede ayudar a reducir la contaminaci\u00f3n del aire y el cambio clim\u00e1tico al disminuir la cantidad de combustibles f\u00f3siles quemados.<\/li>\n<li>Regulaci\u00f3n y monitoreo de la industria: La creaci\u00f3n de regulaciones estrictas y el monitoreo constante de la industria puede ayudar a reducir la contaminaci\u00f3n del aire, el agua y el suelo.<\/li>\n<li>Mejora de la infraestructura de transporte: la inversi\u00f3n en transporte p\u00fablico y infraestructura ciclable puede reducir la cantidad de emisiones de di\u00f3xido de carbono y otras emisiones de los veh\u00edculos.<\/li>\n<li>Fomentar pr\u00e1cticas agr\u00edcolas sostenibles: Esto puede ayudar a reducir la contaminaci\u00f3n del suelo y del agua, y puede mejorar la calidad de los alimentos.<\/li>\n<li>Pol\u00edticas de gesti\u00f3n de residuos: La creaci\u00f3n de pol\u00edticas para el manejo y la eliminaci\u00f3n adecuada de residuos puede ayudar a reducir la contaminaci\u00f3n del suelo, el agua y el aire.<\/li>\n<li>Concientizaci\u00f3n y educaci\u00f3n: La concientizaci\u00f3n y educaci\u00f3n sobre la contaminaci\u00f3n y sus efectos en la salud humana y el medio ambiente puede ayudar a promover cambios de comportamiento y aumentar la presi\u00f3n para que las autoridades tomen medidas para combatir la contaminaci\u00f3n.<\/li>\n<\/ol>\n<p>En conclusi\u00f3n, la contaminaci\u00f3n es un problema global que afecta tanto a la salud humana como al medio ambiente. Es importante que se tomen medidas para combatir la contaminaci\u00f3n y proteger la salud humana y el medio ambiente. Medidas como la promoci\u00f3n de tecnolog\u00edas limpias, la regulaci\u00f3n y el monitoreo de la industria, la mejora de la infraestructura de transporte, la promoci\u00f3n de pr\u00e1cticas agr\u00edcolas sostenibles, pol\u00edticas de gesti\u00f3n de residuos y concientizaci\u00f3n y educaci\u00f3n son algunas de las medidas importantes que se pueden tomar para combatir la contaminaci\u00f3n. La acci\u00f3n internacional tambi\u00e9n es esencial para hacer frente a la contaminaci\u00f3n porque esta no conoce fronteras. Es necesario un esfuerzo conjunto de todas las partes interesadas, incluyendo a las autoridades, la industria y la sociedad en general, para abordar y solucionar este problema que es cr\u00edtico.<\/p>\n","protected":false},"excerpt":{"rendered":"<div class=\"mh-excerpt\"><p>Un problema cada vez m\u00e1s grave, que nos hace plantear qu\u00e9 nos espera en el futuro. de marzo de 2023 La contaminaci\u00f3n es un problema global que afecta tanto a la salud humana como al <a class=\"mh-excerpt-more\" href=\"https:\/\/larevistadigital.com.ar\/blog\/peligro-hablemos-de-contaminacion\/\" title=\"PELIGRO: HABLEMOS DE CONTAMINACI\u00d3N&#8230;\">[Leer M\u00e1s]<\/a><\/p>\n<\/div>","protected":false},"author":3,"featured_media":30526,"comment_status":"open","ping_status":"open","sticky":false,"template":"","format":"standard","meta":{"_jetpack_memberships_contains_paid_content":false,"footnotes":"","jetpack_publicize_message":"","jetpack_publicize_feature_enabled":true,"jetpack_social_post_already_shared":true,"jetpack_social_options":{"image_generator_settings":{"template":"highway","default_image_id":0,"font":"","enabled":false},"version":2}},"categories":[15],"tags":[],"class_list":{"0":"post-30525","1":"post","2":"type-post","3":"status-publish","4":"format-standard","5":"has-post-thumbnail","7":"category-cultura"},"jetpack_publicize_connections":[],"jetpack_featured_media_url":"https:\/\/i0.wp.com\/larevistadigital.com.ar\/blog\/wp-content\/uploads\/contaminacion.png?fit=701%2C389&ssl=1","jetpack_sharing_enabled":true,"jetpack_shortlink":"https:\/\/wp.me\/p8qtrQ-7Wl","jetpack-related-posts":[{"id":25272,"url":"https:\/\/larevistadigital.com.ar\/blog\/vecinos-de-costabonita-denuncian-y-piden-medidas-contra-carreras-en-los-medanos\/","url_meta":{"origin":30525,"position":0},"title":"VECINOS DE COSTABONITA DENUNCIAN Y PIDEN MEDIDAS CONTRA CARRERAS EN LOS M\u00c9DANOS","author":"Alejandro Sosa Ruda","date":"25 abril, 2022","format":false,"excerpt":"Aseguran que se ven afectados por la contaminaci\u00f3n de los combustibles, el ruido de los motores y la inseguridad del tr\u00e1nsito peatonal con los consiguientes accidentes de lo que ya se tiene data en el partido. Vecinos de Costa Bonita, partido de Necochea, lanzaron una junta de firmas para acompa\u00f1ar\u2026","rel":"","context":"En \u00abPOLICIALES\u00bb","block_context":{"text":"POLICIALES","link":"https:\/\/larevistadigital.com.ar\/blog\/category\/policiales\/"},"img":{"alt_text":"","src":"https:\/\/i0.wp.com\/larevistadigital.com.ar\/blog\/wp-content\/uploads\/20220425185616_bonita.jpg?fit=880%2C512&ssl=1&resize=350%2C200","width":350,"height":200,"srcset":"https:\/\/i0.wp.com\/larevistadigital.com.ar\/blog\/wp-content\/uploads\/20220425185616_bonita.jpg?fit=880%2C512&ssl=1&resize=350%2C200 1x, https:\/\/i0.wp.com\/larevistadigital.com.ar\/blog\/wp-content\/uploads\/20220425185616_bonita.jpg?fit=880%2C512&ssl=1&resize=525%2C300 1.5x, https:\/\/i0.wp.com\/larevistadigital.com.ar\/blog\/wp-content\/uploads\/20220425185616_bonita.jpg?fit=880%2C512&ssl=1&resize=700%2C400 2x"},"classes":[]},{"id":21918,"url":"https:\/\/larevistadigital.com.ar\/blog\/irlanda-prohibira-la-venta-de-carbon-y-cierto-tipo-de-lena-y-madera\/","url_meta":{"origin":30525,"position":1},"title":"IRLANDA PROHIBIR\u00c1 LA VENTA DE CARB\u00d3N Y CIERTO TIPO DE LE\u00d1A Y MADERA","author":"Alejandro Sosa Ruda","date":"8 septiembre, 2021","format":false,"excerpt":"Seg\u00fan la Agencia irlandesa de Protecci\u00f3n Medioambiental, la principal fuente de \"contaminaci\u00f3n peligrosa\" en este pa\u00eds es el humo del combustible s\u00f3lido dom\u00e9stico, La nueva regulaci\u00f3n entrar\u00e1 en vigor a partir de septiembre de 2022. Irlanda prohibir\u00e1 a partir del pr\u00f3ximo a\u00f1o la venta de los\u00a0combustibles s\u00f3lidos dom\u00e9sticos m\u00e1s contaminantes,\u2026","rel":"","context":"En \u00abCULTURA\u00bb","block_context":{"text":"CULTURA","link":"https:\/\/larevistadigital.com.ar\/blog\/category\/cultura\/"},"img":{"alt_text":"","src":"https:\/\/i0.wp.com\/larevistadigital.com.ar\/blog\/wp-content\/uploads\/LENA.jpg?fit=1007%2C676&ssl=1&resize=350%2C200","width":350,"height":200,"srcset":"https:\/\/i0.wp.com\/larevistadigital.com.ar\/blog\/wp-content\/uploads\/LENA.jpg?fit=1007%2C676&ssl=1&resize=350%2C200 1x, https:\/\/i0.wp.com\/larevistadigital.com.ar\/blog\/wp-content\/uploads\/LENA.jpg?fit=1007%2C676&ssl=1&resize=525%2C300 1.5x, https:\/\/i0.wp.com\/larevistadigital.com.ar\/blog\/wp-content\/uploads\/LENA.jpg?fit=1007%2C676&ssl=1&resize=700%2C400 2x"},"classes":[]},{"id":26227,"url":"https:\/\/larevistadigital.com.ar\/blog\/segun-un-estudio-del-reino-unido-la-mitad-de-los-rios-del-mundo-estan-contaminados-con-medicamentos-de-venta-libre\/","url_meta":{"origin":30525,"position":2},"title":"SEG\u00daN UN ESTUDIO DEL REINO UNIDO, LA MITAD DE LOS R\u00cdOS DEL MUNDO EST\u00c1N CONTAMINADOS CON MEDICAMENTOS DE VENTA LIBRE","author":"Alejandro Sosa Ruda","date":"30 junio, 2022","format":false,"excerpt":"Seg\u00fan un estudio del equipo de la Universidad de York, la contaminaci\u00f3n var\u00eda desde antibi\u00f3ticos, antidepresivos y analg\u00e9sicos hasta anticonceptivos orales, pastillas para la alergia y tranquilizantes. Los hallazgos provienen de un estudio de 1052 ubicaciones en 104 pa\u00edses de todo el mundo, lo que lo convierte en el an\u00e1lisis\u2026","rel":"","context":"En \u00abINTERES GENERAL\u00bb","block_context":{"text":"INTERES GENERAL","link":"https:\/\/larevistadigital.com.ar\/blog\/category\/interes-general\/"},"img":{"alt_text":"","src":"https:\/\/i0.wp.com\/larevistadigital.com.ar\/blog\/wp-content\/uploads\/20220630120422_la-mitad-de-los-rios-del-mundo-estan-contaminados-con-medicamentos-recetados-y-de-venta-libre.jpg?fit=880%2C512&ssl=1&resize=350%2C200","width":350,"height":200,"srcset":"https:\/\/i0.wp.com\/larevistadigital.com.ar\/blog\/wp-content\/uploads\/20220630120422_la-mitad-de-los-rios-del-mundo-estan-contaminados-con-medicamentos-recetados-y-de-venta-libre.jpg?fit=880%2C512&ssl=1&resize=350%2C200 1x, https:\/\/i0.wp.com\/larevistadigital.com.ar\/blog\/wp-content\/uploads\/20220630120422_la-mitad-de-los-rios-del-mundo-estan-contaminados-con-medicamentos-recetados-y-de-venta-libre.jpg?fit=880%2C512&ssl=1&resize=525%2C300 1.5x, https:\/\/i0.wp.com\/larevistadigital.com.ar\/blog\/wp-content\/uploads\/20220630120422_la-mitad-de-los-rios-del-mundo-estan-contaminados-con-medicamentos-recetados-y-de-venta-libre.jpg?fit=880%2C512&ssl=1&resize=700%2C400 2x"},"classes":[]},{"id":12433,"url":"https:\/\/larevistadigital.com.ar\/blog\/camioneta-choca-y-se-incendia-hace-quince-dias-la-conductora-esta-internada-pero-nadie-hace-nada-para-quitar-el-vehiculo-que-contamina-el-lugar\/","url_meta":{"origin":30525,"position":3},"title":"CAMIONETA CHOCA Y SE INCENDIA HACE QUINCE D\u00cdAS. LA CONDUCTORA EST\u00c1 INTERNADA, PERO NADIE HACE NADA PARA QUITAR EL VEH\u00cdCULO QUE CONTAMINA EL  LUGAR","author":"Alejandro Sosa Ruda","date":"2 octubre, 2019","format":false,"excerpt":"Un vecino del Barrio Lomas Altas, nos hace llegar una inquietud de los vecinos , propietarios y gente de la ciudad, ante una lamentable situaci\u00f3n que atenta contra la salud y contra el medio ambiente. Hace aproximadamente unos 15 d\u00edas, hubo un accidente en el camino de circunvalaci\u00f3n a la\u2026","rel":"","context":"En \u00abDESTACADAS\u00bb","block_context":{"text":"DESTACADAS","link":"https:\/\/larevistadigital.com.ar\/blog\/category\/destacadas\/"},"img":{"alt_text":"","src":"https:\/\/i0.wp.com\/larevistadigital.com.ar\/blog\/wp-content\/uploads\/WhatsApp-Image-2019-10-02-at-14.12.53.jpeg?fit=1032%2C774&ssl=1&resize=350%2C200","width":350,"height":200,"srcset":"https:\/\/i0.wp.com\/larevistadigital.com.ar\/blog\/wp-content\/uploads\/WhatsApp-Image-2019-10-02-at-14.12.53.jpeg?fit=1032%2C774&ssl=1&resize=350%2C200 1x, https:\/\/i0.wp.com\/larevistadigital.com.ar\/blog\/wp-content\/uploads\/WhatsApp-Image-2019-10-02-at-14.12.53.jpeg?fit=1032%2C774&ssl=1&resize=525%2C300 1.5x, https:\/\/i0.wp.com\/larevistadigital.com.ar\/blog\/wp-content\/uploads\/WhatsApp-Image-2019-10-02-at-14.12.53.jpeg?fit=1032%2C774&ssl=1&resize=700%2C400 2x"},"classes":[]},{"id":11957,"url":"https:\/\/larevistadigital.com.ar\/blog\/reciclan-botellas-de-plastico-para-fabricar-ladrillos\/","url_meta":{"origin":30525,"position":4},"title":"RECICLAN BOTELLAS DE PL\u00c1STICO PARA FABRICAR LADRILLOS","author":"Alejandro Sosa Ruda","date":"21 agosto, 2019","format":false,"excerpt":"El pl\u00e1stico es una de las grandes problem\u00e1ticas ambientales de nuestra \u00e9poca, se estima que en nuestro pa\u00eds m\u00e1s\u00a0se desechan 12 millones de botellas pl\u00e1sticas por d\u00eda, de las cuales s\u00f3lo se recicla el 30%. Existen diferentes iniciativas tendientes a combatir este problema y en muchos lugares se los utiliza\u2026","rel":"","context":"En \u00abCONSTRUCCION Y HOGAR\u00bb","block_context":{"text":"CONSTRUCCION Y HOGAR","link":"https:\/\/larevistadigital.com.ar\/blog\/category\/suplementos\/construccion-y-hogar\/"},"img":{"alt_text":"","src":"https:\/\/i0.wp.com\/larevistadigital.com.ar\/blog\/wp-content\/uploads\/1565120236700.jpg?fit=800%2C487&ssl=1&resize=350%2C200","width":350,"height":200,"srcset":"https:\/\/i0.wp.com\/larevistadigital.com.ar\/blog\/wp-content\/uploads\/1565120236700.jpg?fit=800%2C487&ssl=1&resize=350%2C200 1x, https:\/\/i0.wp.com\/larevistadigital.com.ar\/blog\/wp-content\/uploads\/1565120236700.jpg?fit=800%2C487&ssl=1&resize=525%2C300 1.5x, https:\/\/i0.wp.com\/larevistadigital.com.ar\/blog\/wp-content\/uploads\/1565120236700.jpg?fit=800%2C487&ssl=1&resize=700%2C400 2x"},"classes":[]},{"id":38917,"url":"https:\/\/larevistadigital.com.ar\/blog\/ricky-miccino-sobre-la-situacion-de-la-laguna-nosotros-trabajamos-por-soluciones-no-hacemos-circo-en-las-redes\/","url_meta":{"origin":30525,"position":5},"title":"Ricky Miccino sobre la situaci\u00f3n de la laguna: \u00abNosotros trabajamos por soluciones, no hacemos circo en las redes\u00bb","author":"Alejandro Sosa Ruda","date":"3 marzo, 2025","format":false,"excerpt":"Crisis ambiental en la laguna: advertencias y desaf\u00edos ante la contaminaci\u00f3n 03 de Marzo de 2025 CHASCOM\u00daS -\u00a0 \u00a0La problem\u00e1tica de la contaminaci\u00f3n en la laguna de Chascom\u00fas fue el eje central de una reuni\u00f3n convocada por el Instituto Tecnol\u00f3gico de Chascom\u00fas (Intech), donde participaron funcionarios del oficialismo y la\u2026","rel":"","context":"En \u00abATAQUE DE RADIO\u00bb","block_context":{"text":"ATAQUE DE RADIO","link":"https:\/\/larevistadigital.com.ar\/blog\/category\/ataque-de-radio\/"},"img":{"alt_text":"","src":"https:\/\/i0.wp.com\/larevistadigital.com.ar\/blog\/wp-content\/uploads\/67613775_2590639034290299_5702486503339327488_n.jpg?fit=1200%2C801&ssl=1&resize=350%2C200","width":350,"height":200,"srcset":"https:\/\/i0.wp.com\/larevistadigital.com.ar\/blog\/wp-content\/uploads\/67613775_2590639034290299_5702486503339327488_n.jpg?fit=1200%2C801&ssl=1&resize=350%2C200 1x, https:\/\/i0.wp.com\/larevistadigital.com.ar\/blog\/wp-content\/uploads\/67613775_2590639034290299_5702486503339327488_n.jpg?fit=1200%2C801&ssl=1&resize=525%2C300 1.5x, https:\/\/i0.wp.com\/larevistadigital.com.ar\/blog\/wp-content\/uploads\/67613775_2590639034290299_5702486503339327488_n.jpg?fit=1200%2C801&ssl=1&resize=700%2C400 2x, https:\/\/i0.wp.com\/larevistadigital.com.ar\/blog\/wp-content\/uploads\/67613775_2590639034290299_5702486503339327488_n.jpg?fit=1200%2C801&ssl=1&resize=1050%2C600 3x"},"classes":[]}],"_links":{"self":[{"href":"https:\/\/larevistadigital.com.ar\/blog\/wp-json\/wp\/v2\/posts\/30525","targetHints":{"allow":["GET"]}}],"collection":[{"href":"https:\/\/larevistadigital.com.ar\/blog\/wp-json\/wp\/v2\/posts"}],"about":[{"href":"https:\/\/larevistadigital.com.ar\/blog\/wp-json\/wp\/v2\/types\/post"}],"author":[{"embeddable":true,"href":"https:\/\/larevistadigital.com.ar\/blog\/wp-json\/wp\/v2\/users\/3"}],"replies":[{"embeddable":true,"href":"https:\/\/larevistadigital.com.ar\/blog\/wp-json\/wp\/v2\/comments?post=30525"}],"version-history":[{"count":1,"href":"https:\/\/larevistadigital.com.ar\/blog\/wp-json\/wp\/v2\/posts\/30525\/revisions"}],"predecessor-version":[{"id":30527,"href":"https:\/\/larevistadigital.com.ar\/blog\/wp-json\/wp\/v2\/posts\/30525\/revisions\/30527"}],"wp:featuredmedia":[{"embeddable":true,"href":"https:\/\/larevistadigital.com.ar\/blog\/wp-json\/wp\/v2\/media\/30526"}],"wp:attachment":[{"href":"https:\/\/larevistadigital.com.ar\/blog\/wp-json\/wp\/v2\/media?parent=30525"}],"wp:term":[{"taxonomy":"category","embeddable":true,"href":"https:\/\/larevistadigital.com.ar\/blog\/wp-json\/wp\/v2\/categories?post=30525"},{"taxonomy":"post_tag","embeddable":true,"href":"https:\/\/larevistadigital.com.ar\/blog\/wp-json\/wp\/v2\/tags?post=30525"}],"curies":[{"name":"wp","href":"https:\/\/api.w.org\/{rel}","templated":true}]}}